{"id":378571,"date":"2026-01-11T00:09:52","date_gmt":"2026-01-11T03:09:52","guid":{"rendered":"https:\/\/www.notibras.com\/site\/?p=378571"},"modified":"2026-01-11T02:12:31","modified_gmt":"2026-01-11T05:12:31","slug":"vida-de-nordestino-tem-recheio-de-otimismo-e-novas-oportunidades","status":"publish","type":"post","link":"https:\/\/www.notibras.com\/site\/vida-de-nordestino-tem-recheio-de-otimismo-e-novas-oportunidades\/","title":{"rendered":"Vida de nordestino tem recheio de otimismo e novas oportunidades"},"content":{"rendered":"<p>O Nordeste brasileiro entra o ano com um sentimento que mistura esperan\u00e7a e cautela. Depois de ciclos marcados por crises clim\u00e1ticas, desigualdades hist\u00f3ricas e avan\u00e7os pontuais na economia, a regi\u00e3o projeta um futuro de otimismo realista: h\u00e1 oportunidades concretas em curso, mas tamb\u00e9m desafios estruturais que seguem exigindo aten\u00e7\u00e3o permanente do poder p\u00fablico e da sociedade.<\/p>\n<p>O cen\u00e1rio econ\u00f4mico nordestino aponta sinais positivos. Setores como energia renov\u00e1vel, turismo, agroneg\u00f3cio adaptado ao semi\u00e1rido e economia criativa continuam impulsionando investimentos. A expans\u00e3o de parques e\u00f3licos e solares consolida o Nordeste como protagonista da transi\u00e7\u00e3o energ\u00e9tica no pa\u00eds, gerando empregos e atraindo capital externo.<\/p>\n<p>Ao mesmo tempo, pequenas e m\u00e9dias cidades v\u00eam se beneficiando de cadeias produtivas locais, cooperativas e iniciativas de inova\u00e7\u00e3o rural. O crescimento, por\u00e9m, ainda convive com a informalidade e com a necessidade de maior qualifica\u00e7\u00e3o profissional para que os benef\u00edcios se espalhem de forma mais equilibrada.<\/p>\n<p>Se a economia oferece f\u00f4lego, o clima imp\u00f5e prud\u00eancia. Eventos extremos \u2014 longos per\u00edodos de estiagem alternados com chuvas intensas \u2014 seguem afetando o cotidiano nordestino. Para o pr\u00f3ximo ano, especialistas apontam a adapta\u00e7\u00e3o clim\u00e1tica como prioridade: gest\u00e3o eficiente da \u00e1gua, tecnologias de conviv\u00eancia com o semi\u00e1rido, recupera\u00e7\u00e3o de nascentes e fortalecimento da agricultura resiliente.<\/p>\n<p>Comunidades rurais e urbanas j\u00e1 demonstram capacidade de adapta\u00e7\u00e3o, mas a amplia\u00e7\u00e3o dessas solu\u00e7\u00f5es depende de pol\u00edticas p\u00fablicas cont\u00ednuas e investimento em ci\u00eancia e tecnologia regional.<\/p>\n<p>No campo social, o Nordeste mant\u00e9m sua marca hist\u00f3rica de resili\u00eancia comunit\u00e1ria. Programas de transfer\u00eancia de renda, quando preservados, seguem sendo fundamentais para milhares de fam\u00edlias e para a economia dos pequenos munic\u00edpios. Educa\u00e7\u00e3o e sa\u00fade apresentam melhorias graduais, embora ainda sofram com desigualdades territoriais e limita\u00e7\u00f5es de infraestrutura.<\/p>\n<p>A juventude nordestina, cada vez mais conectada e empreendedora, representa um vetor de mudan\u00e7a. O desafio \u00e9 garantir oportunidades locais para evitar a migra\u00e7\u00e3o for\u00e7ada e fortalecer o desenvolvimento regional sustent\u00e1vel.<\/p>\n<p>A cultura segue como um dos maiores ativos do Nordeste. M\u00fasica, literatura, festas populares e tradi\u00e7\u00f5es continuam movimentando a economia e fortalecendo a identidade regional. No pr\u00f3ximo ano, a expectativa \u00e9 de maior valoriza\u00e7\u00e3o do turismo cultural e das express\u00f5es locais como instrumentos de inclus\u00e3o e gera\u00e7\u00e3o de renda.<\/p>\n<p>A vida no Nordeste no pr\u00f3ximo ano n\u00e3o ser\u00e1 isenta de dificuldades, mas tampouco estar\u00e1 ref\u00e9m do pessimismo. O otimismo realista nasce da consci\u00eancia de que a regi\u00e3o avan\u00e7ou, aprendeu com suas adversidades e construiu solu\u00e7\u00f5es pr\u00f3prias. O futuro depender\u00e1 da capacidade de transformar oportunidades em pol\u00edticas duradouras, reduzir desigualdades e enfrentar os desafios clim\u00e1ticos com intelig\u00eancia e solidariedade.<\/p>\n<p>Entre o sol forte e a esperan\u00e7a persistente, o Nordeste segue caminhando \u2014 atento, resiliente e confiante em seu potencial.<\/p>\n","protected":false},"excerpt":{"rendered":"<p>O Nordeste brasileiro entra o ano com um sentimento que mistura esperan\u00e7a e cautela. Depois de ciclos marcados por crises clim\u00e1ticas, desigualdades hist\u00f3ricas e avan\u00e7os pontuais na economia, a regi\u00e3o projeta um futuro de otimismo realista: h\u00e1 oportunidades concretas em curso, mas tamb\u00e9m desafios estruturais que seguem exigindo aten\u00e7\u00e3o permanente do poder p\u00fablico e da [&hellip;]<\/p>\n","protected":false},"author":2,"featured_media":378572,"comment_status":"closed","ping_status":"closed","sticky":false,"template":"","format":"standard","meta":{"_acf_changed":false,"footnotes":""},"categories":[165],"tags":[],"class_list":["post-378571","post","type-post","status-publish","format-standard","has-post-thumbnail","hentry","category-nordeste"],"acf":[],"yoast_head":"<!-- This site is optimized with the Yoast SEO plugin v27.2 - https:\/\/yoast.com\/product\/yoast-seo-wordpress\/ -->\n<title>Vida de nordestino tem recheio de otimismo e novas oportunidades - Notibras<\/title>\n<meta name=\"robots\" content=\"index, follow, max-snippet:-1, max-image-preview:large, max-video-preview:-1\" \/>\n<link rel=\"canonical\" href=\"https:\/\/www.notibras.com\/site\/vida-de-nordestino-tem-recheio-de-otimismo-e-novas-oportunidades\/\" \/>\n<meta property=\"og:locale\" content=\"pt_BR\" \/>\n<meta property=\"og:type\" content=\"article\" \/>\n<meta property=\"og:title\" content=\"Vida de nordestino tem recheio de otimismo e novas oportunidades - Notibras\" \/>\n<meta property=\"og:description\" content=\"O Nordeste brasileiro entra o ano com um sentimento que mistura esperan\u00e7a e cautela. Depois de ciclos marcados por crises clim\u00e1ticas, desigualdades hist\u00f3ricas e avan\u00e7os pontuais na economia, a regi\u00e3o projeta um futuro de otimismo realista: h\u00e1 oportunidades concretas em curso, mas tamb\u00e9m desafios estruturais que seguem exigindo aten\u00e7\u00e3o permanente do poder p\u00fablico e da [&hellip;]\" \/>\n<meta property=\"og:url\" content=\"https:\/\/www.notibras.com\/site\/vida-de-nordestino-tem-recheio-de-otimismo-e-novas-oportunidades\/\" \/>\n<meta property=\"og:site_name\" content=\"Notibras\" \/>\n<meta property=\"article:publisher\" content=\"https:\/\/www.facebook.com\/notibras\/\" \/>\n<meta property=\"article:published_time\" content=\"2026-01-11T03:09:52+00:00\" \/>\n<meta property=\"article:modified_time\" content=\"2026-01-11T05:12:31+00:00\" \/>\n<meta property=\"og:image\" content=\"https:\/\/www.notibras.com\/site\/wp-content\/uploads\/2026\/01\/54a59da9-99ce-4938-bfd3-aaf0849dd9d9.jpg\" \/>\n\t<meta property=\"og:image:width\" content=\"900\" \/>\n\t<meta property=\"og:image:height\" content=\"600\" \/>\n\t<meta property=\"og:image:type\" content=\"image\/jpeg\" \/>\n<meta name=\"author\" content=\"Reda\u00e7\u00e3o\" \/>\n<meta name=\"twitter:card\" content=\"summary_large_image\" \/>\n<meta name=\"twitter:creator\" content=\"@Notibras\" \/>\n<meta name=\"twitter:site\" content=\"@Notibras\" \/>\n<meta name=\"twitter:label1\" content=\"Escrito por\" \/>\n\t<meta name=\"twitter:data1\" content=\"Reda\u00e7\u00e3o\" \/>\n\t<meta name=\"twitter:label2\" content=\"Est. tempo de leitura\" \/>\n\t<meta name=\"twitter:data2\" content=\"3 minutos\" \/>\n<script type=\"application\/ld+json\" class=\"yoast-schema-graph\">{\"@context\":\"https:\/\/schema.org\",\"@graph\":[{\"@type\":\"Article\",\"@id\":\"https:\/\/www.notibras.com\/site\/vida-de-nordestino-tem-recheio-de-otimismo-e-novas-oportunidades\/#article\",\"isPartOf\":{\"@id\":\"https:\/\/www.notibras.com\/site\/vida-de-nordestino-tem-recheio-de-otimismo-e-novas-oportunidades\/\"},\"author\":{\"name\":\"Reda\u00e7\u00e3o\",\"@id\":\"https:\/\/www.notibras.com\/site\/#\/schema\/person\/36ab0979449956132d3e5b517ea76ac8\"},\"headline\":\"Vida de nordestino tem recheio de otimismo e novas oportunidades\",\"datePublished\":\"2026-01-11T03:09:52+00:00\",\"dateModified\":\"2026-01-11T05:12:31+00:00\",\"mainEntityOfPage\":{\"@id\":\"https:\/\/www.notibras.com\/site\/vida-de-nordestino-tem-recheio-de-otimismo-e-novas-oportunidades\/\"},\"wordCount\":516,\"publisher\":{\"@id\":\"https:\/\/www.notibras.com\/site\/#organization\"},\"image\":{\"@id\":\"https:\/\/www.notibras.com\/site\/vida-de-nordestino-tem-recheio-de-otimismo-e-novas-oportunidades\/#primaryimage\"},\"thumbnailUrl\":\"https:\/\/www.notibras.com\/site\/wp-content\/uploads\/2026\/01\/54a59da9-99ce-4938-bfd3-aaf0849dd9d9.jpg\",\"articleSection\":[\"Nordeste\"],\"inLanguage\":\"pt-BR\"},{\"@type\":\"WebPage\",\"@id\":\"https:\/\/www.notibras.com\/site\/vida-de-nordestino-tem-recheio-de-otimismo-e-novas-oportunidades\/\",\"url\":\"https:\/\/www.notibras.com\/site\/vida-de-nordestino-tem-recheio-de-otimismo-e-novas-oportunidades\/\",\"name\":\"Vida de nordestino tem recheio de otimismo e novas oportunidades - Notibras\",\"isPartOf\":{\"@id\":\"https:\/\/www.notibras.com\/site\/#website\"},\"primaryImageOfPage\":{\"@id\":\"https:\/\/www.notibras.com\/site\/vida-de-nordestino-tem-recheio-de-otimismo-e-novas-oportunidades\/#primaryimage\"},\"image\":{\"@id\":\"https:\/\/www.notibras.com\/site\/vida-de-nordestino-tem-recheio-de-otimismo-e-novas-oportunidades\/#primaryimage\"},\"thumbnailUrl\":\"https:\/\/www.notibras.com\/site\/wp-content\/uploads\/2026\/01\/54a59da9-99ce-4938-bfd3-aaf0849dd9d9.jpg\",\"datePublished\":\"2026-01-11T03:09:52+00:00\",\"dateModified\":\"2026-01-11T05:12:31+00:00\",\"breadcrumb\":{\"@id\":\"https:\/\/www.notibras.com\/site\/vida-de-nordestino-tem-recheio-de-otimismo-e-novas-oportunidades\/#breadcrumb\"},\"inLanguage\":\"pt-BR\",\"potentialAction\":[{\"@type\":\"ReadAction\",\"target\":[\"https:\/\/www.notibras.com\/site\/vida-de-nordestino-tem-recheio-de-otimismo-e-novas-oportunidades\/\"]}]},{\"@type\":\"ImageObject\",\"inLanguage\":\"pt-BR\",\"@id\":\"https:\/\/www.notibras.com\/site\/vida-de-nordestino-tem-recheio-de-otimismo-e-novas-oportunidades\/#primaryimage\",\"url\":\"https:\/\/www.notibras.com\/site\/wp-content\/uploads\/2026\/01\/54a59da9-99ce-4938-bfd3-aaf0849dd9d9.jpg\",\"contentUrl\":\"https:\/\/www.notibras.com\/site\/wp-content\/uploads\/2026\/01\/54a59da9-99ce-4938-bfd3-aaf0849dd9d9.jpg\",\"width\":900,\"height\":600},{\"@type\":\"BreadcrumbList\",\"@id\":\"https:\/\/www.notibras.com\/site\/vida-de-nordestino-tem-recheio-de-otimismo-e-novas-oportunidades\/#breadcrumb\",\"itemListElement\":[{\"@type\":\"ListItem\",\"position\":1,\"name\":\"In\u00edcio\",\"item\":\"https:\/\/www.notibras.com\/site\/\"},{\"@type\":\"ListItem\",\"position\":2,\"name\":\"Vida de nordestino tem recheio de otimismo e novas oportunidades\"}]},{\"@type\":\"WebSite\",\"@id\":\"https:\/\/www.notibras.com\/site\/#website\",\"url\":\"https:\/\/www.notibras.com\/site\/\",\"name\":\"Notibras\",\"description\":\"Not\u00edcias de Bras\u00edlia, do Brasil e do Mundo\",\"publisher\":{\"@id\":\"https:\/\/www.notibras.com\/site\/#organization\"},\"potentialAction\":[{\"@type\":\"SearchAction\",\"target\":{\"@type\":\"EntryPoint\",\"urlTemplate\":\"https:\/\/www.notibras.com\/site\/?s={search_term_string}\"},\"query-input\":{\"@type\":\"PropertyValueSpecification\",\"valueRequired\":true,\"valueName\":\"search_term_string\"}}],\"inLanguage\":\"pt-BR\"},{\"@type\":\"Organization\",\"@id\":\"https:\/\/www.notibras.com\/site\/#organization\",\"name\":\"Grupo Notibras de Comunica\u00e7\u00e3o\",\"url\":\"https:\/\/www.notibras.com\/site\/\",\"logo\":{\"@type\":\"ImageObject\",\"inLanguage\":\"pt-BR\",\"@id\":\"https:\/\/www.notibras.com\/site\/#\/schema\/logo\/image\/\",\"url\":\"https:\/\/www.notibras.com\/site\/wp-content\/uploads\/2023\/01\/notibras23.png\",\"contentUrl\":\"https:\/\/www.notibras.com\/site\/wp-content\/uploads\/2023\/01\/notibras23.png\",\"width\":350,\"height\":87,\"caption\":\"Grupo Notibras de Comunica\u00e7\u00e3o\"},\"image\":{\"@id\":\"https:\/\/www.notibras.com\/site\/#\/schema\/logo\/image\/\"},\"sameAs\":[\"https:\/\/www.facebook.com\/notibras\/\",\"https:\/\/x.com\/Notibras\",\"https:\/\/www.instagram.com\/notibras\/\"]},{\"@type\":\"Person\",\"@id\":\"https:\/\/www.notibras.com\/site\/#\/schema\/person\/36ab0979449956132d3e5b517ea76ac8\",\"name\":\"Reda\u00e7\u00e3o\",\"image\":{\"@type\":\"ImageObject\",\"inLanguage\":\"pt-BR\",\"@id\":\"https:\/\/secure.gravatar.com\/avatar\/e0a867bdedb85fd243eadf09663511f96fc81e0720a4a42581f334ad4303aa6b?s=96&d=mm&r=g\",\"url\":\"https:\/\/secure.gravatar.com\/avatar\/e0a867bdedb85fd243eadf09663511f96fc81e0720a4a42581f334ad4303aa6b?s=96&d=mm&r=g\",\"contentUrl\":\"https:\/\/secure.gravatar.com\/avatar\/e0a867bdedb85fd243eadf09663511f96fc81e0720a4a42581f334ad4303aa6b?s=96&d=mm&r=g\",\"caption\":\"Reda\u00e7\u00e3o\"}}]}<\/script>\n<!-- \/ Yoast SEO plugin. -->","yoast_head_json":{"title":"Vida de nordestino tem recheio de otimismo e novas oportunidades - Notibras","robots":{"index":"index","follow":"follow","max-snippet":"max-snippet:-1","max-image-preview":"max-image-preview:large","max-video-preview":"max-video-preview:-1"},"canonical":"https:\/\/www.notibras.com\/site\/vida-de-nordestino-tem-recheio-de-otimismo-e-novas-oportunidades\/","og_locale":"pt_BR","og_type":"article","og_title":"Vida de nordestino tem recheio de otimismo e novas oportunidades - Notibras","og_description":"O Nordeste brasileiro entra o ano com um sentimento que mistura esperan\u00e7a e cautela. Depois de ciclos marcados por crises clim\u00e1ticas, desigualdades hist\u00f3ricas e avan\u00e7os pontuais na economia, a regi\u00e3o projeta um futuro de otimismo realista: h\u00e1 oportunidades concretas em curso, mas tamb\u00e9m desafios estruturais que seguem exigindo aten\u00e7\u00e3o permanente do poder p\u00fablico e da [&hellip;]","og_url":"https:\/\/www.notibras.com\/site\/vida-de-nordestino-tem-recheio-de-otimismo-e-novas-oportunidades\/","og_site_name":"Notibras","article_publisher":"https:\/\/www.facebook.com\/notibras\/","article_published_time":"2026-01-11T03:09:52+00:00","article_modified_time":"2026-01-11T05:12:31+00:00","og_image":[{"width":900,"height":600,"url":"https:\/\/www.notibras.com\/site\/wp-content\/uploads\/2026\/01\/54a59da9-99ce-4938-bfd3-aaf0849dd9d9.jpg","type":"image\/jpeg"}],"author":"Reda\u00e7\u00e3o","twitter_card":"summary_large_image","twitter_creator":"@Notibras","twitter_site":"@Notibras","twitter_misc":{"Escrito por":"Reda\u00e7\u00e3o","Est. tempo de leitura":"3 minutos"},"schema":{"@context":"https:\/\/schema.org","@graph":[{"@type":"Article","@id":"https:\/\/www.notibras.com\/site\/vida-de-nordestino-tem-recheio-de-otimismo-e-novas-oportunidades\/#article","isPartOf":{"@id":"https:\/\/www.notibras.com\/site\/vida-de-nordestino-tem-recheio-de-otimismo-e-novas-oportunidades\/"},"author":{"name":"Reda\u00e7\u00e3o","@id":"https:\/\/www.notibras.com\/site\/#\/schema\/person\/36ab0979449956132d3e5b517ea76ac8"},"headline":"Vida de nordestino tem recheio de otimismo e novas oportunidades","datePublished":"2026-01-11T03:09:52+00:00","dateModified":"2026-01-11T05:12:31+00:00","mainEntityOfPage":{"@id":"https:\/\/www.notibras.com\/site\/vida-de-nordestino-tem-recheio-de-otimismo-e-novas-oportunidades\/"},"wordCount":516,"publisher":{"@id":"https:\/\/www.notibras.com\/site\/#organization"},"image":{"@id":"https:\/\/www.notibras.com\/site\/vida-de-nordestino-tem-recheio-de-otimismo-e-novas-oportunidades\/#primaryimage"},"thumbnailUrl":"https:\/\/www.notibras.com\/site\/wp-content\/uploads\/2026\/01\/54a59da9-99ce-4938-bfd3-aaf0849dd9d9.jpg","articleSection":["Nordeste"],"inLanguage":"pt-BR"},{"@type":"WebPage","@id":"https:\/\/www.notibras.com\/site\/vida-de-nordestino-tem-recheio-de-otimismo-e-novas-oportunidades\/","url":"https:\/\/www.notibras.com\/site\/vida-de-nordestino-tem-recheio-de-otimismo-e-novas-oportunidades\/","name":"Vida de nordestino tem recheio de otimismo e novas oportunidades - Notibras","isPartOf":{"@id":"https:\/\/www.notibras.com\/site\/#website"},"primaryImageOfPage":{"@id":"https:\/\/www.notibras.com\/site\/vida-de-nordestino-tem-recheio-de-otimismo-e-novas-oportunidades\/#primaryimage"},"image":{"@id":"https:\/\/www.notibras.com\/site\/vida-de-nordestino-tem-recheio-de-otimismo-e-novas-oportunidades\/#primaryimage"},"thumbnailUrl":"https:\/\/www.notibras.com\/site\/wp-content\/uploads\/2026\/01\/54a59da9-99ce-4938-bfd3-aaf0849dd9d9.jpg","datePublished":"2026-01-11T03:09:52+00:00","dateModified":"2026-01-11T05:12:31+00:00","breadcrumb":{"@id":"https:\/\/www.notibras.com\/site\/vida-de-nordestino-tem-recheio-de-otimismo-e-novas-oportunidades\/#breadcrumb"},"inLanguage":"pt-BR","potentialAction":[{"@type":"ReadAction","target":["https:\/\/www.notibras.com\/site\/vida-de-nordestino-tem-recheio-de-otimismo-e-novas-oportunidades\/"]}]},{"@type":"ImageObject","inLanguage":"pt-BR","@id":"https:\/\/www.notibras.com\/site\/vida-de-nordestino-tem-recheio-de-otimismo-e-novas-oportunidades\/#primaryimage","url":"https:\/\/www.notibras.com\/site\/wp-content\/uploads\/2026\/01\/54a59da9-99ce-4938-bfd3-aaf0849dd9d9.jpg","contentUrl":"https:\/\/www.notibras.com\/site\/wp-content\/uploads\/2026\/01\/54a59da9-99ce-4938-bfd3-aaf0849dd9d9.jpg","width":900,"height":600},{"@type":"BreadcrumbList","@id":"https:\/\/www.notibras.com\/site\/vida-de-nordestino-tem-recheio-de-otimismo-e-novas-oportunidades\/#breadcrumb","itemListElement":[{"@type":"ListItem","position":1,"name":"In\u00edcio","item":"https:\/\/www.notibras.com\/site\/"},{"@type":"ListItem","position":2,"name":"Vida de nordestino tem recheio de otimismo e novas oportunidades"}]},{"@type":"WebSite","@id":"https:\/\/www.notibras.com\/site\/#website","url":"https:\/\/www.notibras.com\/site\/","name":"Notibras","description":"Not\u00edcias de Bras\u00edlia, do Brasil e do Mundo","publisher":{"@id":"https:\/\/www.notibras.com\/site\/#organization"},"potentialAction":[{"@type":"SearchAction","target":{"@type":"EntryPoint","urlTemplate":"https:\/\/www.notibras.com\/site\/?s={search_term_string}"},"query-input":{"@type":"PropertyValueSpecification","valueRequired":true,"valueName":"search_term_string"}}],"inLanguage":"pt-BR"},{"@type":"Organization","@id":"https:\/\/www.notibras.com\/site\/#organization","name":"Grupo Notibras de Comunica\u00e7\u00e3o","url":"https:\/\/www.notibras.com\/site\/","logo":{"@type":"ImageObject","inLanguage":"pt-BR","@id":"https:\/\/www.notibras.com\/site\/#\/schema\/logo\/image\/","url":"https:\/\/www.notibras.com\/site\/wp-content\/uploads\/2023\/01\/notibras23.png","contentUrl":"https:\/\/www.notibras.com\/site\/wp-content\/uploads\/2023\/01\/notibras23.png","width":350,"height":87,"caption":"Grupo Notibras de Comunica\u00e7\u00e3o"},"image":{"@id":"https:\/\/www.notibras.com\/site\/#\/schema\/logo\/image\/"},"sameAs":["https:\/\/www.facebook.com\/notibras\/","https:\/\/x.com\/Notibras","https:\/\/www.instagram.com\/notibras\/"]},{"@type":"Person","@id":"https:\/\/www.notibras.com\/site\/#\/schema\/person\/36ab0979449956132d3e5b517ea76ac8","name":"Reda\u00e7\u00e3o","image":{"@type":"ImageObject","inLanguage":"pt-BR","@id":"https:\/\/secure.gravatar.com\/avatar\/e0a867bdedb85fd243eadf09663511f96fc81e0720a4a42581f334ad4303aa6b?s=96&d=mm&r=g","url":"https:\/\/secure.gravatar.com\/avatar\/e0a867bdedb85fd243eadf09663511f96fc81e0720a4a42581f334ad4303aa6b?s=96&d=mm&r=g","contentUrl":"https:\/\/secure.gravatar.com\/avatar\/e0a867bdedb85fd243eadf09663511f96fc81e0720a4a42581f334ad4303aa6b?s=96&d=mm&r=g","caption":"Reda\u00e7\u00e3o"}}]}},"amp_enabled":true,"_links":{"self":[{"href":"https:\/\/www.notibras.com\/site\/wp-json\/wp\/v2\/posts\/378571","targetHints":{"allow":["GET"]}}],"collection":[{"href":"https:\/\/www.notibras.com\/site\/wp-json\/wp\/v2\/posts"}],"about":[{"href":"https:\/\/www.notibras.com\/site\/wp-json\/wp\/v2\/types\/post"}],"author":[{"embeddable":true,"href":"https:\/\/www.notibras.com\/site\/wp-json\/wp\/v2\/users\/2"}],"replies":[{"embeddable":true,"href":"https:\/\/www.notibras.com\/site\/wp-json\/wp\/v2\/comments?post=378571"}],"version-history":[{"count":1,"href":"https:\/\/www.notibras.com\/site\/wp-json\/wp\/v2\/posts\/378571\/revisions"}],"predecessor-version":[{"id":378573,"href":"https:\/\/www.notibras.com\/site\/wp-json\/wp\/v2\/posts\/378571\/revisions\/378573"}],"wp:featuredmedia":[{"embeddable":true,"href":"https:\/\/www.notibras.com\/site\/wp-json\/wp\/v2\/media\/378572"}],"wp:attachment":[{"href":"https:\/\/www.notibras.com\/site\/wp-json\/wp\/v2\/media?parent=378571"}],"wp:term":[{"taxonomy":"category","embeddable":true,"href":"https:\/\/www.notibras.com\/site\/wp-json\/wp\/v2\/categories?post=378571"},{"taxonomy":"post_tag","embeddable":true,"href":"https:\/\/www.notibras.com\/site\/wp-json\/wp\/v2\/tags?post=378571"}],"curies":[{"name":"wp","href":"https:\/\/api.w.org\/{rel}","templated":true}]}}