{"id":378579,"date":"2026-01-11T00:00:34","date_gmt":"2026-01-11T03:00:34","guid":{"rendered":"https:\/\/www.notibras.com\/site\/?p=378579"},"modified":"2026-01-11T10:35:42","modified_gmt":"2026-01-11T13:35:42","slug":"futebol-abre-temporada-com-favoritos-no-sufoco","status":"publish","type":"post","link":"https:\/\/www.notibras.com\/site\/futebol-abre-temporada-com-favoritos-no-sufoco\/","title":{"rendered":"Futebol abre temporada com favoritos no sufoco"},"content":{"rendered":"<p>O s\u00e1bado, 10, marcou a largada oficial da temporada do futebol brasileiro com os primeiros jogos dos Campeonatos Estaduais, tradi\u00e7\u00e3o que abre o calend\u00e1rio nacional antes do in\u00edcio das competi\u00e7\u00f5es nacionais e internacionais.<\/p>\n<p>Diversos grandes clubes entraram em campo, com sobressaltos, triunfos equilibrados e algumas surpresas no pa\u00eds afora.<\/p>\n<p>Foi uma tarde-noite que marcou a tradi\u00e7\u00e3o dos estaduais em aquecer as arquibancadas e fisgar os torcedores para a temporada que agora come\u00e7a oficialmente pelo Brasil.<\/p>\n<p>Enquanto Paulistas e Mineiros apresentaram primeiros sinais de favoritismo \u2014 com algumas zebras j\u00e1 na tabela \u2014 outros estaduais consolidaram seus primeiros pontos, personagens e hist\u00f3rias para os pr\u00f3ximos epis\u00f3dios do calend\u00e1rio.<\/p>\n<p>O Campeonato Paulista inaugurou sua primeira rodada com confrontos que atra\u00edram bom p\u00fablico e movimentaram a tabela desde cedo.<\/p>\n<p>S\u00e3o Bernardo 4 x 0 Capivariano \u2014 O S\u00e3o Bernardo dominou e venceu de forma categ\u00f3rica na estreia em casa, assumindo a lideran\u00e7a moment\u00e2nea da tabela.<\/p>\n<p>Santos 2 x 1 Novorizontino \u2014 Em jogo disputado na Vila Belmiro, o Santos abriu o placar ap\u00f3s ser pressionado, e garantiu a vit\u00f3ria por 2 a 1 com gols no segundo tempo, consolidando um in\u00edcio positivo no Paulist\u00e3o.<\/p>\n<p>Guarani 1 x 1 Primavera \u2014 Em Campinas, o Guarani ficou no empate com o Primavera, em um duelo equilibrado que reflete a for\u00e7a dos times do interior paulista.<\/p>\n<p>Portuguesa 0 x 1 Palmeiras \u2014 No Canind\u00e9, o Palmeiras estreou com vit\u00f3ria por 1 a 0 sobre a Portuguesa, gol de Luighi na etapa final, em jogo marcado por expuls\u00e3o e algumas defici\u00eancias ofensivas do time da casa.<\/p>\n<p>O cl\u00e1ssico entre Corinthians e Ponte Preta, bem como outros jogos da rodada, ficam para domingo (11).<\/p>\n<p>O Campeonato Mineiro 2026 tamb\u00e9m come\u00e7ou neste s\u00e1bado, com jogos que dividiram opini\u00f5es entre torcidas e analistas:<\/p>\n<p>Cruzeiro 1 x 2 Pouso Alegre \u2014 A estreia da Raposa no Mineir\u00e3o foi amarga: em partida marcada pela estreia do t\u00e9cnico Tite no comando do time, o Cruzeiro foi surpreendido e perdeu por 2 a 1 para o Pouso Alegre, que comemorou grande vit\u00f3ria fora de casa.<\/p>\n<p>Uberl\u00e2ndia 0 x 0 Tombense \u2014 Em Uberl\u00e2ndia, a partida terminou sem gols, com poucas chances claras, refletindo o equil\u00edbrio entre duas equipes que come\u00e7am abaixo do favoritismo.<\/p>\n<p>Itabirito 0 x 1 Democrata-GV \u2014 O Democrata de Governador Valadares venceu fora de casa e conquistou tr\u00eas pontos importantes na abertura do Estadual.<\/p>\n<p>URT 0 x 0 North EC \u2014 Outro empate sem gols marcou a rodada, mostrando dificuldades ofensivas de ambas as equipes.<\/p>\n<p>O tradicional Atl\u00e9tico-MG s\u00f3 estreia no domingo seguinte, jogando em casa.<\/p>\n<p>Al\u00e9m de S\u00e3o Paulo e Minas Gerais, as estreias tamb\u00e9m envolveram outros campeonatos estaduais:<\/p>\n<p>Ga\u00facho: Gr\u00eamio largou com vit\u00f3ria tranquila (4 a 0) sobre Avenida, enquanto Juventude e Ypiranga empataram e Guarany de Bag\u00e9 e Monsoon ficaram no 1 a 1.<\/p>\n<p>Baiano: Vit\u00f3ria e Atl\u00e9tico-BA empataram sem gols, enquanto Porto SC venceu Jacuipense por 3 a 2.<\/p>\n<p>Cearense e Paranaense tamb\u00e9m tiveram partidas, com Cear\u00e1 vencendo o Floresta por 1 a 0 e Coritiba cedendo empate ao Londrina em 2 a 2.<\/p>\n","protected":false},"excerpt":{"rendered":"<p>O s\u00e1bado, 10, marcou a largada oficial da temporada do futebol brasileiro com os primeiros jogos dos Campeonatos Estaduais, tradi\u00e7\u00e3o que abre o calend\u00e1rio nacional antes do in\u00edcio das competi\u00e7\u00f5es nacionais e internacionais. Diversos grandes clubes entraram em campo, com sobressaltos, triunfos equilibrados e algumas surpresas no pa\u00eds afora. Foi uma tarde-noite que marcou a [&hellip;]<\/p>\n","protected":false},"author":2,"featured_media":378580,"comment_status":"closed","ping_status":"closed","sticky":false,"template":"","format":"standard","meta":{"_acf_changed":false,"footnotes":""},"categories":[155],"tags":[],"class_list":["post-378579","post","type-post","status-publish","format-standard","has-post-thumbnail","hentry","category-leitura-vip"],"acf":[],"yoast_head":"<!-- This site is optimized with the Yoast SEO plugin v27.2 - https:\/\/yoast.com\/product\/yoast-seo-wordpress\/ -->\n<title>Futebol abre temporada com favoritos no sufoco - Notibras<\/title>\n<meta name=\"robots\" content=\"index, follow, max-snippet:-1, max-image-preview:large, max-video-preview:-1\" \/>\n<link rel=\"canonical\" href=\"https:\/\/www.notibras.com\/site\/futebol-abre-temporada-com-favoritos-no-sufoco\/\" \/>\n<meta property=\"og:locale\" content=\"pt_BR\" \/>\n<meta property=\"og:type\" content=\"article\" \/>\n<meta property=\"og:title\" content=\"Futebol abre temporada com favoritos no sufoco - Notibras\" \/>\n<meta property=\"og:description\" content=\"O s\u00e1bado, 10, marcou a largada oficial da temporada do futebol brasileiro com os primeiros jogos dos Campeonatos Estaduais, tradi\u00e7\u00e3o que abre o calend\u00e1rio nacional antes do in\u00edcio das competi\u00e7\u00f5es nacionais e internacionais. Diversos grandes clubes entraram em campo, com sobressaltos, triunfos equilibrados e algumas surpresas no pa\u00eds afora. Foi uma tarde-noite que marcou a [&hellip;]\" \/>\n<meta property=\"og:url\" content=\"https:\/\/www.notibras.com\/site\/futebol-abre-temporada-com-favoritos-no-sufoco\/\" \/>\n<meta property=\"og:site_name\" content=\"Notibras\" \/>\n<meta property=\"article:publisher\" content=\"https:\/\/www.facebook.com\/notibras\/\" \/>\n<meta property=\"article:published_time\" content=\"2026-01-11T03:00:34+00:00\" \/>\n<meta property=\"article:modified_time\" content=\"2026-01-11T13:35:42+00:00\" \/>\n<meta property=\"og:image\" content=\"https:\/\/www.notibras.com\/site\/wp-content\/uploads\/2026\/01\/897288781-55034196501ac85758a1eo-scaled-e1768109280323.webp\" \/>\n\t<meta property=\"og:image:width\" content=\"774\" \/>\n\t<meta property=\"og:image:height\" content=\"494\" \/>\n\t<meta property=\"og:image:type\" content=\"image\/webp\" \/>\n<meta name=\"author\" content=\"Reda\u00e7\u00e3o\" \/>\n<meta name=\"twitter:card\" content=\"summary_large_image\" \/>\n<meta name=\"twitter:creator\" content=\"@Notibras\" \/>\n<meta name=\"twitter:site\" content=\"@Notibras\" \/>\n<meta name=\"twitter:label1\" content=\"Escrito por\" \/>\n\t<meta name=\"twitter:data1\" content=\"Reda\u00e7\u00e3o\" \/>\n\t<meta name=\"twitter:label2\" content=\"Est. tempo de leitura\" \/>\n\t<meta name=\"twitter:data2\" content=\"3 minutos\" \/>\n<script type=\"application\/ld+json\" class=\"yoast-schema-graph\">{\"@context\":\"https:\/\/schema.org\",\"@graph\":[{\"@type\":\"Article\",\"@id\":\"https:\/\/www.notibras.com\/site\/futebol-abre-temporada-com-favoritos-no-sufoco\/#article\",\"isPartOf\":{\"@id\":\"https:\/\/www.notibras.com\/site\/futebol-abre-temporada-com-favoritos-no-sufoco\/\"},\"author\":{\"name\":\"Reda\u00e7\u00e3o\",\"@id\":\"https:\/\/www.notibras.com\/site\/#\/schema\/person\/36ab0979449956132d3e5b517ea76ac8\"},\"headline\":\"Futebol abre temporada com favoritos no sufoco\",\"datePublished\":\"2026-01-11T03:00:34+00:00\",\"dateModified\":\"2026-01-11T13:35:42+00:00\",\"mainEntityOfPage\":{\"@id\":\"https:\/\/www.notibras.com\/site\/futebol-abre-temporada-com-favoritos-no-sufoco\/\"},\"wordCount\":519,\"publisher\":{\"@id\":\"https:\/\/www.notibras.com\/site\/#organization\"},\"image\":{\"@id\":\"https:\/\/www.notibras.com\/site\/futebol-abre-temporada-com-favoritos-no-sufoco\/#primaryimage\"},\"thumbnailUrl\":\"https:\/\/www.notibras.com\/site\/wp-content\/uploads\/2026\/01\/897288781-55034196501ac85758a1eo-scaled-e1768109280323.webp\",\"articleSection\":[\"Leitura Vip\"],\"inLanguage\":\"pt-BR\"},{\"@type\":\"WebPage\",\"@id\":\"https:\/\/www.notibras.com\/site\/futebol-abre-temporada-com-favoritos-no-sufoco\/\",\"url\":\"https:\/\/www.notibras.com\/site\/futebol-abre-temporada-com-favoritos-no-sufoco\/\",\"name\":\"Futebol abre temporada com favoritos no sufoco - Notibras\",\"isPartOf\":{\"@id\":\"https:\/\/www.notibras.com\/site\/#website\"},\"primaryImageOfPage\":{\"@id\":\"https:\/\/www.notibras.com\/site\/futebol-abre-temporada-com-favoritos-no-sufoco\/#primaryimage\"},\"image\":{\"@id\":\"https:\/\/www.notibras.com\/site\/futebol-abre-temporada-com-favoritos-no-sufoco\/#primaryimage\"},\"thumbnailUrl\":\"https:\/\/www.notibras.com\/site\/wp-content\/uploads\/2026\/01\/897288781-55034196501ac85758a1eo-scaled-e1768109280323.webp\",\"datePublished\":\"2026-01-11T03:00:34+00:00\",\"dateModified\":\"2026-01-11T13:35:42+00:00\",\"breadcrumb\":{\"@id\":\"https:\/\/www.notibras.com\/site\/futebol-abre-temporada-com-favoritos-no-sufoco\/#breadcrumb\"},\"inLanguage\":\"pt-BR\",\"potentialAction\":[{\"@type\":\"ReadAction\",\"target\":[\"https:\/\/www.notibras.com\/site\/futebol-abre-temporada-com-favoritos-no-sufoco\/\"]}]},{\"@type\":\"ImageObject\",\"inLanguage\":\"pt-BR\",\"@id\":\"https:\/\/www.notibras.com\/site\/futebol-abre-temporada-com-favoritos-no-sufoco\/#primaryimage\",\"url\":\"https:\/\/www.notibras.com\/site\/wp-content\/uploads\/2026\/01\/897288781-55034196501ac85758a1eo-scaled-e1768109280323.webp\",\"contentUrl\":\"https:\/\/www.notibras.com\/site\/wp-content\/uploads\/2026\/01\/897288781-55034196501ac85758a1eo-scaled-e1768109280323.webp\",\"width\":774,\"height\":494},{\"@type\":\"BreadcrumbList\",\"@id\":\"https:\/\/www.notibras.com\/site\/futebol-abre-temporada-com-favoritos-no-sufoco\/#breadcrumb\",\"itemListElement\":[{\"@type\":\"ListItem\",\"position\":1,\"name\":\"In\u00edcio\",\"item\":\"https:\/\/www.notibras.com\/site\/\"},{\"@type\":\"ListItem\",\"position\":2,\"name\":\"Futebol abre temporada com favoritos no sufoco\"}]},{\"@type\":\"WebSite\",\"@id\":\"https:\/\/www.notibras.com\/site\/#website\",\"url\":\"https:\/\/www.notibras.com\/site\/\",\"name\":\"Notibras\",\"description\":\"Not\u00edcias de Bras\u00edlia, do Brasil e do Mundo\",\"publisher\":{\"@id\":\"https:\/\/www.notibras.com\/site\/#organization\"},\"potentialAction\":[{\"@type\":\"SearchAction\",\"target\":{\"@type\":\"EntryPoint\",\"urlTemplate\":\"https:\/\/www.notibras.com\/site\/?s={search_term_string}\"},\"query-input\":{\"@type\":\"PropertyValueSpecification\",\"valueRequired\":true,\"valueName\":\"search_term_string\"}}],\"inLanguage\":\"pt-BR\"},{\"@type\":\"Organization\",\"@id\":\"https:\/\/www.notibras.com\/site\/#organization\",\"name\":\"Grupo Notibras de Comunica\u00e7\u00e3o\",\"url\":\"https:\/\/www.notibras.com\/site\/\",\"logo\":{\"@type\":\"ImageObject\",\"inLanguage\":\"pt-BR\",\"@id\":\"https:\/\/www.notibras.com\/site\/#\/schema\/logo\/image\/\",\"url\":\"https:\/\/www.notibras.com\/site\/wp-content\/uploads\/2023\/01\/notibras23.png\",\"contentUrl\":\"https:\/\/www.notibras.com\/site\/wp-content\/uploads\/2023\/01\/notibras23.png\",\"width\":350,\"height\":87,\"caption\":\"Grupo Notibras de Comunica\u00e7\u00e3o\"},\"image\":{\"@id\":\"https:\/\/www.notibras.com\/site\/#\/schema\/logo\/image\/\"},\"sameAs\":[\"https:\/\/www.facebook.com\/notibras\/\",\"https:\/\/x.com\/Notibras\",\"https:\/\/www.instagram.com\/notibras\/\"]},{\"@type\":\"Person\",\"@id\":\"https:\/\/www.notibras.com\/site\/#\/schema\/person\/36ab0979449956132d3e5b517ea76ac8\",\"name\":\"Reda\u00e7\u00e3o\",\"image\":{\"@type\":\"ImageObject\",\"inLanguage\":\"pt-BR\",\"@id\":\"https:\/\/secure.gravatar.com\/avatar\/e0a867bdedb85fd243eadf09663511f96fc81e0720a4a42581f334ad4303aa6b?s=96&d=mm&r=g\",\"url\":\"https:\/\/secure.gravatar.com\/avatar\/e0a867bdedb85fd243eadf09663511f96fc81e0720a4a42581f334ad4303aa6b?s=96&d=mm&r=g\",\"contentUrl\":\"https:\/\/secure.gravatar.com\/avatar\/e0a867bdedb85fd243eadf09663511f96fc81e0720a4a42581f334ad4303aa6b?s=96&d=mm&r=g\",\"caption\":\"Reda\u00e7\u00e3o\"}}]}<\/script>\n<!-- \/ Yoast SEO plugin. -->","yoast_head_json":{"title":"Futebol abre temporada com favoritos no sufoco - Notibras","robots":{"index":"index","follow":"follow","max-snippet":"max-snippet:-1","max-image-preview":"max-image-preview:large","max-video-preview":"max-video-preview:-1"},"canonical":"https:\/\/www.notibras.com\/site\/futebol-abre-temporada-com-favoritos-no-sufoco\/","og_locale":"pt_BR","og_type":"article","og_title":"Futebol abre temporada com favoritos no sufoco - Notibras","og_description":"O s\u00e1bado, 10, marcou a largada oficial da temporada do futebol brasileiro com os primeiros jogos dos Campeonatos Estaduais, tradi\u00e7\u00e3o que abre o calend\u00e1rio nacional antes do in\u00edcio das competi\u00e7\u00f5es nacionais e internacionais. Diversos grandes clubes entraram em campo, com sobressaltos, triunfos equilibrados e algumas surpresas no pa\u00eds afora. Foi uma tarde-noite que marcou a [&hellip;]","og_url":"https:\/\/www.notibras.com\/site\/futebol-abre-temporada-com-favoritos-no-sufoco\/","og_site_name":"Notibras","article_publisher":"https:\/\/www.facebook.com\/notibras\/","article_published_time":"2026-01-11T03:00:34+00:00","article_modified_time":"2026-01-11T13:35:42+00:00","og_image":[{"width":774,"height":494,"url":"https:\/\/www.notibras.com\/site\/wp-content\/uploads\/2026\/01\/897288781-55034196501ac85758a1eo-scaled-e1768109280323.webp","type":"image\/webp"}],"author":"Reda\u00e7\u00e3o","twitter_card":"summary_large_image","twitter_creator":"@Notibras","twitter_site":"@Notibras","twitter_misc":{"Escrito por":"Reda\u00e7\u00e3o","Est. tempo de leitura":"3 minutos"},"schema":{"@context":"https:\/\/schema.org","@graph":[{"@type":"Article","@id":"https:\/\/www.notibras.com\/site\/futebol-abre-temporada-com-favoritos-no-sufoco\/#article","isPartOf":{"@id":"https:\/\/www.notibras.com\/site\/futebol-abre-temporada-com-favoritos-no-sufoco\/"},"author":{"name":"Reda\u00e7\u00e3o","@id":"https:\/\/www.notibras.com\/site\/#\/schema\/person\/36ab0979449956132d3e5b517ea76ac8"},"headline":"Futebol abre temporada com favoritos no sufoco","datePublished":"2026-01-11T03:00:34+00:00","dateModified":"2026-01-11T13:35:42+00:00","mainEntityOfPage":{"@id":"https:\/\/www.notibras.com\/site\/futebol-abre-temporada-com-favoritos-no-sufoco\/"},"wordCount":519,"publisher":{"@id":"https:\/\/www.notibras.com\/site\/#organization"},"image":{"@id":"https:\/\/www.notibras.com\/site\/futebol-abre-temporada-com-favoritos-no-sufoco\/#primaryimage"},"thumbnailUrl":"https:\/\/www.notibras.com\/site\/wp-content\/uploads\/2026\/01\/897288781-55034196501ac85758a1eo-scaled-e1768109280323.webp","articleSection":["Leitura Vip"],"inLanguage":"pt-BR"},{"@type":"WebPage","@id":"https:\/\/www.notibras.com\/site\/futebol-abre-temporada-com-favoritos-no-sufoco\/","url":"https:\/\/www.notibras.com\/site\/futebol-abre-temporada-com-favoritos-no-sufoco\/","name":"Futebol abre temporada com favoritos no sufoco - Notibras","isPartOf":{"@id":"https:\/\/www.notibras.com\/site\/#website"},"primaryImageOfPage":{"@id":"https:\/\/www.notibras.com\/site\/futebol-abre-temporada-com-favoritos-no-sufoco\/#primaryimage"},"image":{"@id":"https:\/\/www.notibras.com\/site\/futebol-abre-temporada-com-favoritos-no-sufoco\/#primaryimage"},"thumbnailUrl":"https:\/\/www.notibras.com\/site\/wp-content\/uploads\/2026\/01\/897288781-55034196501ac85758a1eo-scaled-e1768109280323.webp","datePublished":"2026-01-11T03:00:34+00:00","dateModified":"2026-01-11T13:35:42+00:00","breadcrumb":{"@id":"https:\/\/www.notibras.com\/site\/futebol-abre-temporada-com-favoritos-no-sufoco\/#breadcrumb"},"inLanguage":"pt-BR","potentialAction":[{"@type":"ReadAction","target":["https:\/\/www.notibras.com\/site\/futebol-abre-temporada-com-favoritos-no-sufoco\/"]}]},{"@type":"ImageObject","inLanguage":"pt-BR","@id":"https:\/\/www.notibras.com\/site\/futebol-abre-temporada-com-favoritos-no-sufoco\/#primaryimage","url":"https:\/\/www.notibras.com\/site\/wp-content\/uploads\/2026\/01\/897288781-55034196501ac85758a1eo-scaled-e1768109280323.webp","contentUrl":"https:\/\/www.notibras.com\/site\/wp-content\/uploads\/2026\/01\/897288781-55034196501ac85758a1eo-scaled-e1768109280323.webp","width":774,"height":494},{"@type":"BreadcrumbList","@id":"https:\/\/www.notibras.com\/site\/futebol-abre-temporada-com-favoritos-no-sufoco\/#breadcrumb","itemListElement":[{"@type":"ListItem","position":1,"name":"In\u00edcio","item":"https:\/\/www.notibras.com\/site\/"},{"@type":"ListItem","position":2,"name":"Futebol abre temporada com favoritos no sufoco"}]},{"@type":"WebSite","@id":"https:\/\/www.notibras.com\/site\/#website","url":"https:\/\/www.notibras.com\/site\/","name":"Notibras","description":"Not\u00edcias de Bras\u00edlia, do Brasil e do Mundo","publisher":{"@id":"https:\/\/www.notibras.com\/site\/#organization"},"potentialAction":[{"@type":"SearchAction","target":{"@type":"EntryPoint","urlTemplate":"https:\/\/www.notibras.com\/site\/?s={search_term_string}"},"query-input":{"@type":"PropertyValueSpecification","valueRequired":true,"valueName":"search_term_string"}}],"inLanguage":"pt-BR"},{"@type":"Organization","@id":"https:\/\/www.notibras.com\/site\/#organization","name":"Grupo Notibras de Comunica\u00e7\u00e3o","url":"https:\/\/www.notibras.com\/site\/","logo":{"@type":"ImageObject","inLanguage":"pt-BR","@id":"https:\/\/www.notibras.com\/site\/#\/schema\/logo\/image\/","url":"https:\/\/www.notibras.com\/site\/wp-content\/uploads\/2023\/01\/notibras23.png","contentUrl":"https:\/\/www.notibras.com\/site\/wp-content\/uploads\/2023\/01\/notibras23.png","width":350,"height":87,"caption":"Grupo Notibras de Comunica\u00e7\u00e3o"},"image":{"@id":"https:\/\/www.notibras.com\/site\/#\/schema\/logo\/image\/"},"sameAs":["https:\/\/www.facebook.com\/notibras\/","https:\/\/x.com\/Notibras","https:\/\/www.instagram.com\/notibras\/"]},{"@type":"Person","@id":"https:\/\/www.notibras.com\/site\/#\/schema\/person\/36ab0979449956132d3e5b517ea76ac8","name":"Reda\u00e7\u00e3o","image":{"@type":"ImageObject","inLanguage":"pt-BR","@id":"https:\/\/secure.gravatar.com\/avatar\/e0a867bdedb85fd243eadf09663511f96fc81e0720a4a42581f334ad4303aa6b?s=96&d=mm&r=g","url":"https:\/\/secure.gravatar.com\/avatar\/e0a867bdedb85fd243eadf09663511f96fc81e0720a4a42581f334ad4303aa6b?s=96&d=mm&r=g","contentUrl":"https:\/\/secure.gravatar.com\/avatar\/e0a867bdedb85fd243eadf09663511f96fc81e0720a4a42581f334ad4303aa6b?s=96&d=mm&r=g","caption":"Reda\u00e7\u00e3o"}}]}},"amp_enabled":true,"_links":{"self":[{"href":"https:\/\/www.notibras.com\/site\/wp-json\/wp\/v2\/posts\/378579","targetHints":{"allow":["GET"]}}],"collection":[{"href":"https:\/\/www.notibras.com\/site\/wp-json\/wp\/v2\/posts"}],"about":[{"href":"https:\/\/www.notibras.com\/site\/wp-json\/wp\/v2\/types\/post"}],"author":[{"embeddable":true,"href":"https:\/\/www.notibras.com\/site\/wp-json\/wp\/v2\/users\/2"}],"replies":[{"embeddable":true,"href":"https:\/\/www.notibras.com\/site\/wp-json\/wp\/v2\/comments?post=378579"}],"version-history":[{"count":1,"href":"https:\/\/www.notibras.com\/site\/wp-json\/wp\/v2\/posts\/378579\/revisions"}],"predecessor-version":[{"id":378581,"href":"https:\/\/www.notibras.com\/site\/wp-json\/wp\/v2\/posts\/378579\/revisions\/378581"}],"wp:featuredmedia":[{"embeddable":true,"href":"https:\/\/www.notibras.com\/site\/wp-json\/wp\/v2\/media\/378580"}],"wp:attachment":[{"href":"https:\/\/www.notibras.com\/site\/wp-json\/wp\/v2\/media?parent=378579"}],"wp:term":[{"taxonomy":"category","embeddable":true,"href":"https:\/\/www.notibras.com\/site\/wp-json\/wp\/v2\/categories?post=378579"},{"taxonomy":"post_tag","embeddable":true,"href":"https:\/\/www.notibras.com\/site\/wp-json\/wp\/v2\/tags?post=378579"}],"curies":[{"name":"wp","href":"https:\/\/api.w.org\/{rel}","templated":true}]}}