{"id":378582,"date":"2026-01-11T11:58:32","date_gmt":"2026-01-11T14:58:32","guid":{"rendered":"https:\/\/www.notibras.com\/site\/?p=378582"},"modified":"2026-01-11T12:03:23","modified_gmt":"2026-01-11T15:03:23","slug":"ira-reage-as-ameacas-de-trump-e-promete-incendiar-oriente-medio","status":"publish","type":"post","link":"https:\/\/www.notibras.com\/site\/ira-reage-as-ameacas-de-trump-e-promete-incendiar-oriente-medio\/","title":{"rendered":"Ir\u00e3 reage \u00e0s amea\u00e7as de Trump e promete incendiar Oriente M\u00e9dio"},"content":{"rendered":"<p>Israel e as instala\u00e7\u00f5es americanas no Oriente M\u00e9dio se tornar\u00e3o alvos leg\u00edtimos para o Ir\u00e3 em caso de agress\u00e3o armada, disse o presidente do parlamento iraniano, Mohammad Bagher Ghalibaf, neste domingo, 11, em meio a relatos de um poss\u00edvel ataque dos Estados Unidos ao Ir\u00e3.<\/p>\n<p>O jornal <em>The New York Times <\/em>noticiou, citando fontes oficiais, que o presidente dos EUA, Donald Trump, foi informado sobre poss\u00edveis op\u00e7\u00f5es de ataque contra o Ir\u00e3 em meio aos protestos na Rep\u00fablica Isl\u00e2mica. Segundo relatos, Trump est\u00e1 considerando seriamente aprovar ataques.<\/p>\n<p>&#8220;Em caso de ataque ao Ir\u00e3, tanto os territ\u00f3rios ocupados [Israel] quanto todos os centros, bases e navios militares dos EUA na regi\u00e3o ser\u00e3o nossos alvos leg\u00edtimos&#8221;, disse Ghalibaf, segundo a ag\u00eancia de not\u00edcias estatal <em>Irna<\/em>.<\/p>\n<p>Levando em considera\u00e7\u00e3o a admiss\u00e3o de Trump sobre sua inten\u00e7\u00e3o de lan\u00e7ar um ataque militar contra Teer\u00e3, o Ir\u00e3 &#8220;n\u00e3o se considerar\u00e1 limitado em seus meios de responder \u00e0 a\u00e7\u00e3o tomada [contra ele] no \u00e2mbito da leg\u00edtima defesa&#8221;, disse Ghalibaf.<\/p>\n<p>No s\u00e1bado, Reza Pahlavi, filho do X\u00e1 do Ir\u00e3, deposto em 1979, publicou outro v\u00eddeo no X convocando o povo iraniano a uma greve geral e sugerindo que os manifestantes se preparassem para ocupar ruas e instala\u00e7\u00f5es de import\u00e2ncia estrat\u00e9gica.<\/p>\n<p>Protestos eclodiram no Ir\u00e3 no final de dezembro de 2025, em meio a preocupa\u00e7\u00f5es com a crescente infla\u00e7\u00e3o desencadeada pela desvaloriza\u00e7\u00e3o da moeda local, o rial iraniano. Os manifestantes reclamavam da volatilidade da taxa de c\u00e2mbio, que elevava os pre\u00e7os no atacado e no varejo. O governador do Banco Central do Ir\u00e3, Mohammad-Reza Farzin, renunciou e foi substitu\u00eddo por Abdolnaser Hemmati.<\/p>\n<p>Os protestos se intensificaram desde quinta-feira, ap\u00f3s o apelo de Pahlavi. V\u00eddeos nas redes sociais mostraram manifesta\u00e7\u00f5es em larga escala e por toda parte. Nesse mesmo dia, a internet no Ir\u00e3 ficou fora do ar. Em diversas cidades iranianas, os protestos se transformaram em confrontos com a pol\u00edcia. Os manifestantes gritavam slogans criticando o governo. Houve relatos de v\u00edtimas entre as for\u00e7as de seguran\u00e7a e os manifestantes.<\/p>\n","protected":false},"excerpt":{"rendered":"<p>Israel e as instala\u00e7\u00f5es americanas no Oriente M\u00e9dio se tornar\u00e3o alvos leg\u00edtimos para o Ir\u00e3 em caso de agress\u00e3o armada, disse o presidente do parlamento iraniano, Mohammad Bagher Ghalibaf, neste domingo, 11, em meio a relatos de um poss\u00edvel ataque dos Estados Unidos ao Ir\u00e3. O jornal The New York Times noticiou, citando fontes oficiais, [&hellip;]<\/p>\n","protected":false},"author":2,"featured_media":378584,"comment_status":"closed","ping_status":"closed","sticky":false,"template":"","format":"standard","meta":{"_acf_changed":false,"footnotes":""},"categories":[159],"tags":[95],"class_list":["post-378582","post","type-post","status-publish","format-standard","has-post-thumbnail","hentry","category-apocalipse","tag-capa"],"acf":[],"yoast_head":"<!-- This site is optimized with the Yoast SEO plugin v27.2 - https:\/\/yoast.com\/product\/yoast-seo-wordpress\/ -->\n<title>Ir\u00e3 reage \u00e0s amea\u00e7as de Trump e promete incendiar Oriente M\u00e9dio - Notibras<\/title>\n<meta name=\"robots\" content=\"index, follow, max-snippet:-1, max-image-preview:large, max-video-preview:-1\" \/>\n<link rel=\"canonical\" href=\"https:\/\/www.notibras.com\/site\/ira-reage-as-ameacas-de-trump-e-promete-incendiar-oriente-medio\/\" \/>\n<meta property=\"og:locale\" content=\"pt_BR\" \/>\n<meta property=\"og:type\" content=\"article\" \/>\n<meta property=\"og:title\" content=\"Ir\u00e3 reage \u00e0s amea\u00e7as de Trump e promete incendiar Oriente M\u00e9dio - Notibras\" \/>\n<meta property=\"og:description\" content=\"Israel e as instala\u00e7\u00f5es americanas no Oriente M\u00e9dio se tornar\u00e3o alvos leg\u00edtimos para o Ir\u00e3 em caso de agress\u00e3o armada, disse o presidente do parlamento iraniano, Mohammad Bagher Ghalibaf, neste domingo, 11, em meio a relatos de um poss\u00edvel ataque dos Estados Unidos ao Ir\u00e3. O jornal The New York Times noticiou, citando fontes oficiais, [&hellip;]\" \/>\n<meta property=\"og:url\" content=\"https:\/\/www.notibras.com\/site\/ira-reage-as-ameacas-de-trump-e-promete-incendiar-oriente-medio\/\" \/>\n<meta property=\"og:site_name\" content=\"Notibras\" \/>\n<meta property=\"article:publisher\" content=\"https:\/\/www.facebook.com\/notibras\/\" \/>\n<meta property=\"article:published_time\" content=\"2026-01-11T14:58:32+00:00\" \/>\n<meta property=\"article:modified_time\" content=\"2026-01-11T15:03:23+00:00\" \/>\n<meta property=\"og:image\" content=\"https:\/\/www.notibras.com\/site\/wp-content\/uploads\/2026\/01\/maxresdefault-2.jpg\" \/>\n\t<meta property=\"og:image:width\" content=\"1280\" \/>\n\t<meta property=\"og:image:height\" content=\"720\" \/>\n\t<meta property=\"og:image:type\" content=\"image\/jpeg\" \/>\n<meta name=\"author\" content=\"Reda\u00e7\u00e3o\" \/>\n<meta name=\"twitter:card\" content=\"summary_large_image\" \/>\n<meta name=\"twitter:creator\" content=\"@Notibras\" \/>\n<meta name=\"twitter:site\" content=\"@Notibras\" \/>\n<meta name=\"twitter:label1\" content=\"Escrito por\" \/>\n\t<meta name=\"twitter:data1\" content=\"Reda\u00e7\u00e3o\" \/>\n\t<meta name=\"twitter:label2\" content=\"Est. tempo de leitura\" \/>\n\t<meta name=\"twitter:data2\" content=\"3 minutos\" \/>\n<script type=\"application\/ld+json\" class=\"yoast-schema-graph\">{\"@context\":\"https:\/\/schema.org\",\"@graph\":[{\"@type\":\"Article\",\"@id\":\"https:\/\/www.notibras.com\/site\/ira-reage-as-ameacas-de-trump-e-promete-incendiar-oriente-medio\/#article\",\"isPartOf\":{\"@id\":\"https:\/\/www.notibras.com\/site\/ira-reage-as-ameacas-de-trump-e-promete-incendiar-oriente-medio\/\"},\"author\":{\"name\":\"Reda\u00e7\u00e3o\",\"@id\":\"https:\/\/www.notibras.com\/site\/#\/schema\/person\/36ab0979449956132d3e5b517ea76ac8\"},\"headline\":\"Ir\u00e3 reage \u00e0s amea\u00e7as de Trump e promete incendiar Oriente M\u00e9dio\",\"datePublished\":\"2026-01-11T14:58:32+00:00\",\"dateModified\":\"2026-01-11T15:03:23+00:00\",\"mainEntityOfPage\":{\"@id\":\"https:\/\/www.notibras.com\/site\/ira-reage-as-ameacas-de-trump-e-promete-incendiar-oriente-medio\/\"},\"wordCount\":381,\"publisher\":{\"@id\":\"https:\/\/www.notibras.com\/site\/#organization\"},\"image\":{\"@id\":\"https:\/\/www.notibras.com\/site\/ira-reage-as-ameacas-de-trump-e-promete-incendiar-oriente-medio\/#primaryimage\"},\"thumbnailUrl\":\"https:\/\/www.notibras.com\/site\/wp-content\/uploads\/2026\/01\/maxresdefault-2.jpg\",\"keywords\":[\"capa\"],\"articleSection\":[\"Apocalipse\"],\"inLanguage\":\"pt-BR\"},{\"@type\":\"WebPage\",\"@id\":\"https:\/\/www.notibras.com\/site\/ira-reage-as-ameacas-de-trump-e-promete-incendiar-oriente-medio\/\",\"url\":\"https:\/\/www.notibras.com\/site\/ira-reage-as-ameacas-de-trump-e-promete-incendiar-oriente-medio\/\",\"name\":\"Ir\u00e3 reage \u00e0s amea\u00e7as de Trump e promete incendiar Oriente M\u00e9dio - Notibras\",\"isPartOf\":{\"@id\":\"https:\/\/www.notibras.com\/site\/#website\"},\"primaryImageOfPage\":{\"@id\":\"https:\/\/www.notibras.com\/site\/ira-reage-as-ameacas-de-trump-e-promete-incendiar-oriente-medio\/#primaryimage\"},\"image\":{\"@id\":\"https:\/\/www.notibras.com\/site\/ira-reage-as-ameacas-de-trump-e-promete-incendiar-oriente-medio\/#primaryimage\"},\"thumbnailUrl\":\"https:\/\/www.notibras.com\/site\/wp-content\/uploads\/2026\/01\/maxresdefault-2.jpg\",\"datePublished\":\"2026-01-11T14:58:32+00:00\",\"dateModified\":\"2026-01-11T15:03:23+00:00\",\"breadcrumb\":{\"@id\":\"https:\/\/www.notibras.com\/site\/ira-reage-as-ameacas-de-trump-e-promete-incendiar-oriente-medio\/#breadcrumb\"},\"inLanguage\":\"pt-BR\",\"potentialAction\":[{\"@type\":\"ReadAction\",\"target\":[\"https:\/\/www.notibras.com\/site\/ira-reage-as-ameacas-de-trump-e-promete-incendiar-oriente-medio\/\"]}]},{\"@type\":\"ImageObject\",\"inLanguage\":\"pt-BR\",\"@id\":\"https:\/\/www.notibras.com\/site\/ira-reage-as-ameacas-de-trump-e-promete-incendiar-oriente-medio\/#primaryimage\",\"url\":\"https:\/\/www.notibras.com\/site\/wp-content\/uploads\/2026\/01\/maxresdefault-2.jpg\",\"contentUrl\":\"https:\/\/www.notibras.com\/site\/wp-content\/uploads\/2026\/01\/maxresdefault-2.jpg\",\"width\":1280,\"height\":720},{\"@type\":\"BreadcrumbList\",\"@id\":\"https:\/\/www.notibras.com\/site\/ira-reage-as-ameacas-de-trump-e-promete-incendiar-oriente-medio\/#breadcrumb\",\"itemListElement\":[{\"@type\":\"ListItem\",\"position\":1,\"name\":\"In\u00edcio\",\"item\":\"https:\/\/www.notibras.com\/site\/\"},{\"@type\":\"ListItem\",\"position\":2,\"name\":\"Ir\u00e3 reage \u00e0s amea\u00e7as de Trump e promete incendiar Oriente M\u00e9dio\"}]},{\"@type\":\"WebSite\",\"@id\":\"https:\/\/www.notibras.com\/site\/#website\",\"url\":\"https:\/\/www.notibras.com\/site\/\",\"name\":\"Notibras\",\"description\":\"Not\u00edcias de Bras\u00edlia, do Brasil e do Mundo\",\"publisher\":{\"@id\":\"https:\/\/www.notibras.com\/site\/#organization\"},\"potentialAction\":[{\"@type\":\"SearchAction\",\"target\":{\"@type\":\"EntryPoint\",\"urlTemplate\":\"https:\/\/www.notibras.com\/site\/?s={search_term_string}\"},\"query-input\":{\"@type\":\"PropertyValueSpecification\",\"valueRequired\":true,\"valueName\":\"search_term_string\"}}],\"inLanguage\":\"pt-BR\"},{\"@type\":\"Organization\",\"@id\":\"https:\/\/www.notibras.com\/site\/#organization\",\"name\":\"Grupo Notibras de Comunica\u00e7\u00e3o\",\"url\":\"https:\/\/www.notibras.com\/site\/\",\"logo\":{\"@type\":\"ImageObject\",\"inLanguage\":\"pt-BR\",\"@id\":\"https:\/\/www.notibras.com\/site\/#\/schema\/logo\/image\/\",\"url\":\"https:\/\/www.notibras.com\/site\/wp-content\/uploads\/2023\/01\/notibras23.png\",\"contentUrl\":\"https:\/\/www.notibras.com\/site\/wp-content\/uploads\/2023\/01\/notibras23.png\",\"width\":350,\"height\":87,\"caption\":\"Grupo Notibras de Comunica\u00e7\u00e3o\"},\"image\":{\"@id\":\"https:\/\/www.notibras.com\/site\/#\/schema\/logo\/image\/\"},\"sameAs\":[\"https:\/\/www.facebook.com\/notibras\/\",\"https:\/\/x.com\/Notibras\",\"https:\/\/www.instagram.com\/notibras\/\"]},{\"@type\":\"Person\",\"@id\":\"https:\/\/www.notibras.com\/site\/#\/schema\/person\/36ab0979449956132d3e5b517ea76ac8\",\"name\":\"Reda\u00e7\u00e3o\",\"image\":{\"@type\":\"ImageObject\",\"inLanguage\":\"pt-BR\",\"@id\":\"https:\/\/secure.gravatar.com\/avatar\/e0a867bdedb85fd243eadf09663511f96fc81e0720a4a42581f334ad4303aa6b?s=96&d=mm&r=g\",\"url\":\"https:\/\/secure.gravatar.com\/avatar\/e0a867bdedb85fd243eadf09663511f96fc81e0720a4a42581f334ad4303aa6b?s=96&d=mm&r=g\",\"contentUrl\":\"https:\/\/secure.gravatar.com\/avatar\/e0a867bdedb85fd243eadf09663511f96fc81e0720a4a42581f334ad4303aa6b?s=96&d=mm&r=g\",\"caption\":\"Reda\u00e7\u00e3o\"}}]}<\/script>\n<!-- \/ Yoast SEO plugin. -->","yoast_head_json":{"title":"Ir\u00e3 reage \u00e0s amea\u00e7as de Trump e promete incendiar Oriente M\u00e9dio - Notibras","robots":{"index":"index","follow":"follow","max-snippet":"max-snippet:-1","max-image-preview":"max-image-preview:large","max-video-preview":"max-video-preview:-1"},"canonical":"https:\/\/www.notibras.com\/site\/ira-reage-as-ameacas-de-trump-e-promete-incendiar-oriente-medio\/","og_locale":"pt_BR","og_type":"article","og_title":"Ir\u00e3 reage \u00e0s amea\u00e7as de Trump e promete incendiar Oriente M\u00e9dio - Notibras","og_description":"Israel e as instala\u00e7\u00f5es americanas no Oriente M\u00e9dio se tornar\u00e3o alvos leg\u00edtimos para o Ir\u00e3 em caso de agress\u00e3o armada, disse o presidente do parlamento iraniano, Mohammad Bagher Ghalibaf, neste domingo, 11, em meio a relatos de um poss\u00edvel ataque dos Estados Unidos ao Ir\u00e3. O jornal The New York Times noticiou, citando fontes oficiais, [&hellip;]","og_url":"https:\/\/www.notibras.com\/site\/ira-reage-as-ameacas-de-trump-e-promete-incendiar-oriente-medio\/","og_site_name":"Notibras","article_publisher":"https:\/\/www.facebook.com\/notibras\/","article_published_time":"2026-01-11T14:58:32+00:00","article_modified_time":"2026-01-11T15:03:23+00:00","og_image":[{"width":1280,"height":720,"url":"https:\/\/www.notibras.com\/site\/wp-content\/uploads\/2026\/01\/maxresdefault-2.jpg","type":"image\/jpeg"}],"author":"Reda\u00e7\u00e3o","twitter_card":"summary_large_image","twitter_creator":"@Notibras","twitter_site":"@Notibras","twitter_misc":{"Escrito por":"Reda\u00e7\u00e3o","Est. tempo de leitura":"3 minutos"},"schema":{"@context":"https:\/\/schema.org","@graph":[{"@type":"Article","@id":"https:\/\/www.notibras.com\/site\/ira-reage-as-ameacas-de-trump-e-promete-incendiar-oriente-medio\/#article","isPartOf":{"@id":"https:\/\/www.notibras.com\/site\/ira-reage-as-ameacas-de-trump-e-promete-incendiar-oriente-medio\/"},"author":{"name":"Reda\u00e7\u00e3o","@id":"https:\/\/www.notibras.com\/site\/#\/schema\/person\/36ab0979449956132d3e5b517ea76ac8"},"headline":"Ir\u00e3 reage \u00e0s amea\u00e7as de Trump e promete incendiar Oriente M\u00e9dio","datePublished":"2026-01-11T14:58:32+00:00","dateModified":"2026-01-11T15:03:23+00:00","mainEntityOfPage":{"@id":"https:\/\/www.notibras.com\/site\/ira-reage-as-ameacas-de-trump-e-promete-incendiar-oriente-medio\/"},"wordCount":381,"publisher":{"@id":"https:\/\/www.notibras.com\/site\/#organization"},"image":{"@id":"https:\/\/www.notibras.com\/site\/ira-reage-as-ameacas-de-trump-e-promete-incendiar-oriente-medio\/#primaryimage"},"thumbnailUrl":"https:\/\/www.notibras.com\/site\/wp-content\/uploads\/2026\/01\/maxresdefault-2.jpg","keywords":["capa"],"articleSection":["Apocalipse"],"inLanguage":"pt-BR"},{"@type":"WebPage","@id":"https:\/\/www.notibras.com\/site\/ira-reage-as-ameacas-de-trump-e-promete-incendiar-oriente-medio\/","url":"https:\/\/www.notibras.com\/site\/ira-reage-as-ameacas-de-trump-e-promete-incendiar-oriente-medio\/","name":"Ir\u00e3 reage \u00e0s amea\u00e7as de Trump e promete incendiar Oriente M\u00e9dio - Notibras","isPartOf":{"@id":"https:\/\/www.notibras.com\/site\/#website"},"primaryImageOfPage":{"@id":"https:\/\/www.notibras.com\/site\/ira-reage-as-ameacas-de-trump-e-promete-incendiar-oriente-medio\/#primaryimage"},"image":{"@id":"https:\/\/www.notibras.com\/site\/ira-reage-as-ameacas-de-trump-e-promete-incendiar-oriente-medio\/#primaryimage"},"thumbnailUrl":"https:\/\/www.notibras.com\/site\/wp-content\/uploads\/2026\/01\/maxresdefault-2.jpg","datePublished":"2026-01-11T14:58:32+00:00","dateModified":"2026-01-11T15:03:23+00:00","breadcrumb":{"@id":"https:\/\/www.notibras.com\/site\/ira-reage-as-ameacas-de-trump-e-promete-incendiar-oriente-medio\/#breadcrumb"},"inLanguage":"pt-BR","potentialAction":[{"@type":"ReadAction","target":["https:\/\/www.notibras.com\/site\/ira-reage-as-ameacas-de-trump-e-promete-incendiar-oriente-medio\/"]}]},{"@type":"ImageObject","inLanguage":"pt-BR","@id":"https:\/\/www.notibras.com\/site\/ira-reage-as-ameacas-de-trump-e-promete-incendiar-oriente-medio\/#primaryimage","url":"https:\/\/www.notibras.com\/site\/wp-content\/uploads\/2026\/01\/maxresdefault-2.jpg","contentUrl":"https:\/\/www.notibras.com\/site\/wp-content\/uploads\/2026\/01\/maxresdefault-2.jpg","width":1280,"height":720},{"@type":"BreadcrumbList","@id":"https:\/\/www.notibras.com\/site\/ira-reage-as-ameacas-de-trump-e-promete-incendiar-oriente-medio\/#breadcrumb","itemListElement":[{"@type":"ListItem","position":1,"name":"In\u00edcio","item":"https:\/\/www.notibras.com\/site\/"},{"@type":"ListItem","position":2,"name":"Ir\u00e3 reage \u00e0s amea\u00e7as de Trump e promete incendiar Oriente M\u00e9dio"}]},{"@type":"WebSite","@id":"https:\/\/www.notibras.com\/site\/#website","url":"https:\/\/www.notibras.com\/site\/","name":"Notibras","description":"Not\u00edcias de Bras\u00edlia, do Brasil e do Mundo","publisher":{"@id":"https:\/\/www.notibras.com\/site\/#organization"},"potentialAction":[{"@type":"SearchAction","target":{"@type":"EntryPoint","urlTemplate":"https:\/\/www.notibras.com\/site\/?s={search_term_string}"},"query-input":{"@type":"PropertyValueSpecification","valueRequired":true,"valueName":"search_term_string"}}],"inLanguage":"pt-BR"},{"@type":"Organization","@id":"https:\/\/www.notibras.com\/site\/#organization","name":"Grupo Notibras de Comunica\u00e7\u00e3o","url":"https:\/\/www.notibras.com\/site\/","logo":{"@type":"ImageObject","inLanguage":"pt-BR","@id":"https:\/\/www.notibras.com\/site\/#\/schema\/logo\/image\/","url":"https:\/\/www.notibras.com\/site\/wp-content\/uploads\/2023\/01\/notibras23.png","contentUrl":"https:\/\/www.notibras.com\/site\/wp-content\/uploads\/2023\/01\/notibras23.png","width":350,"height":87,"caption":"Grupo Notibras de Comunica\u00e7\u00e3o"},"image":{"@id":"https:\/\/www.notibras.com\/site\/#\/schema\/logo\/image\/"},"sameAs":["https:\/\/www.facebook.com\/notibras\/","https:\/\/x.com\/Notibras","https:\/\/www.instagram.com\/notibras\/"]},{"@type":"Person","@id":"https:\/\/www.notibras.com\/site\/#\/schema\/person\/36ab0979449956132d3e5b517ea76ac8","name":"Reda\u00e7\u00e3o","image":{"@type":"ImageObject","inLanguage":"pt-BR","@id":"https:\/\/secure.gravatar.com\/avatar\/e0a867bdedb85fd243eadf09663511f96fc81e0720a4a42581f334ad4303aa6b?s=96&d=mm&r=g","url":"https:\/\/secure.gravatar.com\/avatar\/e0a867bdedb85fd243eadf09663511f96fc81e0720a4a42581f334ad4303aa6b?s=96&d=mm&r=g","contentUrl":"https:\/\/secure.gravatar.com\/avatar\/e0a867bdedb85fd243eadf09663511f96fc81e0720a4a42581f334ad4303aa6b?s=96&d=mm&r=g","caption":"Reda\u00e7\u00e3o"}}]}},"amp_enabled":true,"_links":{"self":[{"href":"https:\/\/www.notibras.com\/site\/wp-json\/wp\/v2\/posts\/378582","targetHints":{"allow":["GET"]}}],"collection":[{"href":"https:\/\/www.notibras.com\/site\/wp-json\/wp\/v2\/posts"}],"about":[{"href":"https:\/\/www.notibras.com\/site\/wp-json\/wp\/v2\/types\/post"}],"author":[{"embeddable":true,"href":"https:\/\/www.notibras.com\/site\/wp-json\/wp\/v2\/users\/2"}],"replies":[{"embeddable":true,"href":"https:\/\/www.notibras.com\/site\/wp-json\/wp\/v2\/comments?post=378582"}],"version-history":[{"count":4,"href":"https:\/\/www.notibras.com\/site\/wp-json\/wp\/v2\/posts\/378582\/revisions"}],"predecessor-version":[{"id":378588,"href":"https:\/\/www.notibras.com\/site\/wp-json\/wp\/v2\/posts\/378582\/revisions\/378588"}],"wp:featuredmedia":[{"embeddable":true,"href":"https:\/\/www.notibras.com\/site\/wp-json\/wp\/v2\/media\/378584"}],"wp:attachment":[{"href":"https:\/\/www.notibras.com\/site\/wp-json\/wp\/v2\/media?parent=378582"}],"wp:term":[{"taxonomy":"category","embeddable":true,"href":"https:\/\/www.notibras.com\/site\/wp-json\/wp\/v2\/categories?post=378582"},{"taxonomy":"post_tag","embeddable":true,"href":"https:\/\/www.notibras.com\/site\/wp-json\/wp\/v2\/tags?post=378582"}],"curies":[{"name":"wp","href":"https:\/\/api.w.org\/{rel}","templated":true}]}}