{"id":37859,"date":"2015-02-22T14:14:37","date_gmt":"2015-02-22T17:14:37","guid":{"rendered":"http:\/\/www.notibras.com\/site\/?p=37859"},"modified":"2015-02-22T17:49:42","modified_gmt":"2015-02-22T20:49:42","slug":"em-menos-de-24-horas-tres-policiais-de-folga-sao-mortos-no-rio","status":"publish","type":"post","link":"https:\/\/www.notibras.com\/site\/em-menos-de-24-horas-tres-policiais-de-folga-sao-mortos-no-rio\/","title":{"rendered":"Em menos de 24 horas, tr\u00eas policiais s\u00e3o mortos no Rio"},"content":{"rendered":"<p>Dois policiais civis e um militar que estavam de folga morreram entre a tarde de ontem (21) e a manh\u00e3 de hoje (22) na regi\u00e3o metropolitana do Rio de Janeiro. Segundo a Pol\u00edcia Militar (PM), hoje, o policial civil Thiago Thome de Deus, lotado na Delegacia de Homic\u00eddios da Baixada Fluminense, estava em seu carro, no bairro do Cubango, em Niter\u00f3i, quando foi abordado por homens armados.<\/p>\n<p>Ele chegou a ser socorrido e encaminhado ao Hospital Estadual Azevedo Lima, no munic\u00edpio, mas morreu em seguida. Segundo a Pol\u00edcia Civil, o caso est\u00e1 sendo investigado pela Delegacia de Homic\u00eddios de Niter\u00f3i. A per\u00edcia foi feita no local e agentes buscam testemunhas e imagens que possam ajudar na elucida\u00e7\u00e3o do crime.<\/p>\n<p>Tamb\u00e9m de manh\u00e3, tr\u00eas policiais militares de folga sa\u00edam de uma padaria quando foram abordados por homens armados, no centro de Nova Igua\u00e7u. Houve um tiroteio e dois policiais foram baleados. Segundo a Pol\u00edcia Militar, eles foram encaminhados para o Hospital Geral de Nova Igua\u00e7u, mas Pedro Gabriel Ferreira morreu. O terceiro policial tamb\u00e9m foi atendido porque ficou em estado de choque. A Delegacia de Homic\u00eddios da Baixada Fluminense investiga o caso.<\/p>\n<p>Na tarde de ontem (21), o policial civil Cida Jackson Silva, lotado na Delegacia de Roubos e Furtos de Autom\u00f3veis, morreu durante um assalto na Vila Emil, em Mesquita. Ele chegou a ser levado para o Hospital de Cl\u00ednicas de Nova Igua\u00e7u, mas n\u00e3o resistiu aos ferimentos. De acordo com a Pol\u00edcia Civil, uma per\u00edcia foi feita no local e testemunhas est\u00e3o sendo ouvidas pela Delegacia de Homic\u00eddios da Baixada Fluminense.<\/p>\n<p><strong>Vitor Abdala, ABr<br \/>\n<\/strong><\/p>\n","protected":false},"excerpt":{"rendered":"<p>Dois policiais civis e um militar que estavam de folga morreram entre a tarde de ontem (21) e a manh\u00e3 de hoje (22) na regi\u00e3o metropolitana do Rio de Janeiro. Segundo a Pol\u00edcia Militar (PM), hoje, o policial civil Thiago Thome de Deus, lotado na Delegacia de Homic\u00eddios da Baixada Fluminense, estava em seu carro, [&hellip;]<\/p>\n","protected":false},"author":1,"featured_media":37860,"comment_status":"open","ping_status":"closed","sticky":false,"template":"","format":"standard","meta":{"_acf_changed":false,"footnotes":""},"categories":[16],"tags":[],"class_list":["post-37859","post","type-post","status-publish","format-standard","has-post-thumbnail","hentry","category-brasil"],"acf":[],"yoast_head":"<!-- This site is optimized with the Yoast SEO plugin v27.2 - https:\/\/yoast.com\/product\/yoast-seo-wordpress\/ -->\n<title>Em menos de 24 horas, tr\u00eas policiais s\u00e3o mortos no Rio - Notibras<\/title>\n<meta name=\"robots\" content=\"index, follow, max-snippet:-1, max-image-preview:large, max-video-preview:-1\" \/>\n<link rel=\"canonical\" href=\"https:\/\/www.notibras.com\/site\/em-menos-de-24-horas-tres-policiais-de-folga-sao-mortos-no-rio\/\" \/>\n<meta property=\"og:locale\" content=\"pt_BR\" \/>\n<meta property=\"og:type\" content=\"article\" \/>\n<meta property=\"og:title\" content=\"Em menos de 24 horas, tr\u00eas policiais s\u00e3o mortos no Rio - Notibras\" \/>\n<meta property=\"og:description\" content=\"Dois policiais civis e um militar que estavam de folga morreram entre a tarde de ontem (21) e a manh\u00e3 de hoje (22) na regi\u00e3o metropolitana do Rio de Janeiro. Segundo a Pol\u00edcia Militar (PM), hoje, o policial civil Thiago Thome de Deus, lotado na Delegacia de Homic\u00eddios da Baixada Fluminense, estava em seu carro, [&hellip;]\" \/>\n<meta property=\"og:url\" content=\"https:\/\/www.notibras.com\/site\/em-menos-de-24-horas-tres-policiais-de-folga-sao-mortos-no-rio\/\" \/>\n<meta property=\"og:site_name\" content=\"Notibras\" \/>\n<meta property=\"article:publisher\" content=\"https:\/\/www.facebook.com\/notibras\/\" \/>\n<meta property=\"article:published_time\" content=\"2015-02-22T17:14:37+00:00\" \/>\n<meta property=\"article:modified_time\" content=\"2015-02-22T20:49:42+00:00\" \/>\n<meta property=\"og:image\" content=\"https:\/\/www.notibras.com\/site\/wp-content\/uploads\/2015\/02\/Sem-t\u00edtulo-19.jpg\" \/>\n\t<meta property=\"og:image:width\" content=\"492\" \/>\n\t<meta property=\"og:image:height\" content=\"322\" \/>\n\t<meta property=\"og:image:type\" content=\"image\/jpeg\" \/>\n<meta name=\"author\" content=\"Reda\u00e7\u00e3o\" \/>\n<meta name=\"twitter:card\" content=\"summary_large_image\" \/>\n<meta name=\"twitter:creator\" content=\"@Notibras\" \/>\n<meta name=\"twitter:site\" content=\"@Notibras\" \/>\n<meta name=\"twitter:label1\" content=\"Escrito por\" \/>\n\t<meta name=\"twitter:data1\" content=\"Reda\u00e7\u00e3o\" \/>\n\t<meta name=\"twitter:label2\" content=\"Est. tempo de leitura\" \/>\n\t<meta name=\"twitter:data2\" content=\"1 minuto\" \/>\n<script type=\"application\/ld+json\" class=\"yoast-schema-graph\">{\"@context\":\"https:\/\/schema.org\",\"@graph\":[{\"@type\":\"Article\",\"@id\":\"https:\/\/www.notibras.com\/site\/em-menos-de-24-horas-tres-policiais-de-folga-sao-mortos-no-rio\/#article\",\"isPartOf\":{\"@id\":\"https:\/\/www.notibras.com\/site\/em-menos-de-24-horas-tres-policiais-de-folga-sao-mortos-no-rio\/\"},\"author\":{\"name\":\"Reda\u00e7\u00e3o\",\"@id\":\"https:\/\/www.notibras.com\/site\/#\/schema\/person\/00b8e1aa08f9ef6563e878c5159d01cf\"},\"headline\":\"Em menos de 24 horas, tr\u00eas policiais s\u00e3o mortos no Rio\",\"datePublished\":\"2015-02-22T17:14:37+00:00\",\"dateModified\":\"2015-02-22T20:49:42+00:00\",\"mainEntityOfPage\":{\"@id\":\"https:\/\/www.notibras.com\/site\/em-menos-de-24-horas-tres-policiais-de-folga-sao-mortos-no-rio\/\"},\"wordCount\":300,\"commentCount\":0,\"publisher\":{\"@id\":\"https:\/\/www.notibras.com\/site\/#organization\"},\"image\":{\"@id\":\"https:\/\/www.notibras.com\/site\/em-menos-de-24-horas-tres-policiais-de-folga-sao-mortos-no-rio\/#primaryimage\"},\"thumbnailUrl\":\"https:\/\/www.notibras.com\/site\/wp-content\/uploads\/2015\/02\/Sem-t\u00edtulo-19.jpg\",\"articleSection\":[\"Brasil\"],\"inLanguage\":\"pt-BR\",\"potentialAction\":[{\"@type\":\"CommentAction\",\"name\":\"Comment\",\"target\":[\"https:\/\/www.notibras.com\/site\/em-menos-de-24-horas-tres-policiais-de-folga-sao-mortos-no-rio\/#respond\"]}]},{\"@type\":\"WebPage\",\"@id\":\"https:\/\/www.notibras.com\/site\/em-menos-de-24-horas-tres-policiais-de-folga-sao-mortos-no-rio\/\",\"url\":\"https:\/\/www.notibras.com\/site\/em-menos-de-24-horas-tres-policiais-de-folga-sao-mortos-no-rio\/\",\"name\":\"Em menos de 24 horas, tr\u00eas policiais s\u00e3o mortos no Rio - Notibras\",\"isPartOf\":{\"@id\":\"https:\/\/www.notibras.com\/site\/#website\"},\"primaryImageOfPage\":{\"@id\":\"https:\/\/www.notibras.com\/site\/em-menos-de-24-horas-tres-policiais-de-folga-sao-mortos-no-rio\/#primaryimage\"},\"image\":{\"@id\":\"https:\/\/www.notibras.com\/site\/em-menos-de-24-horas-tres-policiais-de-folga-sao-mortos-no-rio\/#primaryimage\"},\"thumbnailUrl\":\"https:\/\/www.notibras.com\/site\/wp-content\/uploads\/2015\/02\/Sem-t\u00edtulo-19.jpg\",\"datePublished\":\"2015-02-22T17:14:37+00:00\",\"dateModified\":\"2015-02-22T20:49:42+00:00\",\"breadcrumb\":{\"@id\":\"https:\/\/www.notibras.com\/site\/em-menos-de-24-horas-tres-policiais-de-folga-sao-mortos-no-rio\/#breadcrumb\"},\"inLanguage\":\"pt-BR\",\"potentialAction\":[{\"@type\":\"ReadAction\",\"target\":[\"https:\/\/www.notibras.com\/site\/em-menos-de-24-horas-tres-policiais-de-folga-sao-mortos-no-rio\/\"]}]},{\"@type\":\"ImageObject\",\"inLanguage\":\"pt-BR\",\"@id\":\"https:\/\/www.notibras.com\/site\/em-menos-de-24-horas-tres-policiais-de-folga-sao-mortos-no-rio\/#primaryimage\",\"url\":\"https:\/\/www.notibras.com\/site\/wp-content\/uploads\/2015\/02\/Sem-t\u00edtulo-19.jpg\",\"contentUrl\":\"https:\/\/www.notibras.com\/site\/wp-content\/uploads\/2015\/02\/Sem-t\u00edtulo-19.jpg\",\"width\":492,\"height\":322},{\"@type\":\"BreadcrumbList\",\"@id\":\"https:\/\/www.notibras.com\/site\/em-menos-de-24-horas-tres-policiais-de-folga-sao-mortos-no-rio\/#breadcrumb\",\"itemListElement\":[{\"@type\":\"ListItem\",\"position\":1,\"name\":\"In\u00edcio\",\"item\":\"https:\/\/www.notibras.com\/site\/\"},{\"@type\":\"ListItem\",\"position\":2,\"name\":\"Em menos de 24 horas, tr\u00eas policiais s\u00e3o mortos no Rio\"}]},{\"@type\":\"WebSite\",\"@id\":\"https:\/\/www.notibras.com\/site\/#website\",\"url\":\"https:\/\/www.notibras.com\/site\/\",\"name\":\"Notibras\",\"description\":\"Not\u00edcias de Bras\u00edlia, do Brasil e do Mundo\",\"publisher\":{\"@id\":\"https:\/\/www.notibras.com\/site\/#organization\"},\"potentialAction\":[{\"@type\":\"SearchAction\",\"target\":{\"@type\":\"EntryPoint\",\"urlTemplate\":\"https:\/\/www.notibras.com\/site\/?s={search_term_string}\"},\"query-input\":{\"@type\":\"PropertyValueSpecification\",\"valueRequired\":true,\"valueName\":\"search_term_string\"}}],\"inLanguage\":\"pt-BR\"},{\"@type\":\"Organization\",\"@id\":\"https:\/\/www.notibras.com\/site\/#organization\",\"name\":\"Grupo Notibras de Comunica\u00e7\u00e3o\",\"url\":\"https:\/\/www.notibras.com\/site\/\",\"logo\":{\"@type\":\"ImageObject\",\"inLanguage\":\"pt-BR\",\"@id\":\"https:\/\/www.notibras.com\/site\/#\/schema\/logo\/image\/\",\"url\":\"https:\/\/www.notibras.com\/site\/wp-content\/uploads\/2023\/01\/notibras23.png\",\"contentUrl\":\"https:\/\/www.notibras.com\/site\/wp-content\/uploads\/2023\/01\/notibras23.png\",\"width\":350,\"height\":87,\"caption\":\"Grupo Notibras de Comunica\u00e7\u00e3o\"},\"image\":{\"@id\":\"https:\/\/www.notibras.com\/site\/#\/schema\/logo\/image\/\"},\"sameAs\":[\"https:\/\/www.facebook.com\/notibras\/\",\"https:\/\/x.com\/Notibras\",\"https:\/\/www.instagram.com\/notibras\/\"]},{\"@type\":\"Person\",\"@id\":\"https:\/\/www.notibras.com\/site\/#\/schema\/person\/00b8e1aa08f9ef6563e878c5159d01cf\",\"name\":\"Reda\u00e7\u00e3o\",\"image\":{\"@type\":\"ImageObject\",\"inLanguage\":\"pt-BR\",\"@id\":\"https:\/\/secure.gravatar.com\/avatar\/ac5a707d5b47784a5ed426c6e213e201423c750890f64e4c379114dade67dfb9?s=96&d=mm&r=g\",\"url\":\"https:\/\/secure.gravatar.com\/avatar\/ac5a707d5b47784a5ed426c6e213e201423c750890f64e4c379114dade67dfb9?s=96&d=mm&r=g\",\"contentUrl\":\"https:\/\/secure.gravatar.com\/avatar\/ac5a707d5b47784a5ed426c6e213e201423c750890f64e4c379114dade67dfb9?s=96&d=mm&r=g\",\"caption\":\"Reda\u00e7\u00e3o\"}}]}<\/script>\n<!-- \/ Yoast SEO plugin. -->","yoast_head_json":{"title":"Em menos de 24 horas, tr\u00eas policiais s\u00e3o mortos no Rio - Notibras","robots":{"index":"index","follow":"follow","max-snippet":"max-snippet:-1","max-image-preview":"max-image-preview:large","max-video-preview":"max-video-preview:-1"},"canonical":"https:\/\/www.notibras.com\/site\/em-menos-de-24-horas-tres-policiais-de-folga-sao-mortos-no-rio\/","og_locale":"pt_BR","og_type":"article","og_title":"Em menos de 24 horas, tr\u00eas policiais s\u00e3o mortos no Rio - Notibras","og_description":"Dois policiais civis e um militar que estavam de folga morreram entre a tarde de ontem (21) e a manh\u00e3 de hoje (22) na regi\u00e3o metropolitana do Rio de Janeiro. Segundo a Pol\u00edcia Militar (PM), hoje, o policial civil Thiago Thome de Deus, lotado na Delegacia de Homic\u00eddios da Baixada Fluminense, estava em seu carro, [&hellip;]","og_url":"https:\/\/www.notibras.com\/site\/em-menos-de-24-horas-tres-policiais-de-folga-sao-mortos-no-rio\/","og_site_name":"Notibras","article_publisher":"https:\/\/www.facebook.com\/notibras\/","article_published_time":"2015-02-22T17:14:37+00:00","article_modified_time":"2015-02-22T20:49:42+00:00","og_image":[{"width":492,"height":322,"url":"https:\/\/www.notibras.com\/site\/wp-content\/uploads\/2015\/02\/Sem-t\u00edtulo-19.jpg","type":"image\/jpeg"}],"author":"Reda\u00e7\u00e3o","twitter_card":"summary_large_image","twitter_creator":"@Notibras","twitter_site":"@Notibras","twitter_misc":{"Escrito por":"Reda\u00e7\u00e3o","Est. tempo de leitura":"1 minuto"},"schema":{"@context":"https:\/\/schema.org","@graph":[{"@type":"Article","@id":"https:\/\/www.notibras.com\/site\/em-menos-de-24-horas-tres-policiais-de-folga-sao-mortos-no-rio\/#article","isPartOf":{"@id":"https:\/\/www.notibras.com\/site\/em-menos-de-24-horas-tres-policiais-de-folga-sao-mortos-no-rio\/"},"author":{"name":"Reda\u00e7\u00e3o","@id":"https:\/\/www.notibras.com\/site\/#\/schema\/person\/00b8e1aa08f9ef6563e878c5159d01cf"},"headline":"Em menos de 24 horas, tr\u00eas policiais s\u00e3o mortos no Rio","datePublished":"2015-02-22T17:14:37+00:00","dateModified":"2015-02-22T20:49:42+00:00","mainEntityOfPage":{"@id":"https:\/\/www.notibras.com\/site\/em-menos-de-24-horas-tres-policiais-de-folga-sao-mortos-no-rio\/"},"wordCount":300,"commentCount":0,"publisher":{"@id":"https:\/\/www.notibras.com\/site\/#organization"},"image":{"@id":"https:\/\/www.notibras.com\/site\/em-menos-de-24-horas-tres-policiais-de-folga-sao-mortos-no-rio\/#primaryimage"},"thumbnailUrl":"https:\/\/www.notibras.com\/site\/wp-content\/uploads\/2015\/02\/Sem-t\u00edtulo-19.jpg","articleSection":["Brasil"],"inLanguage":"pt-BR","potentialAction":[{"@type":"CommentAction","name":"Comment","target":["https:\/\/www.notibras.com\/site\/em-menos-de-24-horas-tres-policiais-de-folga-sao-mortos-no-rio\/#respond"]}]},{"@type":"WebPage","@id":"https:\/\/www.notibras.com\/site\/em-menos-de-24-horas-tres-policiais-de-folga-sao-mortos-no-rio\/","url":"https:\/\/www.notibras.com\/site\/em-menos-de-24-horas-tres-policiais-de-folga-sao-mortos-no-rio\/","name":"Em menos de 24 horas, tr\u00eas policiais s\u00e3o mortos no Rio - Notibras","isPartOf":{"@id":"https:\/\/www.notibras.com\/site\/#website"},"primaryImageOfPage":{"@id":"https:\/\/www.notibras.com\/site\/em-menos-de-24-horas-tres-policiais-de-folga-sao-mortos-no-rio\/#primaryimage"},"image":{"@id":"https:\/\/www.notibras.com\/site\/em-menos-de-24-horas-tres-policiais-de-folga-sao-mortos-no-rio\/#primaryimage"},"thumbnailUrl":"https:\/\/www.notibras.com\/site\/wp-content\/uploads\/2015\/02\/Sem-t\u00edtulo-19.jpg","datePublished":"2015-02-22T17:14:37+00:00","dateModified":"2015-02-22T20:49:42+00:00","breadcrumb":{"@id":"https:\/\/www.notibras.com\/site\/em-menos-de-24-horas-tres-policiais-de-folga-sao-mortos-no-rio\/#breadcrumb"},"inLanguage":"pt-BR","potentialAction":[{"@type":"ReadAction","target":["https:\/\/www.notibras.com\/site\/em-menos-de-24-horas-tres-policiais-de-folga-sao-mortos-no-rio\/"]}]},{"@type":"ImageObject","inLanguage":"pt-BR","@id":"https:\/\/www.notibras.com\/site\/em-menos-de-24-horas-tres-policiais-de-folga-sao-mortos-no-rio\/#primaryimage","url":"https:\/\/www.notibras.com\/site\/wp-content\/uploads\/2015\/02\/Sem-t\u00edtulo-19.jpg","contentUrl":"https:\/\/www.notibras.com\/site\/wp-content\/uploads\/2015\/02\/Sem-t\u00edtulo-19.jpg","width":492,"height":322},{"@type":"BreadcrumbList","@id":"https:\/\/www.notibras.com\/site\/em-menos-de-24-horas-tres-policiais-de-folga-sao-mortos-no-rio\/#breadcrumb","itemListElement":[{"@type":"ListItem","position":1,"name":"In\u00edcio","item":"https:\/\/www.notibras.com\/site\/"},{"@type":"ListItem","position":2,"name":"Em menos de 24 horas, tr\u00eas policiais s\u00e3o mortos no Rio"}]},{"@type":"WebSite","@id":"https:\/\/www.notibras.com\/site\/#website","url":"https:\/\/www.notibras.com\/site\/","name":"Notibras","description":"Not\u00edcias de Bras\u00edlia, do Brasil e do Mundo","publisher":{"@id":"https:\/\/www.notibras.com\/site\/#organization"},"potentialAction":[{"@type":"SearchAction","target":{"@type":"EntryPoint","urlTemplate":"https:\/\/www.notibras.com\/site\/?s={search_term_string}"},"query-input":{"@type":"PropertyValueSpecification","valueRequired":true,"valueName":"search_term_string"}}],"inLanguage":"pt-BR"},{"@type":"Organization","@id":"https:\/\/www.notibras.com\/site\/#organization","name":"Grupo Notibras de Comunica\u00e7\u00e3o","url":"https:\/\/www.notibras.com\/site\/","logo":{"@type":"ImageObject","inLanguage":"pt-BR","@id":"https:\/\/www.notibras.com\/site\/#\/schema\/logo\/image\/","url":"https:\/\/www.notibras.com\/site\/wp-content\/uploads\/2023\/01\/notibras23.png","contentUrl":"https:\/\/www.notibras.com\/site\/wp-content\/uploads\/2023\/01\/notibras23.png","width":350,"height":87,"caption":"Grupo Notibras de Comunica\u00e7\u00e3o"},"image":{"@id":"https:\/\/www.notibras.com\/site\/#\/schema\/logo\/image\/"},"sameAs":["https:\/\/www.facebook.com\/notibras\/","https:\/\/x.com\/Notibras","https:\/\/www.instagram.com\/notibras\/"]},{"@type":"Person","@id":"https:\/\/www.notibras.com\/site\/#\/schema\/person\/00b8e1aa08f9ef6563e878c5159d01cf","name":"Reda\u00e7\u00e3o","image":{"@type":"ImageObject","inLanguage":"pt-BR","@id":"https:\/\/secure.gravatar.com\/avatar\/ac5a707d5b47784a5ed426c6e213e201423c750890f64e4c379114dade67dfb9?s=96&d=mm&r=g","url":"https:\/\/secure.gravatar.com\/avatar\/ac5a707d5b47784a5ed426c6e213e201423c750890f64e4c379114dade67dfb9?s=96&d=mm&r=g","contentUrl":"https:\/\/secure.gravatar.com\/avatar\/ac5a707d5b47784a5ed426c6e213e201423c750890f64e4c379114dade67dfb9?s=96&d=mm&r=g","caption":"Reda\u00e7\u00e3o"}}]}},"amp_enabled":true,"_links":{"self":[{"href":"https:\/\/www.notibras.com\/site\/wp-json\/wp\/v2\/posts\/37859","targetHints":{"allow":["GET"]}}],"collection":[{"href":"https:\/\/www.notibras.com\/site\/wp-json\/wp\/v2\/posts"}],"about":[{"href":"https:\/\/www.notibras.com\/site\/wp-json\/wp\/v2\/types\/post"}],"author":[{"embeddable":true,"href":"https:\/\/www.notibras.com\/site\/wp-json\/wp\/v2\/users\/1"}],"replies":[{"embeddable":true,"href":"https:\/\/www.notibras.com\/site\/wp-json\/wp\/v2\/comments?post=37859"}],"version-history":[{"count":0,"href":"https:\/\/www.notibras.com\/site\/wp-json\/wp\/v2\/posts\/37859\/revisions"}],"wp:featuredmedia":[{"embeddable":true,"href":"https:\/\/www.notibras.com\/site\/wp-json\/wp\/v2\/media\/37860"}],"wp:attachment":[{"href":"https:\/\/www.notibras.com\/site\/wp-json\/wp\/v2\/media?parent=37859"}],"wp:term":[{"taxonomy":"category","embeddable":true,"href":"https:\/\/www.notibras.com\/site\/wp-json\/wp\/v2\/categories?post=37859"},{"taxonomy":"post_tag","embeddable":true,"href":"https:\/\/www.notibras.com\/site\/wp-json\/wp\/v2\/tags?post=37859"}],"curies":[{"name":"wp","href":"https:\/\/api.w.org\/{rel}","templated":true}]}}