{"id":378594,"date":"2026-01-11T00:00:32","date_gmt":"2026-01-11T03:00:32","guid":{"rendered":"https:\/\/www.notibras.com\/site\/?p=378594"},"modified":"2026-01-11T21:09:51","modified_gmt":"2026-01-12T00:09:51","slug":"adeus-ao-homem-das-novelas-da-venus-platinada","status":"publish","type":"post","link":"https:\/\/www.notibras.com\/site\/adeus-ao-homem-das-novelas-da-venus-platinada\/","title":{"rendered":"Adeus ao homem das novelas da V\u00eanus Platinada"},"content":{"rendered":"<p>Morreu no s\u00e1bado (10), aos 92 anos, Manoel Carlos, respons\u00e1vel por novelas cl\u00e1ssicas brasileiras como P\u00e1ginas da Vida, Por Amor, entre outras. A produtora Boa Palavra, que tem os direitos autorais de Carlos, soltou um comunicado ontem, no qual confirmou a morte:<\/p>\n<p>\u201c\u00c9 com profundo pesar que comunicamos o falecimento de Manoel Carlos Gon\u00e7alves de Almeida, carinhosamente conhecido como Maneco, ocorrido hoje, aos 92 anos\u201d.<\/p>\n<p>Manoel Carlos, nascido em 14 de mar\u00e7o de 1933 em S\u00e3o Paulo, come\u00e7ou sua carreira em 1950, no teatro, como ator. Mas j\u00e1 em 1952 lan\u00e7ou sua primeira novela, Helena, na TV Paulista, emissora que mais tarde se tornaria a TV Globo. Tamb\u00e9m passou pela TV Tupi, Record, Manchete, Band, com novelas, miniss\u00e9ries, dire\u00e7\u00e3o de programas etc.<\/p>\n<p>Mas foi mesmo com seus folhetins na Globo que Maneco ganhou reconhecimento nacional. Sua primeira novela no canal foi Maria, Maria, em 1978, na faixa das 18h. Em 1980, entrou para o hor\u00e1rio das 20h, considerado nobre, e foi coautor de \u00c1gua Viva ao lado de Gilberto Braga. Foi um grande sucesso para o canal. Outros \u00eaxitos hist\u00f3ricos surgiram em 1981 e 1982, com Baila Comigo e Sol de Ver\u00e3o, respectivamente.<\/p>\n<p>O bom relacionamento de Maneco com a Globo gerou mais novelas de sucesso como Felicidade (1991 a 1992), Por Amor (1997 a 1998), La\u00e7os de Fam\u00edlia (2000 a 2001), Mulheres Apaixonadas (2003), P\u00e1ginas da Vida (2006 a 2007), Viver a Vida (2009-2010) e foi at\u00e9 2014, com se \u00faltimo folhetim, Em Fam\u00edlia.<\/p>\n<p>Manoel Caros tamb\u00e9m foi muito bem-sucedido em s\u00e9ries e teve alguns hits importantes como a altamente elogiada Malu Mulher, entre 1979 e 1980. Em 2001, escreveu Presen\u00e7a de Anita e em 2009 foi a vez de Maysa: Quando Fala o Cora\u00e7\u00e3o.<\/p>\n<p>Com suas protagonistas chamadas de Helena, hist\u00f3rias de fam\u00edlia e mulheres fortes, Maneco, apesar de ser paulistano, usou muito bem o Rio de Janeiro como cen\u00e1rio e, com tudo isso, deixa uma marca eterna na TV brasileira.<\/p>\n","protected":false},"excerpt":{"rendered":"<p>Morreu no s\u00e1bado (10), aos 92 anos, Manoel Carlos, respons\u00e1vel por novelas cl\u00e1ssicas brasileiras como P\u00e1ginas da Vida, Por Amor, entre outras. A produtora Boa Palavra, que tem os direitos autorais de Carlos, soltou um comunicado ontem, no qual confirmou a morte: \u201c\u00c9 com profundo pesar que comunicamos o falecimento de Manoel Carlos Gon\u00e7alves de [&hellip;]<\/p>\n","protected":false},"author":2,"featured_media":378595,"comment_status":"closed","ping_status":"closed","sticky":false,"template":"","format":"standard","meta":{"_acf_changed":false,"footnotes":""},"categories":[155],"tags":[],"class_list":["post-378594","post","type-post","status-publish","format-standard","has-post-thumbnail","hentry","category-leitura-vip"],"acf":[],"yoast_head":"<!-- This site is optimized with the Yoast SEO plugin v27.2 - https:\/\/yoast.com\/product\/yoast-seo-wordpress\/ -->\n<title>Adeus ao homem das novelas da V\u00eanus Platinada - Notibras<\/title>\n<meta name=\"robots\" content=\"index, follow, max-snippet:-1, max-image-preview:large, max-video-preview:-1\" \/>\n<link rel=\"canonical\" href=\"https:\/\/www.notibras.com\/site\/adeus-ao-homem-das-novelas-da-venus-platinada\/\" \/>\n<meta property=\"og:locale\" content=\"pt_BR\" \/>\n<meta property=\"og:type\" content=\"article\" \/>\n<meta property=\"og:title\" content=\"Adeus ao homem das novelas da V\u00eanus Platinada - Notibras\" \/>\n<meta property=\"og:description\" content=\"Morreu no s\u00e1bado (10), aos 92 anos, Manoel Carlos, respons\u00e1vel por novelas cl\u00e1ssicas brasileiras como P\u00e1ginas da Vida, Por Amor, entre outras. A produtora Boa Palavra, que tem os direitos autorais de Carlos, soltou um comunicado ontem, no qual confirmou a morte: \u201c\u00c9 com profundo pesar que comunicamos o falecimento de Manoel Carlos Gon\u00e7alves de [&hellip;]\" \/>\n<meta property=\"og:url\" content=\"https:\/\/www.notibras.com\/site\/adeus-ao-homem-das-novelas-da-venus-platinada\/\" \/>\n<meta property=\"og:site_name\" content=\"Notibras\" \/>\n<meta property=\"article:publisher\" content=\"https:\/\/www.facebook.com\/notibras\/\" \/>\n<meta property=\"article:published_time\" content=\"2026-01-11T03:00:32+00:00\" \/>\n<meta property=\"article:modified_time\" content=\"2026-01-12T00:09:51+00:00\" \/>\n<meta property=\"og:image\" content=\"https:\/\/www.notibras.com\/site\/wp-content\/uploads\/2026\/01\/manoel.webp\" \/>\n\t<meta property=\"og:image:width\" content=\"1170\" \/>\n\t<meta property=\"og:image:height\" content=\"700\" \/>\n\t<meta property=\"og:image:type\" content=\"image\/webp\" \/>\n<meta name=\"author\" content=\"Reda\u00e7\u00e3o\" \/>\n<meta name=\"twitter:card\" content=\"summary_large_image\" \/>\n<meta name=\"twitter:creator\" content=\"@Notibras\" \/>\n<meta name=\"twitter:site\" content=\"@Notibras\" \/>\n<meta name=\"twitter:label1\" content=\"Escrito por\" \/>\n\t<meta name=\"twitter:data1\" content=\"Reda\u00e7\u00e3o\" \/>\n\t<meta name=\"twitter:label2\" content=\"Est. tempo de leitura\" \/>\n\t<meta name=\"twitter:data2\" content=\"3 minutos\" \/>\n<script type=\"application\/ld+json\" class=\"yoast-schema-graph\">{\"@context\":\"https:\/\/schema.org\",\"@graph\":[{\"@type\":\"Article\",\"@id\":\"https:\/\/www.notibras.com\/site\/adeus-ao-homem-das-novelas-da-venus-platinada\/#article\",\"isPartOf\":{\"@id\":\"https:\/\/www.notibras.com\/site\/adeus-ao-homem-das-novelas-da-venus-platinada\/\"},\"author\":{\"name\":\"Reda\u00e7\u00e3o\",\"@id\":\"https:\/\/www.notibras.com\/site\/#\/schema\/person\/36ab0979449956132d3e5b517ea76ac8\"},\"headline\":\"Adeus ao homem das novelas da V\u00eanus Platinada\",\"datePublished\":\"2026-01-11T03:00:32+00:00\",\"dateModified\":\"2026-01-12T00:09:51+00:00\",\"mainEntityOfPage\":{\"@id\":\"https:\/\/www.notibras.com\/site\/adeus-ao-homem-das-novelas-da-venus-platinada\/\"},\"wordCount\":332,\"publisher\":{\"@id\":\"https:\/\/www.notibras.com\/site\/#organization\"},\"image\":{\"@id\":\"https:\/\/www.notibras.com\/site\/adeus-ao-homem-das-novelas-da-venus-platinada\/#primaryimage\"},\"thumbnailUrl\":\"https:\/\/www.notibras.com\/site\/wp-content\/uploads\/2026\/01\/manoel.webp\",\"articleSection\":[\"Leitura Vip\"],\"inLanguage\":\"pt-BR\"},{\"@type\":\"WebPage\",\"@id\":\"https:\/\/www.notibras.com\/site\/adeus-ao-homem-das-novelas-da-venus-platinada\/\",\"url\":\"https:\/\/www.notibras.com\/site\/adeus-ao-homem-das-novelas-da-venus-platinada\/\",\"name\":\"Adeus ao homem das novelas da V\u00eanus Platinada - Notibras\",\"isPartOf\":{\"@id\":\"https:\/\/www.notibras.com\/site\/#website\"},\"primaryImageOfPage\":{\"@id\":\"https:\/\/www.notibras.com\/site\/adeus-ao-homem-das-novelas-da-venus-platinada\/#primaryimage\"},\"image\":{\"@id\":\"https:\/\/www.notibras.com\/site\/adeus-ao-homem-das-novelas-da-venus-platinada\/#primaryimage\"},\"thumbnailUrl\":\"https:\/\/www.notibras.com\/site\/wp-content\/uploads\/2026\/01\/manoel.webp\",\"datePublished\":\"2026-01-11T03:00:32+00:00\",\"dateModified\":\"2026-01-12T00:09:51+00:00\",\"breadcrumb\":{\"@id\":\"https:\/\/www.notibras.com\/site\/adeus-ao-homem-das-novelas-da-venus-platinada\/#breadcrumb\"},\"inLanguage\":\"pt-BR\",\"potentialAction\":[{\"@type\":\"ReadAction\",\"target\":[\"https:\/\/www.notibras.com\/site\/adeus-ao-homem-das-novelas-da-venus-platinada\/\"]}]},{\"@type\":\"ImageObject\",\"inLanguage\":\"pt-BR\",\"@id\":\"https:\/\/www.notibras.com\/site\/adeus-ao-homem-das-novelas-da-venus-platinada\/#primaryimage\",\"url\":\"https:\/\/www.notibras.com\/site\/wp-content\/uploads\/2026\/01\/manoel.webp\",\"contentUrl\":\"https:\/\/www.notibras.com\/site\/wp-content\/uploads\/2026\/01\/manoel.webp\",\"width\":1170,\"height\":700},{\"@type\":\"BreadcrumbList\",\"@id\":\"https:\/\/www.notibras.com\/site\/adeus-ao-homem-das-novelas-da-venus-platinada\/#breadcrumb\",\"itemListElement\":[{\"@type\":\"ListItem\",\"position\":1,\"name\":\"In\u00edcio\",\"item\":\"https:\/\/www.notibras.com\/site\/\"},{\"@type\":\"ListItem\",\"position\":2,\"name\":\"Adeus ao homem das novelas da V\u00eanus Platinada\"}]},{\"@type\":\"WebSite\",\"@id\":\"https:\/\/www.notibras.com\/site\/#website\",\"url\":\"https:\/\/www.notibras.com\/site\/\",\"name\":\"Notibras\",\"description\":\"Not\u00edcias de Bras\u00edlia, do Brasil e do Mundo\",\"publisher\":{\"@id\":\"https:\/\/www.notibras.com\/site\/#organization\"},\"potentialAction\":[{\"@type\":\"SearchAction\",\"target\":{\"@type\":\"EntryPoint\",\"urlTemplate\":\"https:\/\/www.notibras.com\/site\/?s={search_term_string}\"},\"query-input\":{\"@type\":\"PropertyValueSpecification\",\"valueRequired\":true,\"valueName\":\"search_term_string\"}}],\"inLanguage\":\"pt-BR\"},{\"@type\":\"Organization\",\"@id\":\"https:\/\/www.notibras.com\/site\/#organization\",\"name\":\"Grupo Notibras de Comunica\u00e7\u00e3o\",\"url\":\"https:\/\/www.notibras.com\/site\/\",\"logo\":{\"@type\":\"ImageObject\",\"inLanguage\":\"pt-BR\",\"@id\":\"https:\/\/www.notibras.com\/site\/#\/schema\/logo\/image\/\",\"url\":\"https:\/\/www.notibras.com\/site\/wp-content\/uploads\/2023\/01\/notibras23.png\",\"contentUrl\":\"https:\/\/www.notibras.com\/site\/wp-content\/uploads\/2023\/01\/notibras23.png\",\"width\":350,\"height\":87,\"caption\":\"Grupo Notibras de Comunica\u00e7\u00e3o\"},\"image\":{\"@id\":\"https:\/\/www.notibras.com\/site\/#\/schema\/logo\/image\/\"},\"sameAs\":[\"https:\/\/www.facebook.com\/notibras\/\",\"https:\/\/x.com\/Notibras\",\"https:\/\/www.instagram.com\/notibras\/\"]},{\"@type\":\"Person\",\"@id\":\"https:\/\/www.notibras.com\/site\/#\/schema\/person\/36ab0979449956132d3e5b517ea76ac8\",\"name\":\"Reda\u00e7\u00e3o\",\"image\":{\"@type\":\"ImageObject\",\"inLanguage\":\"pt-BR\",\"@id\":\"https:\/\/secure.gravatar.com\/avatar\/e0a867bdedb85fd243eadf09663511f96fc81e0720a4a42581f334ad4303aa6b?s=96&d=mm&r=g\",\"url\":\"https:\/\/secure.gravatar.com\/avatar\/e0a867bdedb85fd243eadf09663511f96fc81e0720a4a42581f334ad4303aa6b?s=96&d=mm&r=g\",\"contentUrl\":\"https:\/\/secure.gravatar.com\/avatar\/e0a867bdedb85fd243eadf09663511f96fc81e0720a4a42581f334ad4303aa6b?s=96&d=mm&r=g\",\"caption\":\"Reda\u00e7\u00e3o\"}}]}<\/script>\n<!-- \/ Yoast SEO plugin. -->","yoast_head_json":{"title":"Adeus ao homem das novelas da V\u00eanus Platinada - Notibras","robots":{"index":"index","follow":"follow","max-snippet":"max-snippet:-1","max-image-preview":"max-image-preview:large","max-video-preview":"max-video-preview:-1"},"canonical":"https:\/\/www.notibras.com\/site\/adeus-ao-homem-das-novelas-da-venus-platinada\/","og_locale":"pt_BR","og_type":"article","og_title":"Adeus ao homem das novelas da V\u00eanus Platinada - Notibras","og_description":"Morreu no s\u00e1bado (10), aos 92 anos, Manoel Carlos, respons\u00e1vel por novelas cl\u00e1ssicas brasileiras como P\u00e1ginas da Vida, Por Amor, entre outras. A produtora Boa Palavra, que tem os direitos autorais de Carlos, soltou um comunicado ontem, no qual confirmou a morte: \u201c\u00c9 com profundo pesar que comunicamos o falecimento de Manoel Carlos Gon\u00e7alves de [&hellip;]","og_url":"https:\/\/www.notibras.com\/site\/adeus-ao-homem-das-novelas-da-venus-platinada\/","og_site_name":"Notibras","article_publisher":"https:\/\/www.facebook.com\/notibras\/","article_published_time":"2026-01-11T03:00:32+00:00","article_modified_time":"2026-01-12T00:09:51+00:00","og_image":[{"width":1170,"height":700,"url":"https:\/\/www.notibras.com\/site\/wp-content\/uploads\/2026\/01\/manoel.webp","type":"image\/webp"}],"author":"Reda\u00e7\u00e3o","twitter_card":"summary_large_image","twitter_creator":"@Notibras","twitter_site":"@Notibras","twitter_misc":{"Escrito por":"Reda\u00e7\u00e3o","Est. tempo de leitura":"3 minutos"},"schema":{"@context":"https:\/\/schema.org","@graph":[{"@type":"Article","@id":"https:\/\/www.notibras.com\/site\/adeus-ao-homem-das-novelas-da-venus-platinada\/#article","isPartOf":{"@id":"https:\/\/www.notibras.com\/site\/adeus-ao-homem-das-novelas-da-venus-platinada\/"},"author":{"name":"Reda\u00e7\u00e3o","@id":"https:\/\/www.notibras.com\/site\/#\/schema\/person\/36ab0979449956132d3e5b517ea76ac8"},"headline":"Adeus ao homem das novelas da V\u00eanus Platinada","datePublished":"2026-01-11T03:00:32+00:00","dateModified":"2026-01-12T00:09:51+00:00","mainEntityOfPage":{"@id":"https:\/\/www.notibras.com\/site\/adeus-ao-homem-das-novelas-da-venus-platinada\/"},"wordCount":332,"publisher":{"@id":"https:\/\/www.notibras.com\/site\/#organization"},"image":{"@id":"https:\/\/www.notibras.com\/site\/adeus-ao-homem-das-novelas-da-venus-platinada\/#primaryimage"},"thumbnailUrl":"https:\/\/www.notibras.com\/site\/wp-content\/uploads\/2026\/01\/manoel.webp","articleSection":["Leitura Vip"],"inLanguage":"pt-BR"},{"@type":"WebPage","@id":"https:\/\/www.notibras.com\/site\/adeus-ao-homem-das-novelas-da-venus-platinada\/","url":"https:\/\/www.notibras.com\/site\/adeus-ao-homem-das-novelas-da-venus-platinada\/","name":"Adeus ao homem das novelas da V\u00eanus Platinada - Notibras","isPartOf":{"@id":"https:\/\/www.notibras.com\/site\/#website"},"primaryImageOfPage":{"@id":"https:\/\/www.notibras.com\/site\/adeus-ao-homem-das-novelas-da-venus-platinada\/#primaryimage"},"image":{"@id":"https:\/\/www.notibras.com\/site\/adeus-ao-homem-das-novelas-da-venus-platinada\/#primaryimage"},"thumbnailUrl":"https:\/\/www.notibras.com\/site\/wp-content\/uploads\/2026\/01\/manoel.webp","datePublished":"2026-01-11T03:00:32+00:00","dateModified":"2026-01-12T00:09:51+00:00","breadcrumb":{"@id":"https:\/\/www.notibras.com\/site\/adeus-ao-homem-das-novelas-da-venus-platinada\/#breadcrumb"},"inLanguage":"pt-BR","potentialAction":[{"@type":"ReadAction","target":["https:\/\/www.notibras.com\/site\/adeus-ao-homem-das-novelas-da-venus-platinada\/"]}]},{"@type":"ImageObject","inLanguage":"pt-BR","@id":"https:\/\/www.notibras.com\/site\/adeus-ao-homem-das-novelas-da-venus-platinada\/#primaryimage","url":"https:\/\/www.notibras.com\/site\/wp-content\/uploads\/2026\/01\/manoel.webp","contentUrl":"https:\/\/www.notibras.com\/site\/wp-content\/uploads\/2026\/01\/manoel.webp","width":1170,"height":700},{"@type":"BreadcrumbList","@id":"https:\/\/www.notibras.com\/site\/adeus-ao-homem-das-novelas-da-venus-platinada\/#breadcrumb","itemListElement":[{"@type":"ListItem","position":1,"name":"In\u00edcio","item":"https:\/\/www.notibras.com\/site\/"},{"@type":"ListItem","position":2,"name":"Adeus ao homem das novelas da V\u00eanus Platinada"}]},{"@type":"WebSite","@id":"https:\/\/www.notibras.com\/site\/#website","url":"https:\/\/www.notibras.com\/site\/","name":"Notibras","description":"Not\u00edcias de Bras\u00edlia, do Brasil e do Mundo","publisher":{"@id":"https:\/\/www.notibras.com\/site\/#organization"},"potentialAction":[{"@type":"SearchAction","target":{"@type":"EntryPoint","urlTemplate":"https:\/\/www.notibras.com\/site\/?s={search_term_string}"},"query-input":{"@type":"PropertyValueSpecification","valueRequired":true,"valueName":"search_term_string"}}],"inLanguage":"pt-BR"},{"@type":"Organization","@id":"https:\/\/www.notibras.com\/site\/#organization","name":"Grupo Notibras de Comunica\u00e7\u00e3o","url":"https:\/\/www.notibras.com\/site\/","logo":{"@type":"ImageObject","inLanguage":"pt-BR","@id":"https:\/\/www.notibras.com\/site\/#\/schema\/logo\/image\/","url":"https:\/\/www.notibras.com\/site\/wp-content\/uploads\/2023\/01\/notibras23.png","contentUrl":"https:\/\/www.notibras.com\/site\/wp-content\/uploads\/2023\/01\/notibras23.png","width":350,"height":87,"caption":"Grupo Notibras de Comunica\u00e7\u00e3o"},"image":{"@id":"https:\/\/www.notibras.com\/site\/#\/schema\/logo\/image\/"},"sameAs":["https:\/\/www.facebook.com\/notibras\/","https:\/\/x.com\/Notibras","https:\/\/www.instagram.com\/notibras\/"]},{"@type":"Person","@id":"https:\/\/www.notibras.com\/site\/#\/schema\/person\/36ab0979449956132d3e5b517ea76ac8","name":"Reda\u00e7\u00e3o","image":{"@type":"ImageObject","inLanguage":"pt-BR","@id":"https:\/\/secure.gravatar.com\/avatar\/e0a867bdedb85fd243eadf09663511f96fc81e0720a4a42581f334ad4303aa6b?s=96&d=mm&r=g","url":"https:\/\/secure.gravatar.com\/avatar\/e0a867bdedb85fd243eadf09663511f96fc81e0720a4a42581f334ad4303aa6b?s=96&d=mm&r=g","contentUrl":"https:\/\/secure.gravatar.com\/avatar\/e0a867bdedb85fd243eadf09663511f96fc81e0720a4a42581f334ad4303aa6b?s=96&d=mm&r=g","caption":"Reda\u00e7\u00e3o"}}]}},"amp_enabled":true,"_links":{"self":[{"href":"https:\/\/www.notibras.com\/site\/wp-json\/wp\/v2\/posts\/378594","targetHints":{"allow":["GET"]}}],"collection":[{"href":"https:\/\/www.notibras.com\/site\/wp-json\/wp\/v2\/posts"}],"about":[{"href":"https:\/\/www.notibras.com\/site\/wp-json\/wp\/v2\/types\/post"}],"author":[{"embeddable":true,"href":"https:\/\/www.notibras.com\/site\/wp-json\/wp\/v2\/users\/2"}],"replies":[{"embeddable":true,"href":"https:\/\/www.notibras.com\/site\/wp-json\/wp\/v2\/comments?post=378594"}],"version-history":[{"count":1,"href":"https:\/\/www.notibras.com\/site\/wp-json\/wp\/v2\/posts\/378594\/revisions"}],"predecessor-version":[{"id":378596,"href":"https:\/\/www.notibras.com\/site\/wp-json\/wp\/v2\/posts\/378594\/revisions\/378596"}],"wp:featuredmedia":[{"embeddable":true,"href":"https:\/\/www.notibras.com\/site\/wp-json\/wp\/v2\/media\/378595"}],"wp:attachment":[{"href":"https:\/\/www.notibras.com\/site\/wp-json\/wp\/v2\/media?parent=378594"}],"wp:term":[{"taxonomy":"category","embeddable":true,"href":"https:\/\/www.notibras.com\/site\/wp-json\/wp\/v2\/categories?post=378594"},{"taxonomy":"post_tag","embeddable":true,"href":"https:\/\/www.notibras.com\/site\/wp-json\/wp\/v2\/tags?post=378594"}],"curies":[{"name":"wp","href":"https:\/\/api.w.org\/{rel}","templated":true}]}}