{"id":378608,"date":"2026-01-12T02:23:39","date_gmt":"2026-01-12T05:23:39","guid":{"rendered":"https:\/\/www.notibras.com\/site\/?p=378608"},"modified":"2026-01-11T22:24:35","modified_gmt":"2026-01-12T01:24:35","slug":"desafio-climatico-trava-crescimento-nordestino","status":"publish","type":"post","link":"https:\/\/www.notibras.com\/site\/desafio-climatico-trava-crescimento-nordestino\/","title":{"rendered":"Desafio clim\u00e1tico trava crescimento nordestino"},"content":{"rendered":"<p>O Nordeste brasileiro vive um momento de duas realidades simult\u00e2neas: de um lado, indicadores econ\u00f4micos recentes apontam uma retomada consistente e at\u00e9 superior \u00e0 m\u00e9dia nacional em algumas frentes; de outro, crescem os sinais de que os desafios clim\u00e1ticos \u2014 e as pol\u00edticas para enfrent\u00e1-los \u2014 exigem aten\u00e7\u00e3o e a\u00e7\u00f5es estruturantes para evitar que impactos ambientais comprometam ganhos sociais e econ\u00f4micos.<\/p>\n<p>Dados oficiais e an\u00e1lises econ\u00f4micas mostram que a atividade econ\u00f4mica do Nordeste tem se recuperado nos \u00faltimos anos e, em 2024, apresentou desempenho acima da m\u00e9dia brasileira, impulsionado especialmente por estados como Pernambuco, Cear\u00e1 e Para\u00edba. Em 2024, o crescimento regional chegou a 4,0%, superando o 3,8% nacional, com destaque para os setores de servi\u00e7os e ind\u00fastria de transforma\u00e7\u00e3o.<\/p>\n<p>Al\u00e9m disso, proje\u00e7\u00f5es recentes indicam que a regi\u00e3o continua a desempenhar papel relevante para o consumo interno do Brasil, previs\u00e3o de R$ 1,5 trilh\u00e3o em gastos das fam\u00edlias nordestinas em 2025, superando mercados tradicionalmente fortes como o Sul.<\/p>\n<p>Outro fator estimulante \u00e9 a posi\u00e7\u00e3o do Nordeste como um dos grandes polos de energias renov\u00e1veis do pa\u00eds, respondendo por 91% da energia e\u00f3lica e 42% da solar geradas no Brasil \u2014 um diferencial competitivo que torna a regi\u00e3o atrativa para investimentos verdes e ind\u00fastrias ligadas \u00e0 transi\u00e7\u00e3o energ\u00e9tica.<\/p>\n<p>De olho no desenvolvimento sustent\u00e1vel, institui\u00e7\u00f5es como o Banco Mundial destacam que investimentos em capacita\u00e7\u00e3o, infraestrutura e inclus\u00e3o produtiva podem acelerar ainda mais a cria\u00e7\u00e3o de empregos e reduzir desigualdades hist\u00f3ricas na regi\u00e3o.<\/p>\n<p>Apesar das perspectivas econ\u00f4micas animadoras, o cen\u00e1rio clim\u00e1tico reflete um contexto de risco crescente. Os impactos das mudan\u00e7as clim\u00e1ticas \u2014 como secas prolongadas, eventos extremos e varia\u00e7\u00f5es pluviom\u00e9tricas \u2014 s\u00e3o j\u00e1 realidade em diversas \u00e1reas do semi\u00e1rido, afetando agricultura, abastecimento de \u00e1gua e qualidade de vida das popula\u00e7\u00f5es mais vulner\u00e1veis.<\/p>\n<p>Em resposta, o Nordeste tem buscado solu\u00e7\u00f5es regionais para enfrentar esses desafios. Durante a COP30, realizada em Bel\u00e9m em 2025, foi lan\u00e7ado o Plano Brasil Nordeste de Transforma\u00e7\u00e3o Ecol\u00f3gica, um ambicioso conjunto de propostas nacionais e regionais que visa conciliar crescimento econ\u00f4mico com sustentabilidade, justi\u00e7a social e baixo carbono, com \u00eanfase em energia renov\u00e1vel, economia circular e adapta\u00e7\u00e3o clim\u00e1tica.<\/p>\n<p>Representantes do Cons\u00f3rcio Nordeste refor\u00e7aram que a iniciativa pretende colocar a regi\u00e3o como um modelo de economia verde e inclusiva, capaz de transformar vulnerabilidades ambientais em oportunidades de desenvolvimento sustent\u00e1vel.<\/p>\n<p>Nem tudo s\u00e3o boas not\u00edcias. O setor agropecu\u00e1rio, por exemplo, ainda sofre com a variabilidade clim\u00e1tica \u2014 com quedas de produ\u00e7\u00e3o associadas a secas e extremos \u2014 mesmo em anos de crescimento econ\u00f4mico global.<\/p>\n<p>Al\u00e9m disso, a necessidade de investimentos robustos em infraestrutura resiliente, pol\u00edticas de mitiga\u00e7\u00e3o de emiss\u00e3o e programas de adapta\u00e7\u00e3o clim\u00e1tica para comunidades rurais e urbanas continua sendo um desafio central para autoridades e organiza\u00e7\u00f5es civis.<\/p>\n<p>O ano de 2025 deixou claro que o Nordeste vive um contraste hist\u00f3rico: por um lado, cresce sua relev\u00e2ncia no cen\u00e1rio econ\u00f4mico brasileiro, com participa\u00e7\u00e3o maior no PIB, forte mercado consumidor e lideran\u00e7a nas energias renov\u00e1veis; por outro, os efeitos das mudan\u00e7as clim\u00e1ticas imp\u00f5em uma agenda urgente de adapta\u00e7\u00e3o, justi\u00e7a ambiental e desenvolvimento sustent\u00e1vel.<\/p>\n<p>Enquanto os indicadores econ\u00f4micos projetam otimismo, os desafios clim\u00e1ticos lembram que o futuro da regi\u00e3o depende tanto da forte economia interna quanto da capacidade coletiva de responder \u00e0s vulnerabilidades ambientais que amea\u00e7am o progresso conquistado.<\/p>\n","protected":false},"excerpt":{"rendered":"<p>O Nordeste brasileiro vive um momento de duas realidades simult\u00e2neas: de um lado, indicadores econ\u00f4micos recentes apontam uma retomada consistente e at\u00e9 superior \u00e0 m\u00e9dia nacional em algumas frentes; de outro, crescem os sinais de que os desafios clim\u00e1ticos \u2014 e as pol\u00edticas para enfrent\u00e1-los \u2014 exigem aten\u00e7\u00e3o e a\u00e7\u00f5es estruturantes para evitar que impactos [&hellip;]<\/p>\n","protected":false},"author":2,"featured_media":378609,"comment_status":"closed","ping_status":"closed","sticky":false,"template":"","format":"standard","meta":{"_acf_changed":false,"footnotes":""},"categories":[165],"tags":[],"class_list":["post-378608","post","type-post","status-publish","format-standard","has-post-thumbnail","hentry","category-nordeste"],"acf":[],"yoast_head":"<!-- This site is optimized with the Yoast SEO plugin v27.2 - https:\/\/yoast.com\/product\/yoast-seo-wordpress\/ -->\n<title>Desafio clim\u00e1tico trava crescimento nordestino - Notibras<\/title>\n<meta name=\"robots\" content=\"index, follow, max-snippet:-1, max-image-preview:large, max-video-preview:-1\" \/>\n<link rel=\"canonical\" href=\"https:\/\/www.notibras.com\/site\/desafio-climatico-trava-crescimento-nordestino\/\" \/>\n<meta property=\"og:locale\" content=\"pt_BR\" \/>\n<meta property=\"og:type\" content=\"article\" \/>\n<meta property=\"og:title\" content=\"Desafio clim\u00e1tico trava crescimento nordestino - Notibras\" \/>\n<meta property=\"og:description\" content=\"O Nordeste brasileiro vive um momento de duas realidades simult\u00e2neas: de um lado, indicadores econ\u00f4micos recentes apontam uma retomada consistente e at\u00e9 superior \u00e0 m\u00e9dia nacional em algumas frentes; de outro, crescem os sinais de que os desafios clim\u00e1ticos \u2014 e as pol\u00edticas para enfrent\u00e1-los \u2014 exigem aten\u00e7\u00e3o e a\u00e7\u00f5es estruturantes para evitar que impactos [&hellip;]\" \/>\n<meta property=\"og:url\" content=\"https:\/\/www.notibras.com\/site\/desafio-climatico-trava-crescimento-nordestino\/\" \/>\n<meta property=\"og:site_name\" content=\"Notibras\" \/>\n<meta property=\"article:publisher\" content=\"https:\/\/www.facebook.com\/notibras\/\" \/>\n<meta property=\"article:published_time\" content=\"2026-01-12T05:23:39+00:00\" \/>\n<meta property=\"og:image\" content=\"https:\/\/www.notibras.com\/site\/wp-content\/uploads\/2026\/01\/6a4fedcb-5260-486f-b1e1-793d387cb704.jpg\" \/>\n\t<meta property=\"og:image:width\" content=\"768\" \/>\n\t<meta property=\"og:image:height\" content=\"432\" \/>\n\t<meta property=\"og:image:type\" content=\"image\/jpeg\" \/>\n<meta name=\"author\" content=\"Reda\u00e7\u00e3o\" \/>\n<meta name=\"twitter:card\" content=\"summary_large_image\" \/>\n<meta name=\"twitter:creator\" content=\"@Notibras\" \/>\n<meta name=\"twitter:site\" content=\"@Notibras\" \/>\n<meta name=\"twitter:label1\" content=\"Escrito por\" \/>\n\t<meta name=\"twitter:data1\" content=\"Reda\u00e7\u00e3o\" \/>\n\t<meta name=\"twitter:label2\" content=\"Est. tempo de leitura\" \/>\n\t<meta name=\"twitter:data2\" content=\"4 minutos\" \/>\n<script type=\"application\/ld+json\" class=\"yoast-schema-graph\">{\"@context\":\"https:\/\/schema.org\",\"@graph\":[{\"@type\":\"Article\",\"@id\":\"https:\/\/www.notibras.com\/site\/desafio-climatico-trava-crescimento-nordestino\/#article\",\"isPartOf\":{\"@id\":\"https:\/\/www.notibras.com\/site\/desafio-climatico-trava-crescimento-nordestino\/\"},\"author\":{\"name\":\"Reda\u00e7\u00e3o\",\"@id\":\"https:\/\/www.notibras.com\/site\/#\/schema\/person\/36ab0979449956132d3e5b517ea76ac8\"},\"headline\":\"Desafio clim\u00e1tico trava crescimento nordestino\",\"datePublished\":\"2026-01-12T05:23:39+00:00\",\"mainEntityOfPage\":{\"@id\":\"https:\/\/www.notibras.com\/site\/desafio-climatico-trava-crescimento-nordestino\/\"},\"wordCount\":616,\"publisher\":{\"@id\":\"https:\/\/www.notibras.com\/site\/#organization\"},\"image\":{\"@id\":\"https:\/\/www.notibras.com\/site\/desafio-climatico-trava-crescimento-nordestino\/#primaryimage\"},\"thumbnailUrl\":\"https:\/\/www.notibras.com\/site\/wp-content\/uploads\/2026\/01\/6a4fedcb-5260-486f-b1e1-793d387cb704.jpg\",\"articleSection\":[\"Nordeste\"],\"inLanguage\":\"pt-BR\"},{\"@type\":\"WebPage\",\"@id\":\"https:\/\/www.notibras.com\/site\/desafio-climatico-trava-crescimento-nordestino\/\",\"url\":\"https:\/\/www.notibras.com\/site\/desafio-climatico-trava-crescimento-nordestino\/\",\"name\":\"Desafio clim\u00e1tico trava crescimento nordestino - Notibras\",\"isPartOf\":{\"@id\":\"https:\/\/www.notibras.com\/site\/#website\"},\"primaryImageOfPage\":{\"@id\":\"https:\/\/www.notibras.com\/site\/desafio-climatico-trava-crescimento-nordestino\/#primaryimage\"},\"image\":{\"@id\":\"https:\/\/www.notibras.com\/site\/desafio-climatico-trava-crescimento-nordestino\/#primaryimage\"},\"thumbnailUrl\":\"https:\/\/www.notibras.com\/site\/wp-content\/uploads\/2026\/01\/6a4fedcb-5260-486f-b1e1-793d387cb704.jpg\",\"datePublished\":\"2026-01-12T05:23:39+00:00\",\"breadcrumb\":{\"@id\":\"https:\/\/www.notibras.com\/site\/desafio-climatico-trava-crescimento-nordestino\/#breadcrumb\"},\"inLanguage\":\"pt-BR\",\"potentialAction\":[{\"@type\":\"ReadAction\",\"target\":[\"https:\/\/www.notibras.com\/site\/desafio-climatico-trava-crescimento-nordestino\/\"]}]},{\"@type\":\"ImageObject\",\"inLanguage\":\"pt-BR\",\"@id\":\"https:\/\/www.notibras.com\/site\/desafio-climatico-trava-crescimento-nordestino\/#primaryimage\",\"url\":\"https:\/\/www.notibras.com\/site\/wp-content\/uploads\/2026\/01\/6a4fedcb-5260-486f-b1e1-793d387cb704.jpg\",\"contentUrl\":\"https:\/\/www.notibras.com\/site\/wp-content\/uploads\/2026\/01\/6a4fedcb-5260-486f-b1e1-793d387cb704.jpg\",\"width\":768,\"height\":432},{\"@type\":\"BreadcrumbList\",\"@id\":\"https:\/\/www.notibras.com\/site\/desafio-climatico-trava-crescimento-nordestino\/#breadcrumb\",\"itemListElement\":[{\"@type\":\"ListItem\",\"position\":1,\"name\":\"In\u00edcio\",\"item\":\"https:\/\/www.notibras.com\/site\/\"},{\"@type\":\"ListItem\",\"position\":2,\"name\":\"Desafio clim\u00e1tico trava crescimento nordestino\"}]},{\"@type\":\"WebSite\",\"@id\":\"https:\/\/www.notibras.com\/site\/#website\",\"url\":\"https:\/\/www.notibras.com\/site\/\",\"name\":\"Notibras\",\"description\":\"Not\u00edcias de Bras\u00edlia, do Brasil e do Mundo\",\"publisher\":{\"@id\":\"https:\/\/www.notibras.com\/site\/#organization\"},\"potentialAction\":[{\"@type\":\"SearchAction\",\"target\":{\"@type\":\"EntryPoint\",\"urlTemplate\":\"https:\/\/www.notibras.com\/site\/?s={search_term_string}\"},\"query-input\":{\"@type\":\"PropertyValueSpecification\",\"valueRequired\":true,\"valueName\":\"search_term_string\"}}],\"inLanguage\":\"pt-BR\"},{\"@type\":\"Organization\",\"@id\":\"https:\/\/www.notibras.com\/site\/#organization\",\"name\":\"Grupo Notibras de Comunica\u00e7\u00e3o\",\"url\":\"https:\/\/www.notibras.com\/site\/\",\"logo\":{\"@type\":\"ImageObject\",\"inLanguage\":\"pt-BR\",\"@id\":\"https:\/\/www.notibras.com\/site\/#\/schema\/logo\/image\/\",\"url\":\"https:\/\/www.notibras.com\/site\/wp-content\/uploads\/2023\/01\/notibras23.png\",\"contentUrl\":\"https:\/\/www.notibras.com\/site\/wp-content\/uploads\/2023\/01\/notibras23.png\",\"width\":350,\"height\":87,\"caption\":\"Grupo Notibras de Comunica\u00e7\u00e3o\"},\"image\":{\"@id\":\"https:\/\/www.notibras.com\/site\/#\/schema\/logo\/image\/\"},\"sameAs\":[\"https:\/\/www.facebook.com\/notibras\/\",\"https:\/\/x.com\/Notibras\",\"https:\/\/www.instagram.com\/notibras\/\"]},{\"@type\":\"Person\",\"@id\":\"https:\/\/www.notibras.com\/site\/#\/schema\/person\/36ab0979449956132d3e5b517ea76ac8\",\"name\":\"Reda\u00e7\u00e3o\",\"image\":{\"@type\":\"ImageObject\",\"inLanguage\":\"pt-BR\",\"@id\":\"https:\/\/secure.gravatar.com\/avatar\/e0a867bdedb85fd243eadf09663511f96fc81e0720a4a42581f334ad4303aa6b?s=96&d=mm&r=g\",\"url\":\"https:\/\/secure.gravatar.com\/avatar\/e0a867bdedb85fd243eadf09663511f96fc81e0720a4a42581f334ad4303aa6b?s=96&d=mm&r=g\",\"contentUrl\":\"https:\/\/secure.gravatar.com\/avatar\/e0a867bdedb85fd243eadf09663511f96fc81e0720a4a42581f334ad4303aa6b?s=96&d=mm&r=g\",\"caption\":\"Reda\u00e7\u00e3o\"}}]}<\/script>\n<!-- \/ Yoast SEO plugin. -->","yoast_head_json":{"title":"Desafio clim\u00e1tico trava crescimento nordestino - Notibras","robots":{"index":"index","follow":"follow","max-snippet":"max-snippet:-1","max-image-preview":"max-image-preview:large","max-video-preview":"max-video-preview:-1"},"canonical":"https:\/\/www.notibras.com\/site\/desafio-climatico-trava-crescimento-nordestino\/","og_locale":"pt_BR","og_type":"article","og_title":"Desafio clim\u00e1tico trava crescimento nordestino - Notibras","og_description":"O Nordeste brasileiro vive um momento de duas realidades simult\u00e2neas: de um lado, indicadores econ\u00f4micos recentes apontam uma retomada consistente e at\u00e9 superior \u00e0 m\u00e9dia nacional em algumas frentes; de outro, crescem os sinais de que os desafios clim\u00e1ticos \u2014 e as pol\u00edticas para enfrent\u00e1-los \u2014 exigem aten\u00e7\u00e3o e a\u00e7\u00f5es estruturantes para evitar que impactos [&hellip;]","og_url":"https:\/\/www.notibras.com\/site\/desafio-climatico-trava-crescimento-nordestino\/","og_site_name":"Notibras","article_publisher":"https:\/\/www.facebook.com\/notibras\/","article_published_time":"2026-01-12T05:23:39+00:00","og_image":[{"width":768,"height":432,"url":"https:\/\/www.notibras.com\/site\/wp-content\/uploads\/2026\/01\/6a4fedcb-5260-486f-b1e1-793d387cb704.jpg","type":"image\/jpeg"}],"author":"Reda\u00e7\u00e3o","twitter_card":"summary_large_image","twitter_creator":"@Notibras","twitter_site":"@Notibras","twitter_misc":{"Escrito por":"Reda\u00e7\u00e3o","Est. tempo de leitura":"4 minutos"},"schema":{"@context":"https:\/\/schema.org","@graph":[{"@type":"Article","@id":"https:\/\/www.notibras.com\/site\/desafio-climatico-trava-crescimento-nordestino\/#article","isPartOf":{"@id":"https:\/\/www.notibras.com\/site\/desafio-climatico-trava-crescimento-nordestino\/"},"author":{"name":"Reda\u00e7\u00e3o","@id":"https:\/\/www.notibras.com\/site\/#\/schema\/person\/36ab0979449956132d3e5b517ea76ac8"},"headline":"Desafio clim\u00e1tico trava crescimento nordestino","datePublished":"2026-01-12T05:23:39+00:00","mainEntityOfPage":{"@id":"https:\/\/www.notibras.com\/site\/desafio-climatico-trava-crescimento-nordestino\/"},"wordCount":616,"publisher":{"@id":"https:\/\/www.notibras.com\/site\/#organization"},"image":{"@id":"https:\/\/www.notibras.com\/site\/desafio-climatico-trava-crescimento-nordestino\/#primaryimage"},"thumbnailUrl":"https:\/\/www.notibras.com\/site\/wp-content\/uploads\/2026\/01\/6a4fedcb-5260-486f-b1e1-793d387cb704.jpg","articleSection":["Nordeste"],"inLanguage":"pt-BR"},{"@type":"WebPage","@id":"https:\/\/www.notibras.com\/site\/desafio-climatico-trava-crescimento-nordestino\/","url":"https:\/\/www.notibras.com\/site\/desafio-climatico-trava-crescimento-nordestino\/","name":"Desafio clim\u00e1tico trava crescimento nordestino - Notibras","isPartOf":{"@id":"https:\/\/www.notibras.com\/site\/#website"},"primaryImageOfPage":{"@id":"https:\/\/www.notibras.com\/site\/desafio-climatico-trava-crescimento-nordestino\/#primaryimage"},"image":{"@id":"https:\/\/www.notibras.com\/site\/desafio-climatico-trava-crescimento-nordestino\/#primaryimage"},"thumbnailUrl":"https:\/\/www.notibras.com\/site\/wp-content\/uploads\/2026\/01\/6a4fedcb-5260-486f-b1e1-793d387cb704.jpg","datePublished":"2026-01-12T05:23:39+00:00","breadcrumb":{"@id":"https:\/\/www.notibras.com\/site\/desafio-climatico-trava-crescimento-nordestino\/#breadcrumb"},"inLanguage":"pt-BR","potentialAction":[{"@type":"ReadAction","target":["https:\/\/www.notibras.com\/site\/desafio-climatico-trava-crescimento-nordestino\/"]}]},{"@type":"ImageObject","inLanguage":"pt-BR","@id":"https:\/\/www.notibras.com\/site\/desafio-climatico-trava-crescimento-nordestino\/#primaryimage","url":"https:\/\/www.notibras.com\/site\/wp-content\/uploads\/2026\/01\/6a4fedcb-5260-486f-b1e1-793d387cb704.jpg","contentUrl":"https:\/\/www.notibras.com\/site\/wp-content\/uploads\/2026\/01\/6a4fedcb-5260-486f-b1e1-793d387cb704.jpg","width":768,"height":432},{"@type":"BreadcrumbList","@id":"https:\/\/www.notibras.com\/site\/desafio-climatico-trava-crescimento-nordestino\/#breadcrumb","itemListElement":[{"@type":"ListItem","position":1,"name":"In\u00edcio","item":"https:\/\/www.notibras.com\/site\/"},{"@type":"ListItem","position":2,"name":"Desafio clim\u00e1tico trava crescimento nordestino"}]},{"@type":"WebSite","@id":"https:\/\/www.notibras.com\/site\/#website","url":"https:\/\/www.notibras.com\/site\/","name":"Notibras","description":"Not\u00edcias de Bras\u00edlia, do Brasil e do Mundo","publisher":{"@id":"https:\/\/www.notibras.com\/site\/#organization"},"potentialAction":[{"@type":"SearchAction","target":{"@type":"EntryPoint","urlTemplate":"https:\/\/www.notibras.com\/site\/?s={search_term_string}"},"query-input":{"@type":"PropertyValueSpecification","valueRequired":true,"valueName":"search_term_string"}}],"inLanguage":"pt-BR"},{"@type":"Organization","@id":"https:\/\/www.notibras.com\/site\/#organization","name":"Grupo Notibras de Comunica\u00e7\u00e3o","url":"https:\/\/www.notibras.com\/site\/","logo":{"@type":"ImageObject","inLanguage":"pt-BR","@id":"https:\/\/www.notibras.com\/site\/#\/schema\/logo\/image\/","url":"https:\/\/www.notibras.com\/site\/wp-content\/uploads\/2023\/01\/notibras23.png","contentUrl":"https:\/\/www.notibras.com\/site\/wp-content\/uploads\/2023\/01\/notibras23.png","width":350,"height":87,"caption":"Grupo Notibras de Comunica\u00e7\u00e3o"},"image":{"@id":"https:\/\/www.notibras.com\/site\/#\/schema\/logo\/image\/"},"sameAs":["https:\/\/www.facebook.com\/notibras\/","https:\/\/x.com\/Notibras","https:\/\/www.instagram.com\/notibras\/"]},{"@type":"Person","@id":"https:\/\/www.notibras.com\/site\/#\/schema\/person\/36ab0979449956132d3e5b517ea76ac8","name":"Reda\u00e7\u00e3o","image":{"@type":"ImageObject","inLanguage":"pt-BR","@id":"https:\/\/secure.gravatar.com\/avatar\/e0a867bdedb85fd243eadf09663511f96fc81e0720a4a42581f334ad4303aa6b?s=96&d=mm&r=g","url":"https:\/\/secure.gravatar.com\/avatar\/e0a867bdedb85fd243eadf09663511f96fc81e0720a4a42581f334ad4303aa6b?s=96&d=mm&r=g","contentUrl":"https:\/\/secure.gravatar.com\/avatar\/e0a867bdedb85fd243eadf09663511f96fc81e0720a4a42581f334ad4303aa6b?s=96&d=mm&r=g","caption":"Reda\u00e7\u00e3o"}}]}},"amp_enabled":true,"_links":{"self":[{"href":"https:\/\/www.notibras.com\/site\/wp-json\/wp\/v2\/posts\/378608","targetHints":{"allow":["GET"]}}],"collection":[{"href":"https:\/\/www.notibras.com\/site\/wp-json\/wp\/v2\/posts"}],"about":[{"href":"https:\/\/www.notibras.com\/site\/wp-json\/wp\/v2\/types\/post"}],"author":[{"embeddable":true,"href":"https:\/\/www.notibras.com\/site\/wp-json\/wp\/v2\/users\/2"}],"replies":[{"embeddable":true,"href":"https:\/\/www.notibras.com\/site\/wp-json\/wp\/v2\/comments?post=378608"}],"version-history":[{"count":1,"href":"https:\/\/www.notibras.com\/site\/wp-json\/wp\/v2\/posts\/378608\/revisions"}],"predecessor-version":[{"id":378610,"href":"https:\/\/www.notibras.com\/site\/wp-json\/wp\/v2\/posts\/378608\/revisions\/378610"}],"wp:featuredmedia":[{"embeddable":true,"href":"https:\/\/www.notibras.com\/site\/wp-json\/wp\/v2\/media\/378609"}],"wp:attachment":[{"href":"https:\/\/www.notibras.com\/site\/wp-json\/wp\/v2\/media?parent=378608"}],"wp:term":[{"taxonomy":"category","embeddable":true,"href":"https:\/\/www.notibras.com\/site\/wp-json\/wp\/v2\/categories?post=378608"},{"taxonomy":"post_tag","embeddable":true,"href":"https:\/\/www.notibras.com\/site\/wp-json\/wp\/v2\/tags?post=378608"}],"curies":[{"name":"wp","href":"https:\/\/api.w.org\/{rel}","templated":true}]}}