{"id":378617,"date":"2026-01-12T02:58:46","date_gmt":"2026-01-12T05:58:46","guid":{"rendered":"https:\/\/www.notibras.com\/site\/?p=378617"},"modified":"2026-01-11T22:40:48","modified_gmt":"2026-01-12T01:40:48","slug":"uso-noturno-da-praia-da-redinha-reforca-limpeza","status":"publish","type":"post","link":"https:\/\/www.notibras.com\/site\/uso-noturno-da-praia-da-redinha-reforca-limpeza\/","title":{"rendered":"Uso noturno da Praia da Redinha refor\u00e7a limpeza"},"content":{"rendered":"<p>As equipes de limpeza e os guardas municipais tiveram o hor\u00e1rio de servi\u00e7o ampliado para acompanhar o movimento na praia da Redinha, ap\u00f3s um ponto de banho fazer sucesso. Al\u00e9m disso, a prefeitura informou que solicitou refor\u00e7o de guarda-vidas e proibiu churrasqueiras no trecho.<\/p>\n<p>O novo h\u00e1bito de banho noturno tem levado pessoas de diferentes regi\u00f5es da capital potiguar \u00e0 praia. H\u00e1 frequentadores at\u00e9 de cidades vizinhas.<\/p>\n<p>Os banhistas citam o calor do ver\u00e3o, a \u00e1gua morna no trecho como atrativos, aliado \u00e0 ilumina\u00e7\u00e3o do Mercado P\u00fablico da Redinha e o cen\u00e1rio da Ponte Newton Navarro.<\/p>\n<p>Por conta desse aumento repentino do p\u00fablico, as medidas de amplia\u00e7\u00e3o dos servi\u00e7os no trecho foram tomadas ap\u00f3s uma reuni\u00e3o organizada pela prefeitura de Natal nesta sexta-feira (9).<\/p>\n<p>A Secretaria Municipal de Meio Ambiente e Urbanismo (Semurb) informou ainda que elabora um projeto para a constru\u00e7\u00e3o de uma rampa de acesso \u00e0 praia, com o objetivo de garantir mais mobilidade, acessibilidade e seguran\u00e7a no acesso \u00e0 faixa de areia.<\/p>\n<p>A pasta informou que tamb\u00e9m passou a ser respons\u00e1vel pelo ordenamento do com\u00e9rcio ambulante, com o lan\u00e7amento de um edital de chamamento p\u00fablico j\u00e1 na pr\u00f3xima segunda-feira (12). Apenas os comerciantes aprovados nesse processo poder\u00e3o atuar na faixa de areia, segundo a pasta.<\/p>\n","protected":false},"excerpt":{"rendered":"<p>As equipes de limpeza e os guardas municipais tiveram o hor\u00e1rio de servi\u00e7o ampliado para acompanhar o movimento na praia da Redinha, ap\u00f3s um ponto de banho fazer sucesso. Al\u00e9m disso, a prefeitura informou que solicitou refor\u00e7o de guarda-vidas e proibiu churrasqueiras no trecho. O novo h\u00e1bito de banho noturno tem levado pessoas de diferentes [&hellip;]<\/p>\n","protected":false},"author":2,"featured_media":378618,"comment_status":"closed","ping_status":"closed","sticky":false,"template":"","format":"standard","meta":{"_acf_changed":false,"footnotes":""},"categories":[165],"tags":[],"class_list":["post-378617","post","type-post","status-publish","format-standard","has-post-thumbnail","hentry","category-nordeste"],"acf":[],"yoast_head":"<!-- This site is optimized with the Yoast SEO plugin v27.2 - https:\/\/yoast.com\/product\/yoast-seo-wordpress\/ -->\n<title>Uso noturno da Praia da Redinha refor\u00e7a limpeza - Notibras<\/title>\n<meta name=\"robots\" content=\"index, follow, max-snippet:-1, max-image-preview:large, max-video-preview:-1\" \/>\n<link rel=\"canonical\" href=\"https:\/\/www.notibras.com\/site\/uso-noturno-da-praia-da-redinha-reforca-limpeza\/\" \/>\n<meta property=\"og:locale\" content=\"pt_BR\" \/>\n<meta property=\"og:type\" content=\"article\" \/>\n<meta property=\"og:title\" content=\"Uso noturno da Praia da Redinha refor\u00e7a limpeza - Notibras\" \/>\n<meta property=\"og:description\" content=\"As equipes de limpeza e os guardas municipais tiveram o hor\u00e1rio de servi\u00e7o ampliado para acompanhar o movimento na praia da Redinha, ap\u00f3s um ponto de banho fazer sucesso. Al\u00e9m disso, a prefeitura informou que solicitou refor\u00e7o de guarda-vidas e proibiu churrasqueiras no trecho. O novo h\u00e1bito de banho noturno tem levado pessoas de diferentes [&hellip;]\" \/>\n<meta property=\"og:url\" content=\"https:\/\/www.notibras.com\/site\/uso-noturno-da-praia-da-redinha-reforca-limpeza\/\" \/>\n<meta property=\"og:site_name\" content=\"Notibras\" \/>\n<meta property=\"article:publisher\" content=\"https:\/\/www.facebook.com\/notibras\/\" \/>\n<meta property=\"article:published_time\" content=\"2026-01-12T05:58:46+00:00\" \/>\n<meta property=\"og:image\" content=\"https:\/\/www.notibras.com\/site\/wp-content\/uploads\/2026\/01\/8149f8d5-c1b5-4fdb-931a-e3d6161309a3.jpg\" \/>\n\t<meta property=\"og:image:width\" content=\"984\" \/>\n\t<meta property=\"og:image:height\" content=\"554\" \/>\n\t<meta property=\"og:image:type\" content=\"image\/jpeg\" \/>\n<meta name=\"author\" content=\"Reda\u00e7\u00e3o\" \/>\n<meta name=\"twitter:card\" content=\"summary_large_image\" \/>\n<meta name=\"twitter:creator\" content=\"@Notibras\" \/>\n<meta name=\"twitter:site\" content=\"@Notibras\" \/>\n<meta name=\"twitter:label1\" content=\"Escrito por\" \/>\n\t<meta name=\"twitter:data1\" content=\"Reda\u00e7\u00e3o\" \/>\n\t<meta name=\"twitter:label2\" content=\"Est. tempo de leitura\" \/>\n\t<meta name=\"twitter:data2\" content=\"2 minutos\" \/>\n<script type=\"application\/ld+json\" class=\"yoast-schema-graph\">{\"@context\":\"https:\/\/schema.org\",\"@graph\":[{\"@type\":\"Article\",\"@id\":\"https:\/\/www.notibras.com\/site\/uso-noturno-da-praia-da-redinha-reforca-limpeza\/#article\",\"isPartOf\":{\"@id\":\"https:\/\/www.notibras.com\/site\/uso-noturno-da-praia-da-redinha-reforca-limpeza\/\"},\"author\":{\"name\":\"Reda\u00e7\u00e3o\",\"@id\":\"https:\/\/www.notibras.com\/site\/#\/schema\/person\/36ab0979449956132d3e5b517ea76ac8\"},\"headline\":\"Uso noturno da Praia da Redinha refor\u00e7a limpeza\",\"datePublished\":\"2026-01-12T05:58:46+00:00\",\"mainEntityOfPage\":{\"@id\":\"https:\/\/www.notibras.com\/site\/uso-noturno-da-praia-da-redinha-reforca-limpeza\/\"},\"wordCount\":236,\"publisher\":{\"@id\":\"https:\/\/www.notibras.com\/site\/#organization\"},\"image\":{\"@id\":\"https:\/\/www.notibras.com\/site\/uso-noturno-da-praia-da-redinha-reforca-limpeza\/#primaryimage\"},\"thumbnailUrl\":\"https:\/\/www.notibras.com\/site\/wp-content\/uploads\/2026\/01\/8149f8d5-c1b5-4fdb-931a-e3d6161309a3.jpg\",\"articleSection\":[\"Nordeste\"],\"inLanguage\":\"pt-BR\"},{\"@type\":\"WebPage\",\"@id\":\"https:\/\/www.notibras.com\/site\/uso-noturno-da-praia-da-redinha-reforca-limpeza\/\",\"url\":\"https:\/\/www.notibras.com\/site\/uso-noturno-da-praia-da-redinha-reforca-limpeza\/\",\"name\":\"Uso noturno da Praia da Redinha refor\u00e7a limpeza - Notibras\",\"isPartOf\":{\"@id\":\"https:\/\/www.notibras.com\/site\/#website\"},\"primaryImageOfPage\":{\"@id\":\"https:\/\/www.notibras.com\/site\/uso-noturno-da-praia-da-redinha-reforca-limpeza\/#primaryimage\"},\"image\":{\"@id\":\"https:\/\/www.notibras.com\/site\/uso-noturno-da-praia-da-redinha-reforca-limpeza\/#primaryimage\"},\"thumbnailUrl\":\"https:\/\/www.notibras.com\/site\/wp-content\/uploads\/2026\/01\/8149f8d5-c1b5-4fdb-931a-e3d6161309a3.jpg\",\"datePublished\":\"2026-01-12T05:58:46+00:00\",\"breadcrumb\":{\"@id\":\"https:\/\/www.notibras.com\/site\/uso-noturno-da-praia-da-redinha-reforca-limpeza\/#breadcrumb\"},\"inLanguage\":\"pt-BR\",\"potentialAction\":[{\"@type\":\"ReadAction\",\"target\":[\"https:\/\/www.notibras.com\/site\/uso-noturno-da-praia-da-redinha-reforca-limpeza\/\"]}]},{\"@type\":\"ImageObject\",\"inLanguage\":\"pt-BR\",\"@id\":\"https:\/\/www.notibras.com\/site\/uso-noturno-da-praia-da-redinha-reforca-limpeza\/#primaryimage\",\"url\":\"https:\/\/www.notibras.com\/site\/wp-content\/uploads\/2026\/01\/8149f8d5-c1b5-4fdb-931a-e3d6161309a3.jpg\",\"contentUrl\":\"https:\/\/www.notibras.com\/site\/wp-content\/uploads\/2026\/01\/8149f8d5-c1b5-4fdb-931a-e3d6161309a3.jpg\",\"width\":984,\"height\":554},{\"@type\":\"BreadcrumbList\",\"@id\":\"https:\/\/www.notibras.com\/site\/uso-noturno-da-praia-da-redinha-reforca-limpeza\/#breadcrumb\",\"itemListElement\":[{\"@type\":\"ListItem\",\"position\":1,\"name\":\"In\u00edcio\",\"item\":\"https:\/\/www.notibras.com\/site\/\"},{\"@type\":\"ListItem\",\"position\":2,\"name\":\"Uso noturno da Praia da Redinha refor\u00e7a limpeza\"}]},{\"@type\":\"WebSite\",\"@id\":\"https:\/\/www.notibras.com\/site\/#website\",\"url\":\"https:\/\/www.notibras.com\/site\/\",\"name\":\"Notibras\",\"description\":\"Not\u00edcias de Bras\u00edlia, do Brasil e do Mundo\",\"publisher\":{\"@id\":\"https:\/\/www.notibras.com\/site\/#organization\"},\"potentialAction\":[{\"@type\":\"SearchAction\",\"target\":{\"@type\":\"EntryPoint\",\"urlTemplate\":\"https:\/\/www.notibras.com\/site\/?s={search_term_string}\"},\"query-input\":{\"@type\":\"PropertyValueSpecification\",\"valueRequired\":true,\"valueName\":\"search_term_string\"}}],\"inLanguage\":\"pt-BR\"},{\"@type\":\"Organization\",\"@id\":\"https:\/\/www.notibras.com\/site\/#organization\",\"name\":\"Grupo Notibras de Comunica\u00e7\u00e3o\",\"url\":\"https:\/\/www.notibras.com\/site\/\",\"logo\":{\"@type\":\"ImageObject\",\"inLanguage\":\"pt-BR\",\"@id\":\"https:\/\/www.notibras.com\/site\/#\/schema\/logo\/image\/\",\"url\":\"https:\/\/www.notibras.com\/site\/wp-content\/uploads\/2023\/01\/notibras23.png\",\"contentUrl\":\"https:\/\/www.notibras.com\/site\/wp-content\/uploads\/2023\/01\/notibras23.png\",\"width\":350,\"height\":87,\"caption\":\"Grupo Notibras de Comunica\u00e7\u00e3o\"},\"image\":{\"@id\":\"https:\/\/www.notibras.com\/site\/#\/schema\/logo\/image\/\"},\"sameAs\":[\"https:\/\/www.facebook.com\/notibras\/\",\"https:\/\/x.com\/Notibras\",\"https:\/\/www.instagram.com\/notibras\/\"]},{\"@type\":\"Person\",\"@id\":\"https:\/\/www.notibras.com\/site\/#\/schema\/person\/36ab0979449956132d3e5b517ea76ac8\",\"name\":\"Reda\u00e7\u00e3o\",\"image\":{\"@type\":\"ImageObject\",\"inLanguage\":\"pt-BR\",\"@id\":\"https:\/\/secure.gravatar.com\/avatar\/e0a867bdedb85fd243eadf09663511f96fc81e0720a4a42581f334ad4303aa6b?s=96&d=mm&r=g\",\"url\":\"https:\/\/secure.gravatar.com\/avatar\/e0a867bdedb85fd243eadf09663511f96fc81e0720a4a42581f334ad4303aa6b?s=96&d=mm&r=g\",\"contentUrl\":\"https:\/\/secure.gravatar.com\/avatar\/e0a867bdedb85fd243eadf09663511f96fc81e0720a4a42581f334ad4303aa6b?s=96&d=mm&r=g\",\"caption\":\"Reda\u00e7\u00e3o\"}}]}<\/script>\n<!-- \/ Yoast SEO plugin. -->","yoast_head_json":{"title":"Uso noturno da Praia da Redinha refor\u00e7a limpeza - Notibras","robots":{"index":"index","follow":"follow","max-snippet":"max-snippet:-1","max-image-preview":"max-image-preview:large","max-video-preview":"max-video-preview:-1"},"canonical":"https:\/\/www.notibras.com\/site\/uso-noturno-da-praia-da-redinha-reforca-limpeza\/","og_locale":"pt_BR","og_type":"article","og_title":"Uso noturno da Praia da Redinha refor\u00e7a limpeza - Notibras","og_description":"As equipes de limpeza e os guardas municipais tiveram o hor\u00e1rio de servi\u00e7o ampliado para acompanhar o movimento na praia da Redinha, ap\u00f3s um ponto de banho fazer sucesso. Al\u00e9m disso, a prefeitura informou que solicitou refor\u00e7o de guarda-vidas e proibiu churrasqueiras no trecho. O novo h\u00e1bito de banho noturno tem levado pessoas de diferentes [&hellip;]","og_url":"https:\/\/www.notibras.com\/site\/uso-noturno-da-praia-da-redinha-reforca-limpeza\/","og_site_name":"Notibras","article_publisher":"https:\/\/www.facebook.com\/notibras\/","article_published_time":"2026-01-12T05:58:46+00:00","og_image":[{"width":984,"height":554,"url":"https:\/\/www.notibras.com\/site\/wp-content\/uploads\/2026\/01\/8149f8d5-c1b5-4fdb-931a-e3d6161309a3.jpg","type":"image\/jpeg"}],"author":"Reda\u00e7\u00e3o","twitter_card":"summary_large_image","twitter_creator":"@Notibras","twitter_site":"@Notibras","twitter_misc":{"Escrito por":"Reda\u00e7\u00e3o","Est. tempo de leitura":"2 minutos"},"schema":{"@context":"https:\/\/schema.org","@graph":[{"@type":"Article","@id":"https:\/\/www.notibras.com\/site\/uso-noturno-da-praia-da-redinha-reforca-limpeza\/#article","isPartOf":{"@id":"https:\/\/www.notibras.com\/site\/uso-noturno-da-praia-da-redinha-reforca-limpeza\/"},"author":{"name":"Reda\u00e7\u00e3o","@id":"https:\/\/www.notibras.com\/site\/#\/schema\/person\/36ab0979449956132d3e5b517ea76ac8"},"headline":"Uso noturno da Praia da Redinha refor\u00e7a limpeza","datePublished":"2026-01-12T05:58:46+00:00","mainEntityOfPage":{"@id":"https:\/\/www.notibras.com\/site\/uso-noturno-da-praia-da-redinha-reforca-limpeza\/"},"wordCount":236,"publisher":{"@id":"https:\/\/www.notibras.com\/site\/#organization"},"image":{"@id":"https:\/\/www.notibras.com\/site\/uso-noturno-da-praia-da-redinha-reforca-limpeza\/#primaryimage"},"thumbnailUrl":"https:\/\/www.notibras.com\/site\/wp-content\/uploads\/2026\/01\/8149f8d5-c1b5-4fdb-931a-e3d6161309a3.jpg","articleSection":["Nordeste"],"inLanguage":"pt-BR"},{"@type":"WebPage","@id":"https:\/\/www.notibras.com\/site\/uso-noturno-da-praia-da-redinha-reforca-limpeza\/","url":"https:\/\/www.notibras.com\/site\/uso-noturno-da-praia-da-redinha-reforca-limpeza\/","name":"Uso noturno da Praia da Redinha refor\u00e7a limpeza - Notibras","isPartOf":{"@id":"https:\/\/www.notibras.com\/site\/#website"},"primaryImageOfPage":{"@id":"https:\/\/www.notibras.com\/site\/uso-noturno-da-praia-da-redinha-reforca-limpeza\/#primaryimage"},"image":{"@id":"https:\/\/www.notibras.com\/site\/uso-noturno-da-praia-da-redinha-reforca-limpeza\/#primaryimage"},"thumbnailUrl":"https:\/\/www.notibras.com\/site\/wp-content\/uploads\/2026\/01\/8149f8d5-c1b5-4fdb-931a-e3d6161309a3.jpg","datePublished":"2026-01-12T05:58:46+00:00","breadcrumb":{"@id":"https:\/\/www.notibras.com\/site\/uso-noturno-da-praia-da-redinha-reforca-limpeza\/#breadcrumb"},"inLanguage":"pt-BR","potentialAction":[{"@type":"ReadAction","target":["https:\/\/www.notibras.com\/site\/uso-noturno-da-praia-da-redinha-reforca-limpeza\/"]}]},{"@type":"ImageObject","inLanguage":"pt-BR","@id":"https:\/\/www.notibras.com\/site\/uso-noturno-da-praia-da-redinha-reforca-limpeza\/#primaryimage","url":"https:\/\/www.notibras.com\/site\/wp-content\/uploads\/2026\/01\/8149f8d5-c1b5-4fdb-931a-e3d6161309a3.jpg","contentUrl":"https:\/\/www.notibras.com\/site\/wp-content\/uploads\/2026\/01\/8149f8d5-c1b5-4fdb-931a-e3d6161309a3.jpg","width":984,"height":554},{"@type":"BreadcrumbList","@id":"https:\/\/www.notibras.com\/site\/uso-noturno-da-praia-da-redinha-reforca-limpeza\/#breadcrumb","itemListElement":[{"@type":"ListItem","position":1,"name":"In\u00edcio","item":"https:\/\/www.notibras.com\/site\/"},{"@type":"ListItem","position":2,"name":"Uso noturno da Praia da Redinha refor\u00e7a limpeza"}]},{"@type":"WebSite","@id":"https:\/\/www.notibras.com\/site\/#website","url":"https:\/\/www.notibras.com\/site\/","name":"Notibras","description":"Not\u00edcias de Bras\u00edlia, do Brasil e do Mundo","publisher":{"@id":"https:\/\/www.notibras.com\/site\/#organization"},"potentialAction":[{"@type":"SearchAction","target":{"@type":"EntryPoint","urlTemplate":"https:\/\/www.notibras.com\/site\/?s={search_term_string}"},"query-input":{"@type":"PropertyValueSpecification","valueRequired":true,"valueName":"search_term_string"}}],"inLanguage":"pt-BR"},{"@type":"Organization","@id":"https:\/\/www.notibras.com\/site\/#organization","name":"Grupo Notibras de Comunica\u00e7\u00e3o","url":"https:\/\/www.notibras.com\/site\/","logo":{"@type":"ImageObject","inLanguage":"pt-BR","@id":"https:\/\/www.notibras.com\/site\/#\/schema\/logo\/image\/","url":"https:\/\/www.notibras.com\/site\/wp-content\/uploads\/2023\/01\/notibras23.png","contentUrl":"https:\/\/www.notibras.com\/site\/wp-content\/uploads\/2023\/01\/notibras23.png","width":350,"height":87,"caption":"Grupo Notibras de Comunica\u00e7\u00e3o"},"image":{"@id":"https:\/\/www.notibras.com\/site\/#\/schema\/logo\/image\/"},"sameAs":["https:\/\/www.facebook.com\/notibras\/","https:\/\/x.com\/Notibras","https:\/\/www.instagram.com\/notibras\/"]},{"@type":"Person","@id":"https:\/\/www.notibras.com\/site\/#\/schema\/person\/36ab0979449956132d3e5b517ea76ac8","name":"Reda\u00e7\u00e3o","image":{"@type":"ImageObject","inLanguage":"pt-BR","@id":"https:\/\/secure.gravatar.com\/avatar\/e0a867bdedb85fd243eadf09663511f96fc81e0720a4a42581f334ad4303aa6b?s=96&d=mm&r=g","url":"https:\/\/secure.gravatar.com\/avatar\/e0a867bdedb85fd243eadf09663511f96fc81e0720a4a42581f334ad4303aa6b?s=96&d=mm&r=g","contentUrl":"https:\/\/secure.gravatar.com\/avatar\/e0a867bdedb85fd243eadf09663511f96fc81e0720a4a42581f334ad4303aa6b?s=96&d=mm&r=g","caption":"Reda\u00e7\u00e3o"}}]}},"amp_enabled":true,"_links":{"self":[{"href":"https:\/\/www.notibras.com\/site\/wp-json\/wp\/v2\/posts\/378617","targetHints":{"allow":["GET"]}}],"collection":[{"href":"https:\/\/www.notibras.com\/site\/wp-json\/wp\/v2\/posts"}],"about":[{"href":"https:\/\/www.notibras.com\/site\/wp-json\/wp\/v2\/types\/post"}],"author":[{"embeddable":true,"href":"https:\/\/www.notibras.com\/site\/wp-json\/wp\/v2\/users\/2"}],"replies":[{"embeddable":true,"href":"https:\/\/www.notibras.com\/site\/wp-json\/wp\/v2\/comments?post=378617"}],"version-history":[{"count":2,"href":"https:\/\/www.notibras.com\/site\/wp-json\/wp\/v2\/posts\/378617\/revisions"}],"predecessor-version":[{"id":378620,"href":"https:\/\/www.notibras.com\/site\/wp-json\/wp\/v2\/posts\/378617\/revisions\/378620"}],"wp:featuredmedia":[{"embeddable":true,"href":"https:\/\/www.notibras.com\/site\/wp-json\/wp\/v2\/media\/378618"}],"wp:attachment":[{"href":"https:\/\/www.notibras.com\/site\/wp-json\/wp\/v2\/media?parent=378617"}],"wp:term":[{"taxonomy":"category","embeddable":true,"href":"https:\/\/www.notibras.com\/site\/wp-json\/wp\/v2\/categories?post=378617"},{"taxonomy":"post_tag","embeddable":true,"href":"https:\/\/www.notibras.com\/site\/wp-json\/wp\/v2\/tags?post=378617"}],"curies":[{"name":"wp","href":"https:\/\/api.w.org\/{rel}","templated":true}]}}