{"id":378626,"date":"2026-01-12T00:52:41","date_gmt":"2026-01-12T03:52:41","guid":{"rendered":"https:\/\/www.notibras.com\/site\/?p=378626"},"modified":"2026-01-11T22:59:36","modified_gmt":"2026-01-12T01:59:36","slug":"setor-editorial-lembra-a-vida-e-obras-preferidas","status":"publish","type":"post","link":"https:\/\/www.notibras.com\/site\/setor-editorial-lembra-a-vida-e-obras-preferidas\/","title":{"rendered":"Setor editorial lembra a vida e obras preferidas"},"content":{"rendered":"<p>\u201cEu me orgulho muito de poder ver o meu nome nos cr\u00e9ditos de livros que sejam realmente incr\u00edveis, saber que eu sou parte de uma obra cuja leitura pode, eventualmente, ser a leitura da vida de algu\u00e9m\u201d.<\/p>\n<p>Editor aut\u00f4nomo e publisher, Hugo Maciel de Carvalho formou-se em Direito e chegou a trabalhar em escrit\u00f3rio de advocacia, mas ajustou a rota e abriu caminhos no mercado dos livros.<\/p>\n<p>No contexto da expans\u00e3o do setor editorial e livreiro no pa\u00eds nos \u00faltimos anos, com aumento do n\u00famero de empresas, conforme apontou levantamento da C\u00e2mara Brasileira do Livro (CBL), profissionais relataram como o setor possibilita que eles vejam prop\u00f3sito em seu trabalho.<\/p>\n<p>Desde que achou o novo rumo, Hugo assume que j\u00e1 perdeu a conta de quantos livros t\u00eam seu nome nos cr\u00e9ditos.<\/p>\n<p>\u201cNo fim das contas, o que realmente importa \u00e9 saber que, de algum jeito, eu ajudei a dar forma a ideias que circulam, s\u00e3o lidas, discutidas, questionadas \u2500 e continuam produzindo sentido no mundo.\u201d<\/p>\n<p>O livro pelo qual tem mais carinho \u00e9 A Terra \u00c1rida, do autor T.S. Eliot, na tradu\u00e7\u00e3o de Gilmar Leal Santos.<\/p>\n<p>\u201c\u00c9 um dos meus poemas preferidos de todos os tempos. Este foi o primeiro livro que eu publiquei pelo meu selo, como publisher\u201d, disse Hugo, acrescentando que preza por projetos que ajudem a pensar sobre o futuro.<\/p>\n<p>\u201cA crise na Venezuela me lembrou de dois livros que merecem ser lidos juntos. Trabalhei como preparador de texto em ambos\u201d, relembrou.<\/p>\n<p>O primeiro deles \u2500 Autonorama, do Peter Norton \u2500 mostra que tipo de escolha pol\u00edtica moldou o mundo para criar uma infraestrutura que corr\u00f3i a vida social. O segundo \u2500 Estrada para Lugar Nenhum, do Paris Marx \u2500 amplia esse diagn\u00f3stico, ao analisar diversos mecanismos de concentra\u00e7\u00e3o de poder, privatiza\u00e7\u00e3o das infraestruturas e controle social.<\/p>\n<p>\u201cNorton explica como chegamos at\u00e9 aqui. Marx mostra a dire\u00e7\u00e3o para a qual estamos sendo empurrados agora\u201d, concluiu.<\/p>\n<p>Ele destacou tamb\u00e9m um livro em que trabalhou e ainda n\u00e3o foi publicado: A Escada de Jac\u00f3, da escritora russa Liudmila Ul\u00edtskaia.<\/p>\n<p>\u201c\u00c9 um romance monumental, constru\u00eddo a partir de cartas, di\u00e1rios e documentos, que acompanha v\u00e1rias gera\u00e7\u00f5es de uma fam\u00edlia russa ao longo do S\u00e9culo 20, atravessando revolu\u00e7\u00e3o, guerra, stalinismo, ex\u00edlio e o fim da Uni\u00e3o Sovi\u00e9tica\u201d, adiantou o editor.<\/p>\n<p>\u201cEste foi um dos projetos mais exigentes e intelectualmente estimulantes da minha trajet\u00f3ria, porque cada p\u00e1gina cruza literatura, lingu\u00edstica, filosofia, m\u00fasica, ci\u00eancia e hist\u00f3ria com uma densidade rara na fic\u00e7\u00e3o contempor\u00e2nea\u201d, explicou.<\/p>\n<p><strong>Tradi\u00e7\u00e3o familiar<\/strong><br \/>\nA leitura \u00e9 como uma tradi\u00e7\u00e3o na fam\u00edlia, Hugo l\u00ea para o filho desde seu nascimento. Al\u00e9m dos livros em casa, fazem visitas semanais a bibliotecas p\u00fablicas.<\/p>\n<p>\u201cEle agora j\u00e1 sabe ler sozinho, mas todas as noites eu e minha esposa lemos para ele, ou ao lado dele, e isso faz muito bem para n\u00f3s tr\u00eas, para a nossa mem\u00f3ria afetiva como leitores. Faz bem para o nosso futuro\u201d.<\/p>\n<p>\u201cEu amo livros. Aos 12 anos de idade, meu av\u00f4 me deu o livro dele para eu comentar. Tudo come\u00e7ou a\u00ed. Um dia, ele chegou na minha casa e foi direto at\u00e9 o meu quarto, fechou a porta e tirou um manuscrito de dentro de um envelope. S\u00f3 me disse assim: \u2018leia, quero a sua opini\u00e3o, quando voc\u00ea estiver pronto, me avisa; mas \u00e9 um segredo, n\u00e3o conta para ningu\u00e9m\u2019\u201d, revelou \u00e0 reportagem.<\/p>\n<p>Hugo sustentou o desejo do av\u00f4, trabalharam no livro \u201cem segredo\u201d at\u00e9 publicarem a primeira edi\u00e7\u00e3o.<\/p>\n<p>\u201cDepois disso, a gente continuou trabalhando juntos nos livros dele, quatro no total. Quando ele faleceu, a gente ainda estava trabalhando nos livros. Um dia ainda vou publicar suas \u2018Obras completas\u2019.\u201d<\/p>\n<p>O editor revela que o ritmo de trabalho \u00e9 intenso e exige muito foco, com muitas p\u00e1ginas por dia.<\/p>\n<p>\u201cN\u00e3o \u00e9 algo que voc\u00ea l\u00ea e pronto, como um livro que voc\u00ea deita na rede para ler num s\u00e1bado \u00e0 tarde; precisa ler, reler, voltar pro come\u00e7o para ver se tem alguma contradi\u00e7\u00e3o, discutir com o autor ou com a editora, ler mais uma vez para ver se ficou bom. Eu trabalho muito de madrugada, por conta do sil\u00eancio.\u201d<\/p>\n<p>\u201cPaga muito pouco. As pessoas acham que ser revisor de textos \u00e9 um \u2018bico\u2019 interessante. Mas d\u00e1 muito trabalho, se voc\u00ea sabe o que est\u00e1 fazendo. E nem sempre tem demanda. Ent\u00e3o, tem horas que voc\u00ea precisa inventar trabalho ou vai acabar \u00e9 revisando os boletos atrasados que v\u00e3o se acumulando\u201d, relatou Hugo, com bom humor.<\/p>\n<p><strong>Uma editora independente<\/strong><br \/>\nPara Florencia Ferrari, s\u00f3cia da Ubu, as editoras independentes, em geral, s\u00e3o resultado de um desejo dos editores que querem publicar obras que gostam e que admiram.<\/p>\n<p>\u201cEu n\u00e3o fujo \u00e0 regra\u201d, disse.<\/p>\n<p>Ela conta que v\u00ea a Ubu como uma plataforma de projetos, onde h\u00e1 a oportunidade de cria\u00e7\u00e3o e aprendizado, inclusive junto aos designers, artistas e autores.<\/p>\n<p>O sentido deste trabalho, para ela, vai al\u00e9m de gerar renda: \u201c\u00e9 um lugar de realiza\u00e7\u00e3o e uma forma de estar no mundo\u201d.<\/p>\n<p>Ela ressalta ainda a import\u00e2ncia de boas rela\u00e7\u00f5es de trabalho nesse contexto. \u201cEu j\u00e1 vivi ambientes de trabalho t\u00f3xicos, competitivos, de vigil\u00e2ncia, de controle. E eu gosto de pensar que a gente criou na Ubu um ambiente que se caracteriza por troca, aprendizado, colabora\u00e7\u00e3o, apoio, cuidado e pela lideran\u00e7a das pessoas que conhecem suas \u00e1reas.\u201d<\/p>\n<p>Al\u00e9m de um ambiente de trabalho saud\u00e1vel, da produ\u00e7\u00e3o de conhecimento e divulga\u00e7\u00e3o de ideias, Florencia ressalta que o posicionamento \u00e9tico e pol\u00edtico integra o modo de atua\u00e7\u00e3o da editora.<\/p>\n<p>\u201cEu acho que isso tamb\u00e9m \u00e9 caracter\u00edstica de algumas editoras independentes: eu vejo a Ubu como um lugar de posicionamento e de pensamento, inclusive de atitude cr\u00edtica, no sentido do Foucault, de atitude pol\u00edtica, de se colocar. N\u00e3o fazendo disso uma milit\u00e2ncia, mas sim uma \u00e9tica pol\u00edtica\u201d, explicou.<\/p>\n<p><strong>Mais de 500 livros<\/strong><br \/>\nAtualmente professor da Universidade Federal do Rio Grande (FURG), mas sem deixar a profiss\u00e3o de tradutor, Adail Sobral j\u00e1 traduziu mais de 500 livros. Foi tamb\u00e9m membro do corpo de jurados do Pr\u00eamio Jabuti nos anos de 2004, 2007, 2008 e 2018.<\/p>\n<p>\u201cEu comecei por acaso, mas a\u00ed eu me apaixonei pela tradu\u00e7\u00e3o. E n\u00e3o parei.\u201d<\/p>\n<p>A tradu\u00e7\u00e3o do primeiro livro \u2500 Atos de fala, de John Searle \u2500 aconteceu enquanto era aluno de p\u00f3s-gradua\u00e7\u00e3o, em 1981, quando a tradu\u00e7\u00e3o fazia parte das atividades acad\u00eamicas.<\/p>\n<p>\u201cEles convocaram todo mundo para come\u00e7ar a traduzir. Era a universidade que traduzia e fazia parte de nossas atividades. A gente traduzia de gra\u00e7a. Ali, n\u00e3o era profissional ainda\u201d, contou Adail.<\/p>\n<p>De 1985 at\u00e9 1999, ele se dedicou totalmente \u00e0 profiss\u00e3o, em grande parte junto \u00e0 sua esposa na \u00e9poca, Maria Stela Gon\u00e7alves (1954-2015).<\/p>\n<p>\u201cEm uma \u00e9poca, eu traduzi bastante coisa de inform\u00e1tica. Era o que me sustentava. Depois, comecei a traduzir da \u00e1rea de ci\u00eancias humanas, e a\u00ed teve um monte de coisas\u201d, lembrou Adail, citando autores como Jean Baudrillard, Jonathan Barnes, David Harvey e F\u00e9lix Guattari, al\u00e9m de t\u00edtulos religiosos. Depois, o tradutor se especializou na \u00e1rea de medicina. \u201c\u00c9 o que dava dinheiro\u201d, revela.<\/p>\n<p>Uma das obras que mais gostou de trabalhar foi Her\u00f3i de Mil Faces, de Joseph Campbell.<\/p>\n<p>\u201cEle escreve sobre mitologia de uma maneira que \u00e9 liter\u00e1ria e tamb\u00e9m \u00e9 t\u00e9cnica. Ent\u00e3o \u00e9 um livro bonito, que esteticamente agrada, n\u00e3o s\u00f3 o conte\u00fado mas a forma, a maneira como ele \u00e9 organizado. E essa tradu\u00e7\u00e3o tinha uma particularidade. N\u00e3o deu tempo de ser editada, n\u00e3o teve revis\u00e3o. A revis\u00e3o foi minha mesmo, eu mesmo traduzi, eu mesmo revisei\u201d, lembrou.<\/p>\n<p>\u201cEu gostei tamb\u00e9m de traduzir, junto com Maria Stela, o Jean Baudrillard: A troca simb\u00f3lica e a morte, que saiu em 1996. Esse livro tem tamb\u00e9m uma particularidade, o primeiro cap\u00edtulo dele \u00e9 uma transcri\u00e7\u00e3o de fala. N\u00f3s conseguimos reproduzir por escrito a fala, ficou muito bonito\u201d, contou.<\/p>\n<p>O casal traduziu ainda as obras completas de Santa Teresa de Jesus, que \u00e9 outro dos trabalhos que mais lhe trouxe satisfa\u00e7\u00e3o, apesar de exigir intensa dedica\u00e7\u00e3o.<\/p>\n<p>\u201cEra um original do S\u00e9culo 16, e a tradu\u00e7\u00e3o teve que ser adaptada para o tempo moderno. Eram 2 mil p\u00e1ginas. Passamos um ano traduzindo,180 [p\u00e1ginas] por m\u00eas, mais ou menos\u201d, lembrou.<\/p>\n<p>\u201cEsses tr\u00eas [trabalhos] eu adoro. Esses livros eu adoro de toda maneira. E o da Santa Teresa, imagina, levamos um ano convivendo com uma obra\u201d, disse com entusiasmo.<\/p>\n<p><strong>Valoriza\u00e7\u00e3o profissional<\/strong><br \/>\nAdail menciona o cansa\u00e7o causado pelo of\u00edcio e suas longas jornadas de trabalho, ainda que tenha se encontrado na profiss\u00e3o.<\/p>\n<p>\u201cEu fiquei traduzindo 15 anos fora da universidade. Depois, eu resolvi voltar porque eu estava cansado de s\u00f3 traduzir. Uma \u00e9poca, eu traduzia 14 horas por dia, tinha dois ou tr\u00eas clientes [ao mesmo tempo]\u201d, lembrou.<\/p>\n<p>Em rela\u00e7\u00e3o ao modelo de contrata\u00e7\u00e3o no setor editorial e livreiro naquela \u00e9poca, ele avalia que era uma rela\u00e7\u00e3o quase paternalista.<\/p>\n<p>\u201cDe certo modo, a gente n\u00e3o era considerado um profissional. A remunera\u00e7\u00e3o n\u00e3o era boa, voc\u00ea tinha que traduzir bastante para conseguir sobreviver. Hoje eu acho que est\u00e1 um pouco melhor, mas nem tanto tamb\u00e9m.\u201d<\/p>\n<p>Adail menciona que os empregadores justificavam um sal\u00e1rio menor por conta do pagamento ao Instituto Nacional do Seguro Social (INSS). Atualmente, os tradutores prestam servi\u00e7os como pessoa jur\u00eddica, mas ainda h\u00e1 desvaloriza\u00e7\u00e3o profissional.<\/p>\n<p>\u201cAs grandes editoras [no pa\u00eds] determinam qual \u00e9 o pre\u00e7o que elas v\u00e3o pagar para a tradu\u00e7\u00e3o. As menores negociam um pouco, mas justamente elas n\u00e3o t\u00eam poder de pagamento\u201d, comentou sobre as dificuldades da profiss\u00e3o no pa\u00eds.<\/p>\n<p>Segundo ele, os profissionais alcan\u00e7am melhor remunera\u00e7\u00e3o em tradu\u00e7\u00f5es de \u00e1reas t\u00e9cnicas \u2500 que exigem precis\u00e3o terminol\u00f3gica \u2500 e na presta\u00e7\u00e3o de servi\u00e7os para clientes estrangeiros.<\/p>\n","protected":false},"excerpt":{"rendered":"<p>\u201cEu me orgulho muito de poder ver o meu nome nos cr\u00e9ditos de livros que sejam realmente incr\u00edveis, saber que eu sou parte de uma obra cuja leitura pode, eventualmente, ser a leitura da vida de algu\u00e9m\u201d. Editor aut\u00f4nomo e publisher, Hugo Maciel de Carvalho formou-se em Direito e chegou a trabalhar em escrit\u00f3rio de [&hellip;]<\/p>\n","protected":false},"author":2,"featured_media":378627,"comment_status":"closed","ping_status":"closed","sticky":false,"template":"","format":"standard","meta":{"_acf_changed":false,"footnotes":""},"categories":[155],"tags":[],"class_list":["post-378626","post","type-post","status-publish","format-standard","has-post-thumbnail","hentry","category-leitura-vip"],"acf":[],"yoast_head":"<!-- This site is optimized with the Yoast SEO plugin v27.2 - https:\/\/yoast.com\/product\/yoast-seo-wordpress\/ -->\n<title>Setor editorial lembra a vida e obras preferidas - Notibras<\/title>\n<meta name=\"robots\" content=\"index, follow, max-snippet:-1, max-image-preview:large, max-video-preview:-1\" \/>\n<link rel=\"canonical\" href=\"https:\/\/www.notibras.com\/site\/setor-editorial-lembra-a-vida-e-obras-preferidas\/\" \/>\n<meta property=\"og:locale\" content=\"pt_BR\" \/>\n<meta property=\"og:type\" content=\"article\" \/>\n<meta property=\"og:title\" content=\"Setor editorial lembra a vida e obras preferidas - Notibras\" \/>\n<meta property=\"og:description\" content=\"\u201cEu me orgulho muito de poder ver o meu nome nos cr\u00e9ditos de livros que sejam realmente incr\u00edveis, saber que eu sou parte de uma obra cuja leitura pode, eventualmente, ser a leitura da vida de algu\u00e9m\u201d. Editor aut\u00f4nomo e publisher, Hugo Maciel de Carvalho formou-se em Direito e chegou a trabalhar em escrit\u00f3rio de [&hellip;]\" \/>\n<meta property=\"og:url\" content=\"https:\/\/www.notibras.com\/site\/setor-editorial-lembra-a-vida-e-obras-preferidas\/\" \/>\n<meta property=\"og:site_name\" content=\"Notibras\" \/>\n<meta property=\"article:publisher\" content=\"https:\/\/www.facebook.com\/notibras\/\" \/>\n<meta property=\"article:published_time\" content=\"2026-01-12T03:52:41+00:00\" \/>\n<meta property=\"og:image\" content=\"https:\/\/www.notibras.com\/site\/wp-content\/uploads\/2026\/01\/whatsapp_image_2026-01-09_at_19.44.40.webp\" \/>\n\t<meta property=\"og:image:width\" content=\"754\" \/>\n\t<meta property=\"og:image:height\" content=\"427\" \/>\n\t<meta property=\"og:image:type\" content=\"image\/webp\" \/>\n<meta name=\"author\" content=\"Reda\u00e7\u00e3o\" \/>\n<meta name=\"twitter:card\" content=\"summary_large_image\" \/>\n<meta name=\"twitter:creator\" content=\"@Notibras\" \/>\n<meta name=\"twitter:site\" content=\"@Notibras\" \/>\n<meta name=\"twitter:label1\" content=\"Escrito por\" \/>\n\t<meta name=\"twitter:data1\" content=\"Reda\u00e7\u00e3o\" \/>\n\t<meta name=\"twitter:label2\" content=\"Est. tempo de leitura\" \/>\n\t<meta name=\"twitter:data2\" content=\"9 minutos\" \/>\n<script type=\"application\/ld+json\" class=\"yoast-schema-graph\">{\"@context\":\"https:\/\/schema.org\",\"@graph\":[{\"@type\":\"Article\",\"@id\":\"https:\/\/www.notibras.com\/site\/setor-editorial-lembra-a-vida-e-obras-preferidas\/#article\",\"isPartOf\":{\"@id\":\"https:\/\/www.notibras.com\/site\/setor-editorial-lembra-a-vida-e-obras-preferidas\/\"},\"author\":{\"name\":\"Reda\u00e7\u00e3o\",\"@id\":\"https:\/\/www.notibras.com\/site\/#\/schema\/person\/36ab0979449956132d3e5b517ea76ac8\"},\"headline\":\"Setor editorial lembra a vida e obras preferidas\",\"datePublished\":\"2026-01-12T03:52:41+00:00\",\"mainEntityOfPage\":{\"@id\":\"https:\/\/www.notibras.com\/site\/setor-editorial-lembra-a-vida-e-obras-preferidas\/\"},\"wordCount\":1708,\"publisher\":{\"@id\":\"https:\/\/www.notibras.com\/site\/#organization\"},\"image\":{\"@id\":\"https:\/\/www.notibras.com\/site\/setor-editorial-lembra-a-vida-e-obras-preferidas\/#primaryimage\"},\"thumbnailUrl\":\"https:\/\/www.notibras.com\/site\/wp-content\/uploads\/2026\/01\/whatsapp_image_2026-01-09_at_19.44.40.webp\",\"articleSection\":[\"Leitura Vip\"],\"inLanguage\":\"pt-BR\"},{\"@type\":\"WebPage\",\"@id\":\"https:\/\/www.notibras.com\/site\/setor-editorial-lembra-a-vida-e-obras-preferidas\/\",\"url\":\"https:\/\/www.notibras.com\/site\/setor-editorial-lembra-a-vida-e-obras-preferidas\/\",\"name\":\"Setor editorial lembra a vida e obras preferidas - Notibras\",\"isPartOf\":{\"@id\":\"https:\/\/www.notibras.com\/site\/#website\"},\"primaryImageOfPage\":{\"@id\":\"https:\/\/www.notibras.com\/site\/setor-editorial-lembra-a-vida-e-obras-preferidas\/#primaryimage\"},\"image\":{\"@id\":\"https:\/\/www.notibras.com\/site\/setor-editorial-lembra-a-vida-e-obras-preferidas\/#primaryimage\"},\"thumbnailUrl\":\"https:\/\/www.notibras.com\/site\/wp-content\/uploads\/2026\/01\/whatsapp_image_2026-01-09_at_19.44.40.webp\",\"datePublished\":\"2026-01-12T03:52:41+00:00\",\"breadcrumb\":{\"@id\":\"https:\/\/www.notibras.com\/site\/setor-editorial-lembra-a-vida-e-obras-preferidas\/#breadcrumb\"},\"inLanguage\":\"pt-BR\",\"potentialAction\":[{\"@type\":\"ReadAction\",\"target\":[\"https:\/\/www.notibras.com\/site\/setor-editorial-lembra-a-vida-e-obras-preferidas\/\"]}]},{\"@type\":\"ImageObject\",\"inLanguage\":\"pt-BR\",\"@id\":\"https:\/\/www.notibras.com\/site\/setor-editorial-lembra-a-vida-e-obras-preferidas\/#primaryimage\",\"url\":\"https:\/\/www.notibras.com\/site\/wp-content\/uploads\/2026\/01\/whatsapp_image_2026-01-09_at_19.44.40.webp\",\"contentUrl\":\"https:\/\/www.notibras.com\/site\/wp-content\/uploads\/2026\/01\/whatsapp_image_2026-01-09_at_19.44.40.webp\",\"width\":754,\"height\":427},{\"@type\":\"BreadcrumbList\",\"@id\":\"https:\/\/www.notibras.com\/site\/setor-editorial-lembra-a-vida-e-obras-preferidas\/#breadcrumb\",\"itemListElement\":[{\"@type\":\"ListItem\",\"position\":1,\"name\":\"In\u00edcio\",\"item\":\"https:\/\/www.notibras.com\/site\/\"},{\"@type\":\"ListItem\",\"position\":2,\"name\":\"Setor editorial lembra a vida e obras preferidas\"}]},{\"@type\":\"WebSite\",\"@id\":\"https:\/\/www.notibras.com\/site\/#website\",\"url\":\"https:\/\/www.notibras.com\/site\/\",\"name\":\"Notibras\",\"description\":\"Not\u00edcias de Bras\u00edlia, do Brasil e do Mundo\",\"publisher\":{\"@id\":\"https:\/\/www.notibras.com\/site\/#organization\"},\"potentialAction\":[{\"@type\":\"SearchAction\",\"target\":{\"@type\":\"EntryPoint\",\"urlTemplate\":\"https:\/\/www.notibras.com\/site\/?s={search_term_string}\"},\"query-input\":{\"@type\":\"PropertyValueSpecification\",\"valueRequired\":true,\"valueName\":\"search_term_string\"}}],\"inLanguage\":\"pt-BR\"},{\"@type\":\"Organization\",\"@id\":\"https:\/\/www.notibras.com\/site\/#organization\",\"name\":\"Grupo Notibras de Comunica\u00e7\u00e3o\",\"url\":\"https:\/\/www.notibras.com\/site\/\",\"logo\":{\"@type\":\"ImageObject\",\"inLanguage\":\"pt-BR\",\"@id\":\"https:\/\/www.notibras.com\/site\/#\/schema\/logo\/image\/\",\"url\":\"https:\/\/www.notibras.com\/site\/wp-content\/uploads\/2023\/01\/notibras23.png\",\"contentUrl\":\"https:\/\/www.notibras.com\/site\/wp-content\/uploads\/2023\/01\/notibras23.png\",\"width\":350,\"height\":87,\"caption\":\"Grupo Notibras de Comunica\u00e7\u00e3o\"},\"image\":{\"@id\":\"https:\/\/www.notibras.com\/site\/#\/schema\/logo\/image\/\"},\"sameAs\":[\"https:\/\/www.facebook.com\/notibras\/\",\"https:\/\/x.com\/Notibras\",\"https:\/\/www.instagram.com\/notibras\/\"]},{\"@type\":\"Person\",\"@id\":\"https:\/\/www.notibras.com\/site\/#\/schema\/person\/36ab0979449956132d3e5b517ea76ac8\",\"name\":\"Reda\u00e7\u00e3o\",\"image\":{\"@type\":\"ImageObject\",\"inLanguage\":\"pt-BR\",\"@id\":\"https:\/\/secure.gravatar.com\/avatar\/e0a867bdedb85fd243eadf09663511f96fc81e0720a4a42581f334ad4303aa6b?s=96&d=mm&r=g\",\"url\":\"https:\/\/secure.gravatar.com\/avatar\/e0a867bdedb85fd243eadf09663511f96fc81e0720a4a42581f334ad4303aa6b?s=96&d=mm&r=g\",\"contentUrl\":\"https:\/\/secure.gravatar.com\/avatar\/e0a867bdedb85fd243eadf09663511f96fc81e0720a4a42581f334ad4303aa6b?s=96&d=mm&r=g\",\"caption\":\"Reda\u00e7\u00e3o\"}}]}<\/script>\n<!-- \/ Yoast SEO plugin. -->","yoast_head_json":{"title":"Setor editorial lembra a vida e obras preferidas - Notibras","robots":{"index":"index","follow":"follow","max-snippet":"max-snippet:-1","max-image-preview":"max-image-preview:large","max-video-preview":"max-video-preview:-1"},"canonical":"https:\/\/www.notibras.com\/site\/setor-editorial-lembra-a-vida-e-obras-preferidas\/","og_locale":"pt_BR","og_type":"article","og_title":"Setor editorial lembra a vida e obras preferidas - Notibras","og_description":"\u201cEu me orgulho muito de poder ver o meu nome nos cr\u00e9ditos de livros que sejam realmente incr\u00edveis, saber que eu sou parte de uma obra cuja leitura pode, eventualmente, ser a leitura da vida de algu\u00e9m\u201d. Editor aut\u00f4nomo e publisher, Hugo Maciel de Carvalho formou-se em Direito e chegou a trabalhar em escrit\u00f3rio de [&hellip;]","og_url":"https:\/\/www.notibras.com\/site\/setor-editorial-lembra-a-vida-e-obras-preferidas\/","og_site_name":"Notibras","article_publisher":"https:\/\/www.facebook.com\/notibras\/","article_published_time":"2026-01-12T03:52:41+00:00","og_image":[{"width":754,"height":427,"url":"https:\/\/www.notibras.com\/site\/wp-content\/uploads\/2026\/01\/whatsapp_image_2026-01-09_at_19.44.40.webp","type":"image\/webp"}],"author":"Reda\u00e7\u00e3o","twitter_card":"summary_large_image","twitter_creator":"@Notibras","twitter_site":"@Notibras","twitter_misc":{"Escrito por":"Reda\u00e7\u00e3o","Est. tempo de leitura":"9 minutos"},"schema":{"@context":"https:\/\/schema.org","@graph":[{"@type":"Article","@id":"https:\/\/www.notibras.com\/site\/setor-editorial-lembra-a-vida-e-obras-preferidas\/#article","isPartOf":{"@id":"https:\/\/www.notibras.com\/site\/setor-editorial-lembra-a-vida-e-obras-preferidas\/"},"author":{"name":"Reda\u00e7\u00e3o","@id":"https:\/\/www.notibras.com\/site\/#\/schema\/person\/36ab0979449956132d3e5b517ea76ac8"},"headline":"Setor editorial lembra a vida e obras preferidas","datePublished":"2026-01-12T03:52:41+00:00","mainEntityOfPage":{"@id":"https:\/\/www.notibras.com\/site\/setor-editorial-lembra-a-vida-e-obras-preferidas\/"},"wordCount":1708,"publisher":{"@id":"https:\/\/www.notibras.com\/site\/#organization"},"image":{"@id":"https:\/\/www.notibras.com\/site\/setor-editorial-lembra-a-vida-e-obras-preferidas\/#primaryimage"},"thumbnailUrl":"https:\/\/www.notibras.com\/site\/wp-content\/uploads\/2026\/01\/whatsapp_image_2026-01-09_at_19.44.40.webp","articleSection":["Leitura Vip"],"inLanguage":"pt-BR"},{"@type":"WebPage","@id":"https:\/\/www.notibras.com\/site\/setor-editorial-lembra-a-vida-e-obras-preferidas\/","url":"https:\/\/www.notibras.com\/site\/setor-editorial-lembra-a-vida-e-obras-preferidas\/","name":"Setor editorial lembra a vida e obras preferidas - Notibras","isPartOf":{"@id":"https:\/\/www.notibras.com\/site\/#website"},"primaryImageOfPage":{"@id":"https:\/\/www.notibras.com\/site\/setor-editorial-lembra-a-vida-e-obras-preferidas\/#primaryimage"},"image":{"@id":"https:\/\/www.notibras.com\/site\/setor-editorial-lembra-a-vida-e-obras-preferidas\/#primaryimage"},"thumbnailUrl":"https:\/\/www.notibras.com\/site\/wp-content\/uploads\/2026\/01\/whatsapp_image_2026-01-09_at_19.44.40.webp","datePublished":"2026-01-12T03:52:41+00:00","breadcrumb":{"@id":"https:\/\/www.notibras.com\/site\/setor-editorial-lembra-a-vida-e-obras-preferidas\/#breadcrumb"},"inLanguage":"pt-BR","potentialAction":[{"@type":"ReadAction","target":["https:\/\/www.notibras.com\/site\/setor-editorial-lembra-a-vida-e-obras-preferidas\/"]}]},{"@type":"ImageObject","inLanguage":"pt-BR","@id":"https:\/\/www.notibras.com\/site\/setor-editorial-lembra-a-vida-e-obras-preferidas\/#primaryimage","url":"https:\/\/www.notibras.com\/site\/wp-content\/uploads\/2026\/01\/whatsapp_image_2026-01-09_at_19.44.40.webp","contentUrl":"https:\/\/www.notibras.com\/site\/wp-content\/uploads\/2026\/01\/whatsapp_image_2026-01-09_at_19.44.40.webp","width":754,"height":427},{"@type":"BreadcrumbList","@id":"https:\/\/www.notibras.com\/site\/setor-editorial-lembra-a-vida-e-obras-preferidas\/#breadcrumb","itemListElement":[{"@type":"ListItem","position":1,"name":"In\u00edcio","item":"https:\/\/www.notibras.com\/site\/"},{"@type":"ListItem","position":2,"name":"Setor editorial lembra a vida e obras preferidas"}]},{"@type":"WebSite","@id":"https:\/\/www.notibras.com\/site\/#website","url":"https:\/\/www.notibras.com\/site\/","name":"Notibras","description":"Not\u00edcias de Bras\u00edlia, do Brasil e do Mundo","publisher":{"@id":"https:\/\/www.notibras.com\/site\/#organization"},"potentialAction":[{"@type":"SearchAction","target":{"@type":"EntryPoint","urlTemplate":"https:\/\/www.notibras.com\/site\/?s={search_term_string}"},"query-input":{"@type":"PropertyValueSpecification","valueRequired":true,"valueName":"search_term_string"}}],"inLanguage":"pt-BR"},{"@type":"Organization","@id":"https:\/\/www.notibras.com\/site\/#organization","name":"Grupo Notibras de Comunica\u00e7\u00e3o","url":"https:\/\/www.notibras.com\/site\/","logo":{"@type":"ImageObject","inLanguage":"pt-BR","@id":"https:\/\/www.notibras.com\/site\/#\/schema\/logo\/image\/","url":"https:\/\/www.notibras.com\/site\/wp-content\/uploads\/2023\/01\/notibras23.png","contentUrl":"https:\/\/www.notibras.com\/site\/wp-content\/uploads\/2023\/01\/notibras23.png","width":350,"height":87,"caption":"Grupo Notibras de Comunica\u00e7\u00e3o"},"image":{"@id":"https:\/\/www.notibras.com\/site\/#\/schema\/logo\/image\/"},"sameAs":["https:\/\/www.facebook.com\/notibras\/","https:\/\/x.com\/Notibras","https:\/\/www.instagram.com\/notibras\/"]},{"@type":"Person","@id":"https:\/\/www.notibras.com\/site\/#\/schema\/person\/36ab0979449956132d3e5b517ea76ac8","name":"Reda\u00e7\u00e3o","image":{"@type":"ImageObject","inLanguage":"pt-BR","@id":"https:\/\/secure.gravatar.com\/avatar\/e0a867bdedb85fd243eadf09663511f96fc81e0720a4a42581f334ad4303aa6b?s=96&d=mm&r=g","url":"https:\/\/secure.gravatar.com\/avatar\/e0a867bdedb85fd243eadf09663511f96fc81e0720a4a42581f334ad4303aa6b?s=96&d=mm&r=g","contentUrl":"https:\/\/secure.gravatar.com\/avatar\/e0a867bdedb85fd243eadf09663511f96fc81e0720a4a42581f334ad4303aa6b?s=96&d=mm&r=g","caption":"Reda\u00e7\u00e3o"}}]}},"amp_enabled":true,"_links":{"self":[{"href":"https:\/\/www.notibras.com\/site\/wp-json\/wp\/v2\/posts\/378626","targetHints":{"allow":["GET"]}}],"collection":[{"href":"https:\/\/www.notibras.com\/site\/wp-json\/wp\/v2\/posts"}],"about":[{"href":"https:\/\/www.notibras.com\/site\/wp-json\/wp\/v2\/types\/post"}],"author":[{"embeddable":true,"href":"https:\/\/www.notibras.com\/site\/wp-json\/wp\/v2\/users\/2"}],"replies":[{"embeddable":true,"href":"https:\/\/www.notibras.com\/site\/wp-json\/wp\/v2\/comments?post=378626"}],"version-history":[{"count":4,"href":"https:\/\/www.notibras.com\/site\/wp-json\/wp\/v2\/posts\/378626\/revisions"}],"predecessor-version":[{"id":378631,"href":"https:\/\/www.notibras.com\/site\/wp-json\/wp\/v2\/posts\/378626\/revisions\/378631"}],"wp:featuredmedia":[{"embeddable":true,"href":"https:\/\/www.notibras.com\/site\/wp-json\/wp\/v2\/media\/378627"}],"wp:attachment":[{"href":"https:\/\/www.notibras.com\/site\/wp-json\/wp\/v2\/media?parent=378626"}],"wp:term":[{"taxonomy":"category","embeddable":true,"href":"https:\/\/www.notibras.com\/site\/wp-json\/wp\/v2\/categories?post=378626"},{"taxonomy":"post_tag","embeddable":true,"href":"https:\/\/www.notibras.com\/site\/wp-json\/wp\/v2\/tags?post=378626"}],"curies":[{"name":"wp","href":"https:\/\/api.w.org\/{rel}","templated":true}]}}