{"id":378632,"date":"2026-01-12T02:00:49","date_gmt":"2026-01-12T05:00:49","guid":{"rendered":"https:\/\/www.notibras.com\/site\/?p=378632"},"modified":"2026-01-11T23:55:22","modified_gmt":"2026-01-12T02:55:22","slug":"finalmente-um-varao","status":"publish","type":"post","link":"https:\/\/www.notibras.com\/site\/finalmente-um-varao\/","title":{"rendered":"Finalmente um var\u00e3o"},"content":{"rendered":"<p>O ano exato desse acontecido \u00e9 por volta de pouca coisa antes ou depois da funda\u00e7\u00e3o de Bras\u00edlia, a ent\u00e3o nov\u00edssima capital do Brasil. E foi nesse per\u00edodo que teria nascido o primeiro var\u00e3o do casal Francisca e Francisco. Isso ap\u00f3s a chegada de sete meninas: Maria Jos\u00e9, Maria Eunice, Maria L\u00facia, Maria Odete, Maria Joaquina, Maria Regina e Maria Clara.<\/p>\n<p>Barriga pontuda era certeza de que se tratava de menino. Francisca sabia pelo brilho no olhar do marido que ele estava orgulhoso. Coisas de homem, que faz quest\u00e3o de manter o sobrenome da fam\u00edlia. Como se o Oliveira do sujeito fosse distinguir o moleque de tantos outros.<\/p>\n<p>Francisca, assim que sentiu que o momento havia chegado, mandou o marido ir buscar dona Lia, a parteira da localidade, cujas m\u00e3os experientes haviam trazido ao mundo in\u00fameras crian\u00e7as, incluindo as sete filhas do casal. A mulher morava em uma ruela sem qualquer sinaliza\u00e7\u00e3o, o que n\u00e3o parecia empecilho para encontr\u00e1-la, j\u00e1 que todos a conheciam praticamente como se santa fosse.<\/p>\n<p>\u2014 Dona Lia n\u00e3o est\u00e1.<\/p>\n<p>\u2014 Mas j\u00e1 chegou a hora do Aizenr\u00e1uer nascer.<\/p>\n<p>Aqui vale um adendo. \u00c9 que o casal ouvira no r\u00e1dio o nome do ent\u00e3o presidente dos Estados Unidos, Dwight David Eisenhower, e desejou lhe fazer uma homenagem. Na verdade, nem era quest\u00e3o de homenagem, mas de sonoridade.<\/p>\n<p>\u2014 Eita, que nosso filho vai ser importante.<\/p>\n<p>\u2014 E n\u00e3o \u00e9, Francisca? Aizenr\u00e1uer Oliveira.<\/p>\n<p>\u2014 Aizenr\u00e1uer Pereira Oliveira.<\/p>\n<p>\u2014 Sim, mulher! Vai ter o seu Pereira tamb\u00e9m, que nem as nossas meninas.<\/p>\n<p>Mas voltando ao momento em que Francisco, agoniado por n\u00e3o ter encontrado a parteira em casa, queria saber o paradeiro da senhora.<\/p>\n<p>\u2014 E onde ela t\u00e1, que meu menino j\u00e1 t\u00e1 pra nascer.<\/p>\n<p>\u2014 Ela t\u00e1 na casa da Ant\u00f4nia.<\/p>\n<p>\u2014 A Ant\u00f4nia do Ant\u00f4nio?<\/p>\n<p>\u2014 Sim.<\/p>\n<p>\u2014 Num \u00e9 poss\u00edvel que a Ant\u00f4nia resolveu parir justamente hoje.<\/p>\n<p>\u2014 Pelo adiantar das horas, acho at\u00e9 que j\u00e1 pariu. Se voc\u00ea correr l\u00e1, \u00e9 capaz de encontrar dona Lia com o beb\u00ea no colo.<\/p>\n<p>N\u00e3o deu outra. Assim que Francisco chegou \u00e0 resid\u00eancia do casal Ant\u00f4nia e Ant\u00f4nia, a parteira estava passando a rebenta para a m\u00e3e.<\/p>\n<p>\u2014 Dona Lia, pelo amor de Deus! A senhora precisa correr l\u00e1 em casa.<\/p>\n<p>\u2014 E o que foi, Francisco?<\/p>\n<p>\u2014 O Aizenr\u00e1uer t\u00e1 que t\u00e1 cutucando as partes da Francisca.<\/p>\n<p>E l\u00e1 foi dona Lia e o sujeito desesperado acudir a gr\u00e1vida. Assim que chegaram, a parteira, quest\u00e3o de minutos, conseguiu ajudar o beb\u00ea a nascer. Um garoto bonit\u00e3o e, pelo choro, provido de pulm\u00f5es saud\u00e1veis.<\/p>\n<p>Tudo parecia perfeito e, alguns dias ap\u00f3s, Francisco foi registrar o filho. Todavia, o tabeli\u00e3o bateu o p\u00e9 e mostrou quem \u00e9 que manda.<\/p>\n<p>\u2014 Esse nome n\u00e3o registro! Vai ser Alzemar e pronto!<\/p>\n<p>E foi o que deu para arranjar. Entre tantas Marias, o ca\u00e7ula, \u00fanico var\u00e3o, ficou sendo Alzemar Oliveira. Ah, e com Pereira no meio.<\/p>\n<p><strong>\u2026\u2026\u2026\u2026\u2026\u2026\u2026\u2026<\/strong><\/p>\n<p><strong>Eduardo Mart\u00ednez \u00e9 autor do livro \u201957 Contos e Cr\u00f4nicas por um Autor Muito Velho\u2019 (Vencedor do Pr\u00eamio Liter\u00e1rio Clarice Lispector \u2013 2025 na categoria livro de contos).<\/strong><\/p>\n<p><strong>Compre aqui<\/strong><\/p>\n<p><a href=\"https:\/\/www.joanineditora.com.br\/57-contos-e-cronicas-por-um-autor-muito-velho\"><strong>https:\/\/www.joanineditora.com.br\/57-contos-e-cronicas-por-um-autor-muito-velho<\/strong><\/a><\/p>\n<div id=\"wpdevar_comment_4\"><\/div>\n","protected":false},"excerpt":{"rendered":"<p>O ano exato desse acontecido \u00e9 por volta de pouca coisa antes ou depois da funda\u00e7\u00e3o de Bras\u00edlia, a ent\u00e3o nov\u00edssima capital do Brasil. E foi nesse per\u00edodo que teria nascido o primeiro var\u00e3o do casal Francisca e Francisco. Isso ap\u00f3s a chegada de sete meninas: Maria Jos\u00e9, Maria Eunice, Maria L\u00facia, Maria Odete, Maria [&hellip;]<\/p>\n","protected":false},"author":21,"featured_media":378633,"comment_status":"closed","ping_status":"closed","sticky":false,"template":"","format":"standard","meta":{"_acf_changed":false,"footnotes":""},"categories":[161],"tags":[],"class_list":["post-378632","post","type-post","status-publish","format-standard","has-post-thumbnail","hentry","category-quadradinho-em-foco"],"acf":[],"yoast_head":"<!-- This site is optimized with the Yoast SEO plugin v27.2 - https:\/\/yoast.com\/product\/yoast-seo-wordpress\/ -->\n<title>Finalmente um var\u00e3o - Notibras<\/title>\n<meta name=\"robots\" content=\"index, follow, max-snippet:-1, max-image-preview:large, max-video-preview:-1\" \/>\n<link rel=\"canonical\" href=\"https:\/\/www.notibras.com\/site\/finalmente-um-varao\/\" \/>\n<meta property=\"og:locale\" content=\"pt_BR\" \/>\n<meta property=\"og:type\" content=\"article\" \/>\n<meta property=\"og:title\" content=\"Finalmente um var\u00e3o - Notibras\" \/>\n<meta property=\"og:description\" content=\"O ano exato desse acontecido \u00e9 por volta de pouca coisa antes ou depois da funda\u00e7\u00e3o de Bras\u00edlia, a ent\u00e3o nov\u00edssima capital do Brasil. E foi nesse per\u00edodo que teria nascido o primeiro var\u00e3o do casal Francisca e Francisco. Isso ap\u00f3s a chegada de sete meninas: Maria Jos\u00e9, Maria Eunice, Maria L\u00facia, Maria Odete, Maria [&hellip;]\" \/>\n<meta property=\"og:url\" content=\"https:\/\/www.notibras.com\/site\/finalmente-um-varao\/\" \/>\n<meta property=\"og:site_name\" content=\"Notibras\" \/>\n<meta property=\"article:publisher\" content=\"https:\/\/www.facebook.com\/notibras\/\" \/>\n<meta property=\"article:published_time\" content=\"2026-01-12T05:00:49+00:00\" \/>\n<meta property=\"og:image\" content=\"https:\/\/www.notibras.com\/site\/wp-content\/uploads\/2026\/01\/IMG_0271.jpg\" \/>\n\t<meta property=\"og:image:width\" content=\"1023\" \/>\n\t<meta property=\"og:image:height\" content=\"912\" \/>\n\t<meta property=\"og:image:type\" content=\"image\/jpeg\" \/>\n<meta name=\"author\" content=\"Eduardo Mart\u00ednez\" \/>\n<meta name=\"twitter:card\" content=\"summary_large_image\" \/>\n<meta name=\"twitter:creator\" content=\"@Notibras\" \/>\n<meta name=\"twitter:site\" content=\"@Notibras\" \/>\n<meta name=\"twitter:label1\" content=\"Escrito por\" \/>\n\t<meta name=\"twitter:data1\" content=\"Eduardo Mart\u00ednez\" \/>\n\t<meta name=\"twitter:label2\" content=\"Est. tempo de leitura\" \/>\n\t<meta name=\"twitter:data2\" content=\"4 minutos\" \/>\n<script type=\"application\/ld+json\" class=\"yoast-schema-graph\">{\"@context\":\"https:\/\/schema.org\",\"@graph\":[{\"@type\":\"Article\",\"@id\":\"https:\/\/www.notibras.com\/site\/finalmente-um-varao\/#article\",\"isPartOf\":{\"@id\":\"https:\/\/www.notibras.com\/site\/finalmente-um-varao\/\"},\"author\":{\"name\":\"Eduardo Mart\u00ednez\",\"@id\":\"https:\/\/www.notibras.com\/site\/#\/schema\/person\/5b7fabf2aedc3ada2105f03b22b4d3dd\"},\"headline\":\"Finalmente um var\u00e3o\",\"datePublished\":\"2026-01-12T05:00:49+00:00\",\"mainEntityOfPage\":{\"@id\":\"https:\/\/www.notibras.com\/site\/finalmente-um-varao\/\"},\"wordCount\":550,\"publisher\":{\"@id\":\"https:\/\/www.notibras.com\/site\/#organization\"},\"image\":{\"@id\":\"https:\/\/www.notibras.com\/site\/finalmente-um-varao\/#primaryimage\"},\"thumbnailUrl\":\"https:\/\/www.notibras.com\/site\/wp-content\/uploads\/2026\/01\/IMG_0271.jpg\",\"articleSection\":[\"Quadradinho em Foco\"],\"inLanguage\":\"pt-BR\"},{\"@type\":\"WebPage\",\"@id\":\"https:\/\/www.notibras.com\/site\/finalmente-um-varao\/\",\"url\":\"https:\/\/www.notibras.com\/site\/finalmente-um-varao\/\",\"name\":\"Finalmente um var\u00e3o - Notibras\",\"isPartOf\":{\"@id\":\"https:\/\/www.notibras.com\/site\/#website\"},\"primaryImageOfPage\":{\"@id\":\"https:\/\/www.notibras.com\/site\/finalmente-um-varao\/#primaryimage\"},\"image\":{\"@id\":\"https:\/\/www.notibras.com\/site\/finalmente-um-varao\/#primaryimage\"},\"thumbnailUrl\":\"https:\/\/www.notibras.com\/site\/wp-content\/uploads\/2026\/01\/IMG_0271.jpg\",\"datePublished\":\"2026-01-12T05:00:49+00:00\",\"breadcrumb\":{\"@id\":\"https:\/\/www.notibras.com\/site\/finalmente-um-varao\/#breadcrumb\"},\"inLanguage\":\"pt-BR\",\"potentialAction\":[{\"@type\":\"ReadAction\",\"target\":[\"https:\/\/www.notibras.com\/site\/finalmente-um-varao\/\"]}]},{\"@type\":\"ImageObject\",\"inLanguage\":\"pt-BR\",\"@id\":\"https:\/\/www.notibras.com\/site\/finalmente-um-varao\/#primaryimage\",\"url\":\"https:\/\/www.notibras.com\/site\/wp-content\/uploads\/2026\/01\/IMG_0271.jpg\",\"contentUrl\":\"https:\/\/www.notibras.com\/site\/wp-content\/uploads\/2026\/01\/IMG_0271.jpg\",\"width\":1023,\"height\":912},{\"@type\":\"BreadcrumbList\",\"@id\":\"https:\/\/www.notibras.com\/site\/finalmente-um-varao\/#breadcrumb\",\"itemListElement\":[{\"@type\":\"ListItem\",\"position\":1,\"name\":\"In\u00edcio\",\"item\":\"https:\/\/www.notibras.com\/site\/\"},{\"@type\":\"ListItem\",\"position\":2,\"name\":\"Finalmente um var\u00e3o\"}]},{\"@type\":\"WebSite\",\"@id\":\"https:\/\/www.notibras.com\/site\/#website\",\"url\":\"https:\/\/www.notibras.com\/site\/\",\"name\":\"Notibras\",\"description\":\"Not\u00edcias de Bras\u00edlia, do Brasil e do Mundo\",\"publisher\":{\"@id\":\"https:\/\/www.notibras.com\/site\/#organization\"},\"potentialAction\":[{\"@type\":\"SearchAction\",\"target\":{\"@type\":\"EntryPoint\",\"urlTemplate\":\"https:\/\/www.notibras.com\/site\/?s={search_term_string}\"},\"query-input\":{\"@type\":\"PropertyValueSpecification\",\"valueRequired\":true,\"valueName\":\"search_term_string\"}}],\"inLanguage\":\"pt-BR\"},{\"@type\":\"Organization\",\"@id\":\"https:\/\/www.notibras.com\/site\/#organization\",\"name\":\"Grupo Notibras de Comunica\u00e7\u00e3o\",\"url\":\"https:\/\/www.notibras.com\/site\/\",\"logo\":{\"@type\":\"ImageObject\",\"inLanguage\":\"pt-BR\",\"@id\":\"https:\/\/www.notibras.com\/site\/#\/schema\/logo\/image\/\",\"url\":\"https:\/\/www.notibras.com\/site\/wp-content\/uploads\/2023\/01\/notibras23.png\",\"contentUrl\":\"https:\/\/www.notibras.com\/site\/wp-content\/uploads\/2023\/01\/notibras23.png\",\"width\":350,\"height\":87,\"caption\":\"Grupo Notibras de Comunica\u00e7\u00e3o\"},\"image\":{\"@id\":\"https:\/\/www.notibras.com\/site\/#\/schema\/logo\/image\/\"},\"sameAs\":[\"https:\/\/www.facebook.com\/notibras\/\",\"https:\/\/x.com\/Notibras\",\"https:\/\/www.instagram.com\/notibras\/\"]},{\"@type\":\"Person\",\"@id\":\"https:\/\/www.notibras.com\/site\/#\/schema\/person\/5b7fabf2aedc3ada2105f03b22b4d3dd\",\"name\":\"Eduardo Mart\u00ednez\",\"image\":{\"@type\":\"ImageObject\",\"inLanguage\":\"pt-BR\",\"@id\":\"https:\/\/secure.gravatar.com\/avatar\/7902f906289926289cbcda644b5197c796b893c6ffd7b9a536a42d290f7704a0?s=96&d=mm&r=g\",\"url\":\"https:\/\/secure.gravatar.com\/avatar\/7902f906289926289cbcda644b5197c796b893c6ffd7b9a536a42d290f7704a0?s=96&d=mm&r=g\",\"contentUrl\":\"https:\/\/secure.gravatar.com\/avatar\/7902f906289926289cbcda644b5197c796b893c6ffd7b9a536a42d290f7704a0?s=96&d=mm&r=g\",\"caption\":\"Eduardo Mart\u00ednez\"}}]}<\/script>\n<!-- \/ Yoast SEO plugin. -->","yoast_head_json":{"title":"Finalmente um var\u00e3o - Notibras","robots":{"index":"index","follow":"follow","max-snippet":"max-snippet:-1","max-image-preview":"max-image-preview:large","max-video-preview":"max-video-preview:-1"},"canonical":"https:\/\/www.notibras.com\/site\/finalmente-um-varao\/","og_locale":"pt_BR","og_type":"article","og_title":"Finalmente um var\u00e3o - Notibras","og_description":"O ano exato desse acontecido \u00e9 por volta de pouca coisa antes ou depois da funda\u00e7\u00e3o de Bras\u00edlia, a ent\u00e3o nov\u00edssima capital do Brasil. E foi nesse per\u00edodo que teria nascido o primeiro var\u00e3o do casal Francisca e Francisco. Isso ap\u00f3s a chegada de sete meninas: Maria Jos\u00e9, Maria Eunice, Maria L\u00facia, Maria Odete, Maria [&hellip;]","og_url":"https:\/\/www.notibras.com\/site\/finalmente-um-varao\/","og_site_name":"Notibras","article_publisher":"https:\/\/www.facebook.com\/notibras\/","article_published_time":"2026-01-12T05:00:49+00:00","og_image":[{"width":1023,"height":912,"url":"https:\/\/www.notibras.com\/site\/wp-content\/uploads\/2026\/01\/IMG_0271.jpg","type":"image\/jpeg"}],"author":"Eduardo Mart\u00ednez","twitter_card":"summary_large_image","twitter_creator":"@Notibras","twitter_site":"@Notibras","twitter_misc":{"Escrito por":"Eduardo Mart\u00ednez","Est. tempo de leitura":"4 minutos"},"schema":{"@context":"https:\/\/schema.org","@graph":[{"@type":"Article","@id":"https:\/\/www.notibras.com\/site\/finalmente-um-varao\/#article","isPartOf":{"@id":"https:\/\/www.notibras.com\/site\/finalmente-um-varao\/"},"author":{"name":"Eduardo Mart\u00ednez","@id":"https:\/\/www.notibras.com\/site\/#\/schema\/person\/5b7fabf2aedc3ada2105f03b22b4d3dd"},"headline":"Finalmente um var\u00e3o","datePublished":"2026-01-12T05:00:49+00:00","mainEntityOfPage":{"@id":"https:\/\/www.notibras.com\/site\/finalmente-um-varao\/"},"wordCount":550,"publisher":{"@id":"https:\/\/www.notibras.com\/site\/#organization"},"image":{"@id":"https:\/\/www.notibras.com\/site\/finalmente-um-varao\/#primaryimage"},"thumbnailUrl":"https:\/\/www.notibras.com\/site\/wp-content\/uploads\/2026\/01\/IMG_0271.jpg","articleSection":["Quadradinho em Foco"],"inLanguage":"pt-BR"},{"@type":"WebPage","@id":"https:\/\/www.notibras.com\/site\/finalmente-um-varao\/","url":"https:\/\/www.notibras.com\/site\/finalmente-um-varao\/","name":"Finalmente um var\u00e3o - Notibras","isPartOf":{"@id":"https:\/\/www.notibras.com\/site\/#website"},"primaryImageOfPage":{"@id":"https:\/\/www.notibras.com\/site\/finalmente-um-varao\/#primaryimage"},"image":{"@id":"https:\/\/www.notibras.com\/site\/finalmente-um-varao\/#primaryimage"},"thumbnailUrl":"https:\/\/www.notibras.com\/site\/wp-content\/uploads\/2026\/01\/IMG_0271.jpg","datePublished":"2026-01-12T05:00:49+00:00","breadcrumb":{"@id":"https:\/\/www.notibras.com\/site\/finalmente-um-varao\/#breadcrumb"},"inLanguage":"pt-BR","potentialAction":[{"@type":"ReadAction","target":["https:\/\/www.notibras.com\/site\/finalmente-um-varao\/"]}]},{"@type":"ImageObject","inLanguage":"pt-BR","@id":"https:\/\/www.notibras.com\/site\/finalmente-um-varao\/#primaryimage","url":"https:\/\/www.notibras.com\/site\/wp-content\/uploads\/2026\/01\/IMG_0271.jpg","contentUrl":"https:\/\/www.notibras.com\/site\/wp-content\/uploads\/2026\/01\/IMG_0271.jpg","width":1023,"height":912},{"@type":"BreadcrumbList","@id":"https:\/\/www.notibras.com\/site\/finalmente-um-varao\/#breadcrumb","itemListElement":[{"@type":"ListItem","position":1,"name":"In\u00edcio","item":"https:\/\/www.notibras.com\/site\/"},{"@type":"ListItem","position":2,"name":"Finalmente um var\u00e3o"}]},{"@type":"WebSite","@id":"https:\/\/www.notibras.com\/site\/#website","url":"https:\/\/www.notibras.com\/site\/","name":"Notibras","description":"Not\u00edcias de Bras\u00edlia, do Brasil e do Mundo","publisher":{"@id":"https:\/\/www.notibras.com\/site\/#organization"},"potentialAction":[{"@type":"SearchAction","target":{"@type":"EntryPoint","urlTemplate":"https:\/\/www.notibras.com\/site\/?s={search_term_string}"},"query-input":{"@type":"PropertyValueSpecification","valueRequired":true,"valueName":"search_term_string"}}],"inLanguage":"pt-BR"},{"@type":"Organization","@id":"https:\/\/www.notibras.com\/site\/#organization","name":"Grupo Notibras de Comunica\u00e7\u00e3o","url":"https:\/\/www.notibras.com\/site\/","logo":{"@type":"ImageObject","inLanguage":"pt-BR","@id":"https:\/\/www.notibras.com\/site\/#\/schema\/logo\/image\/","url":"https:\/\/www.notibras.com\/site\/wp-content\/uploads\/2023\/01\/notibras23.png","contentUrl":"https:\/\/www.notibras.com\/site\/wp-content\/uploads\/2023\/01\/notibras23.png","width":350,"height":87,"caption":"Grupo Notibras de Comunica\u00e7\u00e3o"},"image":{"@id":"https:\/\/www.notibras.com\/site\/#\/schema\/logo\/image\/"},"sameAs":["https:\/\/www.facebook.com\/notibras\/","https:\/\/x.com\/Notibras","https:\/\/www.instagram.com\/notibras\/"]},{"@type":"Person","@id":"https:\/\/www.notibras.com\/site\/#\/schema\/person\/5b7fabf2aedc3ada2105f03b22b4d3dd","name":"Eduardo Mart\u00ednez","image":{"@type":"ImageObject","inLanguage":"pt-BR","@id":"https:\/\/secure.gravatar.com\/avatar\/7902f906289926289cbcda644b5197c796b893c6ffd7b9a536a42d290f7704a0?s=96&d=mm&r=g","url":"https:\/\/secure.gravatar.com\/avatar\/7902f906289926289cbcda644b5197c796b893c6ffd7b9a536a42d290f7704a0?s=96&d=mm&r=g","contentUrl":"https:\/\/secure.gravatar.com\/avatar\/7902f906289926289cbcda644b5197c796b893c6ffd7b9a536a42d290f7704a0?s=96&d=mm&r=g","caption":"Eduardo Mart\u00ednez"}}]}},"amp_enabled":true,"_links":{"self":[{"href":"https:\/\/www.notibras.com\/site\/wp-json\/wp\/v2\/posts\/378632","targetHints":{"allow":["GET"]}}],"collection":[{"href":"https:\/\/www.notibras.com\/site\/wp-json\/wp\/v2\/posts"}],"about":[{"href":"https:\/\/www.notibras.com\/site\/wp-json\/wp\/v2\/types\/post"}],"author":[{"embeddable":true,"href":"https:\/\/www.notibras.com\/site\/wp-json\/wp\/v2\/users\/21"}],"replies":[{"embeddable":true,"href":"https:\/\/www.notibras.com\/site\/wp-json\/wp\/v2\/comments?post=378632"}],"version-history":[{"count":2,"href":"https:\/\/www.notibras.com\/site\/wp-json\/wp\/v2\/posts\/378632\/revisions"}],"predecessor-version":[{"id":378635,"href":"https:\/\/www.notibras.com\/site\/wp-json\/wp\/v2\/posts\/378632\/revisions\/378635"}],"wp:featuredmedia":[{"embeddable":true,"href":"https:\/\/www.notibras.com\/site\/wp-json\/wp\/v2\/media\/378633"}],"wp:attachment":[{"href":"https:\/\/www.notibras.com\/site\/wp-json\/wp\/v2\/media?parent=378632"}],"wp:term":[{"taxonomy":"category","embeddable":true,"href":"https:\/\/www.notibras.com\/site\/wp-json\/wp\/v2\/categories?post=378632"},{"taxonomy":"post_tag","embeddable":true,"href":"https:\/\/www.notibras.com\/site\/wp-json\/wp\/v2\/tags?post=378632"}],"curies":[{"name":"wp","href":"https:\/\/api.w.org\/{rel}","templated":true}]}}