{"id":378636,"date":"2026-01-12T00:45:07","date_gmt":"2026-01-12T03:45:07","guid":{"rendered":"https:\/\/www.notibras.com\/site\/?p=378636"},"modified":"2026-01-12T00:00:27","modified_gmt":"2026-01-12T03:00:27","slug":"falta-de-luz-nesta-segunda-12","status":"publish","type":"post","link":"https:\/\/www.notibras.com\/site\/falta-de-luz-nesta-segunda-12\/","title":{"rendered":"Falta de luz nesta segunda (12)"},"content":{"rendered":"<p>O fornecimento de energia el\u00e9trica ser\u00e1 interrompido em pontos do Plano Piloto e de Planaltina, nesta segunda-feira (12), para moderniza\u00e7\u00e3o e melhorias na rede de distribui\u00e7\u00e3o. O desligamento ocorre para garantir a seguran\u00e7a das equipes de trabalho e da popula\u00e7\u00e3o.<\/p>\n<p>Das 9h \u00e0s 10h, n\u00e3o haver\u00e1 luz na CLN 102, SQN 102, EQN 102 e 103 do Plano Piloto. J\u00e1 das 10h \u00e0s 16h, o servi\u00e7o ser\u00e1 suspenso nos seguintes endere\u00e7os de Planaltina: Est\u00e2ncia Mestre D&#8217;armas IV, Condom\u00ednio Mestre D&#8217;Armas, Quadra 23, M\u00f3dulo 01, Lote 01 e Est\u00e2ncia Mestre D&#8217;Armas V.<\/p>\n<p>Caso o trabalho termine antes do previsto, a rede voltar\u00e1 a ser energizada sem aviso pr\u00e9vio. Al\u00e9m dos desligamentos programados, pode ocorrer de acabar a energia em alguma regi\u00e3o, sem comunica\u00e7\u00e3o pr\u00e9via. Nesses casos, a popula\u00e7\u00e3o pode registrar a ocorr\u00eancia pelo telefone 116. Clientes com defici\u00eancia auditiva e de fala podem acessar o atendimento pelo 0800 701 01 55, desde que utilizem aparelho adaptado.<\/p>\n","protected":false},"excerpt":{"rendered":"<p>O fornecimento de energia el\u00e9trica ser\u00e1 interrompido em pontos do Plano Piloto e de Planaltina, nesta segunda-feira (12), para moderniza\u00e7\u00e3o e melhorias na rede de distribui\u00e7\u00e3o. O desligamento ocorre para garantir a seguran\u00e7a das equipes de trabalho e da popula\u00e7\u00e3o. Das 9h \u00e0s 10h, n\u00e3o haver\u00e1 luz na CLN 102, SQN 102, EQN 102 e [&hellip;]<\/p>\n","protected":false},"author":21,"featured_media":378637,"comment_status":"closed","ping_status":"closed","sticky":false,"template":"","format":"standard","meta":{"_acf_changed":false,"footnotes":""},"categories":[161],"tags":[],"class_list":["post-378636","post","type-post","status-publish","format-standard","has-post-thumbnail","hentry","category-quadradinho-em-foco"],"acf":[],"yoast_head":"<!-- This site is optimized with the Yoast SEO plugin v27.2 - https:\/\/yoast.com\/product\/yoast-seo-wordpress\/ -->\n<title>Falta de luz nesta segunda (12) - Notibras<\/title>\n<meta name=\"robots\" content=\"index, follow, max-snippet:-1, max-image-preview:large, max-video-preview:-1\" \/>\n<link rel=\"canonical\" href=\"https:\/\/www.notibras.com\/site\/falta-de-luz-nesta-segunda-12\/\" \/>\n<meta property=\"og:locale\" content=\"pt_BR\" \/>\n<meta property=\"og:type\" content=\"article\" \/>\n<meta property=\"og:title\" content=\"Falta de luz nesta segunda (12) - Notibras\" \/>\n<meta property=\"og:description\" content=\"O fornecimento de energia el\u00e9trica ser\u00e1 interrompido em pontos do Plano Piloto e de Planaltina, nesta segunda-feira (12), para moderniza\u00e7\u00e3o e melhorias na rede de distribui\u00e7\u00e3o. O desligamento ocorre para garantir a seguran\u00e7a das equipes de trabalho e da popula\u00e7\u00e3o. Das 9h \u00e0s 10h, n\u00e3o haver\u00e1 luz na CLN 102, SQN 102, EQN 102 e [&hellip;]\" \/>\n<meta property=\"og:url\" content=\"https:\/\/www.notibras.com\/site\/falta-de-luz-nesta-segunda-12\/\" \/>\n<meta property=\"og:site_name\" content=\"Notibras\" \/>\n<meta property=\"article:publisher\" content=\"https:\/\/www.facebook.com\/notibras\/\" \/>\n<meta property=\"article:published_time\" content=\"2026-01-12T03:45:07+00:00\" \/>\n<meta property=\"og:image\" content=\"https:\/\/www.notibras.com\/site\/wp-content\/uploads\/2026\/01\/Distribuicao.-Foto-Neoenergia-4.jpg\" \/>\n\t<meta property=\"og:image:width\" content=\"1920\" \/>\n\t<meta property=\"og:image:height\" content=\"1280\" \/>\n\t<meta property=\"og:image:type\" content=\"image\/jpeg\" \/>\n<meta name=\"author\" content=\"Eduardo Mart\u00ednez\" \/>\n<meta name=\"twitter:card\" content=\"summary_large_image\" \/>\n<meta name=\"twitter:creator\" content=\"@Notibras\" \/>\n<meta name=\"twitter:site\" content=\"@Notibras\" \/>\n<meta name=\"twitter:label1\" content=\"Escrito por\" \/>\n\t<meta name=\"twitter:data1\" content=\"Eduardo Mart\u00ednez\" \/>\n\t<meta name=\"twitter:label2\" content=\"Est. tempo de leitura\" \/>\n\t<meta name=\"twitter:data2\" content=\"2 minutos\" \/>\n<script type=\"application\/ld+json\" class=\"yoast-schema-graph\">{\"@context\":\"https:\/\/schema.org\",\"@graph\":[{\"@type\":\"Article\",\"@id\":\"https:\/\/www.notibras.com\/site\/falta-de-luz-nesta-segunda-12\/#article\",\"isPartOf\":{\"@id\":\"https:\/\/www.notibras.com\/site\/falta-de-luz-nesta-segunda-12\/\"},\"author\":{\"name\":\"Eduardo Mart\u00ednez\",\"@id\":\"https:\/\/www.notibras.com\/site\/#\/schema\/person\/5b7fabf2aedc3ada2105f03b22b4d3dd\"},\"headline\":\"Falta de luz nesta segunda (12)\",\"datePublished\":\"2026-01-12T03:45:07+00:00\",\"mainEntityOfPage\":{\"@id\":\"https:\/\/www.notibras.com\/site\/falta-de-luz-nesta-segunda-12\/\"},\"wordCount\":167,\"publisher\":{\"@id\":\"https:\/\/www.notibras.com\/site\/#organization\"},\"image\":{\"@id\":\"https:\/\/www.notibras.com\/site\/falta-de-luz-nesta-segunda-12\/#primaryimage\"},\"thumbnailUrl\":\"https:\/\/www.notibras.com\/site\/wp-content\/uploads\/2026\/01\/Distribuicao.-Foto-Neoenergia-4.jpg\",\"articleSection\":[\"Quadradinho em Foco\"],\"inLanguage\":\"pt-BR\"},{\"@type\":\"WebPage\",\"@id\":\"https:\/\/www.notibras.com\/site\/falta-de-luz-nesta-segunda-12\/\",\"url\":\"https:\/\/www.notibras.com\/site\/falta-de-luz-nesta-segunda-12\/\",\"name\":\"Falta de luz nesta segunda (12) - Notibras\",\"isPartOf\":{\"@id\":\"https:\/\/www.notibras.com\/site\/#website\"},\"primaryImageOfPage\":{\"@id\":\"https:\/\/www.notibras.com\/site\/falta-de-luz-nesta-segunda-12\/#primaryimage\"},\"image\":{\"@id\":\"https:\/\/www.notibras.com\/site\/falta-de-luz-nesta-segunda-12\/#primaryimage\"},\"thumbnailUrl\":\"https:\/\/www.notibras.com\/site\/wp-content\/uploads\/2026\/01\/Distribuicao.-Foto-Neoenergia-4.jpg\",\"datePublished\":\"2026-01-12T03:45:07+00:00\",\"breadcrumb\":{\"@id\":\"https:\/\/www.notibras.com\/site\/falta-de-luz-nesta-segunda-12\/#breadcrumb\"},\"inLanguage\":\"pt-BR\",\"potentialAction\":[{\"@type\":\"ReadAction\",\"target\":[\"https:\/\/www.notibras.com\/site\/falta-de-luz-nesta-segunda-12\/\"]}]},{\"@type\":\"ImageObject\",\"inLanguage\":\"pt-BR\",\"@id\":\"https:\/\/www.notibras.com\/site\/falta-de-luz-nesta-segunda-12\/#primaryimage\",\"url\":\"https:\/\/www.notibras.com\/site\/wp-content\/uploads\/2026\/01\/Distribuicao.-Foto-Neoenergia-4.jpg\",\"contentUrl\":\"https:\/\/www.notibras.com\/site\/wp-content\/uploads\/2026\/01\/Distribuicao.-Foto-Neoenergia-4.jpg\",\"width\":1920,\"height\":1280},{\"@type\":\"BreadcrumbList\",\"@id\":\"https:\/\/www.notibras.com\/site\/falta-de-luz-nesta-segunda-12\/#breadcrumb\",\"itemListElement\":[{\"@type\":\"ListItem\",\"position\":1,\"name\":\"In\u00edcio\",\"item\":\"https:\/\/www.notibras.com\/site\/\"},{\"@type\":\"ListItem\",\"position\":2,\"name\":\"Falta de luz nesta segunda (12)\"}]},{\"@type\":\"WebSite\",\"@id\":\"https:\/\/www.notibras.com\/site\/#website\",\"url\":\"https:\/\/www.notibras.com\/site\/\",\"name\":\"Notibras\",\"description\":\"Not\u00edcias de Bras\u00edlia, do Brasil e do Mundo\",\"publisher\":{\"@id\":\"https:\/\/www.notibras.com\/site\/#organization\"},\"potentialAction\":[{\"@type\":\"SearchAction\",\"target\":{\"@type\":\"EntryPoint\",\"urlTemplate\":\"https:\/\/www.notibras.com\/site\/?s={search_term_string}\"},\"query-input\":{\"@type\":\"PropertyValueSpecification\",\"valueRequired\":true,\"valueName\":\"search_term_string\"}}],\"inLanguage\":\"pt-BR\"},{\"@type\":\"Organization\",\"@id\":\"https:\/\/www.notibras.com\/site\/#organization\",\"name\":\"Grupo Notibras de Comunica\u00e7\u00e3o\",\"url\":\"https:\/\/www.notibras.com\/site\/\",\"logo\":{\"@type\":\"ImageObject\",\"inLanguage\":\"pt-BR\",\"@id\":\"https:\/\/www.notibras.com\/site\/#\/schema\/logo\/image\/\",\"url\":\"https:\/\/www.notibras.com\/site\/wp-content\/uploads\/2023\/01\/notibras23.png\",\"contentUrl\":\"https:\/\/www.notibras.com\/site\/wp-content\/uploads\/2023\/01\/notibras23.png\",\"width\":350,\"height\":87,\"caption\":\"Grupo Notibras de Comunica\u00e7\u00e3o\"},\"image\":{\"@id\":\"https:\/\/www.notibras.com\/site\/#\/schema\/logo\/image\/\"},\"sameAs\":[\"https:\/\/www.facebook.com\/notibras\/\",\"https:\/\/x.com\/Notibras\",\"https:\/\/www.instagram.com\/notibras\/\"]},{\"@type\":\"Person\",\"@id\":\"https:\/\/www.notibras.com\/site\/#\/schema\/person\/5b7fabf2aedc3ada2105f03b22b4d3dd\",\"name\":\"Eduardo Mart\u00ednez\",\"image\":{\"@type\":\"ImageObject\",\"inLanguage\":\"pt-BR\",\"@id\":\"https:\/\/secure.gravatar.com\/avatar\/7902f906289926289cbcda644b5197c796b893c6ffd7b9a536a42d290f7704a0?s=96&d=mm&r=g\",\"url\":\"https:\/\/secure.gravatar.com\/avatar\/7902f906289926289cbcda644b5197c796b893c6ffd7b9a536a42d290f7704a0?s=96&d=mm&r=g\",\"contentUrl\":\"https:\/\/secure.gravatar.com\/avatar\/7902f906289926289cbcda644b5197c796b893c6ffd7b9a536a42d290f7704a0?s=96&d=mm&r=g\",\"caption\":\"Eduardo Mart\u00ednez\"}}]}<\/script>\n<!-- \/ Yoast SEO plugin. -->","yoast_head_json":{"title":"Falta de luz nesta segunda (12) - Notibras","robots":{"index":"index","follow":"follow","max-snippet":"max-snippet:-1","max-image-preview":"max-image-preview:large","max-video-preview":"max-video-preview:-1"},"canonical":"https:\/\/www.notibras.com\/site\/falta-de-luz-nesta-segunda-12\/","og_locale":"pt_BR","og_type":"article","og_title":"Falta de luz nesta segunda (12) - Notibras","og_description":"O fornecimento de energia el\u00e9trica ser\u00e1 interrompido em pontos do Plano Piloto e de Planaltina, nesta segunda-feira (12), para moderniza\u00e7\u00e3o e melhorias na rede de distribui\u00e7\u00e3o. O desligamento ocorre para garantir a seguran\u00e7a das equipes de trabalho e da popula\u00e7\u00e3o. Das 9h \u00e0s 10h, n\u00e3o haver\u00e1 luz na CLN 102, SQN 102, EQN 102 e [&hellip;]","og_url":"https:\/\/www.notibras.com\/site\/falta-de-luz-nesta-segunda-12\/","og_site_name":"Notibras","article_publisher":"https:\/\/www.facebook.com\/notibras\/","article_published_time":"2026-01-12T03:45:07+00:00","og_image":[{"width":1920,"height":1280,"url":"https:\/\/www.notibras.com\/site\/wp-content\/uploads\/2026\/01\/Distribuicao.-Foto-Neoenergia-4.jpg","type":"image\/jpeg"}],"author":"Eduardo Mart\u00ednez","twitter_card":"summary_large_image","twitter_creator":"@Notibras","twitter_site":"@Notibras","twitter_misc":{"Escrito por":"Eduardo Mart\u00ednez","Est. tempo de leitura":"2 minutos"},"schema":{"@context":"https:\/\/schema.org","@graph":[{"@type":"Article","@id":"https:\/\/www.notibras.com\/site\/falta-de-luz-nesta-segunda-12\/#article","isPartOf":{"@id":"https:\/\/www.notibras.com\/site\/falta-de-luz-nesta-segunda-12\/"},"author":{"name":"Eduardo Mart\u00ednez","@id":"https:\/\/www.notibras.com\/site\/#\/schema\/person\/5b7fabf2aedc3ada2105f03b22b4d3dd"},"headline":"Falta de luz nesta segunda (12)","datePublished":"2026-01-12T03:45:07+00:00","mainEntityOfPage":{"@id":"https:\/\/www.notibras.com\/site\/falta-de-luz-nesta-segunda-12\/"},"wordCount":167,"publisher":{"@id":"https:\/\/www.notibras.com\/site\/#organization"},"image":{"@id":"https:\/\/www.notibras.com\/site\/falta-de-luz-nesta-segunda-12\/#primaryimage"},"thumbnailUrl":"https:\/\/www.notibras.com\/site\/wp-content\/uploads\/2026\/01\/Distribuicao.-Foto-Neoenergia-4.jpg","articleSection":["Quadradinho em Foco"],"inLanguage":"pt-BR"},{"@type":"WebPage","@id":"https:\/\/www.notibras.com\/site\/falta-de-luz-nesta-segunda-12\/","url":"https:\/\/www.notibras.com\/site\/falta-de-luz-nesta-segunda-12\/","name":"Falta de luz nesta segunda (12) - Notibras","isPartOf":{"@id":"https:\/\/www.notibras.com\/site\/#website"},"primaryImageOfPage":{"@id":"https:\/\/www.notibras.com\/site\/falta-de-luz-nesta-segunda-12\/#primaryimage"},"image":{"@id":"https:\/\/www.notibras.com\/site\/falta-de-luz-nesta-segunda-12\/#primaryimage"},"thumbnailUrl":"https:\/\/www.notibras.com\/site\/wp-content\/uploads\/2026\/01\/Distribuicao.-Foto-Neoenergia-4.jpg","datePublished":"2026-01-12T03:45:07+00:00","breadcrumb":{"@id":"https:\/\/www.notibras.com\/site\/falta-de-luz-nesta-segunda-12\/#breadcrumb"},"inLanguage":"pt-BR","potentialAction":[{"@type":"ReadAction","target":["https:\/\/www.notibras.com\/site\/falta-de-luz-nesta-segunda-12\/"]}]},{"@type":"ImageObject","inLanguage":"pt-BR","@id":"https:\/\/www.notibras.com\/site\/falta-de-luz-nesta-segunda-12\/#primaryimage","url":"https:\/\/www.notibras.com\/site\/wp-content\/uploads\/2026\/01\/Distribuicao.-Foto-Neoenergia-4.jpg","contentUrl":"https:\/\/www.notibras.com\/site\/wp-content\/uploads\/2026\/01\/Distribuicao.-Foto-Neoenergia-4.jpg","width":1920,"height":1280},{"@type":"BreadcrumbList","@id":"https:\/\/www.notibras.com\/site\/falta-de-luz-nesta-segunda-12\/#breadcrumb","itemListElement":[{"@type":"ListItem","position":1,"name":"In\u00edcio","item":"https:\/\/www.notibras.com\/site\/"},{"@type":"ListItem","position":2,"name":"Falta de luz nesta segunda (12)"}]},{"@type":"WebSite","@id":"https:\/\/www.notibras.com\/site\/#website","url":"https:\/\/www.notibras.com\/site\/","name":"Notibras","description":"Not\u00edcias de Bras\u00edlia, do Brasil e do Mundo","publisher":{"@id":"https:\/\/www.notibras.com\/site\/#organization"},"potentialAction":[{"@type":"SearchAction","target":{"@type":"EntryPoint","urlTemplate":"https:\/\/www.notibras.com\/site\/?s={search_term_string}"},"query-input":{"@type":"PropertyValueSpecification","valueRequired":true,"valueName":"search_term_string"}}],"inLanguage":"pt-BR"},{"@type":"Organization","@id":"https:\/\/www.notibras.com\/site\/#organization","name":"Grupo Notibras de Comunica\u00e7\u00e3o","url":"https:\/\/www.notibras.com\/site\/","logo":{"@type":"ImageObject","inLanguage":"pt-BR","@id":"https:\/\/www.notibras.com\/site\/#\/schema\/logo\/image\/","url":"https:\/\/www.notibras.com\/site\/wp-content\/uploads\/2023\/01\/notibras23.png","contentUrl":"https:\/\/www.notibras.com\/site\/wp-content\/uploads\/2023\/01\/notibras23.png","width":350,"height":87,"caption":"Grupo Notibras de Comunica\u00e7\u00e3o"},"image":{"@id":"https:\/\/www.notibras.com\/site\/#\/schema\/logo\/image\/"},"sameAs":["https:\/\/www.facebook.com\/notibras\/","https:\/\/x.com\/Notibras","https:\/\/www.instagram.com\/notibras\/"]},{"@type":"Person","@id":"https:\/\/www.notibras.com\/site\/#\/schema\/person\/5b7fabf2aedc3ada2105f03b22b4d3dd","name":"Eduardo Mart\u00ednez","image":{"@type":"ImageObject","inLanguage":"pt-BR","@id":"https:\/\/secure.gravatar.com\/avatar\/7902f906289926289cbcda644b5197c796b893c6ffd7b9a536a42d290f7704a0?s=96&d=mm&r=g","url":"https:\/\/secure.gravatar.com\/avatar\/7902f906289926289cbcda644b5197c796b893c6ffd7b9a536a42d290f7704a0?s=96&d=mm&r=g","contentUrl":"https:\/\/secure.gravatar.com\/avatar\/7902f906289926289cbcda644b5197c796b893c6ffd7b9a536a42d290f7704a0?s=96&d=mm&r=g","caption":"Eduardo Mart\u00ednez"}}]}},"amp_enabled":true,"_links":{"self":[{"href":"https:\/\/www.notibras.com\/site\/wp-json\/wp\/v2\/posts\/378636","targetHints":{"allow":["GET"]}}],"collection":[{"href":"https:\/\/www.notibras.com\/site\/wp-json\/wp\/v2\/posts"}],"about":[{"href":"https:\/\/www.notibras.com\/site\/wp-json\/wp\/v2\/types\/post"}],"author":[{"embeddable":true,"href":"https:\/\/www.notibras.com\/site\/wp-json\/wp\/v2\/users\/21"}],"replies":[{"embeddable":true,"href":"https:\/\/www.notibras.com\/site\/wp-json\/wp\/v2\/comments?post=378636"}],"version-history":[{"count":3,"href":"https:\/\/www.notibras.com\/site\/wp-json\/wp\/v2\/posts\/378636\/revisions"}],"predecessor-version":[{"id":378640,"href":"https:\/\/www.notibras.com\/site\/wp-json\/wp\/v2\/posts\/378636\/revisions\/378640"}],"wp:featuredmedia":[{"embeddable":true,"href":"https:\/\/www.notibras.com\/site\/wp-json\/wp\/v2\/media\/378637"}],"wp:attachment":[{"href":"https:\/\/www.notibras.com\/site\/wp-json\/wp\/v2\/media?parent=378636"}],"wp:term":[{"taxonomy":"category","embeddable":true,"href":"https:\/\/www.notibras.com\/site\/wp-json\/wp\/v2\/categories?post=378636"},{"taxonomy":"post_tag","embeddable":true,"href":"https:\/\/www.notibras.com\/site\/wp-json\/wp\/v2\/tags?post=378636"}],"curies":[{"name":"wp","href":"https:\/\/api.w.org\/{rel}","templated":true}]}}