{"id":378645,"date":"2026-01-12T01:15:34","date_gmt":"2026-01-12T04:15:34","guid":{"rendered":"https:\/\/www.notibras.com\/site\/?p=378645"},"modified":"2026-01-12T00:16:41","modified_gmt":"2026-01-12T03:16:41","slug":"reeducandos-trabalham-em-recuperacao-de-carteiras-escolares","status":"publish","type":"post","link":"https:\/\/www.notibras.com\/site\/reeducandos-trabalham-em-recuperacao-de-carteiras-escolares\/","title":{"rendered":"Reeducandos trabalham em recupera\u00e7\u00e3o de carteiras escolares"},"content":{"rendered":"<p>A Secretaria de Administra\u00e7\u00e3o Penitenci\u00e1ria (Seape-DF) e a Secretaria de Educa\u00e7\u00e3o (SEEDF) firmaram uma parceria que une ressocializa\u00e7\u00e3o, trabalho no sistema prisional e fortalecimento da educa\u00e7\u00e3o p\u00fablica. A iniciativa permite que pessoas privadas de liberdade atuem na recupera\u00e7\u00e3o de carteiras escolares da rede p\u00fablica de ensino do DF, beneficiando diretamente estudantes e promovendo oportunidades reais de reintegra\u00e7\u00e3o social.<\/p>\n<p>A a\u00e7\u00e3o foi regulamentada pela Portaria Conjunta n\u00ba 10, publicada em 26 de dezembro de 2025, que estabelece as atribui\u00e7\u00f5es, compet\u00eancias e responsabilidades das duas secretarias no desenvolvimento, viabiliza\u00e7\u00e3o e acompanhamento das atividades laborativas realizadas nos estabelecimentos penais. O normativo define que as oficinas de recupera\u00e7\u00e3o de carteiras escolares funcionar\u00e3o sob a responsabilidade da Seape-DF, em parceria com a SEEDF, respeitando crit\u00e9rios de seguran\u00e7a, capacidade t\u00e9cnica das oficinas, disponibilidade de recursos materiais e humanos e as normas do sistema penitenci\u00e1rio.<\/p>\n<p>\u201cEssa parceria permite que o sistema penitenci\u00e1rio cumpra seu papel constitucional, ao oferecer atividade laborativa, aprendizado e retorno social direto, beneficiando tanto os reeducandos quanto a educa\u00e7\u00e3o p\u00fablica do Distrito Federal\u201d, afirmou o secret\u00e1rio de Administra\u00e7\u00e3o Penitenci\u00e1ria do DF, Wenderson Teles.<\/p>\n<p>Para a secret\u00e1ria de Educa\u00e7\u00e3o, H\u00e9lvia Paranagu\u00e1, essa portaria mostra, na pr\u00e1tica, como o Governo do Distrito Federal utiliza a educa\u00e7\u00e3o como instrumento de transforma\u00e7\u00e3o. \u201c\u00c9 uma a\u00e7\u00e3o que une ressocializa\u00e7\u00e3o, forma\u00e7\u00e3o profissional e cuidado com os espa\u00e7os educacionais, mostrando que a escola tamb\u00e9m pode ser um lugar de recome\u00e7os\u201d, afirma.<\/p>\n<p>\u201cAo aprenderem um of\u00edcio e contribu\u00edrem diretamente com a rede p\u00fablica de ensino, esses custodiados se sentem parte da sociedade. \u00c9 assim que acreditamos na educa\u00e7\u00e3o: como ponte para a cidadania, para o trabalho e para um futuro com mais perspectivas\u201d, destaca a gestora.<\/p>\n<p>A previs\u00e3o \u00e9 que os trabalhos de recupera\u00e7\u00e3o das carteiras escolares tenham in\u00edcio no segundo semestre deste ano.<\/p>\n<p>As atividades envolvem a desmontagem, montagem, reforma, restaura\u00e7\u00e3o e recupera\u00e7\u00e3o do mobili\u00e1rio escolar, abrangendo servi\u00e7os de marcenaria, serralheria, pintura e ajustes estruturais. Todo o processo \u00e9 realizado de forma supervisionada, com controle de carga hor\u00e1ria, registro de frequ\u00eancia e observ\u00e2ncia dos par\u00e2metros legais, possibilitando a remi\u00e7\u00e3o de pena pelo trabalho, conforme previsto na Lei de Execu\u00e7\u00e3o Penal.<\/p>\n<p>A a\u00e7\u00e3o gera benef\u00edcios diretos tanto para os reeducandos quanto para os estudantes da rede p\u00fablica. Para os custodiados, a iniciativa representa a oportunidade de trabalhar, reduzir a pena e vivenciar a satisfa\u00e7\u00e3o de contribuir para uma a\u00e7\u00e3o social concreta, uma vez que ter\u00e3o ci\u00eancia da destina\u00e7\u00e3o final das carteiras recuperadas. Para as crian\u00e7as e jovens da rede p\u00fablica, o projeto assegura mobili\u00e1rios em melhores condi\u00e7\u00f5es de uso, contribuindo para um ambiente escolar mais adequado e para a melhoria da qualidade do ensino.<\/p>\n<p><strong>Planejamento, execu\u00e7\u00e3o e impacto social<\/strong><\/p>\n<p>O projeto est\u00e1 estruturado a partir de um plano de trabalho conjunto, que organiza as etapas de implanta\u00e7\u00e3o, execu\u00e7\u00e3o e acompanhamento das atividades. Atualmente, a iniciativa encontra-se na fase de planejamento, que estuda os espa\u00e7os existentes nas unidades penais, a adequa\u00e7\u00e3o das instala\u00e7\u00f5es para o funcionamento das oficinas e o trabalho integrado entre Seape-DF e SEEDF para garantir a efetividade das a\u00e7\u00f5es. A previs\u00e3o \u00e9 que os trabalhos de recupera\u00e7\u00e3o das carteiras escolares comecem no segundo semestre deste ano.<\/p>\n<p>Seape-DF \u00e9 respons\u00e1vel pela classifica\u00e7\u00e3o dos reeducandos aptos ao trabalho, pela gest\u00e3o das oficinas, pela garantia da seguran\u00e7a e pelo encaminhamento das informa\u00e7\u00f5es necess\u00e1rias \u00e0 Vara de Execu\u00e7\u00f5es Penais para fins de remi\u00e7\u00e3o de pena. A quantidade de reeducandos selecionados poder\u00e1 variar ao longo da vig\u00eancia da portaria, de acordo com a amplia\u00e7\u00e3o das oficinas e a disponibilidade de insumos destinados \u00e0 recupera\u00e7\u00e3o das carteiras escolares.<\/p>\n<p>O normativo refor\u00e7a o papel do trabalho como instrumento de reintegra\u00e7\u00e3o social, dignidade e prepara\u00e7\u00e3o para o retorno ao conv\u00edvio em sociedade. Al\u00e9m disso, a parceria investe na atua\u00e7\u00e3o integrada entre as secretarias e consolida o trabalho prisional como uma pol\u00edtica p\u00fablica de car\u00e1ter educativo, social e humano, capaz de transformar realidades dentro e fora do sistema penitenci\u00e1rio.<\/p>\n","protected":false},"excerpt":{"rendered":"<p>A Secretaria de Administra\u00e7\u00e3o Penitenci\u00e1ria (Seape-DF) e a Secretaria de Educa\u00e7\u00e3o (SEEDF) firmaram uma parceria que une ressocializa\u00e7\u00e3o, trabalho no sistema prisional e fortalecimento da educa\u00e7\u00e3o p\u00fablica. A iniciativa permite que pessoas privadas de liberdade atuem na recupera\u00e7\u00e3o de carteiras escolares da rede p\u00fablica de ensino do DF, beneficiando diretamente estudantes e promovendo oportunidades reais [&hellip;]<\/p>\n","protected":false},"author":21,"featured_media":378646,"comment_status":"closed","ping_status":"closed","sticky":false,"template":"","format":"standard","meta":{"_acf_changed":false,"footnotes":""},"categories":[161],"tags":[],"class_list":["post-378645","post","type-post","status-publish","format-standard","has-post-thumbnail","hentry","category-quadradinho-em-foco"],"acf":[],"yoast_head":"<!-- This site is optimized with the Yoast SEO plugin v27.2 - https:\/\/yoast.com\/product\/yoast-seo-wordpress\/ -->\n<title>Reeducandos trabalham em recupera\u00e7\u00e3o de carteiras escolares - Notibras<\/title>\n<meta name=\"robots\" content=\"index, follow, max-snippet:-1, max-image-preview:large, max-video-preview:-1\" \/>\n<link rel=\"canonical\" href=\"https:\/\/www.notibras.com\/site\/reeducandos-trabalham-em-recuperacao-de-carteiras-escolares\/\" \/>\n<meta property=\"og:locale\" content=\"pt_BR\" \/>\n<meta property=\"og:type\" content=\"article\" \/>\n<meta property=\"og:title\" content=\"Reeducandos trabalham em recupera\u00e7\u00e3o de carteiras escolares - Notibras\" \/>\n<meta property=\"og:description\" content=\"A Secretaria de Administra\u00e7\u00e3o Penitenci\u00e1ria (Seape-DF) e a Secretaria de Educa\u00e7\u00e3o (SEEDF) firmaram uma parceria que une ressocializa\u00e7\u00e3o, trabalho no sistema prisional e fortalecimento da educa\u00e7\u00e3o p\u00fablica. A iniciativa permite que pessoas privadas de liberdade atuem na recupera\u00e7\u00e3o de carteiras escolares da rede p\u00fablica de ensino do DF, beneficiando diretamente estudantes e promovendo oportunidades reais [&hellip;]\" \/>\n<meta property=\"og:url\" content=\"https:\/\/www.notibras.com\/site\/reeducandos-trabalham-em-recuperacao-de-carteiras-escolares\/\" \/>\n<meta property=\"og:site_name\" content=\"Notibras\" \/>\n<meta property=\"article:publisher\" content=\"https:\/\/www.facebook.com\/notibras\/\" \/>\n<meta property=\"article:published_time\" content=\"2026-01-12T04:15:34+00:00\" \/>\n<meta property=\"og:image\" content=\"https:\/\/www.notibras.com\/site\/wp-content\/uploads\/2026\/01\/9.1.-Materia-Seape-1-1.jpeg\" \/>\n\t<meta property=\"og:image:width\" content=\"1600\" \/>\n\t<meta property=\"og:image:height\" content=\"1066\" \/>\n\t<meta property=\"og:image:type\" content=\"image\/jpeg\" \/>\n<meta name=\"author\" content=\"Eduardo Mart\u00ednez\" \/>\n<meta name=\"twitter:card\" content=\"summary_large_image\" \/>\n<meta name=\"twitter:creator\" content=\"@Notibras\" \/>\n<meta name=\"twitter:site\" content=\"@Notibras\" \/>\n<meta name=\"twitter:label1\" content=\"Escrito por\" \/>\n\t<meta name=\"twitter:data1\" content=\"Eduardo Mart\u00ednez\" \/>\n\t<meta name=\"twitter:label2\" content=\"Est. tempo de leitura\" \/>\n\t<meta name=\"twitter:data2\" content=\"4 minutos\" \/>\n<script type=\"application\/ld+json\" class=\"yoast-schema-graph\">{\"@context\":\"https:\/\/schema.org\",\"@graph\":[{\"@type\":\"Article\",\"@id\":\"https:\/\/www.notibras.com\/site\/reeducandos-trabalham-em-recuperacao-de-carteiras-escolares\/#article\",\"isPartOf\":{\"@id\":\"https:\/\/www.notibras.com\/site\/reeducandos-trabalham-em-recuperacao-de-carteiras-escolares\/\"},\"author\":{\"name\":\"Eduardo Mart\u00ednez\",\"@id\":\"https:\/\/www.notibras.com\/site\/#\/schema\/person\/5b7fabf2aedc3ada2105f03b22b4d3dd\"},\"headline\":\"Reeducandos trabalham em recupera\u00e7\u00e3o de carteiras escolares\",\"datePublished\":\"2026-01-12T04:15:34+00:00\",\"mainEntityOfPage\":{\"@id\":\"https:\/\/www.notibras.com\/site\/reeducandos-trabalham-em-recuperacao-de-carteiras-escolares\/\"},\"wordCount\":733,\"publisher\":{\"@id\":\"https:\/\/www.notibras.com\/site\/#organization\"},\"image\":{\"@id\":\"https:\/\/www.notibras.com\/site\/reeducandos-trabalham-em-recuperacao-de-carteiras-escolares\/#primaryimage\"},\"thumbnailUrl\":\"https:\/\/www.notibras.com\/site\/wp-content\/uploads\/2026\/01\/9.1.-Materia-Seape-1-1.jpeg\",\"articleSection\":[\"Quadradinho em Foco\"],\"inLanguage\":\"pt-BR\"},{\"@type\":\"WebPage\",\"@id\":\"https:\/\/www.notibras.com\/site\/reeducandos-trabalham-em-recuperacao-de-carteiras-escolares\/\",\"url\":\"https:\/\/www.notibras.com\/site\/reeducandos-trabalham-em-recuperacao-de-carteiras-escolares\/\",\"name\":\"Reeducandos trabalham em recupera\u00e7\u00e3o de carteiras escolares - Notibras\",\"isPartOf\":{\"@id\":\"https:\/\/www.notibras.com\/site\/#website\"},\"primaryImageOfPage\":{\"@id\":\"https:\/\/www.notibras.com\/site\/reeducandos-trabalham-em-recuperacao-de-carteiras-escolares\/#primaryimage\"},\"image\":{\"@id\":\"https:\/\/www.notibras.com\/site\/reeducandos-trabalham-em-recuperacao-de-carteiras-escolares\/#primaryimage\"},\"thumbnailUrl\":\"https:\/\/www.notibras.com\/site\/wp-content\/uploads\/2026\/01\/9.1.-Materia-Seape-1-1.jpeg\",\"datePublished\":\"2026-01-12T04:15:34+00:00\",\"breadcrumb\":{\"@id\":\"https:\/\/www.notibras.com\/site\/reeducandos-trabalham-em-recuperacao-de-carteiras-escolares\/#breadcrumb\"},\"inLanguage\":\"pt-BR\",\"potentialAction\":[{\"@type\":\"ReadAction\",\"target\":[\"https:\/\/www.notibras.com\/site\/reeducandos-trabalham-em-recuperacao-de-carteiras-escolares\/\"]}]},{\"@type\":\"ImageObject\",\"inLanguage\":\"pt-BR\",\"@id\":\"https:\/\/www.notibras.com\/site\/reeducandos-trabalham-em-recuperacao-de-carteiras-escolares\/#primaryimage\",\"url\":\"https:\/\/www.notibras.com\/site\/wp-content\/uploads\/2026\/01\/9.1.-Materia-Seape-1-1.jpeg\",\"contentUrl\":\"https:\/\/www.notibras.com\/site\/wp-content\/uploads\/2026\/01\/9.1.-Materia-Seape-1-1.jpeg\",\"width\":1600,\"height\":1066},{\"@type\":\"BreadcrumbList\",\"@id\":\"https:\/\/www.notibras.com\/site\/reeducandos-trabalham-em-recuperacao-de-carteiras-escolares\/#breadcrumb\",\"itemListElement\":[{\"@type\":\"ListItem\",\"position\":1,\"name\":\"In\u00edcio\",\"item\":\"https:\/\/www.notibras.com\/site\/\"},{\"@type\":\"ListItem\",\"position\":2,\"name\":\"Reeducandos trabalham em recupera\u00e7\u00e3o de carteiras escolares\"}]},{\"@type\":\"WebSite\",\"@id\":\"https:\/\/www.notibras.com\/site\/#website\",\"url\":\"https:\/\/www.notibras.com\/site\/\",\"name\":\"Notibras\",\"description\":\"Not\u00edcias de Bras\u00edlia, do Brasil e do Mundo\",\"publisher\":{\"@id\":\"https:\/\/www.notibras.com\/site\/#organization\"},\"potentialAction\":[{\"@type\":\"SearchAction\",\"target\":{\"@type\":\"EntryPoint\",\"urlTemplate\":\"https:\/\/www.notibras.com\/site\/?s={search_term_string}\"},\"query-input\":{\"@type\":\"PropertyValueSpecification\",\"valueRequired\":true,\"valueName\":\"search_term_string\"}}],\"inLanguage\":\"pt-BR\"},{\"@type\":\"Organization\",\"@id\":\"https:\/\/www.notibras.com\/site\/#organization\",\"name\":\"Grupo Notibras de Comunica\u00e7\u00e3o\",\"url\":\"https:\/\/www.notibras.com\/site\/\",\"logo\":{\"@type\":\"ImageObject\",\"inLanguage\":\"pt-BR\",\"@id\":\"https:\/\/www.notibras.com\/site\/#\/schema\/logo\/image\/\",\"url\":\"https:\/\/www.notibras.com\/site\/wp-content\/uploads\/2023\/01\/notibras23.png\",\"contentUrl\":\"https:\/\/www.notibras.com\/site\/wp-content\/uploads\/2023\/01\/notibras23.png\",\"width\":350,\"height\":87,\"caption\":\"Grupo Notibras de Comunica\u00e7\u00e3o\"},\"image\":{\"@id\":\"https:\/\/www.notibras.com\/site\/#\/schema\/logo\/image\/\"},\"sameAs\":[\"https:\/\/www.facebook.com\/notibras\/\",\"https:\/\/x.com\/Notibras\",\"https:\/\/www.instagram.com\/notibras\/\"]},{\"@type\":\"Person\",\"@id\":\"https:\/\/www.notibras.com\/site\/#\/schema\/person\/5b7fabf2aedc3ada2105f03b22b4d3dd\",\"name\":\"Eduardo Mart\u00ednez\",\"image\":{\"@type\":\"ImageObject\",\"inLanguage\":\"pt-BR\",\"@id\":\"https:\/\/secure.gravatar.com\/avatar\/7902f906289926289cbcda644b5197c796b893c6ffd7b9a536a42d290f7704a0?s=96&d=mm&r=g\",\"url\":\"https:\/\/secure.gravatar.com\/avatar\/7902f906289926289cbcda644b5197c796b893c6ffd7b9a536a42d290f7704a0?s=96&d=mm&r=g\",\"contentUrl\":\"https:\/\/secure.gravatar.com\/avatar\/7902f906289926289cbcda644b5197c796b893c6ffd7b9a536a42d290f7704a0?s=96&d=mm&r=g\",\"caption\":\"Eduardo Mart\u00ednez\"}}]}<\/script>\n<!-- \/ Yoast SEO plugin. -->","yoast_head_json":{"title":"Reeducandos trabalham em recupera\u00e7\u00e3o de carteiras escolares - Notibras","robots":{"index":"index","follow":"follow","max-snippet":"max-snippet:-1","max-image-preview":"max-image-preview:large","max-video-preview":"max-video-preview:-1"},"canonical":"https:\/\/www.notibras.com\/site\/reeducandos-trabalham-em-recuperacao-de-carteiras-escolares\/","og_locale":"pt_BR","og_type":"article","og_title":"Reeducandos trabalham em recupera\u00e7\u00e3o de carteiras escolares - Notibras","og_description":"A Secretaria de Administra\u00e7\u00e3o Penitenci\u00e1ria (Seape-DF) e a Secretaria de Educa\u00e7\u00e3o (SEEDF) firmaram uma parceria que une ressocializa\u00e7\u00e3o, trabalho no sistema prisional e fortalecimento da educa\u00e7\u00e3o p\u00fablica. A iniciativa permite que pessoas privadas de liberdade atuem na recupera\u00e7\u00e3o de carteiras escolares da rede p\u00fablica de ensino do DF, beneficiando diretamente estudantes e promovendo oportunidades reais [&hellip;]","og_url":"https:\/\/www.notibras.com\/site\/reeducandos-trabalham-em-recuperacao-de-carteiras-escolares\/","og_site_name":"Notibras","article_publisher":"https:\/\/www.facebook.com\/notibras\/","article_published_time":"2026-01-12T04:15:34+00:00","og_image":[{"width":1600,"height":1066,"url":"https:\/\/www.notibras.com\/site\/wp-content\/uploads\/2026\/01\/9.1.-Materia-Seape-1-1.jpeg","type":"image\/jpeg"}],"author":"Eduardo Mart\u00ednez","twitter_card":"summary_large_image","twitter_creator":"@Notibras","twitter_site":"@Notibras","twitter_misc":{"Escrito por":"Eduardo Mart\u00ednez","Est. tempo de leitura":"4 minutos"},"schema":{"@context":"https:\/\/schema.org","@graph":[{"@type":"Article","@id":"https:\/\/www.notibras.com\/site\/reeducandos-trabalham-em-recuperacao-de-carteiras-escolares\/#article","isPartOf":{"@id":"https:\/\/www.notibras.com\/site\/reeducandos-trabalham-em-recuperacao-de-carteiras-escolares\/"},"author":{"name":"Eduardo Mart\u00ednez","@id":"https:\/\/www.notibras.com\/site\/#\/schema\/person\/5b7fabf2aedc3ada2105f03b22b4d3dd"},"headline":"Reeducandos trabalham em recupera\u00e7\u00e3o de carteiras escolares","datePublished":"2026-01-12T04:15:34+00:00","mainEntityOfPage":{"@id":"https:\/\/www.notibras.com\/site\/reeducandos-trabalham-em-recuperacao-de-carteiras-escolares\/"},"wordCount":733,"publisher":{"@id":"https:\/\/www.notibras.com\/site\/#organization"},"image":{"@id":"https:\/\/www.notibras.com\/site\/reeducandos-trabalham-em-recuperacao-de-carteiras-escolares\/#primaryimage"},"thumbnailUrl":"https:\/\/www.notibras.com\/site\/wp-content\/uploads\/2026\/01\/9.1.-Materia-Seape-1-1.jpeg","articleSection":["Quadradinho em Foco"],"inLanguage":"pt-BR"},{"@type":"WebPage","@id":"https:\/\/www.notibras.com\/site\/reeducandos-trabalham-em-recuperacao-de-carteiras-escolares\/","url":"https:\/\/www.notibras.com\/site\/reeducandos-trabalham-em-recuperacao-de-carteiras-escolares\/","name":"Reeducandos trabalham em recupera\u00e7\u00e3o de carteiras escolares - Notibras","isPartOf":{"@id":"https:\/\/www.notibras.com\/site\/#website"},"primaryImageOfPage":{"@id":"https:\/\/www.notibras.com\/site\/reeducandos-trabalham-em-recuperacao-de-carteiras-escolares\/#primaryimage"},"image":{"@id":"https:\/\/www.notibras.com\/site\/reeducandos-trabalham-em-recuperacao-de-carteiras-escolares\/#primaryimage"},"thumbnailUrl":"https:\/\/www.notibras.com\/site\/wp-content\/uploads\/2026\/01\/9.1.-Materia-Seape-1-1.jpeg","datePublished":"2026-01-12T04:15:34+00:00","breadcrumb":{"@id":"https:\/\/www.notibras.com\/site\/reeducandos-trabalham-em-recuperacao-de-carteiras-escolares\/#breadcrumb"},"inLanguage":"pt-BR","potentialAction":[{"@type":"ReadAction","target":["https:\/\/www.notibras.com\/site\/reeducandos-trabalham-em-recuperacao-de-carteiras-escolares\/"]}]},{"@type":"ImageObject","inLanguage":"pt-BR","@id":"https:\/\/www.notibras.com\/site\/reeducandos-trabalham-em-recuperacao-de-carteiras-escolares\/#primaryimage","url":"https:\/\/www.notibras.com\/site\/wp-content\/uploads\/2026\/01\/9.1.-Materia-Seape-1-1.jpeg","contentUrl":"https:\/\/www.notibras.com\/site\/wp-content\/uploads\/2026\/01\/9.1.-Materia-Seape-1-1.jpeg","width":1600,"height":1066},{"@type":"BreadcrumbList","@id":"https:\/\/www.notibras.com\/site\/reeducandos-trabalham-em-recuperacao-de-carteiras-escolares\/#breadcrumb","itemListElement":[{"@type":"ListItem","position":1,"name":"In\u00edcio","item":"https:\/\/www.notibras.com\/site\/"},{"@type":"ListItem","position":2,"name":"Reeducandos trabalham em recupera\u00e7\u00e3o de carteiras escolares"}]},{"@type":"WebSite","@id":"https:\/\/www.notibras.com\/site\/#website","url":"https:\/\/www.notibras.com\/site\/","name":"Notibras","description":"Not\u00edcias de Bras\u00edlia, do Brasil e do Mundo","publisher":{"@id":"https:\/\/www.notibras.com\/site\/#organization"},"potentialAction":[{"@type":"SearchAction","target":{"@type":"EntryPoint","urlTemplate":"https:\/\/www.notibras.com\/site\/?s={search_term_string}"},"query-input":{"@type":"PropertyValueSpecification","valueRequired":true,"valueName":"search_term_string"}}],"inLanguage":"pt-BR"},{"@type":"Organization","@id":"https:\/\/www.notibras.com\/site\/#organization","name":"Grupo Notibras de Comunica\u00e7\u00e3o","url":"https:\/\/www.notibras.com\/site\/","logo":{"@type":"ImageObject","inLanguage":"pt-BR","@id":"https:\/\/www.notibras.com\/site\/#\/schema\/logo\/image\/","url":"https:\/\/www.notibras.com\/site\/wp-content\/uploads\/2023\/01\/notibras23.png","contentUrl":"https:\/\/www.notibras.com\/site\/wp-content\/uploads\/2023\/01\/notibras23.png","width":350,"height":87,"caption":"Grupo Notibras de Comunica\u00e7\u00e3o"},"image":{"@id":"https:\/\/www.notibras.com\/site\/#\/schema\/logo\/image\/"},"sameAs":["https:\/\/www.facebook.com\/notibras\/","https:\/\/x.com\/Notibras","https:\/\/www.instagram.com\/notibras\/"]},{"@type":"Person","@id":"https:\/\/www.notibras.com\/site\/#\/schema\/person\/5b7fabf2aedc3ada2105f03b22b4d3dd","name":"Eduardo Mart\u00ednez","image":{"@type":"ImageObject","inLanguage":"pt-BR","@id":"https:\/\/secure.gravatar.com\/avatar\/7902f906289926289cbcda644b5197c796b893c6ffd7b9a536a42d290f7704a0?s=96&d=mm&r=g","url":"https:\/\/secure.gravatar.com\/avatar\/7902f906289926289cbcda644b5197c796b893c6ffd7b9a536a42d290f7704a0?s=96&d=mm&r=g","contentUrl":"https:\/\/secure.gravatar.com\/avatar\/7902f906289926289cbcda644b5197c796b893c6ffd7b9a536a42d290f7704a0?s=96&d=mm&r=g","caption":"Eduardo Mart\u00ednez"}}]}},"amp_enabled":true,"_links":{"self":[{"href":"https:\/\/www.notibras.com\/site\/wp-json\/wp\/v2\/posts\/378645","targetHints":{"allow":["GET"]}}],"collection":[{"href":"https:\/\/www.notibras.com\/site\/wp-json\/wp\/v2\/posts"}],"about":[{"href":"https:\/\/www.notibras.com\/site\/wp-json\/wp\/v2\/types\/post"}],"author":[{"embeddable":true,"href":"https:\/\/www.notibras.com\/site\/wp-json\/wp\/v2\/users\/21"}],"replies":[{"embeddable":true,"href":"https:\/\/www.notibras.com\/site\/wp-json\/wp\/v2\/comments?post=378645"}],"version-history":[{"count":2,"href":"https:\/\/www.notibras.com\/site\/wp-json\/wp\/v2\/posts\/378645\/revisions"}],"predecessor-version":[{"id":378648,"href":"https:\/\/www.notibras.com\/site\/wp-json\/wp\/v2\/posts\/378645\/revisions\/378648"}],"wp:featuredmedia":[{"embeddable":true,"href":"https:\/\/www.notibras.com\/site\/wp-json\/wp\/v2\/media\/378646"}],"wp:attachment":[{"href":"https:\/\/www.notibras.com\/site\/wp-json\/wp\/v2\/media?parent=378645"}],"wp:term":[{"taxonomy":"category","embeddable":true,"href":"https:\/\/www.notibras.com\/site\/wp-json\/wp\/v2\/categories?post=378645"},{"taxonomy":"post_tag","embeddable":true,"href":"https:\/\/www.notibras.com\/site\/wp-json\/wp\/v2\/tags?post=378645"}],"curies":[{"name":"wp","href":"https:\/\/api.w.org\/{rel}","templated":true}]}}