{"id":378649,"date":"2026-01-12T02:15:42","date_gmt":"2026-01-12T05:15:42","guid":{"rendered":"https:\/\/www.notibras.com\/site\/?p=378649"},"modified":"2026-01-12T00:29:11","modified_gmt":"2026-01-12T03:29:11","slug":"presidente-lula-surpreende-por-excelente-forma-aos-80","status":"publish","type":"post","link":"https:\/\/www.notibras.com\/site\/presidente-lula-surpreende-por-excelente-forma-aos-80\/","title":{"rendered":"Presidente Lula surpreende por excelente forma aos 80"},"content":{"rendered":"<p>Confesso que acompanhei com curiosidade e uma boa dose de humor a repercuss\u00e3o de um v\u00eddeo publicado h\u00e1 dois dias por Janja, a primeira-dama do Brasil, no Instagram. No registro, ela relembra os dias que passou com o presidente Lula na Restinga de Marambaia, Rio de Janeiro, durante um per\u00edodo de f\u00e9rias. Nada ali tinha qualquer informa\u00e7\u00e3o relevante sobre o pa\u00eds, sobre pol\u00edtica p\u00fablica ou grandes decis\u00f5es nacionais. E nem precisava ter. Era, claramente, um v\u00eddeo despretensioso, com algumas platitudes e imagens de descanso, gravado enquanto o presidente simplesmente fazia o que qualquer ser humano tem direito de fazer: descansar na praia.<\/p>\n<p>O curioso \u00e9 que o v\u00eddeo furou a bolha. Viralizou. E n\u00e3o s\u00f3 no Brasil, mas tamb\u00e9m fora dele. De repente, aquele registro trivial virou assunto. Teve gente elogiando o f\u00edsico de um idoso de 80 anos, teve compara\u00e7\u00e3o com outros presidentes, teve coment\u00e1rio s\u00e9rio, coment\u00e1rio debochado e, claro, muito meme. Confesso que achei tudo isso bastante engra\u00e7ado.<\/p>\n<p>O que mais me chamou aten\u00e7\u00e3o foi justamente o motivo da viraliza\u00e7\u00e3o: o presidente em trajes de banho. Afinal, ele n\u00e3o \u00e9 mais nenhum garoto. E talvez seja exatamente isso que tenha causado tanto impacto. Um corpo real, envelhecido, fora do padr\u00e3o das fotos publicit\u00e1rias e das poses ensaiadas. Em tempos de redes sociais t\u00e3o filtradas, isso parece ter causado um certo espanto coletivo.<\/p>\n<p>Fiquei pensando se, no fundo, n\u00e3o estamos inaugurando uma nova estrat\u00e9gia de comunica\u00e7\u00e3o pol\u00edtica. Vai que, em ano eleitoral, os candidatos resolvem apostar em v\u00eddeos de sunga na praia como diferencial competitivo? Se for isso, confesso que j\u00e1 estou preparada para rir bastante.<\/p>\n","protected":false},"excerpt":{"rendered":"<p>Confesso que acompanhei com curiosidade e uma boa dose de humor a repercuss\u00e3o de um v\u00eddeo publicado h\u00e1 dois dias por Janja, a primeira-dama do Brasil, no Instagram. No registro, ela relembra os dias que passou com o presidente Lula na Restinga de Marambaia, Rio de Janeiro, durante um per\u00edodo de f\u00e9rias. Nada ali tinha [&hellip;]<\/p>\n","protected":false},"author":21,"featured_media":378650,"comment_status":"closed","ping_status":"closed","sticky":false,"template":"","format":"standard","meta":{"_acf_changed":false,"footnotes":""},"categories":[235],"tags":[],"class_list":["post-378649","post","type-post","status-publish","format-standard","has-post-thumbnail","hentry","category-dona-irene"],"acf":[],"yoast_head":"<!-- This site is optimized with the Yoast SEO plugin v27.2 - https:\/\/yoast.com\/product\/yoast-seo-wordpress\/ -->\n<title>Presidente Lula surpreende por excelente forma aos 80 - Notibras<\/title>\n<meta name=\"robots\" content=\"index, follow, max-snippet:-1, max-image-preview:large, max-video-preview:-1\" \/>\n<link rel=\"canonical\" href=\"https:\/\/www.notibras.com\/site\/presidente-lula-surpreende-por-excelente-forma-aos-80\/\" \/>\n<meta property=\"og:locale\" content=\"pt_BR\" \/>\n<meta property=\"og:type\" content=\"article\" \/>\n<meta property=\"og:title\" content=\"Presidente Lula surpreende por excelente forma aos 80 - Notibras\" \/>\n<meta property=\"og:description\" content=\"Confesso que acompanhei com curiosidade e uma boa dose de humor a repercuss\u00e3o de um v\u00eddeo publicado h\u00e1 dois dias por Janja, a primeira-dama do Brasil, no Instagram. No registro, ela relembra os dias que passou com o presidente Lula na Restinga de Marambaia, Rio de Janeiro, durante um per\u00edodo de f\u00e9rias. Nada ali tinha [&hellip;]\" \/>\n<meta property=\"og:url\" content=\"https:\/\/www.notibras.com\/site\/presidente-lula-surpreende-por-excelente-forma-aos-80\/\" \/>\n<meta property=\"og:site_name\" content=\"Notibras\" \/>\n<meta property=\"article:publisher\" content=\"https:\/\/www.facebook.com\/notibras\/\" \/>\n<meta property=\"article:published_time\" content=\"2026-01-12T05:15:42+00:00\" \/>\n<meta property=\"og:image\" content=\"https:\/\/www.notibras.com\/site\/wp-content\/uploads\/2026\/01\/Screenshot-2026-01-11-at-14.01.23.png\" \/>\n\t<meta property=\"og:image:width\" content=\"809\" \/>\n\t<meta property=\"og:image:height\" content=\"457\" \/>\n\t<meta property=\"og:image:type\" content=\"image\/png\" \/>\n<meta name=\"author\" content=\"Eduardo Mart\u00ednez\" \/>\n<meta name=\"twitter:card\" content=\"summary_large_image\" \/>\n<meta name=\"twitter:creator\" content=\"@Notibras\" \/>\n<meta name=\"twitter:site\" content=\"@Notibras\" \/>\n<meta name=\"twitter:label1\" content=\"Escrito por\" \/>\n\t<meta name=\"twitter:data1\" content=\"Eduardo Mart\u00ednez\" \/>\n\t<meta name=\"twitter:label2\" content=\"Est. tempo de leitura\" \/>\n\t<meta name=\"twitter:data2\" content=\"2 minutos\" \/>\n<script type=\"application\/ld+json\" class=\"yoast-schema-graph\">{\"@context\":\"https:\/\/schema.org\",\"@graph\":[{\"@type\":\"Article\",\"@id\":\"https:\/\/www.notibras.com\/site\/presidente-lula-surpreende-por-excelente-forma-aos-80\/#article\",\"isPartOf\":{\"@id\":\"https:\/\/www.notibras.com\/site\/presidente-lula-surpreende-por-excelente-forma-aos-80\/\"},\"author\":{\"name\":\"Eduardo Mart\u00ednez\",\"@id\":\"https:\/\/www.notibras.com\/site\/#\/schema\/person\/5b7fabf2aedc3ada2105f03b22b4d3dd\"},\"headline\":\"Presidente Lula surpreende por excelente forma aos 80\",\"datePublished\":\"2026-01-12T05:15:42+00:00\",\"mainEntityOfPage\":{\"@id\":\"https:\/\/www.notibras.com\/site\/presidente-lula-surpreende-por-excelente-forma-aos-80\/\"},\"wordCount\":301,\"publisher\":{\"@id\":\"https:\/\/www.notibras.com\/site\/#organization\"},\"image\":{\"@id\":\"https:\/\/www.notibras.com\/site\/presidente-lula-surpreende-por-excelente-forma-aos-80\/#primaryimage\"},\"thumbnailUrl\":\"https:\/\/www.notibras.com\/site\/wp-content\/uploads\/2026\/01\/Screenshot-2026-01-11-at-14.01.23.png\",\"articleSection\":[\"Dona Irene\"],\"inLanguage\":\"pt-BR\"},{\"@type\":\"WebPage\",\"@id\":\"https:\/\/www.notibras.com\/site\/presidente-lula-surpreende-por-excelente-forma-aos-80\/\",\"url\":\"https:\/\/www.notibras.com\/site\/presidente-lula-surpreende-por-excelente-forma-aos-80\/\",\"name\":\"Presidente Lula surpreende por excelente forma aos 80 - Notibras\",\"isPartOf\":{\"@id\":\"https:\/\/www.notibras.com\/site\/#website\"},\"primaryImageOfPage\":{\"@id\":\"https:\/\/www.notibras.com\/site\/presidente-lula-surpreende-por-excelente-forma-aos-80\/#primaryimage\"},\"image\":{\"@id\":\"https:\/\/www.notibras.com\/site\/presidente-lula-surpreende-por-excelente-forma-aos-80\/#primaryimage\"},\"thumbnailUrl\":\"https:\/\/www.notibras.com\/site\/wp-content\/uploads\/2026\/01\/Screenshot-2026-01-11-at-14.01.23.png\",\"datePublished\":\"2026-01-12T05:15:42+00:00\",\"breadcrumb\":{\"@id\":\"https:\/\/www.notibras.com\/site\/presidente-lula-surpreende-por-excelente-forma-aos-80\/#breadcrumb\"},\"inLanguage\":\"pt-BR\",\"potentialAction\":[{\"@type\":\"ReadAction\",\"target\":[\"https:\/\/www.notibras.com\/site\/presidente-lula-surpreende-por-excelente-forma-aos-80\/\"]}]},{\"@type\":\"ImageObject\",\"inLanguage\":\"pt-BR\",\"@id\":\"https:\/\/www.notibras.com\/site\/presidente-lula-surpreende-por-excelente-forma-aos-80\/#primaryimage\",\"url\":\"https:\/\/www.notibras.com\/site\/wp-content\/uploads\/2026\/01\/Screenshot-2026-01-11-at-14.01.23.png\",\"contentUrl\":\"https:\/\/www.notibras.com\/site\/wp-content\/uploads\/2026\/01\/Screenshot-2026-01-11-at-14.01.23.png\",\"width\":809,\"height\":457},{\"@type\":\"BreadcrumbList\",\"@id\":\"https:\/\/www.notibras.com\/site\/presidente-lula-surpreende-por-excelente-forma-aos-80\/#breadcrumb\",\"itemListElement\":[{\"@type\":\"ListItem\",\"position\":1,\"name\":\"In\u00edcio\",\"item\":\"https:\/\/www.notibras.com\/site\/\"},{\"@type\":\"ListItem\",\"position\":2,\"name\":\"Presidente Lula surpreende por excelente forma aos 80\"}]},{\"@type\":\"WebSite\",\"@id\":\"https:\/\/www.notibras.com\/site\/#website\",\"url\":\"https:\/\/www.notibras.com\/site\/\",\"name\":\"Notibras\",\"description\":\"Not\u00edcias de Bras\u00edlia, do Brasil e do Mundo\",\"publisher\":{\"@id\":\"https:\/\/www.notibras.com\/site\/#organization\"},\"potentialAction\":[{\"@type\":\"SearchAction\",\"target\":{\"@type\":\"EntryPoint\",\"urlTemplate\":\"https:\/\/www.notibras.com\/site\/?s={search_term_string}\"},\"query-input\":{\"@type\":\"PropertyValueSpecification\",\"valueRequired\":true,\"valueName\":\"search_term_string\"}}],\"inLanguage\":\"pt-BR\"},{\"@type\":\"Organization\",\"@id\":\"https:\/\/www.notibras.com\/site\/#organization\",\"name\":\"Grupo Notibras de Comunica\u00e7\u00e3o\",\"url\":\"https:\/\/www.notibras.com\/site\/\",\"logo\":{\"@type\":\"ImageObject\",\"inLanguage\":\"pt-BR\",\"@id\":\"https:\/\/www.notibras.com\/site\/#\/schema\/logo\/image\/\",\"url\":\"https:\/\/www.notibras.com\/site\/wp-content\/uploads\/2023\/01\/notibras23.png\",\"contentUrl\":\"https:\/\/www.notibras.com\/site\/wp-content\/uploads\/2023\/01\/notibras23.png\",\"width\":350,\"height\":87,\"caption\":\"Grupo Notibras de Comunica\u00e7\u00e3o\"},\"image\":{\"@id\":\"https:\/\/www.notibras.com\/site\/#\/schema\/logo\/image\/\"},\"sameAs\":[\"https:\/\/www.facebook.com\/notibras\/\",\"https:\/\/x.com\/Notibras\",\"https:\/\/www.instagram.com\/notibras\/\"]},{\"@type\":\"Person\",\"@id\":\"https:\/\/www.notibras.com\/site\/#\/schema\/person\/5b7fabf2aedc3ada2105f03b22b4d3dd\",\"name\":\"Eduardo Mart\u00ednez\",\"image\":{\"@type\":\"ImageObject\",\"inLanguage\":\"pt-BR\",\"@id\":\"https:\/\/secure.gravatar.com\/avatar\/7902f906289926289cbcda644b5197c796b893c6ffd7b9a536a42d290f7704a0?s=96&d=mm&r=g\",\"url\":\"https:\/\/secure.gravatar.com\/avatar\/7902f906289926289cbcda644b5197c796b893c6ffd7b9a536a42d290f7704a0?s=96&d=mm&r=g\",\"contentUrl\":\"https:\/\/secure.gravatar.com\/avatar\/7902f906289926289cbcda644b5197c796b893c6ffd7b9a536a42d290f7704a0?s=96&d=mm&r=g\",\"caption\":\"Eduardo Mart\u00ednez\"}}]}<\/script>\n<!-- \/ Yoast SEO plugin. -->","yoast_head_json":{"title":"Presidente Lula surpreende por excelente forma aos 80 - Notibras","robots":{"index":"index","follow":"follow","max-snippet":"max-snippet:-1","max-image-preview":"max-image-preview:large","max-video-preview":"max-video-preview:-1"},"canonical":"https:\/\/www.notibras.com\/site\/presidente-lula-surpreende-por-excelente-forma-aos-80\/","og_locale":"pt_BR","og_type":"article","og_title":"Presidente Lula surpreende por excelente forma aos 80 - Notibras","og_description":"Confesso que acompanhei com curiosidade e uma boa dose de humor a repercuss\u00e3o de um v\u00eddeo publicado h\u00e1 dois dias por Janja, a primeira-dama do Brasil, no Instagram. No registro, ela relembra os dias que passou com o presidente Lula na Restinga de Marambaia, Rio de Janeiro, durante um per\u00edodo de f\u00e9rias. Nada ali tinha [&hellip;]","og_url":"https:\/\/www.notibras.com\/site\/presidente-lula-surpreende-por-excelente-forma-aos-80\/","og_site_name":"Notibras","article_publisher":"https:\/\/www.facebook.com\/notibras\/","article_published_time":"2026-01-12T05:15:42+00:00","og_image":[{"width":809,"height":457,"url":"https:\/\/www.notibras.com\/site\/wp-content\/uploads\/2026\/01\/Screenshot-2026-01-11-at-14.01.23.png","type":"image\/png"}],"author":"Eduardo Mart\u00ednez","twitter_card":"summary_large_image","twitter_creator":"@Notibras","twitter_site":"@Notibras","twitter_misc":{"Escrito por":"Eduardo Mart\u00ednez","Est. tempo de leitura":"2 minutos"},"schema":{"@context":"https:\/\/schema.org","@graph":[{"@type":"Article","@id":"https:\/\/www.notibras.com\/site\/presidente-lula-surpreende-por-excelente-forma-aos-80\/#article","isPartOf":{"@id":"https:\/\/www.notibras.com\/site\/presidente-lula-surpreende-por-excelente-forma-aos-80\/"},"author":{"name":"Eduardo Mart\u00ednez","@id":"https:\/\/www.notibras.com\/site\/#\/schema\/person\/5b7fabf2aedc3ada2105f03b22b4d3dd"},"headline":"Presidente Lula surpreende por excelente forma aos 80","datePublished":"2026-01-12T05:15:42+00:00","mainEntityOfPage":{"@id":"https:\/\/www.notibras.com\/site\/presidente-lula-surpreende-por-excelente-forma-aos-80\/"},"wordCount":301,"publisher":{"@id":"https:\/\/www.notibras.com\/site\/#organization"},"image":{"@id":"https:\/\/www.notibras.com\/site\/presidente-lula-surpreende-por-excelente-forma-aos-80\/#primaryimage"},"thumbnailUrl":"https:\/\/www.notibras.com\/site\/wp-content\/uploads\/2026\/01\/Screenshot-2026-01-11-at-14.01.23.png","articleSection":["Dona Irene"],"inLanguage":"pt-BR"},{"@type":"WebPage","@id":"https:\/\/www.notibras.com\/site\/presidente-lula-surpreende-por-excelente-forma-aos-80\/","url":"https:\/\/www.notibras.com\/site\/presidente-lula-surpreende-por-excelente-forma-aos-80\/","name":"Presidente Lula surpreende por excelente forma aos 80 - Notibras","isPartOf":{"@id":"https:\/\/www.notibras.com\/site\/#website"},"primaryImageOfPage":{"@id":"https:\/\/www.notibras.com\/site\/presidente-lula-surpreende-por-excelente-forma-aos-80\/#primaryimage"},"image":{"@id":"https:\/\/www.notibras.com\/site\/presidente-lula-surpreende-por-excelente-forma-aos-80\/#primaryimage"},"thumbnailUrl":"https:\/\/www.notibras.com\/site\/wp-content\/uploads\/2026\/01\/Screenshot-2026-01-11-at-14.01.23.png","datePublished":"2026-01-12T05:15:42+00:00","breadcrumb":{"@id":"https:\/\/www.notibras.com\/site\/presidente-lula-surpreende-por-excelente-forma-aos-80\/#breadcrumb"},"inLanguage":"pt-BR","potentialAction":[{"@type":"ReadAction","target":["https:\/\/www.notibras.com\/site\/presidente-lula-surpreende-por-excelente-forma-aos-80\/"]}]},{"@type":"ImageObject","inLanguage":"pt-BR","@id":"https:\/\/www.notibras.com\/site\/presidente-lula-surpreende-por-excelente-forma-aos-80\/#primaryimage","url":"https:\/\/www.notibras.com\/site\/wp-content\/uploads\/2026\/01\/Screenshot-2026-01-11-at-14.01.23.png","contentUrl":"https:\/\/www.notibras.com\/site\/wp-content\/uploads\/2026\/01\/Screenshot-2026-01-11-at-14.01.23.png","width":809,"height":457},{"@type":"BreadcrumbList","@id":"https:\/\/www.notibras.com\/site\/presidente-lula-surpreende-por-excelente-forma-aos-80\/#breadcrumb","itemListElement":[{"@type":"ListItem","position":1,"name":"In\u00edcio","item":"https:\/\/www.notibras.com\/site\/"},{"@type":"ListItem","position":2,"name":"Presidente Lula surpreende por excelente forma aos 80"}]},{"@type":"WebSite","@id":"https:\/\/www.notibras.com\/site\/#website","url":"https:\/\/www.notibras.com\/site\/","name":"Notibras","description":"Not\u00edcias de Bras\u00edlia, do Brasil e do Mundo","publisher":{"@id":"https:\/\/www.notibras.com\/site\/#organization"},"potentialAction":[{"@type":"SearchAction","target":{"@type":"EntryPoint","urlTemplate":"https:\/\/www.notibras.com\/site\/?s={search_term_string}"},"query-input":{"@type":"PropertyValueSpecification","valueRequired":true,"valueName":"search_term_string"}}],"inLanguage":"pt-BR"},{"@type":"Organization","@id":"https:\/\/www.notibras.com\/site\/#organization","name":"Grupo Notibras de Comunica\u00e7\u00e3o","url":"https:\/\/www.notibras.com\/site\/","logo":{"@type":"ImageObject","inLanguage":"pt-BR","@id":"https:\/\/www.notibras.com\/site\/#\/schema\/logo\/image\/","url":"https:\/\/www.notibras.com\/site\/wp-content\/uploads\/2023\/01\/notibras23.png","contentUrl":"https:\/\/www.notibras.com\/site\/wp-content\/uploads\/2023\/01\/notibras23.png","width":350,"height":87,"caption":"Grupo Notibras de Comunica\u00e7\u00e3o"},"image":{"@id":"https:\/\/www.notibras.com\/site\/#\/schema\/logo\/image\/"},"sameAs":["https:\/\/www.facebook.com\/notibras\/","https:\/\/x.com\/Notibras","https:\/\/www.instagram.com\/notibras\/"]},{"@type":"Person","@id":"https:\/\/www.notibras.com\/site\/#\/schema\/person\/5b7fabf2aedc3ada2105f03b22b4d3dd","name":"Eduardo Mart\u00ednez","image":{"@type":"ImageObject","inLanguage":"pt-BR","@id":"https:\/\/secure.gravatar.com\/avatar\/7902f906289926289cbcda644b5197c796b893c6ffd7b9a536a42d290f7704a0?s=96&d=mm&r=g","url":"https:\/\/secure.gravatar.com\/avatar\/7902f906289926289cbcda644b5197c796b893c6ffd7b9a536a42d290f7704a0?s=96&d=mm&r=g","contentUrl":"https:\/\/secure.gravatar.com\/avatar\/7902f906289926289cbcda644b5197c796b893c6ffd7b9a536a42d290f7704a0?s=96&d=mm&r=g","caption":"Eduardo Mart\u00ednez"}}]}},"amp_enabled":true,"_links":{"self":[{"href":"https:\/\/www.notibras.com\/site\/wp-json\/wp\/v2\/posts\/378649","targetHints":{"allow":["GET"]}}],"collection":[{"href":"https:\/\/www.notibras.com\/site\/wp-json\/wp\/v2\/posts"}],"about":[{"href":"https:\/\/www.notibras.com\/site\/wp-json\/wp\/v2\/types\/post"}],"author":[{"embeddable":true,"href":"https:\/\/www.notibras.com\/site\/wp-json\/wp\/v2\/users\/21"}],"replies":[{"embeddable":true,"href":"https:\/\/www.notibras.com\/site\/wp-json\/wp\/v2\/comments?post=378649"}],"version-history":[{"count":2,"href":"https:\/\/www.notibras.com\/site\/wp-json\/wp\/v2\/posts\/378649\/revisions"}],"predecessor-version":[{"id":378652,"href":"https:\/\/www.notibras.com\/site\/wp-json\/wp\/v2\/posts\/378649\/revisions\/378652"}],"wp:featuredmedia":[{"embeddable":true,"href":"https:\/\/www.notibras.com\/site\/wp-json\/wp\/v2\/media\/378650"}],"wp:attachment":[{"href":"https:\/\/www.notibras.com\/site\/wp-json\/wp\/v2\/media?parent=378649"}],"wp:term":[{"taxonomy":"category","embeddable":true,"href":"https:\/\/www.notibras.com\/site\/wp-json\/wp\/v2\/categories?post=378649"},{"taxonomy":"post_tag","embeddable":true,"href":"https:\/\/www.notibras.com\/site\/wp-json\/wp\/v2\/tags?post=378649"}],"curies":[{"name":"wp","href":"https:\/\/api.w.org\/{rel}","templated":true}]}}