{"id":378653,"date":"2026-01-12T02:00:11","date_gmt":"2026-01-12T05:00:11","guid":{"rendered":"https:\/\/www.notibras.com\/site\/?p=378653"},"modified":"2026-01-12T00:39:40","modified_gmt":"2026-01-12T03:39:40","slug":"trump-pensa-que-e-o-dono-do-mundo","status":"publish","type":"post","link":"https:\/\/www.notibras.com\/site\/trump-pensa-que-e-o-dono-do-mundo\/","title":{"rendered":"Trump pensa que \u00e9 o dono do mundo"},"content":{"rendered":"<p>Quando ou\u00e7o Trump dizer que os Estados Unidos ter\u00e3o a Groenl\u00e2ndia \u201ccueste o que custar\u201d, confesso que mergulho numa sensa\u00e7\u00e3o de mundo virado do avesso. Pode at\u00e9 parecer um cen\u00e1rio de fic\u00e7\u00e3o, de roteiro maluco de cinema, mas n\u00e3o temos motivos para descartar a seriedade dessa narrativa porque, nos \u00faltimos tempos, Trump tem falado e agido com uma sinceridade impressionante, para o bem e para o mal.<\/p>\n<p>Olho para a pol\u00edtica externa estadunidense e vejo um presidente disposto a perseguir metas que, at\u00e9 pouco tempo atr\u00e1s, muitos julgariam simplesmente absurdas. A ideia de adquirir a Groenl\u00e2ndia, um territ\u00f3rio soberano, ligado \u00e0 Dinamarca e \u00e0 OTAN, n\u00e3o est\u00e1 na esfera do \u201cnunca vai acontecer\u201d: est\u00e1 sendo discutida abertamente, com op\u00e7\u00f5es de negocia\u00e7\u00e3o e com a men\u00e7\u00e3o expl\u00edcita de que, se for preciso, outras vias poder\u00e3o ser consideradas.<\/p>\n<p>E isso tem consequ\u00eancias concretas. N\u00e3o acredito que seja apenas ret\u00f3rica. Ao contr\u00e1rio, j\u00e1 posso sentir a Europa se movimentando nos bastidores, recalculando estrat\u00e9gias diplom\u00e1ticas, refor\u00e7ando suas alian\u00e7as e, sobretudo, se preparando para uma eventual reconfigura\u00e7\u00e3o da ordem transatl\u00e2ntica. A OTAN, que durante d\u00e9cadas foi um pilar est\u00e1vel de defesa coletiva, hoje aparece fragilizada e debilitada pelo descr\u00e9dito das partes envolvidas e pelo aparente desinteresse americano em manter os compromissos antigos nos mesmos termos de antes.<\/p>\n<p>Outro ponto que surpreendeu muitos analistas era a a\u00e7\u00e3o na Venezuela e a captura de Maduro. Parecia que tudo n\u00e3o passaria de bravatas, de amea\u00e7as vazias, um Trump falando alto sem capacidade de realiza\u00e7\u00e3o. Mas, quando isso se concretizou e chocou o mundo, ficou claro que as palavras desse governo pesam tanto quanto seus gestos.<\/p>\n<p>E a\u00ed fica a grande pergunta: quando Trump sair do poder, o mundo voltar\u00e1 a ser o que era antes? Quando esse estilo abrupto de lideran\u00e7a e pol\u00edtica externa entrar para a hist\u00f3ria, teremos de fato um retorno ao \u201cnormal\u201d anterior ou simplesmente perceberemos que esse novo equil\u00edbrio que se estabeleceu ser\u00e1 duradouro? O tempo dir\u00e1. Mas, sinceramente, eu duvido que tudo possa simplesmente retroceder como se nada tivesse acontecido. O mundo mudou e talvez para sempre.<\/p>\n","protected":false},"excerpt":{"rendered":"<p>Quando ou\u00e7o Trump dizer que os Estados Unidos ter\u00e3o a Groenl\u00e2ndia \u201ccueste o que custar\u201d, confesso que mergulho numa sensa\u00e7\u00e3o de mundo virado do avesso. Pode at\u00e9 parecer um cen\u00e1rio de fic\u00e7\u00e3o, de roteiro maluco de cinema, mas n\u00e3o temos motivos para descartar a seriedade dessa narrativa porque, nos \u00faltimos tempos, Trump tem falado e [&hellip;]<\/p>\n","protected":false},"author":21,"featured_media":378654,"comment_status":"closed","ping_status":"closed","sticky":false,"template":"","format":"standard","meta":{"_acf_changed":false,"footnotes":""},"categories":[235],"tags":[],"class_list":["post-378653","post","type-post","status-publish","format-standard","has-post-thumbnail","hentry","category-dona-irene"],"acf":[],"yoast_head":"<!-- This site is optimized with the Yoast SEO plugin v27.2 - https:\/\/yoast.com\/product\/yoast-seo-wordpress\/ -->\n<title>Trump pensa que \u00e9 o dono do mundo - Notibras<\/title>\n<meta name=\"robots\" content=\"index, follow, max-snippet:-1, max-image-preview:large, max-video-preview:-1\" \/>\n<link rel=\"canonical\" href=\"https:\/\/www.notibras.com\/site\/trump-pensa-que-e-o-dono-do-mundo\/\" \/>\n<meta property=\"og:locale\" content=\"pt_BR\" \/>\n<meta property=\"og:type\" content=\"article\" \/>\n<meta property=\"og:title\" content=\"Trump pensa que \u00e9 o dono do mundo - Notibras\" \/>\n<meta property=\"og:description\" content=\"Quando ou\u00e7o Trump dizer que os Estados Unidos ter\u00e3o a Groenl\u00e2ndia \u201ccueste o que custar\u201d, confesso que mergulho numa sensa\u00e7\u00e3o de mundo virado do avesso. Pode at\u00e9 parecer um cen\u00e1rio de fic\u00e7\u00e3o, de roteiro maluco de cinema, mas n\u00e3o temos motivos para descartar a seriedade dessa narrativa porque, nos \u00faltimos tempos, Trump tem falado e [&hellip;]\" \/>\n<meta property=\"og:url\" content=\"https:\/\/www.notibras.com\/site\/trump-pensa-que-e-o-dono-do-mundo\/\" \/>\n<meta property=\"og:site_name\" content=\"Notibras\" \/>\n<meta property=\"article:publisher\" content=\"https:\/\/www.facebook.com\/notibras\/\" \/>\n<meta property=\"article:published_time\" content=\"2026-01-12T05:00:11+00:00\" \/>\n<meta property=\"og:image\" content=\"https:\/\/www.notibras.com\/site\/wp-content\/uploads\/2026\/01\/mundo-eua-donald-trump-20161107-01.webp\" \/>\n\t<meta property=\"og:image:width\" content=\"750\" \/>\n\t<meta property=\"og:image:height\" content=\"500\" \/>\n\t<meta property=\"og:image:type\" content=\"image\/webp\" \/>\n<meta name=\"author\" content=\"Eduardo Mart\u00ednez\" \/>\n<meta name=\"twitter:card\" content=\"summary_large_image\" \/>\n<meta name=\"twitter:creator\" content=\"@Notibras\" \/>\n<meta name=\"twitter:site\" content=\"@Notibras\" \/>\n<meta name=\"twitter:label1\" content=\"Escrito por\" \/>\n\t<meta name=\"twitter:data1\" content=\"Eduardo Mart\u00ednez\" \/>\n\t<meta name=\"twitter:label2\" content=\"Est. tempo de leitura\" \/>\n\t<meta name=\"twitter:data2\" content=\"3 minutos\" \/>\n<script type=\"application\/ld+json\" class=\"yoast-schema-graph\">{\"@context\":\"https:\/\/schema.org\",\"@graph\":[{\"@type\":\"Article\",\"@id\":\"https:\/\/www.notibras.com\/site\/trump-pensa-que-e-o-dono-do-mundo\/#article\",\"isPartOf\":{\"@id\":\"https:\/\/www.notibras.com\/site\/trump-pensa-que-e-o-dono-do-mundo\/\"},\"author\":{\"name\":\"Eduardo Mart\u00ednez\",\"@id\":\"https:\/\/www.notibras.com\/site\/#\/schema\/person\/5b7fabf2aedc3ada2105f03b22b4d3dd\"},\"headline\":\"Trump pensa que \u00e9 o dono do mundo\",\"datePublished\":\"2026-01-12T05:00:11+00:00\",\"mainEntityOfPage\":{\"@id\":\"https:\/\/www.notibras.com\/site\/trump-pensa-que-e-o-dono-do-mundo\/\"},\"wordCount\":387,\"publisher\":{\"@id\":\"https:\/\/www.notibras.com\/site\/#organization\"},\"image\":{\"@id\":\"https:\/\/www.notibras.com\/site\/trump-pensa-que-e-o-dono-do-mundo\/#primaryimage\"},\"thumbnailUrl\":\"https:\/\/www.notibras.com\/site\/wp-content\/uploads\/2026\/01\/mundo-eua-donald-trump-20161107-01.webp\",\"articleSection\":[\"Dona Irene\"],\"inLanguage\":\"pt-BR\"},{\"@type\":\"WebPage\",\"@id\":\"https:\/\/www.notibras.com\/site\/trump-pensa-que-e-o-dono-do-mundo\/\",\"url\":\"https:\/\/www.notibras.com\/site\/trump-pensa-que-e-o-dono-do-mundo\/\",\"name\":\"Trump pensa que \u00e9 o dono do mundo - Notibras\",\"isPartOf\":{\"@id\":\"https:\/\/www.notibras.com\/site\/#website\"},\"primaryImageOfPage\":{\"@id\":\"https:\/\/www.notibras.com\/site\/trump-pensa-que-e-o-dono-do-mundo\/#primaryimage\"},\"image\":{\"@id\":\"https:\/\/www.notibras.com\/site\/trump-pensa-que-e-o-dono-do-mundo\/#primaryimage\"},\"thumbnailUrl\":\"https:\/\/www.notibras.com\/site\/wp-content\/uploads\/2026\/01\/mundo-eua-donald-trump-20161107-01.webp\",\"datePublished\":\"2026-01-12T05:00:11+00:00\",\"breadcrumb\":{\"@id\":\"https:\/\/www.notibras.com\/site\/trump-pensa-que-e-o-dono-do-mundo\/#breadcrumb\"},\"inLanguage\":\"pt-BR\",\"potentialAction\":[{\"@type\":\"ReadAction\",\"target\":[\"https:\/\/www.notibras.com\/site\/trump-pensa-que-e-o-dono-do-mundo\/\"]}]},{\"@type\":\"ImageObject\",\"inLanguage\":\"pt-BR\",\"@id\":\"https:\/\/www.notibras.com\/site\/trump-pensa-que-e-o-dono-do-mundo\/#primaryimage\",\"url\":\"https:\/\/www.notibras.com\/site\/wp-content\/uploads\/2026\/01\/mundo-eua-donald-trump-20161107-01.webp\",\"contentUrl\":\"https:\/\/www.notibras.com\/site\/wp-content\/uploads\/2026\/01\/mundo-eua-donald-trump-20161107-01.webp\",\"width\":750,\"height\":500},{\"@type\":\"BreadcrumbList\",\"@id\":\"https:\/\/www.notibras.com\/site\/trump-pensa-que-e-o-dono-do-mundo\/#breadcrumb\",\"itemListElement\":[{\"@type\":\"ListItem\",\"position\":1,\"name\":\"In\u00edcio\",\"item\":\"https:\/\/www.notibras.com\/site\/\"},{\"@type\":\"ListItem\",\"position\":2,\"name\":\"Trump pensa que \u00e9 o dono do mundo\"}]},{\"@type\":\"WebSite\",\"@id\":\"https:\/\/www.notibras.com\/site\/#website\",\"url\":\"https:\/\/www.notibras.com\/site\/\",\"name\":\"Notibras\",\"description\":\"Not\u00edcias de Bras\u00edlia, do Brasil e do Mundo\",\"publisher\":{\"@id\":\"https:\/\/www.notibras.com\/site\/#organization\"},\"potentialAction\":[{\"@type\":\"SearchAction\",\"target\":{\"@type\":\"EntryPoint\",\"urlTemplate\":\"https:\/\/www.notibras.com\/site\/?s={search_term_string}\"},\"query-input\":{\"@type\":\"PropertyValueSpecification\",\"valueRequired\":true,\"valueName\":\"search_term_string\"}}],\"inLanguage\":\"pt-BR\"},{\"@type\":\"Organization\",\"@id\":\"https:\/\/www.notibras.com\/site\/#organization\",\"name\":\"Grupo Notibras de Comunica\u00e7\u00e3o\",\"url\":\"https:\/\/www.notibras.com\/site\/\",\"logo\":{\"@type\":\"ImageObject\",\"inLanguage\":\"pt-BR\",\"@id\":\"https:\/\/www.notibras.com\/site\/#\/schema\/logo\/image\/\",\"url\":\"https:\/\/www.notibras.com\/site\/wp-content\/uploads\/2023\/01\/notibras23.png\",\"contentUrl\":\"https:\/\/www.notibras.com\/site\/wp-content\/uploads\/2023\/01\/notibras23.png\",\"width\":350,\"height\":87,\"caption\":\"Grupo Notibras de Comunica\u00e7\u00e3o\"},\"image\":{\"@id\":\"https:\/\/www.notibras.com\/site\/#\/schema\/logo\/image\/\"},\"sameAs\":[\"https:\/\/www.facebook.com\/notibras\/\",\"https:\/\/x.com\/Notibras\",\"https:\/\/www.instagram.com\/notibras\/\"]},{\"@type\":\"Person\",\"@id\":\"https:\/\/www.notibras.com\/site\/#\/schema\/person\/5b7fabf2aedc3ada2105f03b22b4d3dd\",\"name\":\"Eduardo Mart\u00ednez\",\"image\":{\"@type\":\"ImageObject\",\"inLanguage\":\"pt-BR\",\"@id\":\"https:\/\/secure.gravatar.com\/avatar\/7902f906289926289cbcda644b5197c796b893c6ffd7b9a536a42d290f7704a0?s=96&d=mm&r=g\",\"url\":\"https:\/\/secure.gravatar.com\/avatar\/7902f906289926289cbcda644b5197c796b893c6ffd7b9a536a42d290f7704a0?s=96&d=mm&r=g\",\"contentUrl\":\"https:\/\/secure.gravatar.com\/avatar\/7902f906289926289cbcda644b5197c796b893c6ffd7b9a536a42d290f7704a0?s=96&d=mm&r=g\",\"caption\":\"Eduardo Mart\u00ednez\"}}]}<\/script>\n<!-- \/ Yoast SEO plugin. -->","yoast_head_json":{"title":"Trump pensa que \u00e9 o dono do mundo - Notibras","robots":{"index":"index","follow":"follow","max-snippet":"max-snippet:-1","max-image-preview":"max-image-preview:large","max-video-preview":"max-video-preview:-1"},"canonical":"https:\/\/www.notibras.com\/site\/trump-pensa-que-e-o-dono-do-mundo\/","og_locale":"pt_BR","og_type":"article","og_title":"Trump pensa que \u00e9 o dono do mundo - Notibras","og_description":"Quando ou\u00e7o Trump dizer que os Estados Unidos ter\u00e3o a Groenl\u00e2ndia \u201ccueste o que custar\u201d, confesso que mergulho numa sensa\u00e7\u00e3o de mundo virado do avesso. Pode at\u00e9 parecer um cen\u00e1rio de fic\u00e7\u00e3o, de roteiro maluco de cinema, mas n\u00e3o temos motivos para descartar a seriedade dessa narrativa porque, nos \u00faltimos tempos, Trump tem falado e [&hellip;]","og_url":"https:\/\/www.notibras.com\/site\/trump-pensa-que-e-o-dono-do-mundo\/","og_site_name":"Notibras","article_publisher":"https:\/\/www.facebook.com\/notibras\/","article_published_time":"2026-01-12T05:00:11+00:00","og_image":[{"width":750,"height":500,"url":"https:\/\/www.notibras.com\/site\/wp-content\/uploads\/2026\/01\/mundo-eua-donald-trump-20161107-01.webp","type":"image\/webp"}],"author":"Eduardo Mart\u00ednez","twitter_card":"summary_large_image","twitter_creator":"@Notibras","twitter_site":"@Notibras","twitter_misc":{"Escrito por":"Eduardo Mart\u00ednez","Est. tempo de leitura":"3 minutos"},"schema":{"@context":"https:\/\/schema.org","@graph":[{"@type":"Article","@id":"https:\/\/www.notibras.com\/site\/trump-pensa-que-e-o-dono-do-mundo\/#article","isPartOf":{"@id":"https:\/\/www.notibras.com\/site\/trump-pensa-que-e-o-dono-do-mundo\/"},"author":{"name":"Eduardo Mart\u00ednez","@id":"https:\/\/www.notibras.com\/site\/#\/schema\/person\/5b7fabf2aedc3ada2105f03b22b4d3dd"},"headline":"Trump pensa que \u00e9 o dono do mundo","datePublished":"2026-01-12T05:00:11+00:00","mainEntityOfPage":{"@id":"https:\/\/www.notibras.com\/site\/trump-pensa-que-e-o-dono-do-mundo\/"},"wordCount":387,"publisher":{"@id":"https:\/\/www.notibras.com\/site\/#organization"},"image":{"@id":"https:\/\/www.notibras.com\/site\/trump-pensa-que-e-o-dono-do-mundo\/#primaryimage"},"thumbnailUrl":"https:\/\/www.notibras.com\/site\/wp-content\/uploads\/2026\/01\/mundo-eua-donald-trump-20161107-01.webp","articleSection":["Dona Irene"],"inLanguage":"pt-BR"},{"@type":"WebPage","@id":"https:\/\/www.notibras.com\/site\/trump-pensa-que-e-o-dono-do-mundo\/","url":"https:\/\/www.notibras.com\/site\/trump-pensa-que-e-o-dono-do-mundo\/","name":"Trump pensa que \u00e9 o dono do mundo - Notibras","isPartOf":{"@id":"https:\/\/www.notibras.com\/site\/#website"},"primaryImageOfPage":{"@id":"https:\/\/www.notibras.com\/site\/trump-pensa-que-e-o-dono-do-mundo\/#primaryimage"},"image":{"@id":"https:\/\/www.notibras.com\/site\/trump-pensa-que-e-o-dono-do-mundo\/#primaryimage"},"thumbnailUrl":"https:\/\/www.notibras.com\/site\/wp-content\/uploads\/2026\/01\/mundo-eua-donald-trump-20161107-01.webp","datePublished":"2026-01-12T05:00:11+00:00","breadcrumb":{"@id":"https:\/\/www.notibras.com\/site\/trump-pensa-que-e-o-dono-do-mundo\/#breadcrumb"},"inLanguage":"pt-BR","potentialAction":[{"@type":"ReadAction","target":["https:\/\/www.notibras.com\/site\/trump-pensa-que-e-o-dono-do-mundo\/"]}]},{"@type":"ImageObject","inLanguage":"pt-BR","@id":"https:\/\/www.notibras.com\/site\/trump-pensa-que-e-o-dono-do-mundo\/#primaryimage","url":"https:\/\/www.notibras.com\/site\/wp-content\/uploads\/2026\/01\/mundo-eua-donald-trump-20161107-01.webp","contentUrl":"https:\/\/www.notibras.com\/site\/wp-content\/uploads\/2026\/01\/mundo-eua-donald-trump-20161107-01.webp","width":750,"height":500},{"@type":"BreadcrumbList","@id":"https:\/\/www.notibras.com\/site\/trump-pensa-que-e-o-dono-do-mundo\/#breadcrumb","itemListElement":[{"@type":"ListItem","position":1,"name":"In\u00edcio","item":"https:\/\/www.notibras.com\/site\/"},{"@type":"ListItem","position":2,"name":"Trump pensa que \u00e9 o dono do mundo"}]},{"@type":"WebSite","@id":"https:\/\/www.notibras.com\/site\/#website","url":"https:\/\/www.notibras.com\/site\/","name":"Notibras","description":"Not\u00edcias de Bras\u00edlia, do Brasil e do Mundo","publisher":{"@id":"https:\/\/www.notibras.com\/site\/#organization"},"potentialAction":[{"@type":"SearchAction","target":{"@type":"EntryPoint","urlTemplate":"https:\/\/www.notibras.com\/site\/?s={search_term_string}"},"query-input":{"@type":"PropertyValueSpecification","valueRequired":true,"valueName":"search_term_string"}}],"inLanguage":"pt-BR"},{"@type":"Organization","@id":"https:\/\/www.notibras.com\/site\/#organization","name":"Grupo Notibras de Comunica\u00e7\u00e3o","url":"https:\/\/www.notibras.com\/site\/","logo":{"@type":"ImageObject","inLanguage":"pt-BR","@id":"https:\/\/www.notibras.com\/site\/#\/schema\/logo\/image\/","url":"https:\/\/www.notibras.com\/site\/wp-content\/uploads\/2023\/01\/notibras23.png","contentUrl":"https:\/\/www.notibras.com\/site\/wp-content\/uploads\/2023\/01\/notibras23.png","width":350,"height":87,"caption":"Grupo Notibras de Comunica\u00e7\u00e3o"},"image":{"@id":"https:\/\/www.notibras.com\/site\/#\/schema\/logo\/image\/"},"sameAs":["https:\/\/www.facebook.com\/notibras\/","https:\/\/x.com\/Notibras","https:\/\/www.instagram.com\/notibras\/"]},{"@type":"Person","@id":"https:\/\/www.notibras.com\/site\/#\/schema\/person\/5b7fabf2aedc3ada2105f03b22b4d3dd","name":"Eduardo Mart\u00ednez","image":{"@type":"ImageObject","inLanguage":"pt-BR","@id":"https:\/\/secure.gravatar.com\/avatar\/7902f906289926289cbcda644b5197c796b893c6ffd7b9a536a42d290f7704a0?s=96&d=mm&r=g","url":"https:\/\/secure.gravatar.com\/avatar\/7902f906289926289cbcda644b5197c796b893c6ffd7b9a536a42d290f7704a0?s=96&d=mm&r=g","contentUrl":"https:\/\/secure.gravatar.com\/avatar\/7902f906289926289cbcda644b5197c796b893c6ffd7b9a536a42d290f7704a0?s=96&d=mm&r=g","caption":"Eduardo Mart\u00ednez"}}]}},"amp_enabled":true,"_links":{"self":[{"href":"https:\/\/www.notibras.com\/site\/wp-json\/wp\/v2\/posts\/378653","targetHints":{"allow":["GET"]}}],"collection":[{"href":"https:\/\/www.notibras.com\/site\/wp-json\/wp\/v2\/posts"}],"about":[{"href":"https:\/\/www.notibras.com\/site\/wp-json\/wp\/v2\/types\/post"}],"author":[{"embeddable":true,"href":"https:\/\/www.notibras.com\/site\/wp-json\/wp\/v2\/users\/21"}],"replies":[{"embeddable":true,"href":"https:\/\/www.notibras.com\/site\/wp-json\/wp\/v2\/comments?post=378653"}],"version-history":[{"count":3,"href":"https:\/\/www.notibras.com\/site\/wp-json\/wp\/v2\/posts\/378653\/revisions"}],"predecessor-version":[{"id":378657,"href":"https:\/\/www.notibras.com\/site\/wp-json\/wp\/v2\/posts\/378653\/revisions\/378657"}],"wp:featuredmedia":[{"embeddable":true,"href":"https:\/\/www.notibras.com\/site\/wp-json\/wp\/v2\/media\/378654"}],"wp:attachment":[{"href":"https:\/\/www.notibras.com\/site\/wp-json\/wp\/v2\/media?parent=378653"}],"wp:term":[{"taxonomy":"category","embeddable":true,"href":"https:\/\/www.notibras.com\/site\/wp-json\/wp\/v2\/categories?post=378653"},{"taxonomy":"post_tag","embeddable":true,"href":"https:\/\/www.notibras.com\/site\/wp-json\/wp\/v2\/tags?post=378653"}],"curies":[{"name":"wp","href":"https:\/\/api.w.org\/{rel}","templated":true}]}}