{"id":378658,"date":"2026-01-13T00:45:00","date_gmt":"2026-01-13T03:45:00","guid":{"rendered":"https:\/\/www.notibras.com\/site\/?p=378658"},"modified":"2026-01-12T01:26:19","modified_gmt":"2026-01-12T04:26:19","slug":"ideias-somadas","status":"publish","type":"post","link":"https:\/\/www.notibras.com\/site\/ideias-somadas\/","title":{"rendered":"Ideias somadas"},"content":{"rendered":"<p>Saio de casa em um s\u00e1bado de ver\u00e3o, encontro uns amigos virados, dir\u00edamos assim.<\/p>\n<p>Trabalharam na sexta, chegaram tarde em Marata\u00edzes, tempo suficiente para um banho e show. M\u00fasica, \u00e1lcool, dormir por duas ou tr\u00eas horas e partir para a praia, afinal os finais de semana de ver\u00e3o para os trabalhadores s\u00e3o curt\u00edssimos.<\/p>\n<p>Caminhando ao som das ondas, ou\u00e7o meu nome aos gritos. Paro, olho em dire\u00e7\u00e3o ao som e passo a manh\u00e3 na companhia de boas amizades, sol, comida, bebida, boa conversa e novas amizades.<\/p>\n<p>Eu n\u00e3o conhecia a todos, ali se formavam novas amizades. Era um dia quente, n\u00e3o dava para pisar na areia, vou a \u00e1gua e volto, coloco uma sa\u00edda de praia, um shortinho, para buscar uma \u00e1gua no bar.<\/p>\n<p>O shortinho aperta minha virilha. Um &#8220;novo amigo&#8221; diz:<\/p>\n<p>\u2014 Marcante, n\u00e3o tem vergonha?<\/p>\n<p>Eu diria que a raiva subiu, mas naquele momento olhei calmante e tive pena da sua dificuldade de olhar al\u00e9m. Mesmo assim, nem sempre sei me calar, olhei firmemente para ele:<\/p>\n<p>\u2014 Engra\u00e7ado, h\u00e1 poucos minutos te vi saindo da \u00e1gua orgulhoso dos seus volumes, e eu tenho que me envergonhar dos meus? Ali\u00e1s, orgulhoso, vi voc\u00ea se insinuar para as mulheres que te ignoravam enquanto sa\u00edam da \u00e1gua, ao mesmo tempo que vi voc\u00ea fazendo pequenas piadas com sua esposa, gorda, que \u00e9 a mulher mais bonita que vi atualmente, por in\u00fameras raz\u00f5es.<\/p>\n<p>Primeiro &#8211; \u00c9 a mulher mais tranquila e bem resolvida que vi esses dias<\/p>\n<p>Segundo &#8211; \u00c9 a mulher mais sensual daqui, cheia de curvas e seguran\u00e7a.<\/p>\n<p>Terceiro &#8211; \u00c9 o sorriso mais real que eu conhe\u00e7o.<\/p>\n<p>Quarto &#8211; Apesar das suas piadinhas, ela n\u00e3o se diminuiu.<\/p>\n<p>E o cara da ponta da mesa n\u00e3o conseguiu deixar de olhar para ela, o da esquerda tentou flertar in\u00fameras vezes, aquele ali atr\u00e1s, que \u00e9 lind\u00edssimo e pelo jeito decente e s\u00e9rio, sentou-se de costas, pois ao que observo \u00e9 casado, mas inevit\u00e1vel olhar para sua mulher, enquanto isso, voc\u00ea faz piada e sua sorte \u00e9 a intelig\u00eancia dela, em se aceitar e s\u00f3 estou falando isso porque somos todos apenas humanos, apenas n\u00e3o, amo o ser humano.<\/p>\n<p>Depois desse discurso, peguei minhas coisas e fui embora, sabia que o clima n\u00e3o era favor\u00e1vel.<\/p>\n<p>Seis anos se passaram, saio para meu passeio, descanso, meu vinho, que \u00e9 algo muito atual, vinho de manh\u00e3 na praia, encontro a bela gorda que n\u00e3o esqueci, maravilhosa como sempre, linda como sempre, o mesmo sorriso de sempre.<\/p>\n<p>Acompanhada de um homem cheio de carinhos, cuidando dos seus dois cachorrinhos fofos, enchendo-a de carinho.<\/p>\n<p>Abra\u00e7os e felicita\u00e7\u00f5es de feliz 2026 e senta aqui, toma um vinho.<\/p>\n<p>\u2014 Eu nem sabia que voc\u00ea bebia. Falo.<\/p>\n<p>\u2014 Eu n\u00e3o fazia muitas coisas, mas depois do que voc\u00ea disse h\u00e1 seis anos atr\u00e1s eu te entendi&#8230; Algu\u00e9m me enxerga como eu me enxergo.<\/p>\n<p>\u2014 Por que n\u00e3o um vinho em boas companhias em um s\u00e1bado de manh\u00e3 de ver\u00e3o? Qual \u00e9 a regra da vida?<\/p>\n<p>Sorrio, acabei de beber uma garrafa inteira de vinho pensando o mesmo.<\/p>\n<p>Dou-lhe um abra\u00e7o apertado, prometo encontros em breve e sigo.<\/p>\n<p>&#8221; Duas pessoas, cada uma tem um p\u00e3o, se encontram, cada uma divide o p\u00e3o e v\u00e3o embora, com quantos p\u00e3es cada uma fica?<\/p>\n<p>Duas pessoas t\u00eam uma ideia, se encontram, dividem a ideia e v\u00e3o embora, com quantas ideias cada uma fica?&#8221; Ideias somadas.<\/p>\n<p><strong>&#8230;&#8230;&#8230;&#8230;&#8230;&#8230;&#8230;&#8230;&#8230;&#8230;&#8230;&#8230;<\/strong><\/p>\n<p><strong>&#8220;Apaixonada pela vida em todas as suas formas! M\u00e3e, av\u00f3, artes\u00e3 do croch\u00ea e escritora por voca\u00e7\u00e3o. Encontro inspira\u00e7\u00e3o na natureza e tranquilidade nas trilhas da montanha. Palavras e linhas s\u00e3o minhas ferramentas para criar e compartilhar amor.&#8221;<\/strong><br \/>\n<strong>Autora de tr\u00eas livros publicados, colunista e integrante de uma comunidade liter\u00e1ria.<\/strong><br \/>\n<strong>Atualmente reside em Cachoeiro de Itapemirim-ES.<\/strong><\/p>\n","protected":false},"excerpt":{"rendered":"<p>Saio de casa em um s\u00e1bado de ver\u00e3o, encontro uns amigos virados, dir\u00edamos assim. Trabalharam na sexta, chegaram tarde em Marata\u00edzes, tempo suficiente para um banho e show. M\u00fasica, \u00e1lcool, dormir por duas ou tr\u00eas horas e partir para a praia, afinal os finais de semana de ver\u00e3o para os trabalhadores s\u00e3o curt\u00edssimos. Caminhando ao [&hellip;]<\/p>\n","protected":false},"author":21,"featured_media":378659,"comment_status":"closed","ping_status":"closed","sticky":false,"template":"","format":"standard","meta":{"_acf_changed":false,"footnotes":""},"categories":[234],"tags":[],"class_list":["post-378658","post","type-post","status-publish","format-standard","has-post-thumbnail","hentry","category-cafe-literario"],"acf":[],"yoast_head":"<!-- This site is optimized with the Yoast SEO plugin v27.2 - https:\/\/yoast.com\/product\/yoast-seo-wordpress\/ -->\n<title>Ideias somadas - Notibras<\/title>\n<meta name=\"robots\" content=\"index, follow, max-snippet:-1, max-image-preview:large, max-video-preview:-1\" \/>\n<link rel=\"canonical\" href=\"https:\/\/www.notibras.com\/site\/ideias-somadas\/\" \/>\n<meta property=\"og:locale\" content=\"pt_BR\" \/>\n<meta property=\"og:type\" content=\"article\" \/>\n<meta property=\"og:title\" content=\"Ideias somadas - Notibras\" \/>\n<meta property=\"og:description\" content=\"Saio de casa em um s\u00e1bado de ver\u00e3o, encontro uns amigos virados, dir\u00edamos assim. Trabalharam na sexta, chegaram tarde em Marata\u00edzes, tempo suficiente para um banho e show. M\u00fasica, \u00e1lcool, dormir por duas ou tr\u00eas horas e partir para a praia, afinal os finais de semana de ver\u00e3o para os trabalhadores s\u00e3o curt\u00edssimos. Caminhando ao [&hellip;]\" \/>\n<meta property=\"og:url\" content=\"https:\/\/www.notibras.com\/site\/ideias-somadas\/\" \/>\n<meta property=\"og:site_name\" content=\"Notibras\" \/>\n<meta property=\"article:publisher\" content=\"https:\/\/www.facebook.com\/notibras\/\" \/>\n<meta property=\"article:published_time\" content=\"2026-01-13T03:45:00+00:00\" \/>\n<meta property=\"og:image\" content=\"https:\/\/www.notibras.com\/site\/wp-content\/uploads\/2026\/01\/IMG_0275.jpg\" \/>\n\t<meta property=\"og:image:width\" content=\"1023\" \/>\n\t<meta property=\"og:image:height\" content=\"921\" \/>\n\t<meta property=\"og:image:type\" content=\"image\/jpeg\" \/>\n<meta name=\"author\" content=\"Eduardo Mart\u00ednez\" \/>\n<meta name=\"twitter:card\" content=\"summary_large_image\" \/>\n<meta name=\"twitter:creator\" content=\"@Notibras\" \/>\n<meta name=\"twitter:site\" content=\"@Notibras\" \/>\n<meta name=\"twitter:label1\" content=\"Escrito por\" \/>\n\t<meta name=\"twitter:data1\" content=\"Eduardo Mart\u00ednez\" \/>\n\t<meta name=\"twitter:label2\" content=\"Est. tempo de leitura\" \/>\n\t<meta name=\"twitter:data2\" content=\"4 minutos\" \/>\n<script type=\"application\/ld+json\" class=\"yoast-schema-graph\">{\"@context\":\"https:\/\/schema.org\",\"@graph\":[{\"@type\":\"Article\",\"@id\":\"https:\/\/www.notibras.com\/site\/ideias-somadas\/#article\",\"isPartOf\":{\"@id\":\"https:\/\/www.notibras.com\/site\/ideias-somadas\/\"},\"author\":{\"name\":\"Eduardo Mart\u00ednez\",\"@id\":\"https:\/\/www.notibras.com\/site\/#\/schema\/person\/5b7fabf2aedc3ada2105f03b22b4d3dd\"},\"headline\":\"Ideias somadas\",\"datePublished\":\"2026-01-13T03:45:00+00:00\",\"mainEntityOfPage\":{\"@id\":\"https:\/\/www.notibras.com\/site\/ideias-somadas\/\"},\"wordCount\":662,\"publisher\":{\"@id\":\"https:\/\/www.notibras.com\/site\/#organization\"},\"image\":{\"@id\":\"https:\/\/www.notibras.com\/site\/ideias-somadas\/#primaryimage\"},\"thumbnailUrl\":\"https:\/\/www.notibras.com\/site\/wp-content\/uploads\/2026\/01\/IMG_0275.jpg\",\"articleSection\":[\"Caf\u00e9 Liter\u00e1rio\"],\"inLanguage\":\"pt-BR\"},{\"@type\":\"WebPage\",\"@id\":\"https:\/\/www.notibras.com\/site\/ideias-somadas\/\",\"url\":\"https:\/\/www.notibras.com\/site\/ideias-somadas\/\",\"name\":\"Ideias somadas - Notibras\",\"isPartOf\":{\"@id\":\"https:\/\/www.notibras.com\/site\/#website\"},\"primaryImageOfPage\":{\"@id\":\"https:\/\/www.notibras.com\/site\/ideias-somadas\/#primaryimage\"},\"image\":{\"@id\":\"https:\/\/www.notibras.com\/site\/ideias-somadas\/#primaryimage\"},\"thumbnailUrl\":\"https:\/\/www.notibras.com\/site\/wp-content\/uploads\/2026\/01\/IMG_0275.jpg\",\"datePublished\":\"2026-01-13T03:45:00+00:00\",\"breadcrumb\":{\"@id\":\"https:\/\/www.notibras.com\/site\/ideias-somadas\/#breadcrumb\"},\"inLanguage\":\"pt-BR\",\"potentialAction\":[{\"@type\":\"ReadAction\",\"target\":[\"https:\/\/www.notibras.com\/site\/ideias-somadas\/\"]}]},{\"@type\":\"ImageObject\",\"inLanguage\":\"pt-BR\",\"@id\":\"https:\/\/www.notibras.com\/site\/ideias-somadas\/#primaryimage\",\"url\":\"https:\/\/www.notibras.com\/site\/wp-content\/uploads\/2026\/01\/IMG_0275.jpg\",\"contentUrl\":\"https:\/\/www.notibras.com\/site\/wp-content\/uploads\/2026\/01\/IMG_0275.jpg\",\"width\":1023,\"height\":921},{\"@type\":\"BreadcrumbList\",\"@id\":\"https:\/\/www.notibras.com\/site\/ideias-somadas\/#breadcrumb\",\"itemListElement\":[{\"@type\":\"ListItem\",\"position\":1,\"name\":\"In\u00edcio\",\"item\":\"https:\/\/www.notibras.com\/site\/\"},{\"@type\":\"ListItem\",\"position\":2,\"name\":\"Ideias somadas\"}]},{\"@type\":\"WebSite\",\"@id\":\"https:\/\/www.notibras.com\/site\/#website\",\"url\":\"https:\/\/www.notibras.com\/site\/\",\"name\":\"Notibras\",\"description\":\"Not\u00edcias de Bras\u00edlia, do Brasil e do Mundo\",\"publisher\":{\"@id\":\"https:\/\/www.notibras.com\/site\/#organization\"},\"potentialAction\":[{\"@type\":\"SearchAction\",\"target\":{\"@type\":\"EntryPoint\",\"urlTemplate\":\"https:\/\/www.notibras.com\/site\/?s={search_term_string}\"},\"query-input\":{\"@type\":\"PropertyValueSpecification\",\"valueRequired\":true,\"valueName\":\"search_term_string\"}}],\"inLanguage\":\"pt-BR\"},{\"@type\":\"Organization\",\"@id\":\"https:\/\/www.notibras.com\/site\/#organization\",\"name\":\"Grupo Notibras de Comunica\u00e7\u00e3o\",\"url\":\"https:\/\/www.notibras.com\/site\/\",\"logo\":{\"@type\":\"ImageObject\",\"inLanguage\":\"pt-BR\",\"@id\":\"https:\/\/www.notibras.com\/site\/#\/schema\/logo\/image\/\",\"url\":\"https:\/\/www.notibras.com\/site\/wp-content\/uploads\/2023\/01\/notibras23.png\",\"contentUrl\":\"https:\/\/www.notibras.com\/site\/wp-content\/uploads\/2023\/01\/notibras23.png\",\"width\":350,\"height\":87,\"caption\":\"Grupo Notibras de Comunica\u00e7\u00e3o\"},\"image\":{\"@id\":\"https:\/\/www.notibras.com\/site\/#\/schema\/logo\/image\/\"},\"sameAs\":[\"https:\/\/www.facebook.com\/notibras\/\",\"https:\/\/x.com\/Notibras\",\"https:\/\/www.instagram.com\/notibras\/\"]},{\"@type\":\"Person\",\"@id\":\"https:\/\/www.notibras.com\/site\/#\/schema\/person\/5b7fabf2aedc3ada2105f03b22b4d3dd\",\"name\":\"Eduardo Mart\u00ednez\",\"image\":{\"@type\":\"ImageObject\",\"inLanguage\":\"pt-BR\",\"@id\":\"https:\/\/secure.gravatar.com\/avatar\/7902f906289926289cbcda644b5197c796b893c6ffd7b9a536a42d290f7704a0?s=96&d=mm&r=g\",\"url\":\"https:\/\/secure.gravatar.com\/avatar\/7902f906289926289cbcda644b5197c796b893c6ffd7b9a536a42d290f7704a0?s=96&d=mm&r=g\",\"contentUrl\":\"https:\/\/secure.gravatar.com\/avatar\/7902f906289926289cbcda644b5197c796b893c6ffd7b9a536a42d290f7704a0?s=96&d=mm&r=g\",\"caption\":\"Eduardo Mart\u00ednez\"}}]}<\/script>\n<!-- \/ Yoast SEO plugin. -->","yoast_head_json":{"title":"Ideias somadas - Notibras","robots":{"index":"index","follow":"follow","max-snippet":"max-snippet:-1","max-image-preview":"max-image-preview:large","max-video-preview":"max-video-preview:-1"},"canonical":"https:\/\/www.notibras.com\/site\/ideias-somadas\/","og_locale":"pt_BR","og_type":"article","og_title":"Ideias somadas - Notibras","og_description":"Saio de casa em um s\u00e1bado de ver\u00e3o, encontro uns amigos virados, dir\u00edamos assim. Trabalharam na sexta, chegaram tarde em Marata\u00edzes, tempo suficiente para um banho e show. M\u00fasica, \u00e1lcool, dormir por duas ou tr\u00eas horas e partir para a praia, afinal os finais de semana de ver\u00e3o para os trabalhadores s\u00e3o curt\u00edssimos. Caminhando ao [&hellip;]","og_url":"https:\/\/www.notibras.com\/site\/ideias-somadas\/","og_site_name":"Notibras","article_publisher":"https:\/\/www.facebook.com\/notibras\/","article_published_time":"2026-01-13T03:45:00+00:00","og_image":[{"width":1023,"height":921,"url":"https:\/\/www.notibras.com\/site\/wp-content\/uploads\/2026\/01\/IMG_0275.jpg","type":"image\/jpeg"}],"author":"Eduardo Mart\u00ednez","twitter_card":"summary_large_image","twitter_creator":"@Notibras","twitter_site":"@Notibras","twitter_misc":{"Escrito por":"Eduardo Mart\u00ednez","Est. tempo de leitura":"4 minutos"},"schema":{"@context":"https:\/\/schema.org","@graph":[{"@type":"Article","@id":"https:\/\/www.notibras.com\/site\/ideias-somadas\/#article","isPartOf":{"@id":"https:\/\/www.notibras.com\/site\/ideias-somadas\/"},"author":{"name":"Eduardo Mart\u00ednez","@id":"https:\/\/www.notibras.com\/site\/#\/schema\/person\/5b7fabf2aedc3ada2105f03b22b4d3dd"},"headline":"Ideias somadas","datePublished":"2026-01-13T03:45:00+00:00","mainEntityOfPage":{"@id":"https:\/\/www.notibras.com\/site\/ideias-somadas\/"},"wordCount":662,"publisher":{"@id":"https:\/\/www.notibras.com\/site\/#organization"},"image":{"@id":"https:\/\/www.notibras.com\/site\/ideias-somadas\/#primaryimage"},"thumbnailUrl":"https:\/\/www.notibras.com\/site\/wp-content\/uploads\/2026\/01\/IMG_0275.jpg","articleSection":["Caf\u00e9 Liter\u00e1rio"],"inLanguage":"pt-BR"},{"@type":"WebPage","@id":"https:\/\/www.notibras.com\/site\/ideias-somadas\/","url":"https:\/\/www.notibras.com\/site\/ideias-somadas\/","name":"Ideias somadas - Notibras","isPartOf":{"@id":"https:\/\/www.notibras.com\/site\/#website"},"primaryImageOfPage":{"@id":"https:\/\/www.notibras.com\/site\/ideias-somadas\/#primaryimage"},"image":{"@id":"https:\/\/www.notibras.com\/site\/ideias-somadas\/#primaryimage"},"thumbnailUrl":"https:\/\/www.notibras.com\/site\/wp-content\/uploads\/2026\/01\/IMG_0275.jpg","datePublished":"2026-01-13T03:45:00+00:00","breadcrumb":{"@id":"https:\/\/www.notibras.com\/site\/ideias-somadas\/#breadcrumb"},"inLanguage":"pt-BR","potentialAction":[{"@type":"ReadAction","target":["https:\/\/www.notibras.com\/site\/ideias-somadas\/"]}]},{"@type":"ImageObject","inLanguage":"pt-BR","@id":"https:\/\/www.notibras.com\/site\/ideias-somadas\/#primaryimage","url":"https:\/\/www.notibras.com\/site\/wp-content\/uploads\/2026\/01\/IMG_0275.jpg","contentUrl":"https:\/\/www.notibras.com\/site\/wp-content\/uploads\/2026\/01\/IMG_0275.jpg","width":1023,"height":921},{"@type":"BreadcrumbList","@id":"https:\/\/www.notibras.com\/site\/ideias-somadas\/#breadcrumb","itemListElement":[{"@type":"ListItem","position":1,"name":"In\u00edcio","item":"https:\/\/www.notibras.com\/site\/"},{"@type":"ListItem","position":2,"name":"Ideias somadas"}]},{"@type":"WebSite","@id":"https:\/\/www.notibras.com\/site\/#website","url":"https:\/\/www.notibras.com\/site\/","name":"Notibras","description":"Not\u00edcias de Bras\u00edlia, do Brasil e do Mundo","publisher":{"@id":"https:\/\/www.notibras.com\/site\/#organization"},"potentialAction":[{"@type":"SearchAction","target":{"@type":"EntryPoint","urlTemplate":"https:\/\/www.notibras.com\/site\/?s={search_term_string}"},"query-input":{"@type":"PropertyValueSpecification","valueRequired":true,"valueName":"search_term_string"}}],"inLanguage":"pt-BR"},{"@type":"Organization","@id":"https:\/\/www.notibras.com\/site\/#organization","name":"Grupo Notibras de Comunica\u00e7\u00e3o","url":"https:\/\/www.notibras.com\/site\/","logo":{"@type":"ImageObject","inLanguage":"pt-BR","@id":"https:\/\/www.notibras.com\/site\/#\/schema\/logo\/image\/","url":"https:\/\/www.notibras.com\/site\/wp-content\/uploads\/2023\/01\/notibras23.png","contentUrl":"https:\/\/www.notibras.com\/site\/wp-content\/uploads\/2023\/01\/notibras23.png","width":350,"height":87,"caption":"Grupo Notibras de Comunica\u00e7\u00e3o"},"image":{"@id":"https:\/\/www.notibras.com\/site\/#\/schema\/logo\/image\/"},"sameAs":["https:\/\/www.facebook.com\/notibras\/","https:\/\/x.com\/Notibras","https:\/\/www.instagram.com\/notibras\/"]},{"@type":"Person","@id":"https:\/\/www.notibras.com\/site\/#\/schema\/person\/5b7fabf2aedc3ada2105f03b22b4d3dd","name":"Eduardo Mart\u00ednez","image":{"@type":"ImageObject","inLanguage":"pt-BR","@id":"https:\/\/secure.gravatar.com\/avatar\/7902f906289926289cbcda644b5197c796b893c6ffd7b9a536a42d290f7704a0?s=96&d=mm&r=g","url":"https:\/\/secure.gravatar.com\/avatar\/7902f906289926289cbcda644b5197c796b893c6ffd7b9a536a42d290f7704a0?s=96&d=mm&r=g","contentUrl":"https:\/\/secure.gravatar.com\/avatar\/7902f906289926289cbcda644b5197c796b893c6ffd7b9a536a42d290f7704a0?s=96&d=mm&r=g","caption":"Eduardo Mart\u00ednez"}}]}},"amp_enabled":true,"_links":{"self":[{"href":"https:\/\/www.notibras.com\/site\/wp-json\/wp\/v2\/posts\/378658","targetHints":{"allow":["GET"]}}],"collection":[{"href":"https:\/\/www.notibras.com\/site\/wp-json\/wp\/v2\/posts"}],"about":[{"href":"https:\/\/www.notibras.com\/site\/wp-json\/wp\/v2\/types\/post"}],"author":[{"embeddable":true,"href":"https:\/\/www.notibras.com\/site\/wp-json\/wp\/v2\/users\/21"}],"replies":[{"embeddable":true,"href":"https:\/\/www.notibras.com\/site\/wp-json\/wp\/v2\/comments?post=378658"}],"version-history":[{"count":2,"href":"https:\/\/www.notibras.com\/site\/wp-json\/wp\/v2\/posts\/378658\/revisions"}],"predecessor-version":[{"id":378661,"href":"https:\/\/www.notibras.com\/site\/wp-json\/wp\/v2\/posts\/378658\/revisions\/378661"}],"wp:featuredmedia":[{"embeddable":true,"href":"https:\/\/www.notibras.com\/site\/wp-json\/wp\/v2\/media\/378659"}],"wp:attachment":[{"href":"https:\/\/www.notibras.com\/site\/wp-json\/wp\/v2\/media?parent=378658"}],"wp:term":[{"taxonomy":"category","embeddable":true,"href":"https:\/\/www.notibras.com\/site\/wp-json\/wp\/v2\/categories?post=378658"},{"taxonomy":"post_tag","embeddable":true,"href":"https:\/\/www.notibras.com\/site\/wp-json\/wp\/v2\/tags?post=378658"}],"curies":[{"name":"wp","href":"https:\/\/api.w.org\/{rel}","templated":true}]}}