{"id":378662,"date":"2026-01-13T00:15:18","date_gmt":"2026-01-13T03:15:18","guid":{"rendered":"https:\/\/www.notibras.com\/site\/?p=378662"},"modified":"2026-01-12T01:59:44","modified_gmt":"2026-01-12T04:59:44","slug":"ler-diminui-a-cana-dura","status":"publish","type":"post","link":"https:\/\/www.notibras.com\/site\/ler-diminui-a-cana-dura\/","title":{"rendered":"LER DIMINUI A &#8220;CANA DURA&#8221;?"},"content":{"rendered":"<p>1.<br \/>\nNa Idade M\u00e9dia, a maioria das pessoas n\u00e3o sabia ler. N\u00e3o por falta de capacidade, mas por falta de permiss\u00e3o e negacionismo radical.<\/p>\n<p>Livros eram raros, caros e perigosos.<\/p>\n<p>Quem lia demais refletia e refletindo fazia perguntas.<\/p>\n<p>E perguntas davam trabalho, incomodavam e geravam conhecimento.<\/p>\n<p>Durante s\u00e9culos, ler fora do que era autorizado podia custar o emprego, a reputa\u00e7\u00e3o ou a liberdade. Em alguns lugares e situa\u00e7\u00f5es, at\u00e9 a vida.<\/p>\n<p>As universidades nasceram sob vigil\u00e2ncia.<\/p>\n<p>Professores e padres falavam em latim. Tradi\u00e7\u00e3o e c\u00f3digo secreto.<\/p>\n<p>A Hist\u00f3ria muda os cen\u00e1rios, mas repete os comportamentos. No mundo de hoje ainda pro\u00edbem livros &#8220;perigosos&#8221; e o livre pensamento. Quando n\u00e3o pro\u00edbem, as redes sociais fazem o &#8220;trabalho sujo&#8221; de anestesiar a capacidade de leitura, concentra\u00e7\u00e3o e interpreta\u00e7\u00e3o de textos e livros que nos iluminam.<\/p>\n<p>2.<br \/>\n2025\/26. O ministro Alexandre de Moraes, do STF, autoriza a leitura e resenhas de livros como atividade capaz de diminuir os dias de pris\u00e3o dos condenados em cumprimento de penas.<\/p>\n<p>E a\u00ed volta aos holofotes a figura do ex-presidente do Brasil, o Capit\u00e3o-chefe do golpe contra a democracia de 2022.<\/p>\n<p>Os advogados da criatura correm em busca do benef\u00edcio para o pol\u00eamico cliente.<\/p>\n<p>Esqueceram apenas de um detalhe: como fazer a &#8220;m\u00e1gica&#8221; capaz de transformar o p\u00e9ssimo h\u00e1bito de negar os livros e a leitura, carater\u00edstico do condenado.<\/p>\n<p>N\u00e3o, definitivamente &#8220;n\u00e3o vai dar bom, t\u00e1okey!&#8221;.<\/p>\n<p><strong>&#8230;&#8230;&#8230;&#8230;&#8230;&#8230;&#8230;&#8230;&#8230;&#8230;&#8230;&#8230;..<\/strong><\/p>\n<p><strong>Gilberto Motta \u00e9 escritor, jornalista, professor\/pesquisador que acredita em Paulo Freire e sua pedagogia de alfabetiza\u00e7\u00e3o e liberta\u00e7\u00e3o, mas n\u00e3o no caso do Capit\u00e3o ex-tudo. Vive na Guarda do Emba\u00fa, litoral de SC.<\/strong><\/p>\n","protected":false},"excerpt":{"rendered":"<p>1. Na Idade M\u00e9dia, a maioria das pessoas n\u00e3o sabia ler. N\u00e3o por falta de capacidade, mas por falta de permiss\u00e3o e negacionismo radical. Livros eram raros, caros e perigosos. Quem lia demais refletia e refletindo fazia perguntas. E perguntas davam trabalho, incomodavam e geravam conhecimento. Durante s\u00e9culos, ler fora do que era autorizado podia [&hellip;]<\/p>\n","protected":false},"author":21,"featured_media":378663,"comment_status":"closed","ping_status":"closed","sticky":false,"template":"","format":"standard","meta":{"_acf_changed":false,"footnotes":""},"categories":[234],"tags":[],"class_list":["post-378662","post","type-post","status-publish","format-standard","has-post-thumbnail","hentry","category-cafe-literario"],"acf":[],"yoast_head":"<!-- This site is optimized with the Yoast SEO plugin v27.2 - https:\/\/yoast.com\/product\/yoast-seo-wordpress\/ -->\n<title>LER DIMINUI A &quot;CANA DURA&quot;? - Notibras<\/title>\n<meta name=\"robots\" content=\"index, follow, max-snippet:-1, max-image-preview:large, max-video-preview:-1\" \/>\n<link rel=\"canonical\" href=\"https:\/\/www.notibras.com\/site\/ler-diminui-a-cana-dura\/\" \/>\n<meta property=\"og:locale\" content=\"pt_BR\" \/>\n<meta property=\"og:type\" content=\"article\" \/>\n<meta property=\"og:title\" content=\"LER DIMINUI A &quot;CANA DURA&quot;? - Notibras\" \/>\n<meta property=\"og:description\" content=\"1. Na Idade M\u00e9dia, a maioria das pessoas n\u00e3o sabia ler. N\u00e3o por falta de capacidade, mas por falta de permiss\u00e3o e negacionismo radical. Livros eram raros, caros e perigosos. Quem lia demais refletia e refletindo fazia perguntas. E perguntas davam trabalho, incomodavam e geravam conhecimento. Durante s\u00e9culos, ler fora do que era autorizado podia [&hellip;]\" \/>\n<meta property=\"og:url\" content=\"https:\/\/www.notibras.com\/site\/ler-diminui-a-cana-dura\/\" \/>\n<meta property=\"og:site_name\" content=\"Notibras\" \/>\n<meta property=\"article:publisher\" content=\"https:\/\/www.facebook.com\/notibras\/\" \/>\n<meta property=\"article:published_time\" content=\"2026-01-13T03:15:18+00:00\" \/>\n<meta property=\"og:image\" content=\"https:\/\/www.notibras.com\/site\/wp-content\/uploads\/2026\/01\/image-13.png\" \/>\n\t<meta property=\"og:image:width\" content=\"446\" \/>\n\t<meta property=\"og:image:height\" content=\"654\" \/>\n\t<meta property=\"og:image:type\" content=\"image\/png\" \/>\n<meta name=\"author\" content=\"Eduardo Mart\u00ednez\" \/>\n<meta name=\"twitter:card\" content=\"summary_large_image\" \/>\n<meta name=\"twitter:creator\" content=\"@Notibras\" \/>\n<meta name=\"twitter:site\" content=\"@Notibras\" \/>\n<meta name=\"twitter:label1\" content=\"Escrito por\" \/>\n\t<meta name=\"twitter:data1\" content=\"Eduardo Mart\u00ednez\" \/>\n\t<meta name=\"twitter:label2\" content=\"Est. tempo de leitura\" \/>\n\t<meta name=\"twitter:data2\" content=\"2 minutos\" \/>\n<script type=\"application\/ld+json\" class=\"yoast-schema-graph\">{\"@context\":\"https:\/\/schema.org\",\"@graph\":[{\"@type\":\"Article\",\"@id\":\"https:\/\/www.notibras.com\/site\/ler-diminui-a-cana-dura\/#article\",\"isPartOf\":{\"@id\":\"https:\/\/www.notibras.com\/site\/ler-diminui-a-cana-dura\/\"},\"author\":{\"name\":\"Eduardo Mart\u00ednez\",\"@id\":\"https:\/\/www.notibras.com\/site\/#\/schema\/person\/5b7fabf2aedc3ada2105f03b22b4d3dd\"},\"headline\":\"LER DIMINUI A &#8220;CANA DURA&#8221;?\",\"datePublished\":\"2026-01-13T03:15:18+00:00\",\"mainEntityOfPage\":{\"@id\":\"https:\/\/www.notibras.com\/site\/ler-diminui-a-cana-dura\/\"},\"wordCount\":295,\"publisher\":{\"@id\":\"https:\/\/www.notibras.com\/site\/#organization\"},\"image\":{\"@id\":\"https:\/\/www.notibras.com\/site\/ler-diminui-a-cana-dura\/#primaryimage\"},\"thumbnailUrl\":\"https:\/\/www.notibras.com\/site\/wp-content\/uploads\/2026\/01\/image-13.png\",\"articleSection\":[\"Caf\u00e9 Liter\u00e1rio\"],\"inLanguage\":\"pt-BR\"},{\"@type\":\"WebPage\",\"@id\":\"https:\/\/www.notibras.com\/site\/ler-diminui-a-cana-dura\/\",\"url\":\"https:\/\/www.notibras.com\/site\/ler-diminui-a-cana-dura\/\",\"name\":\"LER DIMINUI A \\\"CANA DURA\\\"? - Notibras\",\"isPartOf\":{\"@id\":\"https:\/\/www.notibras.com\/site\/#website\"},\"primaryImageOfPage\":{\"@id\":\"https:\/\/www.notibras.com\/site\/ler-diminui-a-cana-dura\/#primaryimage\"},\"image\":{\"@id\":\"https:\/\/www.notibras.com\/site\/ler-diminui-a-cana-dura\/#primaryimage\"},\"thumbnailUrl\":\"https:\/\/www.notibras.com\/site\/wp-content\/uploads\/2026\/01\/image-13.png\",\"datePublished\":\"2026-01-13T03:15:18+00:00\",\"breadcrumb\":{\"@id\":\"https:\/\/www.notibras.com\/site\/ler-diminui-a-cana-dura\/#breadcrumb\"},\"inLanguage\":\"pt-BR\",\"potentialAction\":[{\"@type\":\"ReadAction\",\"target\":[\"https:\/\/www.notibras.com\/site\/ler-diminui-a-cana-dura\/\"]}]},{\"@type\":\"ImageObject\",\"inLanguage\":\"pt-BR\",\"@id\":\"https:\/\/www.notibras.com\/site\/ler-diminui-a-cana-dura\/#primaryimage\",\"url\":\"https:\/\/www.notibras.com\/site\/wp-content\/uploads\/2026\/01\/image-13.png\",\"contentUrl\":\"https:\/\/www.notibras.com\/site\/wp-content\/uploads\/2026\/01\/image-13.png\",\"width\":446,\"height\":654},{\"@type\":\"BreadcrumbList\",\"@id\":\"https:\/\/www.notibras.com\/site\/ler-diminui-a-cana-dura\/#breadcrumb\",\"itemListElement\":[{\"@type\":\"ListItem\",\"position\":1,\"name\":\"In\u00edcio\",\"item\":\"https:\/\/www.notibras.com\/site\/\"},{\"@type\":\"ListItem\",\"position\":2,\"name\":\"LER DIMINUI A &#8220;CANA DURA&#8221;?\"}]},{\"@type\":\"WebSite\",\"@id\":\"https:\/\/www.notibras.com\/site\/#website\",\"url\":\"https:\/\/www.notibras.com\/site\/\",\"name\":\"Notibras\",\"description\":\"Not\u00edcias de Bras\u00edlia, do Brasil e do Mundo\",\"publisher\":{\"@id\":\"https:\/\/www.notibras.com\/site\/#organization\"},\"potentialAction\":[{\"@type\":\"SearchAction\",\"target\":{\"@type\":\"EntryPoint\",\"urlTemplate\":\"https:\/\/www.notibras.com\/site\/?s={search_term_string}\"},\"query-input\":{\"@type\":\"PropertyValueSpecification\",\"valueRequired\":true,\"valueName\":\"search_term_string\"}}],\"inLanguage\":\"pt-BR\"},{\"@type\":\"Organization\",\"@id\":\"https:\/\/www.notibras.com\/site\/#organization\",\"name\":\"Grupo Notibras de Comunica\u00e7\u00e3o\",\"url\":\"https:\/\/www.notibras.com\/site\/\",\"logo\":{\"@type\":\"ImageObject\",\"inLanguage\":\"pt-BR\",\"@id\":\"https:\/\/www.notibras.com\/site\/#\/schema\/logo\/image\/\",\"url\":\"https:\/\/www.notibras.com\/site\/wp-content\/uploads\/2023\/01\/notibras23.png\",\"contentUrl\":\"https:\/\/www.notibras.com\/site\/wp-content\/uploads\/2023\/01\/notibras23.png\",\"width\":350,\"height\":87,\"caption\":\"Grupo Notibras de Comunica\u00e7\u00e3o\"},\"image\":{\"@id\":\"https:\/\/www.notibras.com\/site\/#\/schema\/logo\/image\/\"},\"sameAs\":[\"https:\/\/www.facebook.com\/notibras\/\",\"https:\/\/x.com\/Notibras\",\"https:\/\/www.instagram.com\/notibras\/\"]},{\"@type\":\"Person\",\"@id\":\"https:\/\/www.notibras.com\/site\/#\/schema\/person\/5b7fabf2aedc3ada2105f03b22b4d3dd\",\"name\":\"Eduardo Mart\u00ednez\",\"image\":{\"@type\":\"ImageObject\",\"inLanguage\":\"pt-BR\",\"@id\":\"https:\/\/secure.gravatar.com\/avatar\/7902f906289926289cbcda644b5197c796b893c6ffd7b9a536a42d290f7704a0?s=96&d=mm&r=g\",\"url\":\"https:\/\/secure.gravatar.com\/avatar\/7902f906289926289cbcda644b5197c796b893c6ffd7b9a536a42d290f7704a0?s=96&d=mm&r=g\",\"contentUrl\":\"https:\/\/secure.gravatar.com\/avatar\/7902f906289926289cbcda644b5197c796b893c6ffd7b9a536a42d290f7704a0?s=96&d=mm&r=g\",\"caption\":\"Eduardo Mart\u00ednez\"}}]}<\/script>\n<!-- \/ Yoast SEO plugin. -->","yoast_head_json":{"title":"LER DIMINUI A \"CANA DURA\"? - Notibras","robots":{"index":"index","follow":"follow","max-snippet":"max-snippet:-1","max-image-preview":"max-image-preview:large","max-video-preview":"max-video-preview:-1"},"canonical":"https:\/\/www.notibras.com\/site\/ler-diminui-a-cana-dura\/","og_locale":"pt_BR","og_type":"article","og_title":"LER DIMINUI A \"CANA DURA\"? - Notibras","og_description":"1. Na Idade M\u00e9dia, a maioria das pessoas n\u00e3o sabia ler. N\u00e3o por falta de capacidade, mas por falta de permiss\u00e3o e negacionismo radical. Livros eram raros, caros e perigosos. Quem lia demais refletia e refletindo fazia perguntas. E perguntas davam trabalho, incomodavam e geravam conhecimento. Durante s\u00e9culos, ler fora do que era autorizado podia [&hellip;]","og_url":"https:\/\/www.notibras.com\/site\/ler-diminui-a-cana-dura\/","og_site_name":"Notibras","article_publisher":"https:\/\/www.facebook.com\/notibras\/","article_published_time":"2026-01-13T03:15:18+00:00","og_image":[{"width":446,"height":654,"url":"https:\/\/www.notibras.com\/site\/wp-content\/uploads\/2026\/01\/image-13.png","type":"image\/png"}],"author":"Eduardo Mart\u00ednez","twitter_card":"summary_large_image","twitter_creator":"@Notibras","twitter_site":"@Notibras","twitter_misc":{"Escrito por":"Eduardo Mart\u00ednez","Est. tempo de leitura":"2 minutos"},"schema":{"@context":"https:\/\/schema.org","@graph":[{"@type":"Article","@id":"https:\/\/www.notibras.com\/site\/ler-diminui-a-cana-dura\/#article","isPartOf":{"@id":"https:\/\/www.notibras.com\/site\/ler-diminui-a-cana-dura\/"},"author":{"name":"Eduardo Mart\u00ednez","@id":"https:\/\/www.notibras.com\/site\/#\/schema\/person\/5b7fabf2aedc3ada2105f03b22b4d3dd"},"headline":"LER DIMINUI A &#8220;CANA DURA&#8221;?","datePublished":"2026-01-13T03:15:18+00:00","mainEntityOfPage":{"@id":"https:\/\/www.notibras.com\/site\/ler-diminui-a-cana-dura\/"},"wordCount":295,"publisher":{"@id":"https:\/\/www.notibras.com\/site\/#organization"},"image":{"@id":"https:\/\/www.notibras.com\/site\/ler-diminui-a-cana-dura\/#primaryimage"},"thumbnailUrl":"https:\/\/www.notibras.com\/site\/wp-content\/uploads\/2026\/01\/image-13.png","articleSection":["Caf\u00e9 Liter\u00e1rio"],"inLanguage":"pt-BR"},{"@type":"WebPage","@id":"https:\/\/www.notibras.com\/site\/ler-diminui-a-cana-dura\/","url":"https:\/\/www.notibras.com\/site\/ler-diminui-a-cana-dura\/","name":"LER DIMINUI A \"CANA DURA\"? - Notibras","isPartOf":{"@id":"https:\/\/www.notibras.com\/site\/#website"},"primaryImageOfPage":{"@id":"https:\/\/www.notibras.com\/site\/ler-diminui-a-cana-dura\/#primaryimage"},"image":{"@id":"https:\/\/www.notibras.com\/site\/ler-diminui-a-cana-dura\/#primaryimage"},"thumbnailUrl":"https:\/\/www.notibras.com\/site\/wp-content\/uploads\/2026\/01\/image-13.png","datePublished":"2026-01-13T03:15:18+00:00","breadcrumb":{"@id":"https:\/\/www.notibras.com\/site\/ler-diminui-a-cana-dura\/#breadcrumb"},"inLanguage":"pt-BR","potentialAction":[{"@type":"ReadAction","target":["https:\/\/www.notibras.com\/site\/ler-diminui-a-cana-dura\/"]}]},{"@type":"ImageObject","inLanguage":"pt-BR","@id":"https:\/\/www.notibras.com\/site\/ler-diminui-a-cana-dura\/#primaryimage","url":"https:\/\/www.notibras.com\/site\/wp-content\/uploads\/2026\/01\/image-13.png","contentUrl":"https:\/\/www.notibras.com\/site\/wp-content\/uploads\/2026\/01\/image-13.png","width":446,"height":654},{"@type":"BreadcrumbList","@id":"https:\/\/www.notibras.com\/site\/ler-diminui-a-cana-dura\/#breadcrumb","itemListElement":[{"@type":"ListItem","position":1,"name":"In\u00edcio","item":"https:\/\/www.notibras.com\/site\/"},{"@type":"ListItem","position":2,"name":"LER DIMINUI A &#8220;CANA DURA&#8221;?"}]},{"@type":"WebSite","@id":"https:\/\/www.notibras.com\/site\/#website","url":"https:\/\/www.notibras.com\/site\/","name":"Notibras","description":"Not\u00edcias de Bras\u00edlia, do Brasil e do Mundo","publisher":{"@id":"https:\/\/www.notibras.com\/site\/#organization"},"potentialAction":[{"@type":"SearchAction","target":{"@type":"EntryPoint","urlTemplate":"https:\/\/www.notibras.com\/site\/?s={search_term_string}"},"query-input":{"@type":"PropertyValueSpecification","valueRequired":true,"valueName":"search_term_string"}}],"inLanguage":"pt-BR"},{"@type":"Organization","@id":"https:\/\/www.notibras.com\/site\/#organization","name":"Grupo Notibras de Comunica\u00e7\u00e3o","url":"https:\/\/www.notibras.com\/site\/","logo":{"@type":"ImageObject","inLanguage":"pt-BR","@id":"https:\/\/www.notibras.com\/site\/#\/schema\/logo\/image\/","url":"https:\/\/www.notibras.com\/site\/wp-content\/uploads\/2023\/01\/notibras23.png","contentUrl":"https:\/\/www.notibras.com\/site\/wp-content\/uploads\/2023\/01\/notibras23.png","width":350,"height":87,"caption":"Grupo Notibras de Comunica\u00e7\u00e3o"},"image":{"@id":"https:\/\/www.notibras.com\/site\/#\/schema\/logo\/image\/"},"sameAs":["https:\/\/www.facebook.com\/notibras\/","https:\/\/x.com\/Notibras","https:\/\/www.instagram.com\/notibras\/"]},{"@type":"Person","@id":"https:\/\/www.notibras.com\/site\/#\/schema\/person\/5b7fabf2aedc3ada2105f03b22b4d3dd","name":"Eduardo Mart\u00ednez","image":{"@type":"ImageObject","inLanguage":"pt-BR","@id":"https:\/\/secure.gravatar.com\/avatar\/7902f906289926289cbcda644b5197c796b893c6ffd7b9a536a42d290f7704a0?s=96&d=mm&r=g","url":"https:\/\/secure.gravatar.com\/avatar\/7902f906289926289cbcda644b5197c796b893c6ffd7b9a536a42d290f7704a0?s=96&d=mm&r=g","contentUrl":"https:\/\/secure.gravatar.com\/avatar\/7902f906289926289cbcda644b5197c796b893c6ffd7b9a536a42d290f7704a0?s=96&d=mm&r=g","caption":"Eduardo Mart\u00ednez"}}]}},"amp_enabled":true,"_links":{"self":[{"href":"https:\/\/www.notibras.com\/site\/wp-json\/wp\/v2\/posts\/378662","targetHints":{"allow":["GET"]}}],"collection":[{"href":"https:\/\/www.notibras.com\/site\/wp-json\/wp\/v2\/posts"}],"about":[{"href":"https:\/\/www.notibras.com\/site\/wp-json\/wp\/v2\/types\/post"}],"author":[{"embeddable":true,"href":"https:\/\/www.notibras.com\/site\/wp-json\/wp\/v2\/users\/21"}],"replies":[{"embeddable":true,"href":"https:\/\/www.notibras.com\/site\/wp-json\/wp\/v2\/comments?post=378662"}],"version-history":[{"count":2,"href":"https:\/\/www.notibras.com\/site\/wp-json\/wp\/v2\/posts\/378662\/revisions"}],"predecessor-version":[{"id":378665,"href":"https:\/\/www.notibras.com\/site\/wp-json\/wp\/v2\/posts\/378662\/revisions\/378665"}],"wp:featuredmedia":[{"embeddable":true,"href":"https:\/\/www.notibras.com\/site\/wp-json\/wp\/v2\/media\/378663"}],"wp:attachment":[{"href":"https:\/\/www.notibras.com\/site\/wp-json\/wp\/v2\/media?parent=378662"}],"wp:term":[{"taxonomy":"category","embeddable":true,"href":"https:\/\/www.notibras.com\/site\/wp-json\/wp\/v2\/categories?post=378662"},{"taxonomy":"post_tag","embeddable":true,"href":"https:\/\/www.notibras.com\/site\/wp-json\/wp\/v2\/tags?post=378662"}],"curies":[{"name":"wp","href":"https:\/\/api.w.org\/{rel}","templated":true}]}}