{"id":378684,"date":"2026-01-12T01:27:49","date_gmt":"2026-01-12T04:27:49","guid":{"rendered":"https:\/\/www.notibras.com\/site\/?p=378684"},"modified":"2026-01-12T06:59:35","modified_gmt":"2026-01-12T09:59:35","slug":"o-agente-secreto-faz-historia-no-globo-de-ouro-com-dois-premios","status":"publish","type":"post","link":"https:\/\/www.notibras.com\/site\/o-agente-secreto-faz-historia-no-globo-de-ouro-com-dois-premios\/","title":{"rendered":"O Agente Secreto faz hist\u00f3ria no Globo de Ouro com dois pr\u00eamios"},"content":{"rendered":"<p>O cinema brasileiro viveu uma noite hist\u00f3rica neste domingo no Globo de Ouro, realizado no The Beverly Hilton, em Los Angeles (EUA). O filme O Agente Secreto, dirigido por Kleber Mendon\u00e7a Filho, venceu duas das principais categorias da cerim\u00f4nia: Melhor Filme em L\u00edngua N\u00e3o Inglesa e Melhor Ator em Filme de Drama, com Wagner Moura.<\/p>\n<p>Apesar do desempenho expressivo, o longa brasileiro n\u00e3o levou o pr\u00eamio de Melhor Filme de Drama, principal categoria da noite, que ficou com Hamnet. Ainda assim, a chamada \u201cnoite do Brasil\u201d consolidou a presen\u00e7a do pa\u00eds entre os destaques da premia\u00e7\u00e3o.<\/p>\n<p>O an\u00fancio de Melhor Filme em L\u00edngua N\u00e3o Inglesa foi feito pelos atores Orlando Bloom e Minnie Driver. Ao revelar o vencedor, Driver saudou o p\u00fablico brasileiro com um \u201cParab\u00e9ns\u201d, dito em portugu\u00eas. Na categoria, O Agente Secreto superou produ\u00e7\u00f5es de cinco pa\u00edses: Valor Sentimental (Noruega), Sir\u00e2t (Espanha), A \u00danica Sa\u00edda (Coreia do Sul), A Voz de Hind Rajab (Tun\u00edsia) e Foi Apenas um Acidente (Fran\u00e7a).<\/p>\n<p>Ao receber a estatueta, Kleber Mendon\u00e7a Filho iniciou o discurso saudando o pa\u00eds. \u201cEu quero dar um al\u00f4 ao Brasil: al\u00f4, Brasil\u201d, disse. Em seguida, agradeceu \u00e0 distribuidora brasileira Vitrine Filmes, \u00e0 produtora e companheira Emilie, \u00e0 equipe e ao elenco. \u201cObrigado, Wagner Moura. As melhores coisas acontecem quando voc\u00ea tem um grande ator e um grande amigo. Eu dedico esse filme aos jovens cineastas. Esse \u00e9 um grande momento\u201d, afirmou o diretor.<\/p>\n<p>A vit\u00f3ria coroou um percurso internacional iniciado no Festival de Cannes, onde o filme teve estreia concorrendo \u00e0 Palma de Ouro. Na ocasi\u00e3o, uma apresenta\u00e7\u00e3o de frevo tomou a Avenida Croisette e se tornou um dos momentos mais comentados da edi\u00e7\u00e3o.<\/p>\n<p><strong>Melhor ator<\/strong><br \/>\nJ\u00e1 Wagner Moura fez hist\u00f3ria ao se tornar o primeiro brasileiro a vencer o Globo de Ouro de Melhor Ator em Filme de Drama. Em seu discurso, falou em portugu\u00eas e celebrou a cultura brasileira. \u201cViva a cultura brasileira\u201d, disse o ator, ao destacar a parceria com Kleber Mendon\u00e7a Filho, a quem definiu como \u201cum g\u00eanio\u201d, e a amizade constru\u00edda ao longo do projeto.<\/p>\n<p>Al\u00e9m de Wagner Moura, concorriam \u00e0 categoria Joel Edgerton (Sonhos de Trem), Oscar Isaac (Frankenstein), Dwayne Johnson (Cora\u00e7\u00e3o de Lutador: The Smashing Machine), Michael B. Jordan (Pecadores) e Jeremy Allen White (Springsteen: Salve-me do Desconhecido).<\/p>\n<p>A vit\u00f3ria de O Agente Secreto resgata uma tradi\u00e7\u00e3o brasileira na premia\u00e7\u00e3o: Central do Brasil venceu a mesma categoria em 1999, e, no ano passado, Fernanda Torres conquistou o pr\u00eamio de Melhor Atriz em Filme de Drama.<\/p>\n<p>Entre os demais vencedores do Globo de Ouro, o pr\u00eamio de Melhor Dire\u00e7\u00e3o em Filme ficou com Paul Thomas Anderson, por Uma Batalha Ap\u00f3s a Outra. J\u00e1 Melhor Ator em Filme de Musical ou Com\u00e9dia foi conquistado por Timoth\u00e9e Chalamet, por Marty Supreme.<\/p>\n<p>Na televis\u00e3o, a s\u00e9rie Adolesc\u00eancia saiu com dois pr\u00eamios de atua\u00e7\u00e3o: Owen Cooper venceu como Melhor Ator Coadjuvante em S\u00e9rie, e Stephen Graham foi premiado pela atua\u00e7\u00e3o como protagonista, al\u00e9m de tamb\u00e9m assinar a dire\u00e7\u00e3o da produ\u00e7\u00e3o.<\/p>\n<p>Com duas estatuetas e forte repercuss\u00e3o internacional, O Agente Secreto consolida o Brasil como um dos grandes protagonistas da atual temporada de premia\u00e7\u00f5es do cinema mundial.<\/p>\n","protected":false},"excerpt":{"rendered":"<p>O cinema brasileiro viveu uma noite hist\u00f3rica neste domingo no Globo de Ouro, realizado no The Beverly Hilton, em Los Angeles (EUA). O filme O Agente Secreto, dirigido por Kleber Mendon\u00e7a Filho, venceu duas das principais categorias da cerim\u00f4nia: Melhor Filme em L\u00edngua N\u00e3o Inglesa e Melhor Ator em Filme de Drama, com Wagner Moura. [&hellip;]<\/p>\n","protected":false},"author":2,"featured_media":378685,"comment_status":"closed","ping_status":"closed","sticky":false,"template":"","format":"standard","meta":{"_acf_changed":false,"footnotes":""},"categories":[155],"tags":[95],"class_list":["post-378684","post","type-post","status-publish","format-standard","has-post-thumbnail","hentry","category-leitura-vip","tag-capa"],"acf":[],"yoast_head":"<!-- This site is optimized with the Yoast SEO plugin v27.2 - https:\/\/yoast.com\/product\/yoast-seo-wordpress\/ -->\n<title>O Agente Secreto faz hist\u00f3ria no Globo de Ouro com dois pr\u00eamios - Notibras<\/title>\n<meta name=\"robots\" content=\"index, follow, max-snippet:-1, max-image-preview:large, max-video-preview:-1\" \/>\n<link rel=\"canonical\" href=\"https:\/\/www.notibras.com\/site\/o-agente-secreto-faz-historia-no-globo-de-ouro-com-dois-premios\/\" \/>\n<meta property=\"og:locale\" content=\"pt_BR\" \/>\n<meta property=\"og:type\" content=\"article\" \/>\n<meta property=\"og:title\" content=\"O Agente Secreto faz hist\u00f3ria no Globo de Ouro com dois pr\u00eamios - Notibras\" \/>\n<meta property=\"og:description\" content=\"O cinema brasileiro viveu uma noite hist\u00f3rica neste domingo no Globo de Ouro, realizado no The Beverly Hilton, em Los Angeles (EUA). O filme O Agente Secreto, dirigido por Kleber Mendon\u00e7a Filho, venceu duas das principais categorias da cerim\u00f4nia: Melhor Filme em L\u00edngua N\u00e3o Inglesa e Melhor Ator em Filme de Drama, com Wagner Moura. [&hellip;]\" \/>\n<meta property=\"og:url\" content=\"https:\/\/www.notibras.com\/site\/o-agente-secreto-faz-historia-no-globo-de-ouro-com-dois-premios\/\" \/>\n<meta property=\"og:site_name\" content=\"Notibras\" \/>\n<meta property=\"article:publisher\" content=\"https:\/\/www.facebook.com\/notibras\/\" \/>\n<meta property=\"article:published_time\" content=\"2026-01-12T04:27:49+00:00\" \/>\n<meta property=\"article:modified_time\" content=\"2026-01-12T09:59:35+00:00\" \/>\n<meta property=\"og:image\" content=\"https:\/\/www.notibras.com\/site\/wp-content\/uploads\/2026\/01\/foto_filme_o_agente_secreto_credito_victor_juca.webp\" \/>\n\t<meta property=\"og:image:width\" content=\"1170\" \/>\n\t<meta property=\"og:image:height\" content=\"700\" \/>\n\t<meta property=\"og:image:type\" content=\"image\/webp\" \/>\n<meta name=\"author\" content=\"Reda\u00e7\u00e3o\" \/>\n<meta name=\"twitter:card\" content=\"summary_large_image\" \/>\n<meta name=\"twitter:creator\" content=\"@Notibras\" \/>\n<meta name=\"twitter:site\" content=\"@Notibras\" \/>\n<meta name=\"twitter:label1\" content=\"Escrito por\" \/>\n\t<meta name=\"twitter:data1\" content=\"Reda\u00e7\u00e3o\" \/>\n\t<meta name=\"twitter:label2\" content=\"Est. tempo de leitura\" \/>\n\t<meta name=\"twitter:data2\" content=\"4 minutos\" \/>\n<script type=\"application\/ld+json\" class=\"yoast-schema-graph\">{\"@context\":\"https:\/\/schema.org\",\"@graph\":[{\"@type\":\"Article\",\"@id\":\"https:\/\/www.notibras.com\/site\/o-agente-secreto-faz-historia-no-globo-de-ouro-com-dois-premios\/#article\",\"isPartOf\":{\"@id\":\"https:\/\/www.notibras.com\/site\/o-agente-secreto-faz-historia-no-globo-de-ouro-com-dois-premios\/\"},\"author\":{\"name\":\"Reda\u00e7\u00e3o\",\"@id\":\"https:\/\/www.notibras.com\/site\/#\/schema\/person\/36ab0979449956132d3e5b517ea76ac8\"},\"headline\":\"O Agente Secreto faz hist\u00f3ria no Globo de Ouro com dois pr\u00eamios\",\"datePublished\":\"2026-01-12T04:27:49+00:00\",\"dateModified\":\"2026-01-12T09:59:35+00:00\",\"mainEntityOfPage\":{\"@id\":\"https:\/\/www.notibras.com\/site\/o-agente-secreto-faz-historia-no-globo-de-ouro-com-dois-premios\/\"},\"wordCount\":584,\"publisher\":{\"@id\":\"https:\/\/www.notibras.com\/site\/#organization\"},\"image\":{\"@id\":\"https:\/\/www.notibras.com\/site\/o-agente-secreto-faz-historia-no-globo-de-ouro-com-dois-premios\/#primaryimage\"},\"thumbnailUrl\":\"https:\/\/www.notibras.com\/site\/wp-content\/uploads\/2026\/01\/foto_filme_o_agente_secreto_credito_victor_juca.webp\",\"keywords\":[\"capa\"],\"articleSection\":[\"Leitura Vip\"],\"inLanguage\":\"pt-BR\"},{\"@type\":\"WebPage\",\"@id\":\"https:\/\/www.notibras.com\/site\/o-agente-secreto-faz-historia-no-globo-de-ouro-com-dois-premios\/\",\"url\":\"https:\/\/www.notibras.com\/site\/o-agente-secreto-faz-historia-no-globo-de-ouro-com-dois-premios\/\",\"name\":\"O Agente Secreto faz hist\u00f3ria no Globo de Ouro com dois pr\u00eamios - Notibras\",\"isPartOf\":{\"@id\":\"https:\/\/www.notibras.com\/site\/#website\"},\"primaryImageOfPage\":{\"@id\":\"https:\/\/www.notibras.com\/site\/o-agente-secreto-faz-historia-no-globo-de-ouro-com-dois-premios\/#primaryimage\"},\"image\":{\"@id\":\"https:\/\/www.notibras.com\/site\/o-agente-secreto-faz-historia-no-globo-de-ouro-com-dois-premios\/#primaryimage\"},\"thumbnailUrl\":\"https:\/\/www.notibras.com\/site\/wp-content\/uploads\/2026\/01\/foto_filme_o_agente_secreto_credito_victor_juca.webp\",\"datePublished\":\"2026-01-12T04:27:49+00:00\",\"dateModified\":\"2026-01-12T09:59:35+00:00\",\"breadcrumb\":{\"@id\":\"https:\/\/www.notibras.com\/site\/o-agente-secreto-faz-historia-no-globo-de-ouro-com-dois-premios\/#breadcrumb\"},\"inLanguage\":\"pt-BR\",\"potentialAction\":[{\"@type\":\"ReadAction\",\"target\":[\"https:\/\/www.notibras.com\/site\/o-agente-secreto-faz-historia-no-globo-de-ouro-com-dois-premios\/\"]}]},{\"@type\":\"ImageObject\",\"inLanguage\":\"pt-BR\",\"@id\":\"https:\/\/www.notibras.com\/site\/o-agente-secreto-faz-historia-no-globo-de-ouro-com-dois-premios\/#primaryimage\",\"url\":\"https:\/\/www.notibras.com\/site\/wp-content\/uploads\/2026\/01\/foto_filme_o_agente_secreto_credito_victor_juca.webp\",\"contentUrl\":\"https:\/\/www.notibras.com\/site\/wp-content\/uploads\/2026\/01\/foto_filme_o_agente_secreto_credito_victor_juca.webp\",\"width\":1170,\"height\":700},{\"@type\":\"BreadcrumbList\",\"@id\":\"https:\/\/www.notibras.com\/site\/o-agente-secreto-faz-historia-no-globo-de-ouro-com-dois-premios\/#breadcrumb\",\"itemListElement\":[{\"@type\":\"ListItem\",\"position\":1,\"name\":\"In\u00edcio\",\"item\":\"https:\/\/www.notibras.com\/site\/\"},{\"@type\":\"ListItem\",\"position\":2,\"name\":\"O Agente Secreto faz hist\u00f3ria no Globo de Ouro com dois pr\u00eamios\"}]},{\"@type\":\"WebSite\",\"@id\":\"https:\/\/www.notibras.com\/site\/#website\",\"url\":\"https:\/\/www.notibras.com\/site\/\",\"name\":\"Notibras\",\"description\":\"Not\u00edcias de Bras\u00edlia, do Brasil e do Mundo\",\"publisher\":{\"@id\":\"https:\/\/www.notibras.com\/site\/#organization\"},\"potentialAction\":[{\"@type\":\"SearchAction\",\"target\":{\"@type\":\"EntryPoint\",\"urlTemplate\":\"https:\/\/www.notibras.com\/site\/?s={search_term_string}\"},\"query-input\":{\"@type\":\"PropertyValueSpecification\",\"valueRequired\":true,\"valueName\":\"search_term_string\"}}],\"inLanguage\":\"pt-BR\"},{\"@type\":\"Organization\",\"@id\":\"https:\/\/www.notibras.com\/site\/#organization\",\"name\":\"Grupo Notibras de Comunica\u00e7\u00e3o\",\"url\":\"https:\/\/www.notibras.com\/site\/\",\"logo\":{\"@type\":\"ImageObject\",\"inLanguage\":\"pt-BR\",\"@id\":\"https:\/\/www.notibras.com\/site\/#\/schema\/logo\/image\/\",\"url\":\"https:\/\/www.notibras.com\/site\/wp-content\/uploads\/2023\/01\/notibras23.png\",\"contentUrl\":\"https:\/\/www.notibras.com\/site\/wp-content\/uploads\/2023\/01\/notibras23.png\",\"width\":350,\"height\":87,\"caption\":\"Grupo Notibras de Comunica\u00e7\u00e3o\"},\"image\":{\"@id\":\"https:\/\/www.notibras.com\/site\/#\/schema\/logo\/image\/\"},\"sameAs\":[\"https:\/\/www.facebook.com\/notibras\/\",\"https:\/\/x.com\/Notibras\",\"https:\/\/www.instagram.com\/notibras\/\"]},{\"@type\":\"Person\",\"@id\":\"https:\/\/www.notibras.com\/site\/#\/schema\/person\/36ab0979449956132d3e5b517ea76ac8\",\"name\":\"Reda\u00e7\u00e3o\",\"image\":{\"@type\":\"ImageObject\",\"inLanguage\":\"pt-BR\",\"@id\":\"https:\/\/secure.gravatar.com\/avatar\/e0a867bdedb85fd243eadf09663511f96fc81e0720a4a42581f334ad4303aa6b?s=96&d=mm&r=g\",\"url\":\"https:\/\/secure.gravatar.com\/avatar\/e0a867bdedb85fd243eadf09663511f96fc81e0720a4a42581f334ad4303aa6b?s=96&d=mm&r=g\",\"contentUrl\":\"https:\/\/secure.gravatar.com\/avatar\/e0a867bdedb85fd243eadf09663511f96fc81e0720a4a42581f334ad4303aa6b?s=96&d=mm&r=g\",\"caption\":\"Reda\u00e7\u00e3o\"}}]}<\/script>\n<!-- \/ Yoast SEO plugin. -->","yoast_head_json":{"title":"O Agente Secreto faz hist\u00f3ria no Globo de Ouro com dois pr\u00eamios - Notibras","robots":{"index":"index","follow":"follow","max-snippet":"max-snippet:-1","max-image-preview":"max-image-preview:large","max-video-preview":"max-video-preview:-1"},"canonical":"https:\/\/www.notibras.com\/site\/o-agente-secreto-faz-historia-no-globo-de-ouro-com-dois-premios\/","og_locale":"pt_BR","og_type":"article","og_title":"O Agente Secreto faz hist\u00f3ria no Globo de Ouro com dois pr\u00eamios - Notibras","og_description":"O cinema brasileiro viveu uma noite hist\u00f3rica neste domingo no Globo de Ouro, realizado no The Beverly Hilton, em Los Angeles (EUA). O filme O Agente Secreto, dirigido por Kleber Mendon\u00e7a Filho, venceu duas das principais categorias da cerim\u00f4nia: Melhor Filme em L\u00edngua N\u00e3o Inglesa e Melhor Ator em Filme de Drama, com Wagner Moura. [&hellip;]","og_url":"https:\/\/www.notibras.com\/site\/o-agente-secreto-faz-historia-no-globo-de-ouro-com-dois-premios\/","og_site_name":"Notibras","article_publisher":"https:\/\/www.facebook.com\/notibras\/","article_published_time":"2026-01-12T04:27:49+00:00","article_modified_time":"2026-01-12T09:59:35+00:00","og_image":[{"width":1170,"height":700,"url":"https:\/\/www.notibras.com\/site\/wp-content\/uploads\/2026\/01\/foto_filme_o_agente_secreto_credito_victor_juca.webp","type":"image\/webp"}],"author":"Reda\u00e7\u00e3o","twitter_card":"summary_large_image","twitter_creator":"@Notibras","twitter_site":"@Notibras","twitter_misc":{"Escrito por":"Reda\u00e7\u00e3o","Est. tempo de leitura":"4 minutos"},"schema":{"@context":"https:\/\/schema.org","@graph":[{"@type":"Article","@id":"https:\/\/www.notibras.com\/site\/o-agente-secreto-faz-historia-no-globo-de-ouro-com-dois-premios\/#article","isPartOf":{"@id":"https:\/\/www.notibras.com\/site\/o-agente-secreto-faz-historia-no-globo-de-ouro-com-dois-premios\/"},"author":{"name":"Reda\u00e7\u00e3o","@id":"https:\/\/www.notibras.com\/site\/#\/schema\/person\/36ab0979449956132d3e5b517ea76ac8"},"headline":"O Agente Secreto faz hist\u00f3ria no Globo de Ouro com dois pr\u00eamios","datePublished":"2026-01-12T04:27:49+00:00","dateModified":"2026-01-12T09:59:35+00:00","mainEntityOfPage":{"@id":"https:\/\/www.notibras.com\/site\/o-agente-secreto-faz-historia-no-globo-de-ouro-com-dois-premios\/"},"wordCount":584,"publisher":{"@id":"https:\/\/www.notibras.com\/site\/#organization"},"image":{"@id":"https:\/\/www.notibras.com\/site\/o-agente-secreto-faz-historia-no-globo-de-ouro-com-dois-premios\/#primaryimage"},"thumbnailUrl":"https:\/\/www.notibras.com\/site\/wp-content\/uploads\/2026\/01\/foto_filme_o_agente_secreto_credito_victor_juca.webp","keywords":["capa"],"articleSection":["Leitura Vip"],"inLanguage":"pt-BR"},{"@type":"WebPage","@id":"https:\/\/www.notibras.com\/site\/o-agente-secreto-faz-historia-no-globo-de-ouro-com-dois-premios\/","url":"https:\/\/www.notibras.com\/site\/o-agente-secreto-faz-historia-no-globo-de-ouro-com-dois-premios\/","name":"O Agente Secreto faz hist\u00f3ria no Globo de Ouro com dois pr\u00eamios - Notibras","isPartOf":{"@id":"https:\/\/www.notibras.com\/site\/#website"},"primaryImageOfPage":{"@id":"https:\/\/www.notibras.com\/site\/o-agente-secreto-faz-historia-no-globo-de-ouro-com-dois-premios\/#primaryimage"},"image":{"@id":"https:\/\/www.notibras.com\/site\/o-agente-secreto-faz-historia-no-globo-de-ouro-com-dois-premios\/#primaryimage"},"thumbnailUrl":"https:\/\/www.notibras.com\/site\/wp-content\/uploads\/2026\/01\/foto_filme_o_agente_secreto_credito_victor_juca.webp","datePublished":"2026-01-12T04:27:49+00:00","dateModified":"2026-01-12T09:59:35+00:00","breadcrumb":{"@id":"https:\/\/www.notibras.com\/site\/o-agente-secreto-faz-historia-no-globo-de-ouro-com-dois-premios\/#breadcrumb"},"inLanguage":"pt-BR","potentialAction":[{"@type":"ReadAction","target":["https:\/\/www.notibras.com\/site\/o-agente-secreto-faz-historia-no-globo-de-ouro-com-dois-premios\/"]}]},{"@type":"ImageObject","inLanguage":"pt-BR","@id":"https:\/\/www.notibras.com\/site\/o-agente-secreto-faz-historia-no-globo-de-ouro-com-dois-premios\/#primaryimage","url":"https:\/\/www.notibras.com\/site\/wp-content\/uploads\/2026\/01\/foto_filme_o_agente_secreto_credito_victor_juca.webp","contentUrl":"https:\/\/www.notibras.com\/site\/wp-content\/uploads\/2026\/01\/foto_filme_o_agente_secreto_credito_victor_juca.webp","width":1170,"height":700},{"@type":"BreadcrumbList","@id":"https:\/\/www.notibras.com\/site\/o-agente-secreto-faz-historia-no-globo-de-ouro-com-dois-premios\/#breadcrumb","itemListElement":[{"@type":"ListItem","position":1,"name":"In\u00edcio","item":"https:\/\/www.notibras.com\/site\/"},{"@type":"ListItem","position":2,"name":"O Agente Secreto faz hist\u00f3ria no Globo de Ouro com dois pr\u00eamios"}]},{"@type":"WebSite","@id":"https:\/\/www.notibras.com\/site\/#website","url":"https:\/\/www.notibras.com\/site\/","name":"Notibras","description":"Not\u00edcias de Bras\u00edlia, do Brasil e do Mundo","publisher":{"@id":"https:\/\/www.notibras.com\/site\/#organization"},"potentialAction":[{"@type":"SearchAction","target":{"@type":"EntryPoint","urlTemplate":"https:\/\/www.notibras.com\/site\/?s={search_term_string}"},"query-input":{"@type":"PropertyValueSpecification","valueRequired":true,"valueName":"search_term_string"}}],"inLanguage":"pt-BR"},{"@type":"Organization","@id":"https:\/\/www.notibras.com\/site\/#organization","name":"Grupo Notibras de Comunica\u00e7\u00e3o","url":"https:\/\/www.notibras.com\/site\/","logo":{"@type":"ImageObject","inLanguage":"pt-BR","@id":"https:\/\/www.notibras.com\/site\/#\/schema\/logo\/image\/","url":"https:\/\/www.notibras.com\/site\/wp-content\/uploads\/2023\/01\/notibras23.png","contentUrl":"https:\/\/www.notibras.com\/site\/wp-content\/uploads\/2023\/01\/notibras23.png","width":350,"height":87,"caption":"Grupo Notibras de Comunica\u00e7\u00e3o"},"image":{"@id":"https:\/\/www.notibras.com\/site\/#\/schema\/logo\/image\/"},"sameAs":["https:\/\/www.facebook.com\/notibras\/","https:\/\/x.com\/Notibras","https:\/\/www.instagram.com\/notibras\/"]},{"@type":"Person","@id":"https:\/\/www.notibras.com\/site\/#\/schema\/person\/36ab0979449956132d3e5b517ea76ac8","name":"Reda\u00e7\u00e3o","image":{"@type":"ImageObject","inLanguage":"pt-BR","@id":"https:\/\/secure.gravatar.com\/avatar\/e0a867bdedb85fd243eadf09663511f96fc81e0720a4a42581f334ad4303aa6b?s=96&d=mm&r=g","url":"https:\/\/secure.gravatar.com\/avatar\/e0a867bdedb85fd243eadf09663511f96fc81e0720a4a42581f334ad4303aa6b?s=96&d=mm&r=g","contentUrl":"https:\/\/secure.gravatar.com\/avatar\/e0a867bdedb85fd243eadf09663511f96fc81e0720a4a42581f334ad4303aa6b?s=96&d=mm&r=g","caption":"Reda\u00e7\u00e3o"}}]}},"amp_enabled":true,"_links":{"self":[{"href":"https:\/\/www.notibras.com\/site\/wp-json\/wp\/v2\/posts\/378684","targetHints":{"allow":["GET"]}}],"collection":[{"href":"https:\/\/www.notibras.com\/site\/wp-json\/wp\/v2\/posts"}],"about":[{"href":"https:\/\/www.notibras.com\/site\/wp-json\/wp\/v2\/types\/post"}],"author":[{"embeddable":true,"href":"https:\/\/www.notibras.com\/site\/wp-json\/wp\/v2\/users\/2"}],"replies":[{"embeddable":true,"href":"https:\/\/www.notibras.com\/site\/wp-json\/wp\/v2\/comments?post=378684"}],"version-history":[{"count":1,"href":"https:\/\/www.notibras.com\/site\/wp-json\/wp\/v2\/posts\/378684\/revisions"}],"predecessor-version":[{"id":378686,"href":"https:\/\/www.notibras.com\/site\/wp-json\/wp\/v2\/posts\/378684\/revisions\/378686"}],"wp:featuredmedia":[{"embeddable":true,"href":"https:\/\/www.notibras.com\/site\/wp-json\/wp\/v2\/media\/378685"}],"wp:attachment":[{"href":"https:\/\/www.notibras.com\/site\/wp-json\/wp\/v2\/media?parent=378684"}],"wp:term":[{"taxonomy":"category","embeddable":true,"href":"https:\/\/www.notibras.com\/site\/wp-json\/wp\/v2\/categories?post=378684"},{"taxonomy":"post_tag","embeddable":true,"href":"https:\/\/www.notibras.com\/site\/wp-json\/wp\/v2\/tags?post=378684"}],"curies":[{"name":"wp","href":"https:\/\/api.w.org\/{rel}","templated":true}]}}