{"id":378687,"date":"2026-01-12T00:00:53","date_gmt":"2026-01-12T03:00:53","guid":{"rendered":"https:\/\/www.notibras.com\/site\/?p=378687"},"modified":"2026-01-12T07:08:15","modified_gmt":"2026-01-12T10:08:15","slug":"mirassol-bate-sao-paulo-e-fla-esbarra-na-portuguesa","status":"publish","type":"post","link":"https:\/\/www.notibras.com\/site\/mirassol-bate-sao-paulo-e-fla-esbarra-na-portuguesa\/","title":{"rendered":"Mirassol bate S\u00e3o Paulo e Fla esbarra na Portuguesa"},"content":{"rendered":"<p>A sensa\u00e7\u00e3o do futebol brasileiro em 2025 iniciou a temporada mostrando que deseja continuar surpreendendo. No jogo que encerrou a rodada de abertura do Campeonato Paulista, na noite de domingo (11), o Mirassol recebeu o S\u00e3o Paulo no Mai\u00e3o e ganhou por 3 a 0.<\/p>\n<p>Um dos dez refor\u00e7os anunciados pelo Le\u00e3o Caipira para 2026, Lucas Mugni abriu o marcador aos seis minutos, na sobra da finaliza\u00e7\u00e3o do tamb\u00e9m meia Shaylon, que parou na trave. Aos 19, o atacante Alesson chutou, a bola desviou no zagueiro Alan Franco e foi para as redes, aumentando a vantagem dos anfitri\u00f5es.<\/p>\n<p>Na etapa final, o S\u00e3o Paulo apostou nas entradas do atacante Lucas Moura, recuperado de uma les\u00e3o no joelho, e do meia Danielzinho, refor\u00e7o contratado para a temporada e que veio justamente do Mirassol, onde era capit\u00e3o. O Tricolor at\u00e9 conseguiu chegar ao ataque mais vezes, mas sem \u00eaxito.<\/p>\n<p>No fim, a equipe da capital perdeu o lateral Maik, expulso, e viu o Mirassol marcar o terceiro. Aos 43 minutos, o lateral Daniel Borges cruzou, o goleiro Rafael deu rebote para o meio da \u00e1rea e o meia Jos\u00e9 Aldo concluiu para as redes, dando n\u00fameros finais ao jogo.<\/p>\n<p>A noite de domingo foi movimentada por outros dois jogos do Paulist\u00e3o. No Est\u00e1dio Alfredo de Castilho, em Bauru (SP), o Red Bull Bragantino derrotou o Noroeste por 1 a 0. O atacante Jhon Jhon marcou o gol da vit\u00f3ria do Massa Bruta, no fim do segundo tempo. J\u00e1 no Benit\u00e3o, em Rio Claro (SP), o Velo Clube empatou sem gols com o Botafogo-SP.<\/p>\n<p>O Campeonato Carioca teve in\u00edcio neste domingo, com o empate por 1 a 1 entre Flamengo e Portuguesa-RJ, no Est\u00e1dio Raulino de Oliveira, em Volta Redonda (RJ). A partida foi v\u00e1lida pela quinta rodada do Estadual e antecipada devido \u00e0 Supercopa Rei, entre o Rubro-Negro e o Corinthians, marcada para 1\u00ba de fevereiro, \u00e0s 16h (hor\u00e1rio de Bras\u00edlia), na Arena BRB Man\u00e9 Garrincha, em Bras\u00edlia.<\/p>\n<p>Como o elenco profissional ainda nem iniciou a pr\u00e9-temporada, o que est\u00e1 marcado para segunda-feira (12), o Flamengo foi a campo com a equipe sub-20. A Portuguesa, que nada tinha a ver com isso, saiu na frente com o atacante Rhuan, aos 12 minutos do segundo tempo. J\u00e1 nos acr\u00e9scimos, o zagueiro Iago deixou tudo igual.<\/p>\n<p>Com um time misto, o Atl\u00e9tico-MG decepcionou o torcedor na Arena MRV, em Belo Horizonte, neste domingo, ao ficar no 1 a 1 com o Betim, pela rodada de abertura do Campeonato Mineiro. O meia Reinier, aos 21 minutos, colocou o Galo \u00e0 frente. No minuto inicial da etapa final, por\u00e9m, o atacante Diego Jardel empatou.<\/p>\n<p>O atacante Hulk, que interessa ao Fluminense e vive um impasse na negocia\u00e7\u00e3o para renovar seu v\u00ednculo com o Atl\u00e9tico, foi uma das aus\u00eancias na forma\u00e7\u00e3o escalada pelo t\u00e9cnico Jorge Sampaoli. Ele assistiu \u00e0 partida em um dos camarotes da Arena.<\/p>\n<p>Em outro compromisso de domingo pelo Mineiro, o Am\u00e9rica-MG bateu o Athletic por 3 a 0. Os atacante Thauan e \u00c9verton Brito e o meia Eduardo Person balan\u00e7aram as redes na Arena Independ\u00eancia, em Belo Horizonte.<\/p>\n<p>O Internacional estreou com vit\u00f3ria no Campeonato Ga\u00facho. Com uma equipe mesclando jogadores da base e pouco aproveitados no time principal, o Colorado saiu atr\u00e1s do Novo Hamburgo, mas buscou a virada e ganhou por 2 a 1 no Beira-Rio, em Porto Alegre, neste domingo.<\/p>\n<p>O meia Allison, de bicicleta, colocou a equipe do Vale dos Sinos \u00e0 frente, aos sete minutos do primeiro tempo. Aos 15 minutos da etapa final, o zagueiro Jo\u00e3o Marcus fez contra e igualou para o Inter. No fim, aos 40, o atacante Diego Coser garantiu o triunfo colorado.<\/p>\n<p>A rodada de abertura do Gauch\u00e3o teve outros dois jogos neste domingo. Em Iju\u00ed (RS), no Est\u00e1dio 19 de Outubro, S\u00e3o Luiz e Caxias empataram por 1 a 1. J\u00e1 no Passo D&#8217;Areia, em Porto Alegre, S\u00e3o Jos\u00e9 e Inter de Santa Maria n\u00e3o sa\u00edram do zero.<\/p>\n<p>Outro clube da S\u00e9rie A do Campeonato Brasileiro que inicia 2026 com jovens da base e atletas de pouca minutagem da equipe profissional \u00e9 o Athletico-PR. Neste domingo, o Furac\u00e3o visitou o Cianorte no Est\u00e1dio Albino Turbay e empatou por 1 a 1, pela segunda rodada do Campeonato Paranaense.<\/p>\n<p>O Furac\u00e3o, que tinha estreado com uma vit\u00f3ria por 2 a 1 sobre o Andraus na Ligga Arena, em Curitiba, foi a quatro pontos. J\u00e1 o Le\u00e3o do Vale, que vinha de um 3 a 3 com o Maring\u00e1, em casa, somou o segundo ponto.<\/p>\n<p>Aos 15 minutos, Bruno Dentinho abriu o marcador para o Cianorte. O tamb\u00e9m meia Jo\u00e3o Cruz, aos sete do segundo tempo, igualou para o Athletico, que teve dois gols anulados, um em cada tempo. A primeira fase do Paranaense n\u00e3o tem \u00e1rbitro de v\u00eddeo (VAR).<\/p>\n<p>Ainda neste domingo, o Andraus venceu o S\u00e3o Joseense por 2 a 0 na Ligga Arena, chegando aos mesmos tr\u00eas pontos do rival. Em casa, no Est\u00e1dio do ABC, o Foz do Igua\u00e7u ficou no 1 a 1 com o Azuriz. O time anfitri\u00e3o foi a quatro pontos. O visitante chegou a dois pontos.<\/p>\n<p>O Galo Maring\u00e1, por sua vez, recebeu o Cascavel no Est\u00e1dio Willie Davies, perdeu por 1 a 0 e segue zerado. J\u00e1 a Serpente, que empatou sem gols com o Azuriz em casa, no Est\u00e1dio Ol\u00edmpico Regional, na rodada de abertura, chegou a quatro pontos.<\/p>\n<p>Na estreia do t\u00e9cnico Thiago Carpini, o Fortaleza empatou sem gols com o Ferrovi\u00e1rio neste domingo, no Est\u00e1dio Presidente Vargas, pela segunda rodada do Campeonato Cearense. O Le\u00e3o do Pici, que ainda n\u00e3o tinha ido a campo pelo Estadual, somou o primeiro ponto. O Ferr\u00e3o, que vinha de uma vit\u00f3ria por 1 a 0 sobre o Maracan\u00e3 no Prefeit\u00e3o, em Maracana\u00fa (CE), foi a quatro pontos na competi\u00e7\u00e3o.<\/p>\n<p>Ainda neste domingo, o Maranguape conquistou os primeiros tr\u00eas pontos no Cearense ao receber o Tirol no Morais\u00e3o e ganhar por 1 a 0. A equipe visitante sofreu o segundo rev\u00e9s e continua zerada na tabela.<\/p>\n<p>Nesta quarta-feira (14), \u00e0s 21h30 (hor\u00e1rio de Bras\u00edlia), o Cear\u00e1, atual bicampe\u00e3o, enfrenta o Maranguape no Presidente Vargas, pela terceira rodada do Cearense.<\/p>\n","protected":false},"excerpt":{"rendered":"<p>A sensa\u00e7\u00e3o do futebol brasileiro em 2025 iniciou a temporada mostrando que deseja continuar surpreendendo. No jogo que encerrou a rodada de abertura do Campeonato Paulista, na noite de domingo (11), o Mirassol recebeu o S\u00e3o Paulo no Mai\u00e3o e ganhou por 3 a 0. Um dos dez refor\u00e7os anunciados pelo Le\u00e3o Caipira para 2026, [&hellip;]<\/p>\n","protected":false},"author":2,"featured_media":378688,"comment_status":"closed","ping_status":"closed","sticky":false,"template":"","format":"standard","meta":{"_acf_changed":false,"footnotes":""},"categories":[155],"tags":[],"class_list":["post-378687","post","type-post","status-publish","format-standard","has-post-thumbnail","hentry","category-leitura-vip"],"acf":[],"yoast_head":"<!-- This site is optimized with the Yoast SEO plugin v27.2 - https:\/\/yoast.com\/product\/yoast-seo-wordpress\/ -->\n<title>Mirassol bate S\u00e3o Paulo e Fla esbarra na Portuguesa - Notibras<\/title>\n<meta name=\"robots\" content=\"index, follow, max-snippet:-1, max-image-preview:large, max-video-preview:-1\" \/>\n<link rel=\"canonical\" href=\"https:\/\/www.notibras.com\/site\/mirassol-bate-sao-paulo-e-fla-esbarra-na-portuguesa\/\" \/>\n<meta property=\"og:locale\" content=\"pt_BR\" \/>\n<meta property=\"og:type\" content=\"article\" \/>\n<meta property=\"og:title\" content=\"Mirassol bate S\u00e3o Paulo e Fla esbarra na Portuguesa - Notibras\" \/>\n<meta property=\"og:description\" content=\"A sensa\u00e7\u00e3o do futebol brasileiro em 2025 iniciou a temporada mostrando que deseja continuar surpreendendo. No jogo que encerrou a rodada de abertura do Campeonato Paulista, na noite de domingo (11), o Mirassol recebeu o S\u00e3o Paulo no Mai\u00e3o e ganhou por 3 a 0. Um dos dez refor\u00e7os anunciados pelo Le\u00e3o Caipira para 2026, [&hellip;]\" \/>\n<meta property=\"og:url\" content=\"https:\/\/www.notibras.com\/site\/mirassol-bate-sao-paulo-e-fla-esbarra-na-portuguesa\/\" \/>\n<meta property=\"og:site_name\" content=\"Notibras\" \/>\n<meta property=\"article:publisher\" content=\"https:\/\/www.facebook.com\/notibras\/\" \/>\n<meta property=\"article:published_time\" content=\"2026-01-12T03:00:53+00:00\" \/>\n<meta property=\"article:modified_time\" content=\"2026-01-12T10:08:15+00:00\" \/>\n<meta property=\"og:image\" content=\"https:\/\/www.notibras.com\/site\/wp-content\/uploads\/2026\/01\/mirassol1-1.webp\" \/>\n\t<meta property=\"og:image:width\" content=\"1170\" \/>\n\t<meta property=\"og:image:height\" content=\"700\" \/>\n\t<meta property=\"og:image:type\" content=\"image\/webp\" \/>\n<meta name=\"author\" content=\"Reda\u00e7\u00e3o\" \/>\n<meta name=\"twitter:card\" content=\"summary_large_image\" \/>\n<meta name=\"twitter:creator\" content=\"@Notibras\" \/>\n<meta name=\"twitter:site\" content=\"@Notibras\" \/>\n<meta name=\"twitter:label1\" content=\"Escrito por\" \/>\n\t<meta name=\"twitter:data1\" content=\"Reda\u00e7\u00e3o\" \/>\n\t<meta name=\"twitter:label2\" content=\"Est. tempo de leitura\" \/>\n\t<meta name=\"twitter:data2\" content=\"6 minutos\" \/>\n<script type=\"application\/ld+json\" class=\"yoast-schema-graph\">{\"@context\":\"https:\/\/schema.org\",\"@graph\":[{\"@type\":\"Article\",\"@id\":\"https:\/\/www.notibras.com\/site\/mirassol-bate-sao-paulo-e-fla-esbarra-na-portuguesa\/#article\",\"isPartOf\":{\"@id\":\"https:\/\/www.notibras.com\/site\/mirassol-bate-sao-paulo-e-fla-esbarra-na-portuguesa\/\"},\"author\":{\"name\":\"Reda\u00e7\u00e3o\",\"@id\":\"https:\/\/www.notibras.com\/site\/#\/schema\/person\/36ab0979449956132d3e5b517ea76ac8\"},\"headline\":\"Mirassol bate S\u00e3o Paulo e Fla esbarra na Portuguesa\",\"datePublished\":\"2026-01-12T03:00:53+00:00\",\"dateModified\":\"2026-01-12T10:08:15+00:00\",\"mainEntityOfPage\":{\"@id\":\"https:\/\/www.notibras.com\/site\/mirassol-bate-sao-paulo-e-fla-esbarra-na-portuguesa\/\"},\"wordCount\":1060,\"publisher\":{\"@id\":\"https:\/\/www.notibras.com\/site\/#organization\"},\"image\":{\"@id\":\"https:\/\/www.notibras.com\/site\/mirassol-bate-sao-paulo-e-fla-esbarra-na-portuguesa\/#primaryimage\"},\"thumbnailUrl\":\"https:\/\/www.notibras.com\/site\/wp-content\/uploads\/2026\/01\/mirassol1-1.webp\",\"articleSection\":[\"Leitura Vip\"],\"inLanguage\":\"pt-BR\"},{\"@type\":\"WebPage\",\"@id\":\"https:\/\/www.notibras.com\/site\/mirassol-bate-sao-paulo-e-fla-esbarra-na-portuguesa\/\",\"url\":\"https:\/\/www.notibras.com\/site\/mirassol-bate-sao-paulo-e-fla-esbarra-na-portuguesa\/\",\"name\":\"Mirassol bate S\u00e3o Paulo e Fla esbarra na Portuguesa - Notibras\",\"isPartOf\":{\"@id\":\"https:\/\/www.notibras.com\/site\/#website\"},\"primaryImageOfPage\":{\"@id\":\"https:\/\/www.notibras.com\/site\/mirassol-bate-sao-paulo-e-fla-esbarra-na-portuguesa\/#primaryimage\"},\"image\":{\"@id\":\"https:\/\/www.notibras.com\/site\/mirassol-bate-sao-paulo-e-fla-esbarra-na-portuguesa\/#primaryimage\"},\"thumbnailUrl\":\"https:\/\/www.notibras.com\/site\/wp-content\/uploads\/2026\/01\/mirassol1-1.webp\",\"datePublished\":\"2026-01-12T03:00:53+00:00\",\"dateModified\":\"2026-01-12T10:08:15+00:00\",\"breadcrumb\":{\"@id\":\"https:\/\/www.notibras.com\/site\/mirassol-bate-sao-paulo-e-fla-esbarra-na-portuguesa\/#breadcrumb\"},\"inLanguage\":\"pt-BR\",\"potentialAction\":[{\"@type\":\"ReadAction\",\"target\":[\"https:\/\/www.notibras.com\/site\/mirassol-bate-sao-paulo-e-fla-esbarra-na-portuguesa\/\"]}]},{\"@type\":\"ImageObject\",\"inLanguage\":\"pt-BR\",\"@id\":\"https:\/\/www.notibras.com\/site\/mirassol-bate-sao-paulo-e-fla-esbarra-na-portuguesa\/#primaryimage\",\"url\":\"https:\/\/www.notibras.com\/site\/wp-content\/uploads\/2026\/01\/mirassol1-1.webp\",\"contentUrl\":\"https:\/\/www.notibras.com\/site\/wp-content\/uploads\/2026\/01\/mirassol1-1.webp\",\"width\":1170,\"height\":700},{\"@type\":\"BreadcrumbList\",\"@id\":\"https:\/\/www.notibras.com\/site\/mirassol-bate-sao-paulo-e-fla-esbarra-na-portuguesa\/#breadcrumb\",\"itemListElement\":[{\"@type\":\"ListItem\",\"position\":1,\"name\":\"In\u00edcio\",\"item\":\"https:\/\/www.notibras.com\/site\/\"},{\"@type\":\"ListItem\",\"position\":2,\"name\":\"Mirassol bate S\u00e3o Paulo e Fla esbarra na Portuguesa\"}]},{\"@type\":\"WebSite\",\"@id\":\"https:\/\/www.notibras.com\/site\/#website\",\"url\":\"https:\/\/www.notibras.com\/site\/\",\"name\":\"Notibras\",\"description\":\"Not\u00edcias de Bras\u00edlia, do Brasil e do Mundo\",\"publisher\":{\"@id\":\"https:\/\/www.notibras.com\/site\/#organization\"},\"potentialAction\":[{\"@type\":\"SearchAction\",\"target\":{\"@type\":\"EntryPoint\",\"urlTemplate\":\"https:\/\/www.notibras.com\/site\/?s={search_term_string}\"},\"query-input\":{\"@type\":\"PropertyValueSpecification\",\"valueRequired\":true,\"valueName\":\"search_term_string\"}}],\"inLanguage\":\"pt-BR\"},{\"@type\":\"Organization\",\"@id\":\"https:\/\/www.notibras.com\/site\/#organization\",\"name\":\"Grupo Notibras de Comunica\u00e7\u00e3o\",\"url\":\"https:\/\/www.notibras.com\/site\/\",\"logo\":{\"@type\":\"ImageObject\",\"inLanguage\":\"pt-BR\",\"@id\":\"https:\/\/www.notibras.com\/site\/#\/schema\/logo\/image\/\",\"url\":\"https:\/\/www.notibras.com\/site\/wp-content\/uploads\/2023\/01\/notibras23.png\",\"contentUrl\":\"https:\/\/www.notibras.com\/site\/wp-content\/uploads\/2023\/01\/notibras23.png\",\"width\":350,\"height\":87,\"caption\":\"Grupo Notibras de Comunica\u00e7\u00e3o\"},\"image\":{\"@id\":\"https:\/\/www.notibras.com\/site\/#\/schema\/logo\/image\/\"},\"sameAs\":[\"https:\/\/www.facebook.com\/notibras\/\",\"https:\/\/x.com\/Notibras\",\"https:\/\/www.instagram.com\/notibras\/\"]},{\"@type\":\"Person\",\"@id\":\"https:\/\/www.notibras.com\/site\/#\/schema\/person\/36ab0979449956132d3e5b517ea76ac8\",\"name\":\"Reda\u00e7\u00e3o\",\"image\":{\"@type\":\"ImageObject\",\"inLanguage\":\"pt-BR\",\"@id\":\"https:\/\/secure.gravatar.com\/avatar\/e0a867bdedb85fd243eadf09663511f96fc81e0720a4a42581f334ad4303aa6b?s=96&d=mm&r=g\",\"url\":\"https:\/\/secure.gravatar.com\/avatar\/e0a867bdedb85fd243eadf09663511f96fc81e0720a4a42581f334ad4303aa6b?s=96&d=mm&r=g\",\"contentUrl\":\"https:\/\/secure.gravatar.com\/avatar\/e0a867bdedb85fd243eadf09663511f96fc81e0720a4a42581f334ad4303aa6b?s=96&d=mm&r=g\",\"caption\":\"Reda\u00e7\u00e3o\"}}]}<\/script>\n<!-- \/ Yoast SEO plugin. -->","yoast_head_json":{"title":"Mirassol bate S\u00e3o Paulo e Fla esbarra na Portuguesa - Notibras","robots":{"index":"index","follow":"follow","max-snippet":"max-snippet:-1","max-image-preview":"max-image-preview:large","max-video-preview":"max-video-preview:-1"},"canonical":"https:\/\/www.notibras.com\/site\/mirassol-bate-sao-paulo-e-fla-esbarra-na-portuguesa\/","og_locale":"pt_BR","og_type":"article","og_title":"Mirassol bate S\u00e3o Paulo e Fla esbarra na Portuguesa - Notibras","og_description":"A sensa\u00e7\u00e3o do futebol brasileiro em 2025 iniciou a temporada mostrando que deseja continuar surpreendendo. No jogo que encerrou a rodada de abertura do Campeonato Paulista, na noite de domingo (11), o Mirassol recebeu o S\u00e3o Paulo no Mai\u00e3o e ganhou por 3 a 0. Um dos dez refor\u00e7os anunciados pelo Le\u00e3o Caipira para 2026, [&hellip;]","og_url":"https:\/\/www.notibras.com\/site\/mirassol-bate-sao-paulo-e-fla-esbarra-na-portuguesa\/","og_site_name":"Notibras","article_publisher":"https:\/\/www.facebook.com\/notibras\/","article_published_time":"2026-01-12T03:00:53+00:00","article_modified_time":"2026-01-12T10:08:15+00:00","og_image":[{"width":1170,"height":700,"url":"https:\/\/www.notibras.com\/site\/wp-content\/uploads\/2026\/01\/mirassol1-1.webp","type":"image\/webp"}],"author":"Reda\u00e7\u00e3o","twitter_card":"summary_large_image","twitter_creator":"@Notibras","twitter_site":"@Notibras","twitter_misc":{"Escrito por":"Reda\u00e7\u00e3o","Est. tempo de leitura":"6 minutos"},"schema":{"@context":"https:\/\/schema.org","@graph":[{"@type":"Article","@id":"https:\/\/www.notibras.com\/site\/mirassol-bate-sao-paulo-e-fla-esbarra-na-portuguesa\/#article","isPartOf":{"@id":"https:\/\/www.notibras.com\/site\/mirassol-bate-sao-paulo-e-fla-esbarra-na-portuguesa\/"},"author":{"name":"Reda\u00e7\u00e3o","@id":"https:\/\/www.notibras.com\/site\/#\/schema\/person\/36ab0979449956132d3e5b517ea76ac8"},"headline":"Mirassol bate S\u00e3o Paulo e Fla esbarra na Portuguesa","datePublished":"2026-01-12T03:00:53+00:00","dateModified":"2026-01-12T10:08:15+00:00","mainEntityOfPage":{"@id":"https:\/\/www.notibras.com\/site\/mirassol-bate-sao-paulo-e-fla-esbarra-na-portuguesa\/"},"wordCount":1060,"publisher":{"@id":"https:\/\/www.notibras.com\/site\/#organization"},"image":{"@id":"https:\/\/www.notibras.com\/site\/mirassol-bate-sao-paulo-e-fla-esbarra-na-portuguesa\/#primaryimage"},"thumbnailUrl":"https:\/\/www.notibras.com\/site\/wp-content\/uploads\/2026\/01\/mirassol1-1.webp","articleSection":["Leitura Vip"],"inLanguage":"pt-BR"},{"@type":"WebPage","@id":"https:\/\/www.notibras.com\/site\/mirassol-bate-sao-paulo-e-fla-esbarra-na-portuguesa\/","url":"https:\/\/www.notibras.com\/site\/mirassol-bate-sao-paulo-e-fla-esbarra-na-portuguesa\/","name":"Mirassol bate S\u00e3o Paulo e Fla esbarra na Portuguesa - Notibras","isPartOf":{"@id":"https:\/\/www.notibras.com\/site\/#website"},"primaryImageOfPage":{"@id":"https:\/\/www.notibras.com\/site\/mirassol-bate-sao-paulo-e-fla-esbarra-na-portuguesa\/#primaryimage"},"image":{"@id":"https:\/\/www.notibras.com\/site\/mirassol-bate-sao-paulo-e-fla-esbarra-na-portuguesa\/#primaryimage"},"thumbnailUrl":"https:\/\/www.notibras.com\/site\/wp-content\/uploads\/2026\/01\/mirassol1-1.webp","datePublished":"2026-01-12T03:00:53+00:00","dateModified":"2026-01-12T10:08:15+00:00","breadcrumb":{"@id":"https:\/\/www.notibras.com\/site\/mirassol-bate-sao-paulo-e-fla-esbarra-na-portuguesa\/#breadcrumb"},"inLanguage":"pt-BR","potentialAction":[{"@type":"ReadAction","target":["https:\/\/www.notibras.com\/site\/mirassol-bate-sao-paulo-e-fla-esbarra-na-portuguesa\/"]}]},{"@type":"ImageObject","inLanguage":"pt-BR","@id":"https:\/\/www.notibras.com\/site\/mirassol-bate-sao-paulo-e-fla-esbarra-na-portuguesa\/#primaryimage","url":"https:\/\/www.notibras.com\/site\/wp-content\/uploads\/2026\/01\/mirassol1-1.webp","contentUrl":"https:\/\/www.notibras.com\/site\/wp-content\/uploads\/2026\/01\/mirassol1-1.webp","width":1170,"height":700},{"@type":"BreadcrumbList","@id":"https:\/\/www.notibras.com\/site\/mirassol-bate-sao-paulo-e-fla-esbarra-na-portuguesa\/#breadcrumb","itemListElement":[{"@type":"ListItem","position":1,"name":"In\u00edcio","item":"https:\/\/www.notibras.com\/site\/"},{"@type":"ListItem","position":2,"name":"Mirassol bate S\u00e3o Paulo e Fla esbarra na Portuguesa"}]},{"@type":"WebSite","@id":"https:\/\/www.notibras.com\/site\/#website","url":"https:\/\/www.notibras.com\/site\/","name":"Notibras","description":"Not\u00edcias de Bras\u00edlia, do Brasil e do Mundo","publisher":{"@id":"https:\/\/www.notibras.com\/site\/#organization"},"potentialAction":[{"@type":"SearchAction","target":{"@type":"EntryPoint","urlTemplate":"https:\/\/www.notibras.com\/site\/?s={search_term_string}"},"query-input":{"@type":"PropertyValueSpecification","valueRequired":true,"valueName":"search_term_string"}}],"inLanguage":"pt-BR"},{"@type":"Organization","@id":"https:\/\/www.notibras.com\/site\/#organization","name":"Grupo Notibras de Comunica\u00e7\u00e3o","url":"https:\/\/www.notibras.com\/site\/","logo":{"@type":"ImageObject","inLanguage":"pt-BR","@id":"https:\/\/www.notibras.com\/site\/#\/schema\/logo\/image\/","url":"https:\/\/www.notibras.com\/site\/wp-content\/uploads\/2023\/01\/notibras23.png","contentUrl":"https:\/\/www.notibras.com\/site\/wp-content\/uploads\/2023\/01\/notibras23.png","width":350,"height":87,"caption":"Grupo Notibras de Comunica\u00e7\u00e3o"},"image":{"@id":"https:\/\/www.notibras.com\/site\/#\/schema\/logo\/image\/"},"sameAs":["https:\/\/www.facebook.com\/notibras\/","https:\/\/x.com\/Notibras","https:\/\/www.instagram.com\/notibras\/"]},{"@type":"Person","@id":"https:\/\/www.notibras.com\/site\/#\/schema\/person\/36ab0979449956132d3e5b517ea76ac8","name":"Reda\u00e7\u00e3o","image":{"@type":"ImageObject","inLanguage":"pt-BR","@id":"https:\/\/secure.gravatar.com\/avatar\/e0a867bdedb85fd243eadf09663511f96fc81e0720a4a42581f334ad4303aa6b?s=96&d=mm&r=g","url":"https:\/\/secure.gravatar.com\/avatar\/e0a867bdedb85fd243eadf09663511f96fc81e0720a4a42581f334ad4303aa6b?s=96&d=mm&r=g","contentUrl":"https:\/\/secure.gravatar.com\/avatar\/e0a867bdedb85fd243eadf09663511f96fc81e0720a4a42581f334ad4303aa6b?s=96&d=mm&r=g","caption":"Reda\u00e7\u00e3o"}}]}},"amp_enabled":true,"_links":{"self":[{"href":"https:\/\/www.notibras.com\/site\/wp-json\/wp\/v2\/posts\/378687","targetHints":{"allow":["GET"]}}],"collection":[{"href":"https:\/\/www.notibras.com\/site\/wp-json\/wp\/v2\/posts"}],"about":[{"href":"https:\/\/www.notibras.com\/site\/wp-json\/wp\/v2\/types\/post"}],"author":[{"embeddable":true,"href":"https:\/\/www.notibras.com\/site\/wp-json\/wp\/v2\/users\/2"}],"replies":[{"embeddable":true,"href":"https:\/\/www.notibras.com\/site\/wp-json\/wp\/v2\/comments?post=378687"}],"version-history":[{"count":1,"href":"https:\/\/www.notibras.com\/site\/wp-json\/wp\/v2\/posts\/378687\/revisions"}],"predecessor-version":[{"id":378689,"href":"https:\/\/www.notibras.com\/site\/wp-json\/wp\/v2\/posts\/378687\/revisions\/378689"}],"wp:featuredmedia":[{"embeddable":true,"href":"https:\/\/www.notibras.com\/site\/wp-json\/wp\/v2\/media\/378688"}],"wp:attachment":[{"href":"https:\/\/www.notibras.com\/site\/wp-json\/wp\/v2\/media?parent=378687"}],"wp:term":[{"taxonomy":"category","embeddable":true,"href":"https:\/\/www.notibras.com\/site\/wp-json\/wp\/v2\/categories?post=378687"},{"taxonomy":"post_tag","embeddable":true,"href":"https:\/\/www.notibras.com\/site\/wp-json\/wp\/v2\/tags?post=378687"}],"curies":[{"name":"wp","href":"https:\/\/api.w.org\/{rel}","templated":true}]}}