{"id":378690,"date":"2026-01-12T08:01:08","date_gmt":"2026-01-12T11:01:08","guid":{"rendered":"https:\/\/www.notibras.com\/site\/?p=378690"},"modified":"2026-01-12T08:02:19","modified_gmt":"2026-01-12T11:02:19","slug":"anistia-para-jair-e-terceiro-mandato-para-trump-vao-dominar-um-ano-dificil","status":"publish","type":"post","link":"https:\/\/www.notibras.com\/site\/anistia-para-jair-e-terceiro-mandato-para-trump-vao-dominar-um-ano-dificil\/","title":{"rendered":"Anistia para Jair e terceiro mandato para Trump v\u00e3o dominar um ano dif\u00edcil"},"content":{"rendered":"<p>Os entendimentos da hermen\u00eautica s\u00e3o os \u00fanicos capazes de nos garantir que, maior do que a fam\u00edlia ou o fracasso pol\u00edtico, o grande legado de Jair Bolsonaro foi a descoberta brasileira de Donald Trump. l\u00edder de uma democracia que ele luta para transformar na principal tirania do mundo moderno. A mesma hermen\u00eautica diz que um raio n\u00e3o cai duas vezes no mesmo lugar. Entretanto, conforme a l\u00f3gica aristot\u00e9lica, ele pode se dividir e cair no mesmo continente, desde que n\u00e3o sejam usadas as subdivis\u00f5es da Am\u00e9rica. Id\u00eanticos nos gestos, pensamentos, a\u00e7\u00f5es e at\u00e9 na matem\u00e1tica, Jair Bolsonaro e Donald Trump somados resultam em um milh\u00e3o de problemas e dez milh\u00f5es de mazelas.<\/p>\n<p>Criador e divulgador dos conceitos verdade, mentira, realidade e fake news, Trump dispensa coment\u00e1rios mais rebuscados, embora esteja no mercado da fantasia pol\u00edtica h\u00e1 nove anos. Aproveitando a numerologia, faz pelo menos oito anos que tento encontrar uma resposta para a import\u00e2ncia de Jair Bolsonaro no cen\u00e1rio pol\u00edtico nacional. Dir\u00e3o meus detratores que, al\u00e9m de 28 anos como deputado federal, ele alcan\u00e7ou o cargo mais alto da na\u00e7\u00e3o, o de presidente da Rep\u00fablica. Perd\u00e3o, mas, por conta do absoluto fiasco desses dois t\u00edtulos, fiz quest\u00e3o de n\u00e3o recomend\u00e1-los aos leitores mais antenados.<\/p>\n<p>Como dizem os profetas, a maior satisfa\u00e7\u00e3o de um homem p\u00fablico \u00e9 o dever cumprido. Guardadas as emo\u00e7\u00f5es, o fanatismo e a idolatria, o que o citado cidad\u00e3o fez de \u00fatil para o Brasil e para os brasileiros? Lamento inform\u00e1-los, mas, a olhos nus, nada de proveitoso. Muito pelo contr\u00e1rio. Foram tantos erros, tantos rancores que, muito mais marcante do que seu arsenal de mentiras, o ego\u00edsmo e o \u00f3dio pelos que lhe diziam n\u00e3o devem ser as ra\u00edzes de todos os males que gerou para a na\u00e7\u00e3o. Normalmente escolho o hoje como o dia mais belo da vida. Da\u00ed ter acordado disposto a ter paz interior, ser \u00fatil de forma diferente e a usar o otimismo e a f\u00e9 como ant\u00eddotos contra aquele ou aqueles que se acham mais realistas do que o rei, consequentemente mais fortes do que o sorriso, a sabedoria e o amor.<\/p>\n<p>Por isso, cansado da repetitiva monotonia em que se transformaram as narrativas relativas ao ex-presidente e agora presidi\u00e1rio Bolsonaro, sinto que est\u00e1 pr\u00f3ximo o fim de minha rela\u00e7\u00e3o com o tema. Para os esquecidos, foi Jair quem, depois de esculhambar o papa Francisco, teve de se render aos cultos conjuntos dos pastores Silas Malafaia, S\u00f3stenes Cavalcante e Robson Rodovalho para tentar fugir dos diabinhos que atentam seu c\u00e9rebro ap\u00f3s a incontest\u00e1vel derrota para Luiz In\u00e1cio. Perder incomoda at\u00e9 hoje. Todavia, pior do que ter de engolir o sapo barbudo \u00e9 substituir o jet ski pelos pedalinhos do Lago Parano\u00e1, os Alpes Su\u00ed\u00e7os pela cela da Pol\u00edcia Federal, a Torre Eiffel pela vista da Torre de TV de Bras\u00edlia e os trens balas da Europa pelos cambur\u00f5es escoltados da PF.<\/p>\n<p>Ao contr\u00e1rio do que afirma a ci\u00eancia, semelhantes tamb\u00e9m se atraem. Seria a corda e a ca\u00e7amba? Jair Messias, quem diria, acabou recolhido \u00e0s quatro linhas do xilindr\u00f3. Seu ex-parceiro, Donald Trump n\u00e3o est\u00e1 longe disso. \u00c9 perder a elei\u00e7\u00e3o de novembro para a C\u00e2mara de Representa\u00e7\u00e3o e, independentemente de suas estripulias, aguardar o fim da linha, tamb\u00e9m conhecido no jarg\u00e3o pol\u00edtico por impeachment. At\u00e9 l\u00e1, o republicano far\u00e1 de tudo para ampliar os poderes presidenciais. Impedido pela 22\u00aa. Emenda da Constitui\u00e7\u00e3o dos Estados Unidos de exercer mais de dois mandatos presidenciais, mesmo que n\u00e3o sejam consecutivos, Trump tem dado sinais de que vai buscar alternativas para manter sua influ\u00eancia ou retornar ao poder. A exemplo do golpe do bolsonarismo, ele dar\u00e1 com os burros nas \u00e1guas da Costa Leste e da Costa Oeste.<\/p>\n<p>Nada de anormal para a infernal dupla, cujas maracutaias sempre acabam nos quintos do Central Parque, da Avenida Paulista ou da orla de Copacabana. \u00c9 o criador no encal\u00e7o da criatura. No Brasil, o caminho foi um frustrado golpe de Estado com desfecho pra l\u00e1 de justo: 27 anos e tr\u00eas de cadeia para o golpista majorit\u00e1rio. Nos EUA, o golpismo est\u00e1 no ar desde janeiro de 2017, data do primeiro mandato do presidente republicano. A exemplo da dosimetria, anistia e demais porcarias, tanto l\u00e1 quanto c\u00e1 h\u00e1 coisas muito mais importantes no c\u00e9u do que somente os avi\u00f5es de carreira. Ou seja, liberdade para Bolsonaro, terceiro mandato para Trump, incorpora\u00e7\u00e3o do Canad\u00e1, invas\u00e3o de Cuba e compra da Groenl\u00e2ndia s\u00e3o os grandes mitos de 2026. De forma mais did\u00e1tica, s\u00e3o ideias fantasiosas demais para serem levadas a s\u00e9rio.<\/p>\n<p>&#8230;&#8230;&#8230;.<\/p>\n<p><strong>Mathuzal\u00e9m J\u00fanior \u00e9 jornalista profissional desde 1978<\/strong><\/p>\n","protected":false},"excerpt":{"rendered":"<p>Os entendimentos da hermen\u00eautica s\u00e3o os \u00fanicos capazes de nos garantir que, maior do que a fam\u00edlia ou o fracasso pol\u00edtico, o grande legado de Jair Bolsonaro foi a descoberta brasileira de Donald Trump. l\u00edder de uma democracia que ele luta para transformar na principal tirania do mundo moderno. A mesma hermen\u00eautica diz que um [&hellip;]<\/p>\n","protected":false},"author":2,"featured_media":296329,"comment_status":"closed","ping_status":"closed","sticky":false,"template":"","format":"standard","meta":{"_acf_changed":false,"footnotes":""},"categories":[16],"tags":[],"class_list":["post-378690","post","type-post","status-publish","format-standard","has-post-thumbnail","hentry","category-brasil"],"acf":[],"yoast_head":"<!-- This site is optimized with the Yoast SEO plugin v27.2 - https:\/\/yoast.com\/product\/yoast-seo-wordpress\/ -->\n<title>Anistia para Jair e terceiro mandato para Trump v\u00e3o dominar um ano dif\u00edcil - Notibras<\/title>\n<meta name=\"robots\" content=\"index, follow, max-snippet:-1, max-image-preview:large, max-video-preview:-1\" \/>\n<link rel=\"canonical\" href=\"https:\/\/www.notibras.com\/site\/anistia-para-jair-e-terceiro-mandato-para-trump-vao-dominar-um-ano-dificil\/\" \/>\n<meta property=\"og:locale\" content=\"pt_BR\" \/>\n<meta property=\"og:type\" content=\"article\" \/>\n<meta property=\"og:title\" content=\"Anistia para Jair e terceiro mandato para Trump v\u00e3o dominar um ano dif\u00edcil - Notibras\" \/>\n<meta property=\"og:description\" content=\"Os entendimentos da hermen\u00eautica s\u00e3o os \u00fanicos capazes de nos garantir que, maior do que a fam\u00edlia ou o fracasso pol\u00edtico, o grande legado de Jair Bolsonaro foi a descoberta brasileira de Donald Trump. l\u00edder de uma democracia que ele luta para transformar na principal tirania do mundo moderno. A mesma hermen\u00eautica diz que um [&hellip;]\" \/>\n<meta property=\"og:url\" content=\"https:\/\/www.notibras.com\/site\/anistia-para-jair-e-terceiro-mandato-para-trump-vao-dominar-um-ano-dificil\/\" \/>\n<meta property=\"og:site_name\" content=\"Notibras\" \/>\n<meta property=\"article:publisher\" content=\"https:\/\/www.facebook.com\/notibras\/\" \/>\n<meta property=\"article:published_time\" content=\"2026-01-12T11:01:08+00:00\" \/>\n<meta property=\"article:modified_time\" content=\"2026-01-12T11:02:19+00:00\" \/>\n<meta property=\"og:image\" content=\"https:\/\/www.notibras.com\/site\/wp-content\/uploads\/2022\/12\/32480862867_09f9314c33_o.jpg\" \/>\n\t<meta property=\"og:image:width\" content=\"770\" \/>\n\t<meta property=\"og:image:height\" content=\"513\" \/>\n\t<meta property=\"og:image:type\" content=\"image\/jpeg\" \/>\n<meta name=\"author\" content=\"Reda\u00e7\u00e3o\" \/>\n<meta name=\"twitter:card\" content=\"summary_large_image\" \/>\n<meta name=\"twitter:creator\" content=\"@Notibras\" \/>\n<meta name=\"twitter:site\" content=\"@Notibras\" \/>\n<meta name=\"twitter:label1\" content=\"Escrito por\" \/>\n\t<meta name=\"twitter:data1\" content=\"Reda\u00e7\u00e3o\" \/>\n\t<meta name=\"twitter:label2\" content=\"Est. tempo de leitura\" \/>\n\t<meta name=\"twitter:data2\" content=\"5 minutos\" \/>\n<script type=\"application\/ld+json\" class=\"yoast-schema-graph\">{\"@context\":\"https:\/\/schema.org\",\"@graph\":[{\"@type\":\"Article\",\"@id\":\"https:\/\/www.notibras.com\/site\/anistia-para-jair-e-terceiro-mandato-para-trump-vao-dominar-um-ano-dificil\/#article\",\"isPartOf\":{\"@id\":\"https:\/\/www.notibras.com\/site\/anistia-para-jair-e-terceiro-mandato-para-trump-vao-dominar-um-ano-dificil\/\"},\"author\":{\"name\":\"Reda\u00e7\u00e3o\",\"@id\":\"https:\/\/www.notibras.com\/site\/#\/schema\/person\/36ab0979449956132d3e5b517ea76ac8\"},\"headline\":\"Anistia para Jair e terceiro mandato para Trump v\u00e3o dominar um ano dif\u00edcil\",\"datePublished\":\"2026-01-12T11:01:08+00:00\",\"dateModified\":\"2026-01-12T11:02:19+00:00\",\"mainEntityOfPage\":{\"@id\":\"https:\/\/www.notibras.com\/site\/anistia-para-jair-e-terceiro-mandato-para-trump-vao-dominar-um-ano-dificil\/\"},\"wordCount\":847,\"publisher\":{\"@id\":\"https:\/\/www.notibras.com\/site\/#organization\"},\"image\":{\"@id\":\"https:\/\/www.notibras.com\/site\/anistia-para-jair-e-terceiro-mandato-para-trump-vao-dominar-um-ano-dificil\/#primaryimage\"},\"thumbnailUrl\":\"https:\/\/www.notibras.com\/site\/wp-content\/uploads\/2022\/12\/32480862867_09f9314c33_o.jpg\",\"articleSection\":[\"Brasil\"],\"inLanguage\":\"pt-BR\"},{\"@type\":\"WebPage\",\"@id\":\"https:\/\/www.notibras.com\/site\/anistia-para-jair-e-terceiro-mandato-para-trump-vao-dominar-um-ano-dificil\/\",\"url\":\"https:\/\/www.notibras.com\/site\/anistia-para-jair-e-terceiro-mandato-para-trump-vao-dominar-um-ano-dificil\/\",\"name\":\"Anistia para Jair e terceiro mandato para Trump v\u00e3o dominar um ano dif\u00edcil - Notibras\",\"isPartOf\":{\"@id\":\"https:\/\/www.notibras.com\/site\/#website\"},\"primaryImageOfPage\":{\"@id\":\"https:\/\/www.notibras.com\/site\/anistia-para-jair-e-terceiro-mandato-para-trump-vao-dominar-um-ano-dificil\/#primaryimage\"},\"image\":{\"@id\":\"https:\/\/www.notibras.com\/site\/anistia-para-jair-e-terceiro-mandato-para-trump-vao-dominar-um-ano-dificil\/#primaryimage\"},\"thumbnailUrl\":\"https:\/\/www.notibras.com\/site\/wp-content\/uploads\/2022\/12\/32480862867_09f9314c33_o.jpg\",\"datePublished\":\"2026-01-12T11:01:08+00:00\",\"dateModified\":\"2026-01-12T11:02:19+00:00\",\"breadcrumb\":{\"@id\":\"https:\/\/www.notibras.com\/site\/anistia-para-jair-e-terceiro-mandato-para-trump-vao-dominar-um-ano-dificil\/#breadcrumb\"},\"inLanguage\":\"pt-BR\",\"potentialAction\":[{\"@type\":\"ReadAction\",\"target\":[\"https:\/\/www.notibras.com\/site\/anistia-para-jair-e-terceiro-mandato-para-trump-vao-dominar-um-ano-dificil\/\"]}]},{\"@type\":\"ImageObject\",\"inLanguage\":\"pt-BR\",\"@id\":\"https:\/\/www.notibras.com\/site\/anistia-para-jair-e-terceiro-mandato-para-trump-vao-dominar-um-ano-dificil\/#primaryimage\",\"url\":\"https:\/\/www.notibras.com\/site\/wp-content\/uploads\/2022\/12\/32480862867_09f9314c33_o.jpg\",\"contentUrl\":\"https:\/\/www.notibras.com\/site\/wp-content\/uploads\/2022\/12\/32480862867_09f9314c33_o.jpg\",\"width\":770,\"height\":513,\"caption\":\"O presidente do Brasil, Jair Bolsonaro, durante encontro com o presidente dos EUA, Donald Trump, na Casa Branca, em Washington (EUA).\"},{\"@type\":\"BreadcrumbList\",\"@id\":\"https:\/\/www.notibras.com\/site\/anistia-para-jair-e-terceiro-mandato-para-trump-vao-dominar-um-ano-dificil\/#breadcrumb\",\"itemListElement\":[{\"@type\":\"ListItem\",\"position\":1,\"name\":\"In\u00edcio\",\"item\":\"https:\/\/www.notibras.com\/site\/\"},{\"@type\":\"ListItem\",\"position\":2,\"name\":\"Anistia para Jair e terceiro mandato para Trump v\u00e3o dominar um ano dif\u00edcil\"}]},{\"@type\":\"WebSite\",\"@id\":\"https:\/\/www.notibras.com\/site\/#website\",\"url\":\"https:\/\/www.notibras.com\/site\/\",\"name\":\"Notibras\",\"description\":\"Not\u00edcias de Bras\u00edlia, do Brasil e do Mundo\",\"publisher\":{\"@id\":\"https:\/\/www.notibras.com\/site\/#organization\"},\"potentialAction\":[{\"@type\":\"SearchAction\",\"target\":{\"@type\":\"EntryPoint\",\"urlTemplate\":\"https:\/\/www.notibras.com\/site\/?s={search_term_string}\"},\"query-input\":{\"@type\":\"PropertyValueSpecification\",\"valueRequired\":true,\"valueName\":\"search_term_string\"}}],\"inLanguage\":\"pt-BR\"},{\"@type\":\"Organization\",\"@id\":\"https:\/\/www.notibras.com\/site\/#organization\",\"name\":\"Grupo Notibras de Comunica\u00e7\u00e3o\",\"url\":\"https:\/\/www.notibras.com\/site\/\",\"logo\":{\"@type\":\"ImageObject\",\"inLanguage\":\"pt-BR\",\"@id\":\"https:\/\/www.notibras.com\/site\/#\/schema\/logo\/image\/\",\"url\":\"https:\/\/www.notibras.com\/site\/wp-content\/uploads\/2023\/01\/notibras23.png\",\"contentUrl\":\"https:\/\/www.notibras.com\/site\/wp-content\/uploads\/2023\/01\/notibras23.png\",\"width\":350,\"height\":87,\"caption\":\"Grupo Notibras de Comunica\u00e7\u00e3o\"},\"image\":{\"@id\":\"https:\/\/www.notibras.com\/site\/#\/schema\/logo\/image\/\"},\"sameAs\":[\"https:\/\/www.facebook.com\/notibras\/\",\"https:\/\/x.com\/Notibras\",\"https:\/\/www.instagram.com\/notibras\/\"]},{\"@type\":\"Person\",\"@id\":\"https:\/\/www.notibras.com\/site\/#\/schema\/person\/36ab0979449956132d3e5b517ea76ac8\",\"name\":\"Reda\u00e7\u00e3o\",\"image\":{\"@type\":\"ImageObject\",\"inLanguage\":\"pt-BR\",\"@id\":\"https:\/\/secure.gravatar.com\/avatar\/e0a867bdedb85fd243eadf09663511f96fc81e0720a4a42581f334ad4303aa6b?s=96&d=mm&r=g\",\"url\":\"https:\/\/secure.gravatar.com\/avatar\/e0a867bdedb85fd243eadf09663511f96fc81e0720a4a42581f334ad4303aa6b?s=96&d=mm&r=g\",\"contentUrl\":\"https:\/\/secure.gravatar.com\/avatar\/e0a867bdedb85fd243eadf09663511f96fc81e0720a4a42581f334ad4303aa6b?s=96&d=mm&r=g\",\"caption\":\"Reda\u00e7\u00e3o\"}}]}<\/script>\n<!-- \/ Yoast SEO plugin. -->","yoast_head_json":{"title":"Anistia para Jair e terceiro mandato para Trump v\u00e3o dominar um ano dif\u00edcil - Notibras","robots":{"index":"index","follow":"follow","max-snippet":"max-snippet:-1","max-image-preview":"max-image-preview:large","max-video-preview":"max-video-preview:-1"},"canonical":"https:\/\/www.notibras.com\/site\/anistia-para-jair-e-terceiro-mandato-para-trump-vao-dominar-um-ano-dificil\/","og_locale":"pt_BR","og_type":"article","og_title":"Anistia para Jair e terceiro mandato para Trump v\u00e3o dominar um ano dif\u00edcil - Notibras","og_description":"Os entendimentos da hermen\u00eautica s\u00e3o os \u00fanicos capazes de nos garantir que, maior do que a fam\u00edlia ou o fracasso pol\u00edtico, o grande legado de Jair Bolsonaro foi a descoberta brasileira de Donald Trump. l\u00edder de uma democracia que ele luta para transformar na principal tirania do mundo moderno. A mesma hermen\u00eautica diz que um [&hellip;]","og_url":"https:\/\/www.notibras.com\/site\/anistia-para-jair-e-terceiro-mandato-para-trump-vao-dominar-um-ano-dificil\/","og_site_name":"Notibras","article_publisher":"https:\/\/www.facebook.com\/notibras\/","article_published_time":"2026-01-12T11:01:08+00:00","article_modified_time":"2026-01-12T11:02:19+00:00","og_image":[{"width":770,"height":513,"url":"https:\/\/www.notibras.com\/site\/wp-content\/uploads\/2022\/12\/32480862867_09f9314c33_o.jpg","type":"image\/jpeg"}],"author":"Reda\u00e7\u00e3o","twitter_card":"summary_large_image","twitter_creator":"@Notibras","twitter_site":"@Notibras","twitter_misc":{"Escrito por":"Reda\u00e7\u00e3o","Est. tempo de leitura":"5 minutos"},"schema":{"@context":"https:\/\/schema.org","@graph":[{"@type":"Article","@id":"https:\/\/www.notibras.com\/site\/anistia-para-jair-e-terceiro-mandato-para-trump-vao-dominar-um-ano-dificil\/#article","isPartOf":{"@id":"https:\/\/www.notibras.com\/site\/anistia-para-jair-e-terceiro-mandato-para-trump-vao-dominar-um-ano-dificil\/"},"author":{"name":"Reda\u00e7\u00e3o","@id":"https:\/\/www.notibras.com\/site\/#\/schema\/person\/36ab0979449956132d3e5b517ea76ac8"},"headline":"Anistia para Jair e terceiro mandato para Trump v\u00e3o dominar um ano dif\u00edcil","datePublished":"2026-01-12T11:01:08+00:00","dateModified":"2026-01-12T11:02:19+00:00","mainEntityOfPage":{"@id":"https:\/\/www.notibras.com\/site\/anistia-para-jair-e-terceiro-mandato-para-trump-vao-dominar-um-ano-dificil\/"},"wordCount":847,"publisher":{"@id":"https:\/\/www.notibras.com\/site\/#organization"},"image":{"@id":"https:\/\/www.notibras.com\/site\/anistia-para-jair-e-terceiro-mandato-para-trump-vao-dominar-um-ano-dificil\/#primaryimage"},"thumbnailUrl":"https:\/\/www.notibras.com\/site\/wp-content\/uploads\/2022\/12\/32480862867_09f9314c33_o.jpg","articleSection":["Brasil"],"inLanguage":"pt-BR"},{"@type":"WebPage","@id":"https:\/\/www.notibras.com\/site\/anistia-para-jair-e-terceiro-mandato-para-trump-vao-dominar-um-ano-dificil\/","url":"https:\/\/www.notibras.com\/site\/anistia-para-jair-e-terceiro-mandato-para-trump-vao-dominar-um-ano-dificil\/","name":"Anistia para Jair e terceiro mandato para Trump v\u00e3o dominar um ano dif\u00edcil - Notibras","isPartOf":{"@id":"https:\/\/www.notibras.com\/site\/#website"},"primaryImageOfPage":{"@id":"https:\/\/www.notibras.com\/site\/anistia-para-jair-e-terceiro-mandato-para-trump-vao-dominar-um-ano-dificil\/#primaryimage"},"image":{"@id":"https:\/\/www.notibras.com\/site\/anistia-para-jair-e-terceiro-mandato-para-trump-vao-dominar-um-ano-dificil\/#primaryimage"},"thumbnailUrl":"https:\/\/www.notibras.com\/site\/wp-content\/uploads\/2022\/12\/32480862867_09f9314c33_o.jpg","datePublished":"2026-01-12T11:01:08+00:00","dateModified":"2026-01-12T11:02:19+00:00","breadcrumb":{"@id":"https:\/\/www.notibras.com\/site\/anistia-para-jair-e-terceiro-mandato-para-trump-vao-dominar-um-ano-dificil\/#breadcrumb"},"inLanguage":"pt-BR","potentialAction":[{"@type":"ReadAction","target":["https:\/\/www.notibras.com\/site\/anistia-para-jair-e-terceiro-mandato-para-trump-vao-dominar-um-ano-dificil\/"]}]},{"@type":"ImageObject","inLanguage":"pt-BR","@id":"https:\/\/www.notibras.com\/site\/anistia-para-jair-e-terceiro-mandato-para-trump-vao-dominar-um-ano-dificil\/#primaryimage","url":"https:\/\/www.notibras.com\/site\/wp-content\/uploads\/2022\/12\/32480862867_09f9314c33_o.jpg","contentUrl":"https:\/\/www.notibras.com\/site\/wp-content\/uploads\/2022\/12\/32480862867_09f9314c33_o.jpg","width":770,"height":513,"caption":"O presidente do Brasil, Jair Bolsonaro, durante encontro com o presidente dos EUA, Donald Trump, na Casa Branca, em Washington (EUA)."},{"@type":"BreadcrumbList","@id":"https:\/\/www.notibras.com\/site\/anistia-para-jair-e-terceiro-mandato-para-trump-vao-dominar-um-ano-dificil\/#breadcrumb","itemListElement":[{"@type":"ListItem","position":1,"name":"In\u00edcio","item":"https:\/\/www.notibras.com\/site\/"},{"@type":"ListItem","position":2,"name":"Anistia para Jair e terceiro mandato para Trump v\u00e3o dominar um ano dif\u00edcil"}]},{"@type":"WebSite","@id":"https:\/\/www.notibras.com\/site\/#website","url":"https:\/\/www.notibras.com\/site\/","name":"Notibras","description":"Not\u00edcias de Bras\u00edlia, do Brasil e do Mundo","publisher":{"@id":"https:\/\/www.notibras.com\/site\/#organization"},"potentialAction":[{"@type":"SearchAction","target":{"@type":"EntryPoint","urlTemplate":"https:\/\/www.notibras.com\/site\/?s={search_term_string}"},"query-input":{"@type":"PropertyValueSpecification","valueRequired":true,"valueName":"search_term_string"}}],"inLanguage":"pt-BR"},{"@type":"Organization","@id":"https:\/\/www.notibras.com\/site\/#organization","name":"Grupo Notibras de Comunica\u00e7\u00e3o","url":"https:\/\/www.notibras.com\/site\/","logo":{"@type":"ImageObject","inLanguage":"pt-BR","@id":"https:\/\/www.notibras.com\/site\/#\/schema\/logo\/image\/","url":"https:\/\/www.notibras.com\/site\/wp-content\/uploads\/2023\/01\/notibras23.png","contentUrl":"https:\/\/www.notibras.com\/site\/wp-content\/uploads\/2023\/01\/notibras23.png","width":350,"height":87,"caption":"Grupo Notibras de Comunica\u00e7\u00e3o"},"image":{"@id":"https:\/\/www.notibras.com\/site\/#\/schema\/logo\/image\/"},"sameAs":["https:\/\/www.facebook.com\/notibras\/","https:\/\/x.com\/Notibras","https:\/\/www.instagram.com\/notibras\/"]},{"@type":"Person","@id":"https:\/\/www.notibras.com\/site\/#\/schema\/person\/36ab0979449956132d3e5b517ea76ac8","name":"Reda\u00e7\u00e3o","image":{"@type":"ImageObject","inLanguage":"pt-BR","@id":"https:\/\/secure.gravatar.com\/avatar\/e0a867bdedb85fd243eadf09663511f96fc81e0720a4a42581f334ad4303aa6b?s=96&d=mm&r=g","url":"https:\/\/secure.gravatar.com\/avatar\/e0a867bdedb85fd243eadf09663511f96fc81e0720a4a42581f334ad4303aa6b?s=96&d=mm&r=g","contentUrl":"https:\/\/secure.gravatar.com\/avatar\/e0a867bdedb85fd243eadf09663511f96fc81e0720a4a42581f334ad4303aa6b?s=96&d=mm&r=g","caption":"Reda\u00e7\u00e3o"}}]}},"amp_enabled":true,"_links":{"self":[{"href":"https:\/\/www.notibras.com\/site\/wp-json\/wp\/v2\/posts\/378690","targetHints":{"allow":["GET"]}}],"collection":[{"href":"https:\/\/www.notibras.com\/site\/wp-json\/wp\/v2\/posts"}],"about":[{"href":"https:\/\/www.notibras.com\/site\/wp-json\/wp\/v2\/types\/post"}],"author":[{"embeddable":true,"href":"https:\/\/www.notibras.com\/site\/wp-json\/wp\/v2\/users\/2"}],"replies":[{"embeddable":true,"href":"https:\/\/www.notibras.com\/site\/wp-json\/wp\/v2\/comments?post=378690"}],"version-history":[{"count":2,"href":"https:\/\/www.notibras.com\/site\/wp-json\/wp\/v2\/posts\/378690\/revisions"}],"predecessor-version":[{"id":378692,"href":"https:\/\/www.notibras.com\/site\/wp-json\/wp\/v2\/posts\/378690\/revisions\/378692"}],"wp:featuredmedia":[{"embeddable":true,"href":"https:\/\/www.notibras.com\/site\/wp-json\/wp\/v2\/media\/296329"}],"wp:attachment":[{"href":"https:\/\/www.notibras.com\/site\/wp-json\/wp\/v2\/media?parent=378690"}],"wp:term":[{"taxonomy":"category","embeddable":true,"href":"https:\/\/www.notibras.com\/site\/wp-json\/wp\/v2\/categories?post=378690"},{"taxonomy":"post_tag","embeddable":true,"href":"https:\/\/www.notibras.com\/site\/wp-json\/wp\/v2\/tags?post=378690"}],"curies":[{"name":"wp","href":"https:\/\/api.w.org\/{rel}","templated":true}]}}