{"id":378693,"date":"2026-01-12T08:06:52","date_gmt":"2026-01-12T11:06:52","guid":{"rendered":"https:\/\/www.notibras.com\/site\/?p=378693"},"modified":"2026-01-12T08:06:52","modified_gmt":"2026-01-12T11:06:52","slug":"quando-a-dor-precisa-virar-conteudo-para-existir","status":"publish","type":"post","link":"https:\/\/www.notibras.com\/site\/quando-a-dor-precisa-virar-conteudo-para-existir\/","title":{"rendered":"Quando a dor precisa virar conte\u00fado para existir"},"content":{"rendered":"<p>H\u00e1 algo profundamente errado quando a compaix\u00e3o s\u00f3 desperta depois que a dor aparece na tela. Como se o sofrimento, para ser reconhecido, precisasse antes ser filmado, editado e publicado. Como se a vida, sem legenda, fosse invis\u00edvel.<\/p>\n<p>A morte de Isabel comoveu o Brasil. E com raz\u00e3o. Uma jovem enfrentando o c\u00e2ncer com coragem, atravessando tratamentos, reca\u00eddas e incertezas sem esconder o que do\u00eda. Sua exposi\u00e7\u00e3o nunca foi um pedido de aplauso. Foi uma tentativa de existir quando a doen\u00e7a tenta reduzir uma pessoa a um prontu\u00e1rio.<\/p>\n<p>Mas a maneira como sua hist\u00f3ria foi consumida revela algo mais inquietante.<\/p>\n<p>Vivemos um tempo em que a dor precisa ser vis\u00edvel para ser reconhecida. A solidariedade j\u00e1 n\u00e3o brota apenas do encontro humano com a fragilidade do outro. Ela precisa ser ativada por uma narrativa, por um v\u00eddeo, por um post que atravesse o algoritmo. A dor que n\u00e3o vira conte\u00fado tende a n\u00e3o existir socialmente.<\/p>\n<p>Milhares de pessoas atravessam c\u00e2nceres, fal\u00eancias do corpo, diagn\u00f3sticos terminais e despedidas todos os dias em sil\u00eancio. Lutam com a mesma coragem, \u00e0s vezes com menos recursos, quase sempre sem plateia. A diferen\u00e7a entre elas e Isabel nunca esteve na dignidade da luta. Esteve na visibilidade.<\/p>\n<p>Isso criou uma pervers\u00e3o sutil. Passamos a confundir import\u00e2ncia com alcance. O que viraliza parece mais real do que o que simplesmente acontece.<\/p>\n<p>H\u00e1 ainda um segundo dano, talvez mais grave. Depois de anos de golpes emocionais, vaquinhas falsas, doen\u00e7as inventadas para arrancar dinheiro e aten\u00e7\u00e3o, a confian\u00e7a coletiva foi ferida. O resultado \u00e9 cruel: at\u00e9 quem sofre de verdade passa a ser tratado como suspeito. A dor precisa apresentar provas. A compaix\u00e3o virou condicional.<\/p>\n<p>Isabel foi atravessada por isso. Houve quem duvidasse de sua doen\u00e7a. N\u00e3o porque sua luta fosse duvidosa, mas porque o ambiente social j\u00e1 foi contaminado pela mentira. Quando a fraude se torna frequente, a verdade paga o pre\u00e7o.<\/p>\n<p>E, por tr\u00e1s de tudo isso, h\u00e1 algo ainda mais perturbador. Para uma parte do p\u00fablico, hist\u00f3rias como a de Isabel j\u00e1 n\u00e3o s\u00e3o acompanhadas como encontros humanos. S\u00e3o consumidas como novela. Pessoas viram personagens. A doen\u00e7a vira enredo. A morte vira desfecho. A vida vira s\u00e9rie. N\u00e3o \u00e9 empatia. \u00c9 audi\u00eancia.<\/p>\n<p>Esse \u00e9 o ponto mais duro. O sofrimento real n\u00e3o acontece para ser assistido. N\u00e3o tem fun\u00e7\u00e3o dram\u00e1tica. N\u00e3o existe para entreter, emocionar ou gerar engajamento. Ele existe porque a vida, \u00e0s vezes, \u00e9 brutal.<\/p>\n<p>Isabel n\u00e3o foi uma personagem. Foi uma pessoa tentando continuar viva. Sua coragem de se expor n\u00e3o diminui isso, engrandece. O que deveria nos inquietar \u00e9 um mundo que s\u00f3 aprende a enxergar o outro quando sua dor vira espet\u00e1culo.<\/p>\n<p>Talvez o maior risco do nosso tempo seja este: transformar a vida dos outros em narrativa e esquecer que, fora da tela, a dor n\u00e3o pede curtida. Ela pede humanidade.<\/p>\n","protected":false},"excerpt":{"rendered":"<p>H\u00e1 algo profundamente errado quando a compaix\u00e3o s\u00f3 desperta depois que a dor aparece na tela. Como se o sofrimento, para ser reconhecido, precisasse antes ser filmado, editado e publicado. Como se a vida, sem legenda, fosse invis\u00edvel. A morte de Isabel comoveu o Brasil. E com raz\u00e3o. Uma jovem enfrentando o c\u00e2ncer com coragem, [&hellip;]<\/p>\n","protected":false},"author":2,"featured_media":378694,"comment_status":"closed","ping_status":"closed","sticky":false,"template":"","format":"standard","meta":{"_acf_changed":false,"footnotes":""},"categories":[236],"tags":[],"class_list":["post-378693","post","type-post","status-publish","format-standard","has-post-thumbnail","hentry","category-ponto-de-vista"],"acf":[],"yoast_head":"<!-- This site is optimized with the Yoast SEO plugin v27.2 - https:\/\/yoast.com\/product\/yoast-seo-wordpress\/ -->\n<title>Quando a dor precisa virar conte\u00fado para existir - Notibras<\/title>\n<meta name=\"robots\" content=\"index, follow, max-snippet:-1, max-image-preview:large, max-video-preview:-1\" \/>\n<link rel=\"canonical\" href=\"https:\/\/www.notibras.com\/site\/quando-a-dor-precisa-virar-conteudo-para-existir\/\" \/>\n<meta property=\"og:locale\" content=\"pt_BR\" \/>\n<meta property=\"og:type\" content=\"article\" \/>\n<meta property=\"og:title\" content=\"Quando a dor precisa virar conte\u00fado para existir - Notibras\" \/>\n<meta property=\"og:description\" content=\"H\u00e1 algo profundamente errado quando a compaix\u00e3o s\u00f3 desperta depois que a dor aparece na tela. Como se o sofrimento, para ser reconhecido, precisasse antes ser filmado, editado e publicado. Como se a vida, sem legenda, fosse invis\u00edvel. A morte de Isabel comoveu o Brasil. E com raz\u00e3o. Uma jovem enfrentando o c\u00e2ncer com coragem, [&hellip;]\" \/>\n<meta property=\"og:url\" content=\"https:\/\/www.notibras.com\/site\/quando-a-dor-precisa-virar-conteudo-para-existir\/\" \/>\n<meta property=\"og:site_name\" content=\"Notibras\" \/>\n<meta property=\"article:publisher\" content=\"https:\/\/www.facebook.com\/notibras\/\" \/>\n<meta property=\"article:published_time\" content=\"2026-01-12T11:06:52+00:00\" \/>\n<meta property=\"og:image\" content=\"https:\/\/www.notibras.com\/site\/wp-content\/uploads\/2026\/01\/149a6827-d86d-417f-a490-6f5c2f167b9e-1.jpg\" \/>\n\t<meta property=\"og:image:width\" content=\"1536\" \/>\n\t<meta property=\"og:image:height\" content=\"1024\" \/>\n\t<meta property=\"og:image:type\" content=\"image\/jpeg\" \/>\n<meta name=\"author\" content=\"Reda\u00e7\u00e3o\" \/>\n<meta name=\"twitter:card\" content=\"summary_large_image\" \/>\n<meta name=\"twitter:creator\" content=\"@Notibras\" \/>\n<meta name=\"twitter:site\" content=\"@Notibras\" \/>\n<meta name=\"twitter:label1\" content=\"Escrito por\" \/>\n\t<meta name=\"twitter:data1\" content=\"Reda\u00e7\u00e3o\" \/>\n\t<meta name=\"twitter:label2\" content=\"Est. tempo de leitura\" \/>\n\t<meta name=\"twitter:data2\" content=\"3 minutos\" \/>\n<script type=\"application\/ld+json\" class=\"yoast-schema-graph\">{\"@context\":\"https:\/\/schema.org\",\"@graph\":[{\"@type\":\"Article\",\"@id\":\"https:\/\/www.notibras.com\/site\/quando-a-dor-precisa-virar-conteudo-para-existir\/#article\",\"isPartOf\":{\"@id\":\"https:\/\/www.notibras.com\/site\/quando-a-dor-precisa-virar-conteudo-para-existir\/\"},\"author\":{\"name\":\"Reda\u00e7\u00e3o\",\"@id\":\"https:\/\/www.notibras.com\/site\/#\/schema\/person\/36ab0979449956132d3e5b517ea76ac8\"},\"headline\":\"Quando a dor precisa virar conte\u00fado para existir\",\"datePublished\":\"2026-01-12T11:06:52+00:00\",\"mainEntityOfPage\":{\"@id\":\"https:\/\/www.notibras.com\/site\/quando-a-dor-precisa-virar-conteudo-para-existir\/\"},\"wordCount\":523,\"publisher\":{\"@id\":\"https:\/\/www.notibras.com\/site\/#organization\"},\"image\":{\"@id\":\"https:\/\/www.notibras.com\/site\/quando-a-dor-precisa-virar-conteudo-para-existir\/#primaryimage\"},\"thumbnailUrl\":\"https:\/\/www.notibras.com\/site\/wp-content\/uploads\/2026\/01\/149a6827-d86d-417f-a490-6f5c2f167b9e-1.jpg\",\"articleSection\":[\"Ponto de Vista\"],\"inLanguage\":\"pt-BR\"},{\"@type\":\"WebPage\",\"@id\":\"https:\/\/www.notibras.com\/site\/quando-a-dor-precisa-virar-conteudo-para-existir\/\",\"url\":\"https:\/\/www.notibras.com\/site\/quando-a-dor-precisa-virar-conteudo-para-existir\/\",\"name\":\"Quando a dor precisa virar conte\u00fado para existir - Notibras\",\"isPartOf\":{\"@id\":\"https:\/\/www.notibras.com\/site\/#website\"},\"primaryImageOfPage\":{\"@id\":\"https:\/\/www.notibras.com\/site\/quando-a-dor-precisa-virar-conteudo-para-existir\/#primaryimage\"},\"image\":{\"@id\":\"https:\/\/www.notibras.com\/site\/quando-a-dor-precisa-virar-conteudo-para-existir\/#primaryimage\"},\"thumbnailUrl\":\"https:\/\/www.notibras.com\/site\/wp-content\/uploads\/2026\/01\/149a6827-d86d-417f-a490-6f5c2f167b9e-1.jpg\",\"datePublished\":\"2026-01-12T11:06:52+00:00\",\"breadcrumb\":{\"@id\":\"https:\/\/www.notibras.com\/site\/quando-a-dor-precisa-virar-conteudo-para-existir\/#breadcrumb\"},\"inLanguage\":\"pt-BR\",\"potentialAction\":[{\"@type\":\"ReadAction\",\"target\":[\"https:\/\/www.notibras.com\/site\/quando-a-dor-precisa-virar-conteudo-para-existir\/\"]}]},{\"@type\":\"ImageObject\",\"inLanguage\":\"pt-BR\",\"@id\":\"https:\/\/www.notibras.com\/site\/quando-a-dor-precisa-virar-conteudo-para-existir\/#primaryimage\",\"url\":\"https:\/\/www.notibras.com\/site\/wp-content\/uploads\/2026\/01\/149a6827-d86d-417f-a490-6f5c2f167b9e-1.jpg\",\"contentUrl\":\"https:\/\/www.notibras.com\/site\/wp-content\/uploads\/2026\/01\/149a6827-d86d-417f-a490-6f5c2f167b9e-1.jpg\",\"width\":1536,\"height\":1024},{\"@type\":\"BreadcrumbList\",\"@id\":\"https:\/\/www.notibras.com\/site\/quando-a-dor-precisa-virar-conteudo-para-existir\/#breadcrumb\",\"itemListElement\":[{\"@type\":\"ListItem\",\"position\":1,\"name\":\"In\u00edcio\",\"item\":\"https:\/\/www.notibras.com\/site\/\"},{\"@type\":\"ListItem\",\"position\":2,\"name\":\"Quando a dor precisa virar conte\u00fado para existir\"}]},{\"@type\":\"WebSite\",\"@id\":\"https:\/\/www.notibras.com\/site\/#website\",\"url\":\"https:\/\/www.notibras.com\/site\/\",\"name\":\"Notibras\",\"description\":\"Not\u00edcias de Bras\u00edlia, do Brasil e do Mundo\",\"publisher\":{\"@id\":\"https:\/\/www.notibras.com\/site\/#organization\"},\"potentialAction\":[{\"@type\":\"SearchAction\",\"target\":{\"@type\":\"EntryPoint\",\"urlTemplate\":\"https:\/\/www.notibras.com\/site\/?s={search_term_string}\"},\"query-input\":{\"@type\":\"PropertyValueSpecification\",\"valueRequired\":true,\"valueName\":\"search_term_string\"}}],\"inLanguage\":\"pt-BR\"},{\"@type\":\"Organization\",\"@id\":\"https:\/\/www.notibras.com\/site\/#organization\",\"name\":\"Grupo Notibras de Comunica\u00e7\u00e3o\",\"url\":\"https:\/\/www.notibras.com\/site\/\",\"logo\":{\"@type\":\"ImageObject\",\"inLanguage\":\"pt-BR\",\"@id\":\"https:\/\/www.notibras.com\/site\/#\/schema\/logo\/image\/\",\"url\":\"https:\/\/www.notibras.com\/site\/wp-content\/uploads\/2023\/01\/notibras23.png\",\"contentUrl\":\"https:\/\/www.notibras.com\/site\/wp-content\/uploads\/2023\/01\/notibras23.png\",\"width\":350,\"height\":87,\"caption\":\"Grupo Notibras de Comunica\u00e7\u00e3o\"},\"image\":{\"@id\":\"https:\/\/www.notibras.com\/site\/#\/schema\/logo\/image\/\"},\"sameAs\":[\"https:\/\/www.facebook.com\/notibras\/\",\"https:\/\/x.com\/Notibras\",\"https:\/\/www.instagram.com\/notibras\/\"]},{\"@type\":\"Person\",\"@id\":\"https:\/\/www.notibras.com\/site\/#\/schema\/person\/36ab0979449956132d3e5b517ea76ac8\",\"name\":\"Reda\u00e7\u00e3o\",\"image\":{\"@type\":\"ImageObject\",\"inLanguage\":\"pt-BR\",\"@id\":\"https:\/\/secure.gravatar.com\/avatar\/e0a867bdedb85fd243eadf09663511f96fc81e0720a4a42581f334ad4303aa6b?s=96&d=mm&r=g\",\"url\":\"https:\/\/secure.gravatar.com\/avatar\/e0a867bdedb85fd243eadf09663511f96fc81e0720a4a42581f334ad4303aa6b?s=96&d=mm&r=g\",\"contentUrl\":\"https:\/\/secure.gravatar.com\/avatar\/e0a867bdedb85fd243eadf09663511f96fc81e0720a4a42581f334ad4303aa6b?s=96&d=mm&r=g\",\"caption\":\"Reda\u00e7\u00e3o\"}}]}<\/script>\n<!-- \/ Yoast SEO plugin. -->","yoast_head_json":{"title":"Quando a dor precisa virar conte\u00fado para existir - Notibras","robots":{"index":"index","follow":"follow","max-snippet":"max-snippet:-1","max-image-preview":"max-image-preview:large","max-video-preview":"max-video-preview:-1"},"canonical":"https:\/\/www.notibras.com\/site\/quando-a-dor-precisa-virar-conteudo-para-existir\/","og_locale":"pt_BR","og_type":"article","og_title":"Quando a dor precisa virar conte\u00fado para existir - Notibras","og_description":"H\u00e1 algo profundamente errado quando a compaix\u00e3o s\u00f3 desperta depois que a dor aparece na tela. Como se o sofrimento, para ser reconhecido, precisasse antes ser filmado, editado e publicado. Como se a vida, sem legenda, fosse invis\u00edvel. A morte de Isabel comoveu o Brasil. E com raz\u00e3o. Uma jovem enfrentando o c\u00e2ncer com coragem, [&hellip;]","og_url":"https:\/\/www.notibras.com\/site\/quando-a-dor-precisa-virar-conteudo-para-existir\/","og_site_name":"Notibras","article_publisher":"https:\/\/www.facebook.com\/notibras\/","article_published_time":"2026-01-12T11:06:52+00:00","og_image":[{"width":1536,"height":1024,"url":"https:\/\/www.notibras.com\/site\/wp-content\/uploads\/2026\/01\/149a6827-d86d-417f-a490-6f5c2f167b9e-1.jpg","type":"image\/jpeg"}],"author":"Reda\u00e7\u00e3o","twitter_card":"summary_large_image","twitter_creator":"@Notibras","twitter_site":"@Notibras","twitter_misc":{"Escrito por":"Reda\u00e7\u00e3o","Est. tempo de leitura":"3 minutos"},"schema":{"@context":"https:\/\/schema.org","@graph":[{"@type":"Article","@id":"https:\/\/www.notibras.com\/site\/quando-a-dor-precisa-virar-conteudo-para-existir\/#article","isPartOf":{"@id":"https:\/\/www.notibras.com\/site\/quando-a-dor-precisa-virar-conteudo-para-existir\/"},"author":{"name":"Reda\u00e7\u00e3o","@id":"https:\/\/www.notibras.com\/site\/#\/schema\/person\/36ab0979449956132d3e5b517ea76ac8"},"headline":"Quando a dor precisa virar conte\u00fado para existir","datePublished":"2026-01-12T11:06:52+00:00","mainEntityOfPage":{"@id":"https:\/\/www.notibras.com\/site\/quando-a-dor-precisa-virar-conteudo-para-existir\/"},"wordCount":523,"publisher":{"@id":"https:\/\/www.notibras.com\/site\/#organization"},"image":{"@id":"https:\/\/www.notibras.com\/site\/quando-a-dor-precisa-virar-conteudo-para-existir\/#primaryimage"},"thumbnailUrl":"https:\/\/www.notibras.com\/site\/wp-content\/uploads\/2026\/01\/149a6827-d86d-417f-a490-6f5c2f167b9e-1.jpg","articleSection":["Ponto de Vista"],"inLanguage":"pt-BR"},{"@type":"WebPage","@id":"https:\/\/www.notibras.com\/site\/quando-a-dor-precisa-virar-conteudo-para-existir\/","url":"https:\/\/www.notibras.com\/site\/quando-a-dor-precisa-virar-conteudo-para-existir\/","name":"Quando a dor precisa virar conte\u00fado para existir - Notibras","isPartOf":{"@id":"https:\/\/www.notibras.com\/site\/#website"},"primaryImageOfPage":{"@id":"https:\/\/www.notibras.com\/site\/quando-a-dor-precisa-virar-conteudo-para-existir\/#primaryimage"},"image":{"@id":"https:\/\/www.notibras.com\/site\/quando-a-dor-precisa-virar-conteudo-para-existir\/#primaryimage"},"thumbnailUrl":"https:\/\/www.notibras.com\/site\/wp-content\/uploads\/2026\/01\/149a6827-d86d-417f-a490-6f5c2f167b9e-1.jpg","datePublished":"2026-01-12T11:06:52+00:00","breadcrumb":{"@id":"https:\/\/www.notibras.com\/site\/quando-a-dor-precisa-virar-conteudo-para-existir\/#breadcrumb"},"inLanguage":"pt-BR","potentialAction":[{"@type":"ReadAction","target":["https:\/\/www.notibras.com\/site\/quando-a-dor-precisa-virar-conteudo-para-existir\/"]}]},{"@type":"ImageObject","inLanguage":"pt-BR","@id":"https:\/\/www.notibras.com\/site\/quando-a-dor-precisa-virar-conteudo-para-existir\/#primaryimage","url":"https:\/\/www.notibras.com\/site\/wp-content\/uploads\/2026\/01\/149a6827-d86d-417f-a490-6f5c2f167b9e-1.jpg","contentUrl":"https:\/\/www.notibras.com\/site\/wp-content\/uploads\/2026\/01\/149a6827-d86d-417f-a490-6f5c2f167b9e-1.jpg","width":1536,"height":1024},{"@type":"BreadcrumbList","@id":"https:\/\/www.notibras.com\/site\/quando-a-dor-precisa-virar-conteudo-para-existir\/#breadcrumb","itemListElement":[{"@type":"ListItem","position":1,"name":"In\u00edcio","item":"https:\/\/www.notibras.com\/site\/"},{"@type":"ListItem","position":2,"name":"Quando a dor precisa virar conte\u00fado para existir"}]},{"@type":"WebSite","@id":"https:\/\/www.notibras.com\/site\/#website","url":"https:\/\/www.notibras.com\/site\/","name":"Notibras","description":"Not\u00edcias de Bras\u00edlia, do Brasil e do Mundo","publisher":{"@id":"https:\/\/www.notibras.com\/site\/#organization"},"potentialAction":[{"@type":"SearchAction","target":{"@type":"EntryPoint","urlTemplate":"https:\/\/www.notibras.com\/site\/?s={search_term_string}"},"query-input":{"@type":"PropertyValueSpecification","valueRequired":true,"valueName":"search_term_string"}}],"inLanguage":"pt-BR"},{"@type":"Organization","@id":"https:\/\/www.notibras.com\/site\/#organization","name":"Grupo Notibras de Comunica\u00e7\u00e3o","url":"https:\/\/www.notibras.com\/site\/","logo":{"@type":"ImageObject","inLanguage":"pt-BR","@id":"https:\/\/www.notibras.com\/site\/#\/schema\/logo\/image\/","url":"https:\/\/www.notibras.com\/site\/wp-content\/uploads\/2023\/01\/notibras23.png","contentUrl":"https:\/\/www.notibras.com\/site\/wp-content\/uploads\/2023\/01\/notibras23.png","width":350,"height":87,"caption":"Grupo Notibras de Comunica\u00e7\u00e3o"},"image":{"@id":"https:\/\/www.notibras.com\/site\/#\/schema\/logo\/image\/"},"sameAs":["https:\/\/www.facebook.com\/notibras\/","https:\/\/x.com\/Notibras","https:\/\/www.instagram.com\/notibras\/"]},{"@type":"Person","@id":"https:\/\/www.notibras.com\/site\/#\/schema\/person\/36ab0979449956132d3e5b517ea76ac8","name":"Reda\u00e7\u00e3o","image":{"@type":"ImageObject","inLanguage":"pt-BR","@id":"https:\/\/secure.gravatar.com\/avatar\/e0a867bdedb85fd243eadf09663511f96fc81e0720a4a42581f334ad4303aa6b?s=96&d=mm&r=g","url":"https:\/\/secure.gravatar.com\/avatar\/e0a867bdedb85fd243eadf09663511f96fc81e0720a4a42581f334ad4303aa6b?s=96&d=mm&r=g","contentUrl":"https:\/\/secure.gravatar.com\/avatar\/e0a867bdedb85fd243eadf09663511f96fc81e0720a4a42581f334ad4303aa6b?s=96&d=mm&r=g","caption":"Reda\u00e7\u00e3o"}}]}},"amp_enabled":true,"_links":{"self":[{"href":"https:\/\/www.notibras.com\/site\/wp-json\/wp\/v2\/posts\/378693","targetHints":{"allow":["GET"]}}],"collection":[{"href":"https:\/\/www.notibras.com\/site\/wp-json\/wp\/v2\/posts"}],"about":[{"href":"https:\/\/www.notibras.com\/site\/wp-json\/wp\/v2\/types\/post"}],"author":[{"embeddable":true,"href":"https:\/\/www.notibras.com\/site\/wp-json\/wp\/v2\/users\/2"}],"replies":[{"embeddable":true,"href":"https:\/\/www.notibras.com\/site\/wp-json\/wp\/v2\/comments?post=378693"}],"version-history":[{"count":1,"href":"https:\/\/www.notibras.com\/site\/wp-json\/wp\/v2\/posts\/378693\/revisions"}],"predecessor-version":[{"id":378695,"href":"https:\/\/www.notibras.com\/site\/wp-json\/wp\/v2\/posts\/378693\/revisions\/378695"}],"wp:featuredmedia":[{"embeddable":true,"href":"https:\/\/www.notibras.com\/site\/wp-json\/wp\/v2\/media\/378694"}],"wp:attachment":[{"href":"https:\/\/www.notibras.com\/site\/wp-json\/wp\/v2\/media?parent=378693"}],"wp:term":[{"taxonomy":"category","embeddable":true,"href":"https:\/\/www.notibras.com\/site\/wp-json\/wp\/v2\/categories?post=378693"},{"taxonomy":"post_tag","embeddable":true,"href":"https:\/\/www.notibras.com\/site\/wp-json\/wp\/v2\/tags?post=378693"}],"curies":[{"name":"wp","href":"https:\/\/api.w.org\/{rel}","templated":true}]}}