{"id":378696,"date":"2026-01-12T08:15:08","date_gmt":"2026-01-12T11:15:08","guid":{"rendered":"https:\/\/www.notibras.com\/site\/?p=378696"},"modified":"2026-01-12T08:15:08","modified_gmt":"2026-01-12T11:15:08","slug":"como-usar-consciente-a-cruz-de-sao-bento","status":"publish","type":"post","link":"https:\/\/www.notibras.com\/site\/como-usar-consciente-a-cruz-de-sao-bento\/","title":{"rendered":"Como usar, consciente, a Cruz de S\u00e3o Bento"},"content":{"rendered":"<p>Se voc\u00ea \u00e9 cat\u00f3lico, a cruz\/medalha\/anel, podem ser aben\u00e7oados por um padre. Geralmente, esse \u00e9 o caminho para aqueles que s\u00e3o devotos ou tem algum grau de respeito por essa tradi\u00e7\u00e3o. Caso voc\u00ea n\u00e3o tenha liga\u00e7\u00e3o com a \u201ccorrente cat\u00f3lica\/beneditina\u201d, crie um \u201ccontrato m\u00e1gico\u201d pr\u00f3prio e continue se conectando \u00e0 egr\u00e9gora (porque o s\u00edmbolo em si carrega essa hist\u00f3ria), mas a \u00eanfase \u00e9 na sua pr\u00e1tica.<\/p>\n<p>Por\u00e9m, nada impede a realiza\u00e7\u00e3o das duas consagra\u00e7\u00f5es. Existem formas simples para a consagra\u00e7\u00e3o ocultista. Lave a medalha em \u00e1gua e sal, depois passe na fuma\u00e7a de um incenso de limpeza e visualize qualquer sujeira energ\u00e9tica se dissolvendo. Feto isso, declare sua inten\u00e7\u00e3o em voz alta: \u201cConsagro esta cruz\/medalha\/anel como selo de prote\u00e7\u00e3o, banimento e paz espiritual. Que nenhuma for\u00e7a contr\u00e1ria ao meu caminho de luz encontre morada em mim ou neste espa\u00e7o.\u201d Ative as palavras de poder, segurando a cruz\/medalha\/anel, recite devagar, com foco:<\/p>\n<p><strong>\u2022 Crux Sacra Sit Mihi Lux. <\/strong><br \/>\n<strong>\u2022 Non Draco Sit Mihi Dux. <\/strong><br \/>\n<strong>\u2022 Vade Retro Satana. <\/strong><br \/>\n<strong>\u2022 Nunquam Suade Mihi Vana. <\/strong><br \/>\n<strong>\u2022 Sunt Mala Quae Libas. <\/strong><br \/>\n<strong>\u2022 Ipse Venena Bibas.<\/strong><\/p>\n<p>Visualize as letras acendendo em luz, como se fossem brasas. Agora, olhe para o \u201cPAX\u201d. Respire fundo e, ao soltar o ar, diga: PAX! Sinta um manto de calma sobre voc\u00ea e o ambiente. Caso queira se vincular a S\u00e3o Bento diga: \u201cS\u00e3o Bento, se for de tua vontade, que eu possa contar com tua prote\u00e7\u00e3o e tua firmeza na arte da defesa espiritual.\u201d N\u00e3o precisa \u201cvirar cat\u00f3lico\u201d para isso. Mas tamb\u00e9m n\u00e3o use o santo como se fosse um boneco de RPG. Respeito \u00e9 parte da efic\u00e1cia.<\/p>\n<p>Existem v\u00e1rios usos pr\u00e1ticos no dia a dia, como amuleto de defesa pessoal e prote\u00e7\u00e3o do ambiente. Individualmente podemos usar no pesco\u00e7o, bolso ou preso na roupa para prote\u00e7\u00e3o contra situa\u00e7\u00f5es de medo, ataque ps\u00edquico, pesadelo, obsess\u00e3o, inveja pesada. Segure a medalha e repita mentalmente ou em voz baixa: \u201cCrux Sacra Sit Mihi Lux. Non Draco Sit Mihi Dux.\u201d Ou \u201cVade Retro Satana. Nunquam Suade Mihi Vana.\u201d Visualize uma esfera de luz em forma de cruz se fechando ao redor do seu corpo. Para prote\u00e7\u00e3o ambiental, pendure uma ou mais medalhas na porta de entrada, na cabeceira da cama; ou nos quatro cantos do espa\u00e7o ritual.<\/p>\n<p>Para o ocultista, o uso dessa ferramenta de prote\u00e7\u00e3o\/poder \u00e9 de muita utilidade pois ela \u00e9 usada antes, durante e depois de qualquer trabalho. Antes de qualquer trabalho, firme com clareza a inten\u00e7\u00e3o e pe\u00e7a: \u201cPor esta cruz e por estas palavras de poder, estabele\u00e7o que s\u00f3 o que estiver em harmonia com minha verdade profunda e minha luz tem permiss\u00e3o para entrar.\u201d Depois de trabalhos densos ou um dia \u201ccarregado\u201d acenda um incenso de limpeza. Caminhe pelo ambiente com a medalha na m\u00e3o, \u00e0 frente do peito e recite: \u201cVade Retro Satana. Nunquam Suade Mihi Vana. Sunt Mala Quae Libas. Ipse Venena Bibas.\u201d<\/p>\n<p>Visualize qualquer coisa pesada recuando, o \u201cveneno\u201d energ\u00e9tico voltando para sua pr\u00f3pria fonte e o ambiente ficando limpo, silencioso, em PAX! Esse \u00e9 um exemplo de banimento ocultista usando uma f\u00f3rmula crist\u00e3 tradicional como base. Como prote\u00e7\u00e3o para o sono e para o astral, coloque a medalha debaixo do travesseiro ou na cabeceira. Antes de dormir, toque nela e diga: \u201cCrux Sacra Sit Mihi Lux. Non Draco Sit Mihi Dux.\u201d Para quem trabalha com incorpora\u00e7\u00e3o e viagem astral, isso \u00e9 um bom \u201ccinto de seguran\u00e7a\u201d. A Cruz de S\u00e3o Bento entra em qualquer cen\u00e1rio m\u00edstico\/religioso! S\u00f3 \u00e9 preciso honestidade interna.<\/p>\n<p>Se voc\u00ea rejeita o cristianismo, talvez esse n\u00e3o seja o seu s\u00edmbolo ideal. For\u00e7ar ferramenta que briga com sua cosmovis\u00e3o costuma dar fric\u00e7\u00e3o energ\u00e9tica. Mas, o que \u00e9 a cruz\/medalha\/anel de S\u00e3o Bento para o ocultista? \u00c9 um \u00f3timo exemplo de como as religi\u00f5es e o ocultismo usam as mesmas engrenagens com linguagem diferente. Onde, um s\u00edmbolo profundamente crist\u00e3o pode ser plenamente funcional em um contexto ocultista, desde que voc\u00ea saiba o que est\u00e1 fazendo. A alquimia espiritual n\u00e3o \u00e9 s\u00f3 laborat\u00f3rio e merc\u00fario filos\u00f3fico, ela acontece quando voc\u00ea pega medo, caos e ataque e o transmuta at\u00e9 virar prote\u00e7\u00e3o, clareza e paz.<\/p>\n<p>Se voc\u00ea quiser experimentar, o fa\u00e7a com respeito. A Cruz de S\u00e3o Bento n\u00e3o \u00e9 neutra. Ela carrega uma hist\u00f3ria, uma egr\u00e9gora e uma maneira muito espec\u00edfica de dizer: \u201cEu sei quem me guia. E voc\u00ea, se n\u00e3o vier em paz, volta pelo mesmo caminho que veio.\u201d<\/p>\n<p>&#8230;&#8230;&#8230;&#8230;&#8230;.<\/p>\n<p><strong>Marco Mammoli, Mestre Conselheiro e membro do conselho do Col\u00e9gio de Magos e Sacerdotisas. Voc\u00ea pode entrar em contato com o Col\u00e9gio dos Magos e Sacerdotisas atrav\u00e9s da Bio, Direct e o Whatsapp: 81 997302139.<\/strong><\/p>\n","protected":false},"excerpt":{"rendered":"<p>Se voc\u00ea \u00e9 cat\u00f3lico, a cruz\/medalha\/anel, podem ser aben\u00e7oados por um padre. Geralmente, esse \u00e9 o caminho para aqueles que s\u00e3o devotos ou tem algum grau de respeito por essa tradi\u00e7\u00e3o. Caso voc\u00ea n\u00e3o tenha liga\u00e7\u00e3o com a \u201ccorrente cat\u00f3lica\/beneditina\u201d, crie um \u201ccontrato m\u00e1gico\u201d pr\u00f3prio e continue se conectando \u00e0 egr\u00e9gora (porque o s\u00edmbolo em [&hellip;]<\/p>\n","protected":false},"author":2,"featured_media":378697,"comment_status":"closed","ping_status":"closed","sticky":false,"template":"","format":"standard","meta":{"_acf_changed":false,"footnotes":""},"categories":[237],"tags":[],"class_list":["post-378696","post","type-post","status-publish","format-standard","has-post-thumbnail","hentry","category-oraculos"],"acf":[],"yoast_head":"<!-- This site is optimized with the Yoast SEO plugin v27.2 - https:\/\/yoast.com\/product\/yoast-seo-wordpress\/ -->\n<title>Como usar, consciente, a Cruz de S\u00e3o Bento - Notibras<\/title>\n<meta name=\"robots\" content=\"index, follow, max-snippet:-1, max-image-preview:large, max-video-preview:-1\" \/>\n<link rel=\"canonical\" href=\"https:\/\/www.notibras.com\/site\/como-usar-consciente-a-cruz-de-sao-bento\/\" \/>\n<meta property=\"og:locale\" content=\"pt_BR\" \/>\n<meta property=\"og:type\" content=\"article\" \/>\n<meta property=\"og:title\" content=\"Como usar, consciente, a Cruz de S\u00e3o Bento - Notibras\" \/>\n<meta property=\"og:description\" content=\"Se voc\u00ea \u00e9 cat\u00f3lico, a cruz\/medalha\/anel, podem ser aben\u00e7oados por um padre. Geralmente, esse \u00e9 o caminho para aqueles que s\u00e3o devotos ou tem algum grau de respeito por essa tradi\u00e7\u00e3o. Caso voc\u00ea n\u00e3o tenha liga\u00e7\u00e3o com a \u201ccorrente cat\u00f3lica\/beneditina\u201d, crie um \u201ccontrato m\u00e1gico\u201d pr\u00f3prio e continue se conectando \u00e0 egr\u00e9gora (porque o s\u00edmbolo em [&hellip;]\" \/>\n<meta property=\"og:url\" content=\"https:\/\/www.notibras.com\/site\/como-usar-consciente-a-cruz-de-sao-bento\/\" \/>\n<meta property=\"og:site_name\" content=\"Notibras\" \/>\n<meta property=\"article:publisher\" content=\"https:\/\/www.facebook.com\/notibras\/\" \/>\n<meta property=\"article:published_time\" content=\"2026-01-12T11:15:08+00:00\" \/>\n<meta property=\"og:image\" content=\"https:\/\/www.notibras.com\/site\/wp-content\/uploads\/2026\/01\/816b51fd-dcb7-4b50-b1d6-3918998b03b9.jpg\" \/>\n\t<meta property=\"og:image:width\" content=\"766\" \/>\n\t<meta property=\"og:image:height\" content=\"766\" \/>\n\t<meta property=\"og:image:type\" content=\"image\/jpeg\" \/>\n<meta name=\"author\" content=\"Reda\u00e7\u00e3o\" \/>\n<meta name=\"twitter:card\" content=\"summary_large_image\" \/>\n<meta name=\"twitter:creator\" content=\"@Notibras\" \/>\n<meta name=\"twitter:site\" content=\"@Notibras\" \/>\n<meta name=\"twitter:label1\" content=\"Escrito por\" \/>\n\t<meta name=\"twitter:data1\" content=\"Reda\u00e7\u00e3o\" \/>\n\t<meta name=\"twitter:label2\" content=\"Est. tempo de leitura\" \/>\n\t<meta name=\"twitter:data2\" content=\"5 minutos\" \/>\n<script type=\"application\/ld+json\" class=\"yoast-schema-graph\">{\"@context\":\"https:\/\/schema.org\",\"@graph\":[{\"@type\":\"Article\",\"@id\":\"https:\/\/www.notibras.com\/site\/como-usar-consciente-a-cruz-de-sao-bento\/#article\",\"isPartOf\":{\"@id\":\"https:\/\/www.notibras.com\/site\/como-usar-consciente-a-cruz-de-sao-bento\/\"},\"author\":{\"name\":\"Reda\u00e7\u00e3o\",\"@id\":\"https:\/\/www.notibras.com\/site\/#\/schema\/person\/36ab0979449956132d3e5b517ea76ac8\"},\"headline\":\"Como usar, consciente, a Cruz de S\u00e3o Bento\",\"datePublished\":\"2026-01-12T11:15:08+00:00\",\"mainEntityOfPage\":{\"@id\":\"https:\/\/www.notibras.com\/site\/como-usar-consciente-a-cruz-de-sao-bento\/\"},\"wordCount\":843,\"publisher\":{\"@id\":\"https:\/\/www.notibras.com\/site\/#organization\"},\"image\":{\"@id\":\"https:\/\/www.notibras.com\/site\/como-usar-consciente-a-cruz-de-sao-bento\/#primaryimage\"},\"thumbnailUrl\":\"https:\/\/www.notibras.com\/site\/wp-content\/uploads\/2026\/01\/816b51fd-dcb7-4b50-b1d6-3918998b03b9.jpg\",\"articleSection\":[\"Or\u00e1culos\"],\"inLanguage\":\"pt-BR\"},{\"@type\":\"WebPage\",\"@id\":\"https:\/\/www.notibras.com\/site\/como-usar-consciente-a-cruz-de-sao-bento\/\",\"url\":\"https:\/\/www.notibras.com\/site\/como-usar-consciente-a-cruz-de-sao-bento\/\",\"name\":\"Como usar, consciente, a Cruz de S\u00e3o Bento - Notibras\",\"isPartOf\":{\"@id\":\"https:\/\/www.notibras.com\/site\/#website\"},\"primaryImageOfPage\":{\"@id\":\"https:\/\/www.notibras.com\/site\/como-usar-consciente-a-cruz-de-sao-bento\/#primaryimage\"},\"image\":{\"@id\":\"https:\/\/www.notibras.com\/site\/como-usar-consciente-a-cruz-de-sao-bento\/#primaryimage\"},\"thumbnailUrl\":\"https:\/\/www.notibras.com\/site\/wp-content\/uploads\/2026\/01\/816b51fd-dcb7-4b50-b1d6-3918998b03b9.jpg\",\"datePublished\":\"2026-01-12T11:15:08+00:00\",\"breadcrumb\":{\"@id\":\"https:\/\/www.notibras.com\/site\/como-usar-consciente-a-cruz-de-sao-bento\/#breadcrumb\"},\"inLanguage\":\"pt-BR\",\"potentialAction\":[{\"@type\":\"ReadAction\",\"target\":[\"https:\/\/www.notibras.com\/site\/como-usar-consciente-a-cruz-de-sao-bento\/\"]}]},{\"@type\":\"ImageObject\",\"inLanguage\":\"pt-BR\",\"@id\":\"https:\/\/www.notibras.com\/site\/como-usar-consciente-a-cruz-de-sao-bento\/#primaryimage\",\"url\":\"https:\/\/www.notibras.com\/site\/wp-content\/uploads\/2026\/01\/816b51fd-dcb7-4b50-b1d6-3918998b03b9.jpg\",\"contentUrl\":\"https:\/\/www.notibras.com\/site\/wp-content\/uploads\/2026\/01\/816b51fd-dcb7-4b50-b1d6-3918998b03b9.jpg\",\"width\":766,\"height\":766},{\"@type\":\"BreadcrumbList\",\"@id\":\"https:\/\/www.notibras.com\/site\/como-usar-consciente-a-cruz-de-sao-bento\/#breadcrumb\",\"itemListElement\":[{\"@type\":\"ListItem\",\"position\":1,\"name\":\"In\u00edcio\",\"item\":\"https:\/\/www.notibras.com\/site\/\"},{\"@type\":\"ListItem\",\"position\":2,\"name\":\"Como usar, consciente, a Cruz de S\u00e3o Bento\"}]},{\"@type\":\"WebSite\",\"@id\":\"https:\/\/www.notibras.com\/site\/#website\",\"url\":\"https:\/\/www.notibras.com\/site\/\",\"name\":\"Notibras\",\"description\":\"Not\u00edcias de Bras\u00edlia, do Brasil e do Mundo\",\"publisher\":{\"@id\":\"https:\/\/www.notibras.com\/site\/#organization\"},\"potentialAction\":[{\"@type\":\"SearchAction\",\"target\":{\"@type\":\"EntryPoint\",\"urlTemplate\":\"https:\/\/www.notibras.com\/site\/?s={search_term_string}\"},\"query-input\":{\"@type\":\"PropertyValueSpecification\",\"valueRequired\":true,\"valueName\":\"search_term_string\"}}],\"inLanguage\":\"pt-BR\"},{\"@type\":\"Organization\",\"@id\":\"https:\/\/www.notibras.com\/site\/#organization\",\"name\":\"Grupo Notibras de Comunica\u00e7\u00e3o\",\"url\":\"https:\/\/www.notibras.com\/site\/\",\"logo\":{\"@type\":\"ImageObject\",\"inLanguage\":\"pt-BR\",\"@id\":\"https:\/\/www.notibras.com\/site\/#\/schema\/logo\/image\/\",\"url\":\"https:\/\/www.notibras.com\/site\/wp-content\/uploads\/2023\/01\/notibras23.png\",\"contentUrl\":\"https:\/\/www.notibras.com\/site\/wp-content\/uploads\/2023\/01\/notibras23.png\",\"width\":350,\"height\":87,\"caption\":\"Grupo Notibras de Comunica\u00e7\u00e3o\"},\"image\":{\"@id\":\"https:\/\/www.notibras.com\/site\/#\/schema\/logo\/image\/\"},\"sameAs\":[\"https:\/\/www.facebook.com\/notibras\/\",\"https:\/\/x.com\/Notibras\",\"https:\/\/www.instagram.com\/notibras\/\"]},{\"@type\":\"Person\",\"@id\":\"https:\/\/www.notibras.com\/site\/#\/schema\/person\/36ab0979449956132d3e5b517ea76ac8\",\"name\":\"Reda\u00e7\u00e3o\",\"image\":{\"@type\":\"ImageObject\",\"inLanguage\":\"pt-BR\",\"@id\":\"https:\/\/secure.gravatar.com\/avatar\/e0a867bdedb85fd243eadf09663511f96fc81e0720a4a42581f334ad4303aa6b?s=96&d=mm&r=g\",\"url\":\"https:\/\/secure.gravatar.com\/avatar\/e0a867bdedb85fd243eadf09663511f96fc81e0720a4a42581f334ad4303aa6b?s=96&d=mm&r=g\",\"contentUrl\":\"https:\/\/secure.gravatar.com\/avatar\/e0a867bdedb85fd243eadf09663511f96fc81e0720a4a42581f334ad4303aa6b?s=96&d=mm&r=g\",\"caption\":\"Reda\u00e7\u00e3o\"}}]}<\/script>\n<!-- \/ Yoast SEO plugin. -->","yoast_head_json":{"title":"Como usar, consciente, a Cruz de S\u00e3o Bento - Notibras","robots":{"index":"index","follow":"follow","max-snippet":"max-snippet:-1","max-image-preview":"max-image-preview:large","max-video-preview":"max-video-preview:-1"},"canonical":"https:\/\/www.notibras.com\/site\/como-usar-consciente-a-cruz-de-sao-bento\/","og_locale":"pt_BR","og_type":"article","og_title":"Como usar, consciente, a Cruz de S\u00e3o Bento - Notibras","og_description":"Se voc\u00ea \u00e9 cat\u00f3lico, a cruz\/medalha\/anel, podem ser aben\u00e7oados por um padre. Geralmente, esse \u00e9 o caminho para aqueles que s\u00e3o devotos ou tem algum grau de respeito por essa tradi\u00e7\u00e3o. Caso voc\u00ea n\u00e3o tenha liga\u00e7\u00e3o com a \u201ccorrente cat\u00f3lica\/beneditina\u201d, crie um \u201ccontrato m\u00e1gico\u201d pr\u00f3prio e continue se conectando \u00e0 egr\u00e9gora (porque o s\u00edmbolo em [&hellip;]","og_url":"https:\/\/www.notibras.com\/site\/como-usar-consciente-a-cruz-de-sao-bento\/","og_site_name":"Notibras","article_publisher":"https:\/\/www.facebook.com\/notibras\/","article_published_time":"2026-01-12T11:15:08+00:00","og_image":[{"width":766,"height":766,"url":"https:\/\/www.notibras.com\/site\/wp-content\/uploads\/2026\/01\/816b51fd-dcb7-4b50-b1d6-3918998b03b9.jpg","type":"image\/jpeg"}],"author":"Reda\u00e7\u00e3o","twitter_card":"summary_large_image","twitter_creator":"@Notibras","twitter_site":"@Notibras","twitter_misc":{"Escrito por":"Reda\u00e7\u00e3o","Est. tempo de leitura":"5 minutos"},"schema":{"@context":"https:\/\/schema.org","@graph":[{"@type":"Article","@id":"https:\/\/www.notibras.com\/site\/como-usar-consciente-a-cruz-de-sao-bento\/#article","isPartOf":{"@id":"https:\/\/www.notibras.com\/site\/como-usar-consciente-a-cruz-de-sao-bento\/"},"author":{"name":"Reda\u00e7\u00e3o","@id":"https:\/\/www.notibras.com\/site\/#\/schema\/person\/36ab0979449956132d3e5b517ea76ac8"},"headline":"Como usar, consciente, a Cruz de S\u00e3o Bento","datePublished":"2026-01-12T11:15:08+00:00","mainEntityOfPage":{"@id":"https:\/\/www.notibras.com\/site\/como-usar-consciente-a-cruz-de-sao-bento\/"},"wordCount":843,"publisher":{"@id":"https:\/\/www.notibras.com\/site\/#organization"},"image":{"@id":"https:\/\/www.notibras.com\/site\/como-usar-consciente-a-cruz-de-sao-bento\/#primaryimage"},"thumbnailUrl":"https:\/\/www.notibras.com\/site\/wp-content\/uploads\/2026\/01\/816b51fd-dcb7-4b50-b1d6-3918998b03b9.jpg","articleSection":["Or\u00e1culos"],"inLanguage":"pt-BR"},{"@type":"WebPage","@id":"https:\/\/www.notibras.com\/site\/como-usar-consciente-a-cruz-de-sao-bento\/","url":"https:\/\/www.notibras.com\/site\/como-usar-consciente-a-cruz-de-sao-bento\/","name":"Como usar, consciente, a Cruz de S\u00e3o Bento - Notibras","isPartOf":{"@id":"https:\/\/www.notibras.com\/site\/#website"},"primaryImageOfPage":{"@id":"https:\/\/www.notibras.com\/site\/como-usar-consciente-a-cruz-de-sao-bento\/#primaryimage"},"image":{"@id":"https:\/\/www.notibras.com\/site\/como-usar-consciente-a-cruz-de-sao-bento\/#primaryimage"},"thumbnailUrl":"https:\/\/www.notibras.com\/site\/wp-content\/uploads\/2026\/01\/816b51fd-dcb7-4b50-b1d6-3918998b03b9.jpg","datePublished":"2026-01-12T11:15:08+00:00","breadcrumb":{"@id":"https:\/\/www.notibras.com\/site\/como-usar-consciente-a-cruz-de-sao-bento\/#breadcrumb"},"inLanguage":"pt-BR","potentialAction":[{"@type":"ReadAction","target":["https:\/\/www.notibras.com\/site\/como-usar-consciente-a-cruz-de-sao-bento\/"]}]},{"@type":"ImageObject","inLanguage":"pt-BR","@id":"https:\/\/www.notibras.com\/site\/como-usar-consciente-a-cruz-de-sao-bento\/#primaryimage","url":"https:\/\/www.notibras.com\/site\/wp-content\/uploads\/2026\/01\/816b51fd-dcb7-4b50-b1d6-3918998b03b9.jpg","contentUrl":"https:\/\/www.notibras.com\/site\/wp-content\/uploads\/2026\/01\/816b51fd-dcb7-4b50-b1d6-3918998b03b9.jpg","width":766,"height":766},{"@type":"BreadcrumbList","@id":"https:\/\/www.notibras.com\/site\/como-usar-consciente-a-cruz-de-sao-bento\/#breadcrumb","itemListElement":[{"@type":"ListItem","position":1,"name":"In\u00edcio","item":"https:\/\/www.notibras.com\/site\/"},{"@type":"ListItem","position":2,"name":"Como usar, consciente, a Cruz de S\u00e3o Bento"}]},{"@type":"WebSite","@id":"https:\/\/www.notibras.com\/site\/#website","url":"https:\/\/www.notibras.com\/site\/","name":"Notibras","description":"Not\u00edcias de Bras\u00edlia, do Brasil e do Mundo","publisher":{"@id":"https:\/\/www.notibras.com\/site\/#organization"},"potentialAction":[{"@type":"SearchAction","target":{"@type":"EntryPoint","urlTemplate":"https:\/\/www.notibras.com\/site\/?s={search_term_string}"},"query-input":{"@type":"PropertyValueSpecification","valueRequired":true,"valueName":"search_term_string"}}],"inLanguage":"pt-BR"},{"@type":"Organization","@id":"https:\/\/www.notibras.com\/site\/#organization","name":"Grupo Notibras de Comunica\u00e7\u00e3o","url":"https:\/\/www.notibras.com\/site\/","logo":{"@type":"ImageObject","inLanguage":"pt-BR","@id":"https:\/\/www.notibras.com\/site\/#\/schema\/logo\/image\/","url":"https:\/\/www.notibras.com\/site\/wp-content\/uploads\/2023\/01\/notibras23.png","contentUrl":"https:\/\/www.notibras.com\/site\/wp-content\/uploads\/2023\/01\/notibras23.png","width":350,"height":87,"caption":"Grupo Notibras de Comunica\u00e7\u00e3o"},"image":{"@id":"https:\/\/www.notibras.com\/site\/#\/schema\/logo\/image\/"},"sameAs":["https:\/\/www.facebook.com\/notibras\/","https:\/\/x.com\/Notibras","https:\/\/www.instagram.com\/notibras\/"]},{"@type":"Person","@id":"https:\/\/www.notibras.com\/site\/#\/schema\/person\/36ab0979449956132d3e5b517ea76ac8","name":"Reda\u00e7\u00e3o","image":{"@type":"ImageObject","inLanguage":"pt-BR","@id":"https:\/\/secure.gravatar.com\/avatar\/e0a867bdedb85fd243eadf09663511f96fc81e0720a4a42581f334ad4303aa6b?s=96&d=mm&r=g","url":"https:\/\/secure.gravatar.com\/avatar\/e0a867bdedb85fd243eadf09663511f96fc81e0720a4a42581f334ad4303aa6b?s=96&d=mm&r=g","contentUrl":"https:\/\/secure.gravatar.com\/avatar\/e0a867bdedb85fd243eadf09663511f96fc81e0720a4a42581f334ad4303aa6b?s=96&d=mm&r=g","caption":"Reda\u00e7\u00e3o"}}]}},"amp_enabled":true,"_links":{"self":[{"href":"https:\/\/www.notibras.com\/site\/wp-json\/wp\/v2\/posts\/378696","targetHints":{"allow":["GET"]}}],"collection":[{"href":"https:\/\/www.notibras.com\/site\/wp-json\/wp\/v2\/posts"}],"about":[{"href":"https:\/\/www.notibras.com\/site\/wp-json\/wp\/v2\/types\/post"}],"author":[{"embeddable":true,"href":"https:\/\/www.notibras.com\/site\/wp-json\/wp\/v2\/users\/2"}],"replies":[{"embeddable":true,"href":"https:\/\/www.notibras.com\/site\/wp-json\/wp\/v2\/comments?post=378696"}],"version-history":[{"count":1,"href":"https:\/\/www.notibras.com\/site\/wp-json\/wp\/v2\/posts\/378696\/revisions"}],"predecessor-version":[{"id":378698,"href":"https:\/\/www.notibras.com\/site\/wp-json\/wp\/v2\/posts\/378696\/revisions\/378698"}],"wp:featuredmedia":[{"embeddable":true,"href":"https:\/\/www.notibras.com\/site\/wp-json\/wp\/v2\/media\/378697"}],"wp:attachment":[{"href":"https:\/\/www.notibras.com\/site\/wp-json\/wp\/v2\/media?parent=378696"}],"wp:term":[{"taxonomy":"category","embeddable":true,"href":"https:\/\/www.notibras.com\/site\/wp-json\/wp\/v2\/categories?post=378696"},{"taxonomy":"post_tag","embeddable":true,"href":"https:\/\/www.notibras.com\/site\/wp-json\/wp\/v2\/tags?post=378696"}],"curies":[{"name":"wp","href":"https:\/\/api.w.org\/{rel}","templated":true}]}}