{"id":378699,"date":"2026-01-12T00:00:13","date_gmt":"2026-01-12T03:00:13","guid":{"rendered":"https:\/\/www.notibras.com\/site\/?p=378699"},"modified":"2026-01-12T08:20:35","modified_gmt":"2026-01-12T11:20:35","slug":"inpe-confirma-reducao-de-desmatamento-na-maioria-dos-biomas","status":"publish","type":"post","link":"https:\/\/www.notibras.com\/site\/inpe-confirma-reducao-de-desmatamento-na-maioria-dos-biomas\/","title":{"rendered":"Inpe confirma redu\u00e7\u00e3o de desmatamento na maioria dos biomas"},"content":{"rendered":"<p>O Instituto Nacional de Pesquisas Espaciais (Inpe) consolidou os dados do sistema de Monitoramento Anual da Supress\u00e3o de Vegeta\u00e7\u00e3o Nativa (Prodes) do ano de 2024 para todos os biomas brasileiros. A an\u00e1lise sobre as imagens dos alertas divulgados anteriormente confirmou a redu\u00e7\u00e3o da supress\u00e3o de vegeta\u00e7\u00e3o natural na maioria dos biomas monitorados, em rela\u00e7\u00e3o a 2023.<\/p>\n<p>Os dados consolidados apontam que entre os anos de 2023 e 2024 houve redu\u00e7\u00e3o do desmatamento nos seguintes biomas:<\/p>\n<p>Amaz\u00f4nia: 28,09%<\/p>\n<p>\u00c1rea n\u00e3o florestal na Amaz\u00f4nia: 5,27%<\/p>\n<p>Cerrado: 25,76%<\/p>\n<p>Mata Atl\u00e2ntica: 37,89%<\/p>\n<p>Pampa: 20,08%<\/p>\n<p>Os biomas Caatinga e Pantanal foram os \u00fanicos que apresentaram crescimento em rela\u00e7\u00e3o \u00e0s \u00e1reas que sofreram supress\u00e3o da vegeta\u00e7\u00e3o nativa. Os aumentos foram de:<\/p>\n<p>Caatinga: 9,93%<\/p>\n<p>Pantanal: 16,5%<\/p>\n<p>De acordo com nota t\u00e9cnica divulgada pelo Inpe, somente \u00e9 considerada supress\u00e3o a remo\u00e7\u00e3o da cobertura da vegeta\u00e7\u00e3o nativa, independentemente das caracter\u00edsticas da vegeta\u00e7\u00e3o e da futura utiliza\u00e7\u00e3o da \u00e1rea. As an\u00e1lises s\u00e3o feitas a partir de imagens de sat\u00e9lites das \u00e1reas com supress\u00e3o, identificadas automaticamente e classificadas a partir dos \u00edndices de vegeta\u00e7\u00e3o. Depois passam por interpreta\u00e7\u00e3o visual.<\/p>\n<p>Na avalia\u00e7\u00e3o da vice-coordenadora do Programa do Inpe BiomasBR, Silvana Amaral, a queda no desmatamento na maioria dos biomas brasileiros entre 2023 e 2024 corrobora a efetividade e a import\u00e2ncia de pol\u00edticas p\u00fablicas de comando e controle, bem como de mecanismos regulat\u00f3rios como acordos e termos de conduta firmados entre sociedade civil e setores de com\u00e9rcio e exporta\u00e7\u00e3o de produtos agropecu\u00e1rios.<\/p>\n<p>A consolida\u00e7\u00e3o dos dados do Prodes serve para a an\u00e1lise de tend\u00eancias de m\u00e9dio e longo prazo do desmatamento no Brasil, de forma complementar aos resultados antecipados. S\u00e3o informa\u00e7\u00f5es que d\u00e3o subsidio \u00e0 constru\u00e7\u00e3o e implementa\u00e7\u00e3o de pol\u00edticas p\u00fablicas ambientais.<\/p>\n","protected":false},"excerpt":{"rendered":"<p>O Instituto Nacional de Pesquisas Espaciais (Inpe) consolidou os dados do sistema de Monitoramento Anual da Supress\u00e3o de Vegeta\u00e7\u00e3o Nativa (Prodes) do ano de 2024 para todos os biomas brasileiros. A an\u00e1lise sobre as imagens dos alertas divulgados anteriormente confirmou a redu\u00e7\u00e3o da supress\u00e3o de vegeta\u00e7\u00e3o natural na maioria dos biomas monitorados, em rela\u00e7\u00e3o a [&hellip;]<\/p>\n","protected":false},"author":2,"featured_media":378700,"comment_status":"closed","ping_status":"closed","sticky":false,"template":"","format":"standard","meta":{"_acf_changed":false,"footnotes":""},"categories":[16],"tags":[],"class_list":["post-378699","post","type-post","status-publish","format-standard","has-post-thumbnail","hentry","category-brasil"],"acf":[],"yoast_head":"<!-- This site is optimized with the Yoast SEO plugin v27.2 - https:\/\/yoast.com\/product\/yoast-seo-wordpress\/ -->\n<title>Inpe confirma redu\u00e7\u00e3o de desmatamento na maioria dos biomas - Notibras<\/title>\n<meta name=\"robots\" content=\"index, follow, max-snippet:-1, max-image-preview:large, max-video-preview:-1\" \/>\n<link rel=\"canonical\" href=\"https:\/\/www.notibras.com\/site\/inpe-confirma-reducao-de-desmatamento-na-maioria-dos-biomas\/\" \/>\n<meta property=\"og:locale\" content=\"pt_BR\" \/>\n<meta property=\"og:type\" content=\"article\" \/>\n<meta property=\"og:title\" content=\"Inpe confirma redu\u00e7\u00e3o de desmatamento na maioria dos biomas - Notibras\" \/>\n<meta property=\"og:description\" content=\"O Instituto Nacional de Pesquisas Espaciais (Inpe) consolidou os dados do sistema de Monitoramento Anual da Supress\u00e3o de Vegeta\u00e7\u00e3o Nativa (Prodes) do ano de 2024 para todos os biomas brasileiros. A an\u00e1lise sobre as imagens dos alertas divulgados anteriormente confirmou a redu\u00e7\u00e3o da supress\u00e3o de vegeta\u00e7\u00e3o natural na maioria dos biomas monitorados, em rela\u00e7\u00e3o a [&hellip;]\" \/>\n<meta property=\"og:url\" content=\"https:\/\/www.notibras.com\/site\/inpe-confirma-reducao-de-desmatamento-na-maioria-dos-biomas\/\" \/>\n<meta property=\"og:site_name\" content=\"Notibras\" \/>\n<meta property=\"article:publisher\" content=\"https:\/\/www.facebook.com\/notibras\/\" \/>\n<meta property=\"article:published_time\" content=\"2026-01-12T03:00:13+00:00\" \/>\n<meta property=\"article:modified_time\" content=\"2026-01-12T11:20:35+00:00\" \/>\n<meta property=\"og:image\" content=\"https:\/\/www.notibras.com\/site\/wp-content\/uploads\/2026\/01\/mata_atlantica02.webp\" \/>\n\t<meta property=\"og:image:width\" content=\"1170\" \/>\n\t<meta property=\"og:image:height\" content=\"700\" \/>\n\t<meta property=\"og:image:type\" content=\"image\/webp\" \/>\n<meta name=\"author\" content=\"Reda\u00e7\u00e3o\" \/>\n<meta name=\"twitter:card\" content=\"summary_large_image\" \/>\n<meta name=\"twitter:creator\" content=\"@Notibras\" \/>\n<meta name=\"twitter:site\" content=\"@Notibras\" \/>\n<meta name=\"twitter:label1\" content=\"Escrito por\" \/>\n\t<meta name=\"twitter:data1\" content=\"Reda\u00e7\u00e3o\" \/>\n\t<meta name=\"twitter:label2\" content=\"Est. tempo de leitura\" \/>\n\t<meta name=\"twitter:data2\" content=\"2 minutos\" \/>\n<script type=\"application\/ld+json\" class=\"yoast-schema-graph\">{\"@context\":\"https:\/\/schema.org\",\"@graph\":[{\"@type\":\"Article\",\"@id\":\"https:\/\/www.notibras.com\/site\/inpe-confirma-reducao-de-desmatamento-na-maioria-dos-biomas\/#article\",\"isPartOf\":{\"@id\":\"https:\/\/www.notibras.com\/site\/inpe-confirma-reducao-de-desmatamento-na-maioria-dos-biomas\/\"},\"author\":{\"name\":\"Reda\u00e7\u00e3o\",\"@id\":\"https:\/\/www.notibras.com\/site\/#\/schema\/person\/36ab0979449956132d3e5b517ea76ac8\"},\"headline\":\"Inpe confirma redu\u00e7\u00e3o de desmatamento na maioria dos biomas\",\"datePublished\":\"2026-01-12T03:00:13+00:00\",\"dateModified\":\"2026-01-12T11:20:35+00:00\",\"mainEntityOfPage\":{\"@id\":\"https:\/\/www.notibras.com\/site\/inpe-confirma-reducao-de-desmatamento-na-maioria-dos-biomas\/\"},\"wordCount\":321,\"publisher\":{\"@id\":\"https:\/\/www.notibras.com\/site\/#organization\"},\"image\":{\"@id\":\"https:\/\/www.notibras.com\/site\/inpe-confirma-reducao-de-desmatamento-na-maioria-dos-biomas\/#primaryimage\"},\"thumbnailUrl\":\"https:\/\/www.notibras.com\/site\/wp-content\/uploads\/2026\/01\/mata_atlantica02.webp\",\"articleSection\":[\"Brasil\"],\"inLanguage\":\"pt-BR\"},{\"@type\":\"WebPage\",\"@id\":\"https:\/\/www.notibras.com\/site\/inpe-confirma-reducao-de-desmatamento-na-maioria-dos-biomas\/\",\"url\":\"https:\/\/www.notibras.com\/site\/inpe-confirma-reducao-de-desmatamento-na-maioria-dos-biomas\/\",\"name\":\"Inpe confirma redu\u00e7\u00e3o de desmatamento na maioria dos biomas - Notibras\",\"isPartOf\":{\"@id\":\"https:\/\/www.notibras.com\/site\/#website\"},\"primaryImageOfPage\":{\"@id\":\"https:\/\/www.notibras.com\/site\/inpe-confirma-reducao-de-desmatamento-na-maioria-dos-biomas\/#primaryimage\"},\"image\":{\"@id\":\"https:\/\/www.notibras.com\/site\/inpe-confirma-reducao-de-desmatamento-na-maioria-dos-biomas\/#primaryimage\"},\"thumbnailUrl\":\"https:\/\/www.notibras.com\/site\/wp-content\/uploads\/2026\/01\/mata_atlantica02.webp\",\"datePublished\":\"2026-01-12T03:00:13+00:00\",\"dateModified\":\"2026-01-12T11:20:35+00:00\",\"breadcrumb\":{\"@id\":\"https:\/\/www.notibras.com\/site\/inpe-confirma-reducao-de-desmatamento-na-maioria-dos-biomas\/#breadcrumb\"},\"inLanguage\":\"pt-BR\",\"potentialAction\":[{\"@type\":\"ReadAction\",\"target\":[\"https:\/\/www.notibras.com\/site\/inpe-confirma-reducao-de-desmatamento-na-maioria-dos-biomas\/\"]}]},{\"@type\":\"ImageObject\",\"inLanguage\":\"pt-BR\",\"@id\":\"https:\/\/www.notibras.com\/site\/inpe-confirma-reducao-de-desmatamento-na-maioria-dos-biomas\/#primaryimage\",\"url\":\"https:\/\/www.notibras.com\/site\/wp-content\/uploads\/2026\/01\/mata_atlantica02.webp\",\"contentUrl\":\"https:\/\/www.notibras.com\/site\/wp-content\/uploads\/2026\/01\/mata_atlantica02.webp\",\"width\":1170,\"height\":700},{\"@type\":\"BreadcrumbList\",\"@id\":\"https:\/\/www.notibras.com\/site\/inpe-confirma-reducao-de-desmatamento-na-maioria-dos-biomas\/#breadcrumb\",\"itemListElement\":[{\"@type\":\"ListItem\",\"position\":1,\"name\":\"In\u00edcio\",\"item\":\"https:\/\/www.notibras.com\/site\/\"},{\"@type\":\"ListItem\",\"position\":2,\"name\":\"Inpe confirma redu\u00e7\u00e3o de desmatamento na maioria dos biomas\"}]},{\"@type\":\"WebSite\",\"@id\":\"https:\/\/www.notibras.com\/site\/#website\",\"url\":\"https:\/\/www.notibras.com\/site\/\",\"name\":\"Notibras\",\"description\":\"Not\u00edcias de Bras\u00edlia, do Brasil e do Mundo\",\"publisher\":{\"@id\":\"https:\/\/www.notibras.com\/site\/#organization\"},\"potentialAction\":[{\"@type\":\"SearchAction\",\"target\":{\"@type\":\"EntryPoint\",\"urlTemplate\":\"https:\/\/www.notibras.com\/site\/?s={search_term_string}\"},\"query-input\":{\"@type\":\"PropertyValueSpecification\",\"valueRequired\":true,\"valueName\":\"search_term_string\"}}],\"inLanguage\":\"pt-BR\"},{\"@type\":\"Organization\",\"@id\":\"https:\/\/www.notibras.com\/site\/#organization\",\"name\":\"Grupo Notibras de Comunica\u00e7\u00e3o\",\"url\":\"https:\/\/www.notibras.com\/site\/\",\"logo\":{\"@type\":\"ImageObject\",\"inLanguage\":\"pt-BR\",\"@id\":\"https:\/\/www.notibras.com\/site\/#\/schema\/logo\/image\/\",\"url\":\"https:\/\/www.notibras.com\/site\/wp-content\/uploads\/2023\/01\/notibras23.png\",\"contentUrl\":\"https:\/\/www.notibras.com\/site\/wp-content\/uploads\/2023\/01\/notibras23.png\",\"width\":350,\"height\":87,\"caption\":\"Grupo Notibras de Comunica\u00e7\u00e3o\"},\"image\":{\"@id\":\"https:\/\/www.notibras.com\/site\/#\/schema\/logo\/image\/\"},\"sameAs\":[\"https:\/\/www.facebook.com\/notibras\/\",\"https:\/\/x.com\/Notibras\",\"https:\/\/www.instagram.com\/notibras\/\"]},{\"@type\":\"Person\",\"@id\":\"https:\/\/www.notibras.com\/site\/#\/schema\/person\/36ab0979449956132d3e5b517ea76ac8\",\"name\":\"Reda\u00e7\u00e3o\",\"image\":{\"@type\":\"ImageObject\",\"inLanguage\":\"pt-BR\",\"@id\":\"https:\/\/secure.gravatar.com\/avatar\/e0a867bdedb85fd243eadf09663511f96fc81e0720a4a42581f334ad4303aa6b?s=96&d=mm&r=g\",\"url\":\"https:\/\/secure.gravatar.com\/avatar\/e0a867bdedb85fd243eadf09663511f96fc81e0720a4a42581f334ad4303aa6b?s=96&d=mm&r=g\",\"contentUrl\":\"https:\/\/secure.gravatar.com\/avatar\/e0a867bdedb85fd243eadf09663511f96fc81e0720a4a42581f334ad4303aa6b?s=96&d=mm&r=g\",\"caption\":\"Reda\u00e7\u00e3o\"}}]}<\/script>\n<!-- \/ Yoast SEO plugin. -->","yoast_head_json":{"title":"Inpe confirma redu\u00e7\u00e3o de desmatamento na maioria dos biomas - Notibras","robots":{"index":"index","follow":"follow","max-snippet":"max-snippet:-1","max-image-preview":"max-image-preview:large","max-video-preview":"max-video-preview:-1"},"canonical":"https:\/\/www.notibras.com\/site\/inpe-confirma-reducao-de-desmatamento-na-maioria-dos-biomas\/","og_locale":"pt_BR","og_type":"article","og_title":"Inpe confirma redu\u00e7\u00e3o de desmatamento na maioria dos biomas - Notibras","og_description":"O Instituto Nacional de Pesquisas Espaciais (Inpe) consolidou os dados do sistema de Monitoramento Anual da Supress\u00e3o de Vegeta\u00e7\u00e3o Nativa (Prodes) do ano de 2024 para todos os biomas brasileiros. A an\u00e1lise sobre as imagens dos alertas divulgados anteriormente confirmou a redu\u00e7\u00e3o da supress\u00e3o de vegeta\u00e7\u00e3o natural na maioria dos biomas monitorados, em rela\u00e7\u00e3o a [&hellip;]","og_url":"https:\/\/www.notibras.com\/site\/inpe-confirma-reducao-de-desmatamento-na-maioria-dos-biomas\/","og_site_name":"Notibras","article_publisher":"https:\/\/www.facebook.com\/notibras\/","article_published_time":"2026-01-12T03:00:13+00:00","article_modified_time":"2026-01-12T11:20:35+00:00","og_image":[{"width":1170,"height":700,"url":"https:\/\/www.notibras.com\/site\/wp-content\/uploads\/2026\/01\/mata_atlantica02.webp","type":"image\/webp"}],"author":"Reda\u00e7\u00e3o","twitter_card":"summary_large_image","twitter_creator":"@Notibras","twitter_site":"@Notibras","twitter_misc":{"Escrito por":"Reda\u00e7\u00e3o","Est. tempo de leitura":"2 minutos"},"schema":{"@context":"https:\/\/schema.org","@graph":[{"@type":"Article","@id":"https:\/\/www.notibras.com\/site\/inpe-confirma-reducao-de-desmatamento-na-maioria-dos-biomas\/#article","isPartOf":{"@id":"https:\/\/www.notibras.com\/site\/inpe-confirma-reducao-de-desmatamento-na-maioria-dos-biomas\/"},"author":{"name":"Reda\u00e7\u00e3o","@id":"https:\/\/www.notibras.com\/site\/#\/schema\/person\/36ab0979449956132d3e5b517ea76ac8"},"headline":"Inpe confirma redu\u00e7\u00e3o de desmatamento na maioria dos biomas","datePublished":"2026-01-12T03:00:13+00:00","dateModified":"2026-01-12T11:20:35+00:00","mainEntityOfPage":{"@id":"https:\/\/www.notibras.com\/site\/inpe-confirma-reducao-de-desmatamento-na-maioria-dos-biomas\/"},"wordCount":321,"publisher":{"@id":"https:\/\/www.notibras.com\/site\/#organization"},"image":{"@id":"https:\/\/www.notibras.com\/site\/inpe-confirma-reducao-de-desmatamento-na-maioria-dos-biomas\/#primaryimage"},"thumbnailUrl":"https:\/\/www.notibras.com\/site\/wp-content\/uploads\/2026\/01\/mata_atlantica02.webp","articleSection":["Brasil"],"inLanguage":"pt-BR"},{"@type":"WebPage","@id":"https:\/\/www.notibras.com\/site\/inpe-confirma-reducao-de-desmatamento-na-maioria-dos-biomas\/","url":"https:\/\/www.notibras.com\/site\/inpe-confirma-reducao-de-desmatamento-na-maioria-dos-biomas\/","name":"Inpe confirma redu\u00e7\u00e3o de desmatamento na maioria dos biomas - Notibras","isPartOf":{"@id":"https:\/\/www.notibras.com\/site\/#website"},"primaryImageOfPage":{"@id":"https:\/\/www.notibras.com\/site\/inpe-confirma-reducao-de-desmatamento-na-maioria-dos-biomas\/#primaryimage"},"image":{"@id":"https:\/\/www.notibras.com\/site\/inpe-confirma-reducao-de-desmatamento-na-maioria-dos-biomas\/#primaryimage"},"thumbnailUrl":"https:\/\/www.notibras.com\/site\/wp-content\/uploads\/2026\/01\/mata_atlantica02.webp","datePublished":"2026-01-12T03:00:13+00:00","dateModified":"2026-01-12T11:20:35+00:00","breadcrumb":{"@id":"https:\/\/www.notibras.com\/site\/inpe-confirma-reducao-de-desmatamento-na-maioria-dos-biomas\/#breadcrumb"},"inLanguage":"pt-BR","potentialAction":[{"@type":"ReadAction","target":["https:\/\/www.notibras.com\/site\/inpe-confirma-reducao-de-desmatamento-na-maioria-dos-biomas\/"]}]},{"@type":"ImageObject","inLanguage":"pt-BR","@id":"https:\/\/www.notibras.com\/site\/inpe-confirma-reducao-de-desmatamento-na-maioria-dos-biomas\/#primaryimage","url":"https:\/\/www.notibras.com\/site\/wp-content\/uploads\/2026\/01\/mata_atlantica02.webp","contentUrl":"https:\/\/www.notibras.com\/site\/wp-content\/uploads\/2026\/01\/mata_atlantica02.webp","width":1170,"height":700},{"@type":"BreadcrumbList","@id":"https:\/\/www.notibras.com\/site\/inpe-confirma-reducao-de-desmatamento-na-maioria-dos-biomas\/#breadcrumb","itemListElement":[{"@type":"ListItem","position":1,"name":"In\u00edcio","item":"https:\/\/www.notibras.com\/site\/"},{"@type":"ListItem","position":2,"name":"Inpe confirma redu\u00e7\u00e3o de desmatamento na maioria dos biomas"}]},{"@type":"WebSite","@id":"https:\/\/www.notibras.com\/site\/#website","url":"https:\/\/www.notibras.com\/site\/","name":"Notibras","description":"Not\u00edcias de Bras\u00edlia, do Brasil e do Mundo","publisher":{"@id":"https:\/\/www.notibras.com\/site\/#organization"},"potentialAction":[{"@type":"SearchAction","target":{"@type":"EntryPoint","urlTemplate":"https:\/\/www.notibras.com\/site\/?s={search_term_string}"},"query-input":{"@type":"PropertyValueSpecification","valueRequired":true,"valueName":"search_term_string"}}],"inLanguage":"pt-BR"},{"@type":"Organization","@id":"https:\/\/www.notibras.com\/site\/#organization","name":"Grupo Notibras de Comunica\u00e7\u00e3o","url":"https:\/\/www.notibras.com\/site\/","logo":{"@type":"ImageObject","inLanguage":"pt-BR","@id":"https:\/\/www.notibras.com\/site\/#\/schema\/logo\/image\/","url":"https:\/\/www.notibras.com\/site\/wp-content\/uploads\/2023\/01\/notibras23.png","contentUrl":"https:\/\/www.notibras.com\/site\/wp-content\/uploads\/2023\/01\/notibras23.png","width":350,"height":87,"caption":"Grupo Notibras de Comunica\u00e7\u00e3o"},"image":{"@id":"https:\/\/www.notibras.com\/site\/#\/schema\/logo\/image\/"},"sameAs":["https:\/\/www.facebook.com\/notibras\/","https:\/\/x.com\/Notibras","https:\/\/www.instagram.com\/notibras\/"]},{"@type":"Person","@id":"https:\/\/www.notibras.com\/site\/#\/schema\/person\/36ab0979449956132d3e5b517ea76ac8","name":"Reda\u00e7\u00e3o","image":{"@type":"ImageObject","inLanguage":"pt-BR","@id":"https:\/\/secure.gravatar.com\/avatar\/e0a867bdedb85fd243eadf09663511f96fc81e0720a4a42581f334ad4303aa6b?s=96&d=mm&r=g","url":"https:\/\/secure.gravatar.com\/avatar\/e0a867bdedb85fd243eadf09663511f96fc81e0720a4a42581f334ad4303aa6b?s=96&d=mm&r=g","contentUrl":"https:\/\/secure.gravatar.com\/avatar\/e0a867bdedb85fd243eadf09663511f96fc81e0720a4a42581f334ad4303aa6b?s=96&d=mm&r=g","caption":"Reda\u00e7\u00e3o"}}]}},"amp_enabled":true,"_links":{"self":[{"href":"https:\/\/www.notibras.com\/site\/wp-json\/wp\/v2\/posts\/378699","targetHints":{"allow":["GET"]}}],"collection":[{"href":"https:\/\/www.notibras.com\/site\/wp-json\/wp\/v2\/posts"}],"about":[{"href":"https:\/\/www.notibras.com\/site\/wp-json\/wp\/v2\/types\/post"}],"author":[{"embeddable":true,"href":"https:\/\/www.notibras.com\/site\/wp-json\/wp\/v2\/users\/2"}],"replies":[{"embeddable":true,"href":"https:\/\/www.notibras.com\/site\/wp-json\/wp\/v2\/comments?post=378699"}],"version-history":[{"count":1,"href":"https:\/\/www.notibras.com\/site\/wp-json\/wp\/v2\/posts\/378699\/revisions"}],"predecessor-version":[{"id":378701,"href":"https:\/\/www.notibras.com\/site\/wp-json\/wp\/v2\/posts\/378699\/revisions\/378701"}],"wp:featuredmedia":[{"embeddable":true,"href":"https:\/\/www.notibras.com\/site\/wp-json\/wp\/v2\/media\/378700"}],"wp:attachment":[{"href":"https:\/\/www.notibras.com\/site\/wp-json\/wp\/v2\/media?parent=378699"}],"wp:term":[{"taxonomy":"category","embeddable":true,"href":"https:\/\/www.notibras.com\/site\/wp-json\/wp\/v2\/categories?post=378699"},{"taxonomy":"post_tag","embeddable":true,"href":"https:\/\/www.notibras.com\/site\/wp-json\/wp\/v2\/tags?post=378699"}],"curies":[{"name":"wp","href":"https:\/\/api.w.org\/{rel}","templated":true}]}}