{"id":378702,"date":"2026-01-12T00:00:21","date_gmt":"2026-01-12T03:00:21","guid":{"rendered":"https:\/\/www.notibras.com\/site\/?p=378702"},"modified":"2026-01-12T08:25:50","modified_gmt":"2026-01-12T11:25:50","slug":"acordo-mercosul-ue-esta-alinhado-a-objetivos-ambientais","status":"publish","type":"post","link":"https:\/\/www.notibras.com\/site\/acordo-mercosul-ue-esta-alinhado-a-objetivos-ambientais\/","title":{"rendered":"Acordo Mercosul-UE est\u00e1 alinhado a objetivos ambientais"},"content":{"rendered":"<p>A ministra do Meio Ambiente e Mudan\u00e7a do Clima, Marina Silva, comemorou a aprova\u00e7\u00e3o do acordo comercial entre Mercosul e Uni\u00e3o Europeia (UE) pela Comiss\u00e3o da UE e avaliou de forma positiva os termos celebrados entre os pa\u00edses que ir\u00e3o compor a maior zona de livre com\u00e9rcio do mundo.<\/p>\n<p>\u201cAs negocia\u00e7\u00f5es resultaram em um texto equilibrado e alinhado aos desafios ambientais, sociais e econ\u00f4micos contempor\u00e2neos\u201d, destaca nota oficial divulgada pelo minist\u00e9rio.<\/p>\n<p>Na avalia\u00e7\u00e3o da ministra, o texto do acordo est\u00e1 alinhado a agenda ambiental brasileira, capaz de promover o desenvolvimento ao mesmo tempo em que protege a natureza e enfrenta a mudan\u00e7a do clima.<\/p>\n<p>\u201cEm tr\u00eas anos, conseguimos reduzir o desmatamento na Amaz\u00f4nia em 50% e em 32,3% no Cerrado e, ao mesmo tempo, abrir mais de 500 novos mercados para o agroneg\u00f3cio do pa\u00eds\u201d, refor\u00e7a.<\/p>\n<p>Para Marina Silva, a condu\u00e7\u00e3o dessa agenda pelo governo brasileiro e os compromissos ambientais assumidos pelos pa\u00edses do Mercosul foram definitivos para que o conselho do bloco europeu finalizasse as negocia\u00e7\u00f5es de forma favor\u00e1vel. \u201cDepois de 25 anos, a aprova\u00e7\u00e3o deste acordo est\u00e1 ancorada na confian\u00e7a de que o governo do presidente Lula conduz uma agenda ambiental s\u00e9ria, consistente e comprometida com resultados\u201d, diz.<\/p>\n<p><strong>Destaques<\/strong><br \/>\nEntre os pontos fortes do acordo comercial destacados na nota do MMA est\u00e3o a reafirma\u00e7\u00e3o de compromissos pela sustentabilidade ambiental e clim\u00e1tica dos pa\u00edses envolvidos. A exemplo da ado\u00e7\u00e3o do princ\u00edpio das responsabilidades comuns, por\u00e9m diferenciadas e do refor\u00e7o \u00e0 soberania na defini\u00e7\u00e3o dos padr\u00f5es ambientais de cada pa\u00eds.<\/p>\n<p>O documento tamb\u00e9m avan\u00e7a ao considerar instrumentos financeiros das agendas de clima e biodiversidade, como a possibilidade de valora\u00e7\u00e3o dos servi\u00e7os prestados pela natureza e o financiamento ambiental.<\/p>\n<p>A promo\u00e7\u00e3o de produtos da bioeconomia e bens sustent\u00e1veis tamb\u00e9m entraram no acordo de com\u00e9rcio entre os blocos, que prev\u00ea ainda o fornecimento de informa\u00e7\u00f5es sobre desmatamento e o cumprimento da legisla\u00e7\u00e3o ambiental pelos pa\u00edses exportadores.<\/p>\n<p>As salvaguardas estabelecidas pelo texto, de acordo com o comunicado do MMA, previnem impactos ambientais negativos e asseguram que a amplia\u00e7\u00e3o do com\u00e9rcio contribua para a promo\u00e7\u00e3o da sustentabilidade.<\/p>\n","protected":false},"excerpt":{"rendered":"<p>A ministra do Meio Ambiente e Mudan\u00e7a do Clima, Marina Silva, comemorou a aprova\u00e7\u00e3o do acordo comercial entre Mercosul e Uni\u00e3o Europeia (UE) pela Comiss\u00e3o da UE e avaliou de forma positiva os termos celebrados entre os pa\u00edses que ir\u00e3o compor a maior zona de livre com\u00e9rcio do mundo. \u201cAs negocia\u00e7\u00f5es resultaram em um texto [&hellip;]<\/p>\n","protected":false},"author":2,"featured_media":378703,"comment_status":"closed","ping_status":"closed","sticky":false,"template":"","format":"standard","meta":{"_acf_changed":false,"footnotes":""},"categories":[16],"tags":[],"class_list":["post-378702","post","type-post","status-publish","format-standard","has-post-thumbnail","hentry","category-brasil"],"acf":[],"yoast_head":"<!-- This site is optimized with the Yoast SEO plugin v27.2 - https:\/\/yoast.com\/product\/yoast-seo-wordpress\/ -->\n<title>Acordo Mercosul-UE est\u00e1 alinhado a objetivos ambientais - Notibras<\/title>\n<meta name=\"robots\" content=\"index, follow, max-snippet:-1, max-image-preview:large, max-video-preview:-1\" \/>\n<link rel=\"canonical\" href=\"https:\/\/www.notibras.com\/site\/acordo-mercosul-ue-esta-alinhado-a-objetivos-ambientais\/\" \/>\n<meta property=\"og:locale\" content=\"pt_BR\" \/>\n<meta property=\"og:type\" content=\"article\" \/>\n<meta property=\"og:title\" content=\"Acordo Mercosul-UE est\u00e1 alinhado a objetivos ambientais - Notibras\" \/>\n<meta property=\"og:description\" content=\"A ministra do Meio Ambiente e Mudan\u00e7a do Clima, Marina Silva, comemorou a aprova\u00e7\u00e3o do acordo comercial entre Mercosul e Uni\u00e3o Europeia (UE) pela Comiss\u00e3o da UE e avaliou de forma positiva os termos celebrados entre os pa\u00edses que ir\u00e3o compor a maior zona de livre com\u00e9rcio do mundo. \u201cAs negocia\u00e7\u00f5es resultaram em um texto [&hellip;]\" \/>\n<meta property=\"og:url\" content=\"https:\/\/www.notibras.com\/site\/acordo-mercosul-ue-esta-alinhado-a-objetivos-ambientais\/\" \/>\n<meta property=\"og:site_name\" content=\"Notibras\" \/>\n<meta property=\"article:publisher\" content=\"https:\/\/www.facebook.com\/notibras\/\" \/>\n<meta property=\"article:published_time\" content=\"2026-01-12T03:00:21+00:00\" \/>\n<meta property=\"article:modified_time\" content=\"2026-01-12T11:25:50+00:00\" \/>\n<meta property=\"og:image\" content=\"https:\/\/www.notibras.com\/site\/wp-content\/uploads\/2026\/01\/1000002808.webp\" \/>\n\t<meta property=\"og:image:width\" content=\"1170\" \/>\n\t<meta property=\"og:image:height\" content=\"700\" \/>\n\t<meta property=\"og:image:type\" content=\"image\/webp\" \/>\n<meta name=\"author\" content=\"Reda\u00e7\u00e3o\" \/>\n<meta name=\"twitter:card\" content=\"summary_large_image\" \/>\n<meta name=\"twitter:creator\" content=\"@Notibras\" \/>\n<meta name=\"twitter:site\" content=\"@Notibras\" \/>\n<meta name=\"twitter:label1\" content=\"Escrito por\" \/>\n\t<meta name=\"twitter:data1\" content=\"Reda\u00e7\u00e3o\" \/>\n\t<meta name=\"twitter:label2\" content=\"Est. tempo de leitura\" \/>\n\t<meta name=\"twitter:data2\" content=\"3 minutos\" \/>\n<script type=\"application\/ld+json\" class=\"yoast-schema-graph\">{\"@context\":\"https:\/\/schema.org\",\"@graph\":[{\"@type\":\"Article\",\"@id\":\"https:\/\/www.notibras.com\/site\/acordo-mercosul-ue-esta-alinhado-a-objetivos-ambientais\/#article\",\"isPartOf\":{\"@id\":\"https:\/\/www.notibras.com\/site\/acordo-mercosul-ue-esta-alinhado-a-objetivos-ambientais\/\"},\"author\":{\"name\":\"Reda\u00e7\u00e3o\",\"@id\":\"https:\/\/www.notibras.com\/site\/#\/schema\/person\/36ab0979449956132d3e5b517ea76ac8\"},\"headline\":\"Acordo Mercosul-UE est\u00e1 alinhado a objetivos ambientais\",\"datePublished\":\"2026-01-12T03:00:21+00:00\",\"dateModified\":\"2026-01-12T11:25:50+00:00\",\"mainEntityOfPage\":{\"@id\":\"https:\/\/www.notibras.com\/site\/acordo-mercosul-ue-esta-alinhado-a-objetivos-ambientais\/\"},\"wordCount\":395,\"publisher\":{\"@id\":\"https:\/\/www.notibras.com\/site\/#organization\"},\"image\":{\"@id\":\"https:\/\/www.notibras.com\/site\/acordo-mercosul-ue-esta-alinhado-a-objetivos-ambientais\/#primaryimage\"},\"thumbnailUrl\":\"https:\/\/www.notibras.com\/site\/wp-content\/uploads\/2026\/01\/1000002808.webp\",\"articleSection\":[\"Brasil\"],\"inLanguage\":\"pt-BR\"},{\"@type\":\"WebPage\",\"@id\":\"https:\/\/www.notibras.com\/site\/acordo-mercosul-ue-esta-alinhado-a-objetivos-ambientais\/\",\"url\":\"https:\/\/www.notibras.com\/site\/acordo-mercosul-ue-esta-alinhado-a-objetivos-ambientais\/\",\"name\":\"Acordo Mercosul-UE est\u00e1 alinhado a objetivos ambientais - Notibras\",\"isPartOf\":{\"@id\":\"https:\/\/www.notibras.com\/site\/#website\"},\"primaryImageOfPage\":{\"@id\":\"https:\/\/www.notibras.com\/site\/acordo-mercosul-ue-esta-alinhado-a-objetivos-ambientais\/#primaryimage\"},\"image\":{\"@id\":\"https:\/\/www.notibras.com\/site\/acordo-mercosul-ue-esta-alinhado-a-objetivos-ambientais\/#primaryimage\"},\"thumbnailUrl\":\"https:\/\/www.notibras.com\/site\/wp-content\/uploads\/2026\/01\/1000002808.webp\",\"datePublished\":\"2026-01-12T03:00:21+00:00\",\"dateModified\":\"2026-01-12T11:25:50+00:00\",\"breadcrumb\":{\"@id\":\"https:\/\/www.notibras.com\/site\/acordo-mercosul-ue-esta-alinhado-a-objetivos-ambientais\/#breadcrumb\"},\"inLanguage\":\"pt-BR\",\"potentialAction\":[{\"@type\":\"ReadAction\",\"target\":[\"https:\/\/www.notibras.com\/site\/acordo-mercosul-ue-esta-alinhado-a-objetivos-ambientais\/\"]}]},{\"@type\":\"ImageObject\",\"inLanguage\":\"pt-BR\",\"@id\":\"https:\/\/www.notibras.com\/site\/acordo-mercosul-ue-esta-alinhado-a-objetivos-ambientais\/#primaryimage\",\"url\":\"https:\/\/www.notibras.com\/site\/wp-content\/uploads\/2026\/01\/1000002808.webp\",\"contentUrl\":\"https:\/\/www.notibras.com\/site\/wp-content\/uploads\/2026\/01\/1000002808.webp\",\"width\":1170,\"height\":700},{\"@type\":\"BreadcrumbList\",\"@id\":\"https:\/\/www.notibras.com\/site\/acordo-mercosul-ue-esta-alinhado-a-objetivos-ambientais\/#breadcrumb\",\"itemListElement\":[{\"@type\":\"ListItem\",\"position\":1,\"name\":\"In\u00edcio\",\"item\":\"https:\/\/www.notibras.com\/site\/\"},{\"@type\":\"ListItem\",\"position\":2,\"name\":\"Acordo Mercosul-UE est\u00e1 alinhado a objetivos ambientais\"}]},{\"@type\":\"WebSite\",\"@id\":\"https:\/\/www.notibras.com\/site\/#website\",\"url\":\"https:\/\/www.notibras.com\/site\/\",\"name\":\"Notibras\",\"description\":\"Not\u00edcias de Bras\u00edlia, do Brasil e do Mundo\",\"publisher\":{\"@id\":\"https:\/\/www.notibras.com\/site\/#organization\"},\"potentialAction\":[{\"@type\":\"SearchAction\",\"target\":{\"@type\":\"EntryPoint\",\"urlTemplate\":\"https:\/\/www.notibras.com\/site\/?s={search_term_string}\"},\"query-input\":{\"@type\":\"PropertyValueSpecification\",\"valueRequired\":true,\"valueName\":\"search_term_string\"}}],\"inLanguage\":\"pt-BR\"},{\"@type\":\"Organization\",\"@id\":\"https:\/\/www.notibras.com\/site\/#organization\",\"name\":\"Grupo Notibras de Comunica\u00e7\u00e3o\",\"url\":\"https:\/\/www.notibras.com\/site\/\",\"logo\":{\"@type\":\"ImageObject\",\"inLanguage\":\"pt-BR\",\"@id\":\"https:\/\/www.notibras.com\/site\/#\/schema\/logo\/image\/\",\"url\":\"https:\/\/www.notibras.com\/site\/wp-content\/uploads\/2023\/01\/notibras23.png\",\"contentUrl\":\"https:\/\/www.notibras.com\/site\/wp-content\/uploads\/2023\/01\/notibras23.png\",\"width\":350,\"height\":87,\"caption\":\"Grupo Notibras de Comunica\u00e7\u00e3o\"},\"image\":{\"@id\":\"https:\/\/www.notibras.com\/site\/#\/schema\/logo\/image\/\"},\"sameAs\":[\"https:\/\/www.facebook.com\/notibras\/\",\"https:\/\/x.com\/Notibras\",\"https:\/\/www.instagram.com\/notibras\/\"]},{\"@type\":\"Person\",\"@id\":\"https:\/\/www.notibras.com\/site\/#\/schema\/person\/36ab0979449956132d3e5b517ea76ac8\",\"name\":\"Reda\u00e7\u00e3o\",\"image\":{\"@type\":\"ImageObject\",\"inLanguage\":\"pt-BR\",\"@id\":\"https:\/\/secure.gravatar.com\/avatar\/e0a867bdedb85fd243eadf09663511f96fc81e0720a4a42581f334ad4303aa6b?s=96&d=mm&r=g\",\"url\":\"https:\/\/secure.gravatar.com\/avatar\/e0a867bdedb85fd243eadf09663511f96fc81e0720a4a42581f334ad4303aa6b?s=96&d=mm&r=g\",\"contentUrl\":\"https:\/\/secure.gravatar.com\/avatar\/e0a867bdedb85fd243eadf09663511f96fc81e0720a4a42581f334ad4303aa6b?s=96&d=mm&r=g\",\"caption\":\"Reda\u00e7\u00e3o\"}}]}<\/script>\n<!-- \/ Yoast SEO plugin. -->","yoast_head_json":{"title":"Acordo Mercosul-UE est\u00e1 alinhado a objetivos ambientais - Notibras","robots":{"index":"index","follow":"follow","max-snippet":"max-snippet:-1","max-image-preview":"max-image-preview:large","max-video-preview":"max-video-preview:-1"},"canonical":"https:\/\/www.notibras.com\/site\/acordo-mercosul-ue-esta-alinhado-a-objetivos-ambientais\/","og_locale":"pt_BR","og_type":"article","og_title":"Acordo Mercosul-UE est\u00e1 alinhado a objetivos ambientais - Notibras","og_description":"A ministra do Meio Ambiente e Mudan\u00e7a do Clima, Marina Silva, comemorou a aprova\u00e7\u00e3o do acordo comercial entre Mercosul e Uni\u00e3o Europeia (UE) pela Comiss\u00e3o da UE e avaliou de forma positiva os termos celebrados entre os pa\u00edses que ir\u00e3o compor a maior zona de livre com\u00e9rcio do mundo. \u201cAs negocia\u00e7\u00f5es resultaram em um texto [&hellip;]","og_url":"https:\/\/www.notibras.com\/site\/acordo-mercosul-ue-esta-alinhado-a-objetivos-ambientais\/","og_site_name":"Notibras","article_publisher":"https:\/\/www.facebook.com\/notibras\/","article_published_time":"2026-01-12T03:00:21+00:00","article_modified_time":"2026-01-12T11:25:50+00:00","og_image":[{"width":1170,"height":700,"url":"https:\/\/www.notibras.com\/site\/wp-content\/uploads\/2026\/01\/1000002808.webp","type":"image\/webp"}],"author":"Reda\u00e7\u00e3o","twitter_card":"summary_large_image","twitter_creator":"@Notibras","twitter_site":"@Notibras","twitter_misc":{"Escrito por":"Reda\u00e7\u00e3o","Est. tempo de leitura":"3 minutos"},"schema":{"@context":"https:\/\/schema.org","@graph":[{"@type":"Article","@id":"https:\/\/www.notibras.com\/site\/acordo-mercosul-ue-esta-alinhado-a-objetivos-ambientais\/#article","isPartOf":{"@id":"https:\/\/www.notibras.com\/site\/acordo-mercosul-ue-esta-alinhado-a-objetivos-ambientais\/"},"author":{"name":"Reda\u00e7\u00e3o","@id":"https:\/\/www.notibras.com\/site\/#\/schema\/person\/36ab0979449956132d3e5b517ea76ac8"},"headline":"Acordo Mercosul-UE est\u00e1 alinhado a objetivos ambientais","datePublished":"2026-01-12T03:00:21+00:00","dateModified":"2026-01-12T11:25:50+00:00","mainEntityOfPage":{"@id":"https:\/\/www.notibras.com\/site\/acordo-mercosul-ue-esta-alinhado-a-objetivos-ambientais\/"},"wordCount":395,"publisher":{"@id":"https:\/\/www.notibras.com\/site\/#organization"},"image":{"@id":"https:\/\/www.notibras.com\/site\/acordo-mercosul-ue-esta-alinhado-a-objetivos-ambientais\/#primaryimage"},"thumbnailUrl":"https:\/\/www.notibras.com\/site\/wp-content\/uploads\/2026\/01\/1000002808.webp","articleSection":["Brasil"],"inLanguage":"pt-BR"},{"@type":"WebPage","@id":"https:\/\/www.notibras.com\/site\/acordo-mercosul-ue-esta-alinhado-a-objetivos-ambientais\/","url":"https:\/\/www.notibras.com\/site\/acordo-mercosul-ue-esta-alinhado-a-objetivos-ambientais\/","name":"Acordo Mercosul-UE est\u00e1 alinhado a objetivos ambientais - Notibras","isPartOf":{"@id":"https:\/\/www.notibras.com\/site\/#website"},"primaryImageOfPage":{"@id":"https:\/\/www.notibras.com\/site\/acordo-mercosul-ue-esta-alinhado-a-objetivos-ambientais\/#primaryimage"},"image":{"@id":"https:\/\/www.notibras.com\/site\/acordo-mercosul-ue-esta-alinhado-a-objetivos-ambientais\/#primaryimage"},"thumbnailUrl":"https:\/\/www.notibras.com\/site\/wp-content\/uploads\/2026\/01\/1000002808.webp","datePublished":"2026-01-12T03:00:21+00:00","dateModified":"2026-01-12T11:25:50+00:00","breadcrumb":{"@id":"https:\/\/www.notibras.com\/site\/acordo-mercosul-ue-esta-alinhado-a-objetivos-ambientais\/#breadcrumb"},"inLanguage":"pt-BR","potentialAction":[{"@type":"ReadAction","target":["https:\/\/www.notibras.com\/site\/acordo-mercosul-ue-esta-alinhado-a-objetivos-ambientais\/"]}]},{"@type":"ImageObject","inLanguage":"pt-BR","@id":"https:\/\/www.notibras.com\/site\/acordo-mercosul-ue-esta-alinhado-a-objetivos-ambientais\/#primaryimage","url":"https:\/\/www.notibras.com\/site\/wp-content\/uploads\/2026\/01\/1000002808.webp","contentUrl":"https:\/\/www.notibras.com\/site\/wp-content\/uploads\/2026\/01\/1000002808.webp","width":1170,"height":700},{"@type":"BreadcrumbList","@id":"https:\/\/www.notibras.com\/site\/acordo-mercosul-ue-esta-alinhado-a-objetivos-ambientais\/#breadcrumb","itemListElement":[{"@type":"ListItem","position":1,"name":"In\u00edcio","item":"https:\/\/www.notibras.com\/site\/"},{"@type":"ListItem","position":2,"name":"Acordo Mercosul-UE est\u00e1 alinhado a objetivos ambientais"}]},{"@type":"WebSite","@id":"https:\/\/www.notibras.com\/site\/#website","url":"https:\/\/www.notibras.com\/site\/","name":"Notibras","description":"Not\u00edcias de Bras\u00edlia, do Brasil e do Mundo","publisher":{"@id":"https:\/\/www.notibras.com\/site\/#organization"},"potentialAction":[{"@type":"SearchAction","target":{"@type":"EntryPoint","urlTemplate":"https:\/\/www.notibras.com\/site\/?s={search_term_string}"},"query-input":{"@type":"PropertyValueSpecification","valueRequired":true,"valueName":"search_term_string"}}],"inLanguage":"pt-BR"},{"@type":"Organization","@id":"https:\/\/www.notibras.com\/site\/#organization","name":"Grupo Notibras de Comunica\u00e7\u00e3o","url":"https:\/\/www.notibras.com\/site\/","logo":{"@type":"ImageObject","inLanguage":"pt-BR","@id":"https:\/\/www.notibras.com\/site\/#\/schema\/logo\/image\/","url":"https:\/\/www.notibras.com\/site\/wp-content\/uploads\/2023\/01\/notibras23.png","contentUrl":"https:\/\/www.notibras.com\/site\/wp-content\/uploads\/2023\/01\/notibras23.png","width":350,"height":87,"caption":"Grupo Notibras de Comunica\u00e7\u00e3o"},"image":{"@id":"https:\/\/www.notibras.com\/site\/#\/schema\/logo\/image\/"},"sameAs":["https:\/\/www.facebook.com\/notibras\/","https:\/\/x.com\/Notibras","https:\/\/www.instagram.com\/notibras\/"]},{"@type":"Person","@id":"https:\/\/www.notibras.com\/site\/#\/schema\/person\/36ab0979449956132d3e5b517ea76ac8","name":"Reda\u00e7\u00e3o","image":{"@type":"ImageObject","inLanguage":"pt-BR","@id":"https:\/\/secure.gravatar.com\/avatar\/e0a867bdedb85fd243eadf09663511f96fc81e0720a4a42581f334ad4303aa6b?s=96&d=mm&r=g","url":"https:\/\/secure.gravatar.com\/avatar\/e0a867bdedb85fd243eadf09663511f96fc81e0720a4a42581f334ad4303aa6b?s=96&d=mm&r=g","contentUrl":"https:\/\/secure.gravatar.com\/avatar\/e0a867bdedb85fd243eadf09663511f96fc81e0720a4a42581f334ad4303aa6b?s=96&d=mm&r=g","caption":"Reda\u00e7\u00e3o"}}]}},"amp_enabled":true,"_links":{"self":[{"href":"https:\/\/www.notibras.com\/site\/wp-json\/wp\/v2\/posts\/378702","targetHints":{"allow":["GET"]}}],"collection":[{"href":"https:\/\/www.notibras.com\/site\/wp-json\/wp\/v2\/posts"}],"about":[{"href":"https:\/\/www.notibras.com\/site\/wp-json\/wp\/v2\/types\/post"}],"author":[{"embeddable":true,"href":"https:\/\/www.notibras.com\/site\/wp-json\/wp\/v2\/users\/2"}],"replies":[{"embeddable":true,"href":"https:\/\/www.notibras.com\/site\/wp-json\/wp\/v2\/comments?post=378702"}],"version-history":[{"count":1,"href":"https:\/\/www.notibras.com\/site\/wp-json\/wp\/v2\/posts\/378702\/revisions"}],"predecessor-version":[{"id":378704,"href":"https:\/\/www.notibras.com\/site\/wp-json\/wp\/v2\/posts\/378702\/revisions\/378704"}],"wp:featuredmedia":[{"embeddable":true,"href":"https:\/\/www.notibras.com\/site\/wp-json\/wp\/v2\/media\/378703"}],"wp:attachment":[{"href":"https:\/\/www.notibras.com\/site\/wp-json\/wp\/v2\/media?parent=378702"}],"wp:term":[{"taxonomy":"category","embeddable":true,"href":"https:\/\/www.notibras.com\/site\/wp-json\/wp\/v2\/categories?post=378702"},{"taxonomy":"post_tag","embeddable":true,"href":"https:\/\/www.notibras.com\/site\/wp-json\/wp\/v2\/tags?post=378702"}],"curies":[{"name":"wp","href":"https:\/\/api.w.org\/{rel}","templated":true}]}}