{"id":378705,"date":"2026-01-12T08:32:02","date_gmt":"2026-01-12T11:32:02","guid":{"rendered":"https:\/\/www.notibras.com\/site\/?p=378705"},"modified":"2026-01-12T08:32:02","modified_gmt":"2026-01-12T11:32:02","slug":"pequim-manda-trump-cuidar-de-si-e-deixar-ambicao-sobre-artico-de-lado","status":"publish","type":"post","link":"https:\/\/www.notibras.com\/site\/pequim-manda-trump-cuidar-de-si-e-deixar-ambicao-sobre-artico-de-lado\/","title":{"rendered":"Pequim manda Trump cuidar de si e deixar ambi\u00e7\u00e3o sobre \u00c1rtico de lado"},"content":{"rendered":"<p>Pequim n\u00e3o concorda com os Estados Unidos usando a R\u00fassia ou a China como desculpa para promover seus interesses no \u00c1rtico, disse nesta segunda-feira a porta-voz do Minist\u00e9rio das Rela\u00e7\u00f5es Exteriores da China, Mao Ning.<\/p>\n<p>&#8220;N\u00e3o concordamos que os Estados Unidos usem a China ou a R\u00fassia como desculpa para promover seus pr\u00f3prios interesses&#8221;, disse Mao aos rep\u00f3rteres.<\/p>\n<p>O \u00c1rtico afeta os interesses comuns da comunidade internacional, e as atividades da China no \u00c1rtico contribuem para o fortalecimento da paz, da estabilidade e do desenvolvimento sustent\u00e1vel na regi\u00e3o, al\u00e9m de estarem em conformidade com o direito internacional, afirmou a porta-voz.<\/p>\n<p>No domingo, o ministro das Rela\u00e7\u00f5es Exteriores da Alemanha, Johann Wadephul, ofereceu ao presidente dos EUA, Donald Trump, uma colabora\u00e7\u00e3o no \u00e2mbito da OTAN para combater as &#8220;amea\u00e7as&#8221; da R\u00fassia e da China no \u00c1rtico.<\/p>\n<p>No s\u00e1bado, a m\u00eddia noticiou que Trump havia ordenado aos comandantes das for\u00e7as especiais americanas que elaborassem um plano para uma invas\u00e3o da Groenl\u00e2ndia . Trump declarou \u00e0 revista The Atlantic na semana passada que os EUA &#8220;absolutamente&#8221; precisavam da Groenl\u00e2ndia, alegando que a ilha estava &#8220;cercada por navios russos e chineses&#8221;. A primeira-ministra dinamarquesa, Mette Frederiksen, pediu a Trump que parasse de amea\u00e7ar a Groenl\u00e2ndia , uma regi\u00e3o aut\u00f4noma da Dinamarca, com a anexa\u00e7\u00e3o.<\/p>\n","protected":false},"excerpt":{"rendered":"<p>Pequim n\u00e3o concorda com os Estados Unidos usando a R\u00fassia ou a China como desculpa para promover seus interesses no \u00c1rtico, disse nesta segunda-feira a porta-voz do Minist\u00e9rio das Rela\u00e7\u00f5es Exteriores da China, Mao Ning. &#8220;N\u00e3o concordamos que os Estados Unidos usem a China ou a R\u00fassia como desculpa para promover seus pr\u00f3prios interesses&#8221;, disse [&hellip;]<\/p>\n","protected":false},"author":2,"featured_media":378706,"comment_status":"closed","ping_status":"closed","sticky":false,"template":"","format":"standard","meta":{"_acf_changed":false,"footnotes":""},"categories":[159],"tags":[],"class_list":["post-378705","post","type-post","status-publish","format-standard","has-post-thumbnail","hentry","category-apocalipse"],"acf":[],"yoast_head":"<!-- This site is optimized with the Yoast SEO plugin v27.2 - https:\/\/yoast.com\/product\/yoast-seo-wordpress\/ -->\n<title>Pequim manda Trump cuidar de si e deixar ambi\u00e7\u00e3o sobre \u00c1rtico de lado - Notibras<\/title>\n<meta name=\"robots\" content=\"index, follow, max-snippet:-1, max-image-preview:large, max-video-preview:-1\" \/>\n<link rel=\"canonical\" href=\"https:\/\/www.notibras.com\/site\/pequim-manda-trump-cuidar-de-si-e-deixar-ambicao-sobre-artico-de-lado\/\" \/>\n<meta property=\"og:locale\" content=\"pt_BR\" \/>\n<meta property=\"og:type\" content=\"article\" \/>\n<meta property=\"og:title\" content=\"Pequim manda Trump cuidar de si e deixar ambi\u00e7\u00e3o sobre \u00c1rtico de lado - Notibras\" \/>\n<meta property=\"og:description\" content=\"Pequim n\u00e3o concorda com os Estados Unidos usando a R\u00fassia ou a China como desculpa para promover seus interesses no \u00c1rtico, disse nesta segunda-feira a porta-voz do Minist\u00e9rio das Rela\u00e7\u00f5es Exteriores da China, Mao Ning. &#8220;N\u00e3o concordamos que os Estados Unidos usem a China ou a R\u00fassia como desculpa para promover seus pr\u00f3prios interesses&#8221;, disse [&hellip;]\" \/>\n<meta property=\"og:url\" content=\"https:\/\/www.notibras.com\/site\/pequim-manda-trump-cuidar-de-si-e-deixar-ambicao-sobre-artico-de-lado\/\" \/>\n<meta property=\"og:site_name\" content=\"Notibras\" \/>\n<meta property=\"article:publisher\" content=\"https:\/\/www.facebook.com\/notibras\/\" \/>\n<meta property=\"article:published_time\" content=\"2026-01-12T11:32:02+00:00\" \/>\n<meta property=\"og:image\" content=\"https:\/\/www.notibras.com\/site\/wp-content\/uploads\/2026\/01\/1121729328_0_160_3072_1888_1920x0_80_0_0_5c4e437973d3406e2fa7c92766186fc2.jpg.webp\" \/>\n\t<meta property=\"og:image:width\" content=\"1920\" \/>\n\t<meta property=\"og:image:height\" content=\"1080\" \/>\n\t<meta property=\"og:image:type\" content=\"image\/webp\" \/>\n<meta name=\"author\" content=\"Reda\u00e7\u00e3o\" \/>\n<meta name=\"twitter:card\" content=\"summary_large_image\" \/>\n<meta name=\"twitter:creator\" content=\"@Notibras\" \/>\n<meta name=\"twitter:site\" content=\"@Notibras\" \/>\n<meta name=\"twitter:label1\" content=\"Escrito por\" \/>\n\t<meta name=\"twitter:data1\" content=\"Reda\u00e7\u00e3o\" \/>\n\t<meta name=\"twitter:label2\" content=\"Est. tempo de leitura\" \/>\n\t<meta name=\"twitter:data2\" content=\"2 minutos\" \/>\n<script type=\"application\/ld+json\" class=\"yoast-schema-graph\">{\"@context\":\"https:\/\/schema.org\",\"@graph\":[{\"@type\":\"Article\",\"@id\":\"https:\/\/www.notibras.com\/site\/pequim-manda-trump-cuidar-de-si-e-deixar-ambicao-sobre-artico-de-lado\/#article\",\"isPartOf\":{\"@id\":\"https:\/\/www.notibras.com\/site\/pequim-manda-trump-cuidar-de-si-e-deixar-ambicao-sobre-artico-de-lado\/\"},\"author\":{\"name\":\"Reda\u00e7\u00e3o\",\"@id\":\"https:\/\/www.notibras.com\/site\/#\/schema\/person\/36ab0979449956132d3e5b517ea76ac8\"},\"headline\":\"Pequim manda Trump cuidar de si e deixar ambi\u00e7\u00e3o sobre \u00c1rtico de lado\",\"datePublished\":\"2026-01-12T11:32:02+00:00\",\"mainEntityOfPage\":{\"@id\":\"https:\/\/www.notibras.com\/site\/pequim-manda-trump-cuidar-de-si-e-deixar-ambicao-sobre-artico-de-lado\/\"},\"wordCount\":247,\"publisher\":{\"@id\":\"https:\/\/www.notibras.com\/site\/#organization\"},\"image\":{\"@id\":\"https:\/\/www.notibras.com\/site\/pequim-manda-trump-cuidar-de-si-e-deixar-ambicao-sobre-artico-de-lado\/#primaryimage\"},\"thumbnailUrl\":\"https:\/\/www.notibras.com\/site\/wp-content\/uploads\/2026\/01\/1121729328_0_160_3072_1888_1920x0_80_0_0_5c4e437973d3406e2fa7c92766186fc2.jpg.webp\",\"articleSection\":[\"Apocalipse\"],\"inLanguage\":\"pt-BR\"},{\"@type\":\"WebPage\",\"@id\":\"https:\/\/www.notibras.com\/site\/pequim-manda-trump-cuidar-de-si-e-deixar-ambicao-sobre-artico-de-lado\/\",\"url\":\"https:\/\/www.notibras.com\/site\/pequim-manda-trump-cuidar-de-si-e-deixar-ambicao-sobre-artico-de-lado\/\",\"name\":\"Pequim manda Trump cuidar de si e deixar ambi\u00e7\u00e3o sobre \u00c1rtico de lado - Notibras\",\"isPartOf\":{\"@id\":\"https:\/\/www.notibras.com\/site\/#website\"},\"primaryImageOfPage\":{\"@id\":\"https:\/\/www.notibras.com\/site\/pequim-manda-trump-cuidar-de-si-e-deixar-ambicao-sobre-artico-de-lado\/#primaryimage\"},\"image\":{\"@id\":\"https:\/\/www.notibras.com\/site\/pequim-manda-trump-cuidar-de-si-e-deixar-ambicao-sobre-artico-de-lado\/#primaryimage\"},\"thumbnailUrl\":\"https:\/\/www.notibras.com\/site\/wp-content\/uploads\/2026\/01\/1121729328_0_160_3072_1888_1920x0_80_0_0_5c4e437973d3406e2fa7c92766186fc2.jpg.webp\",\"datePublished\":\"2026-01-12T11:32:02+00:00\",\"breadcrumb\":{\"@id\":\"https:\/\/www.notibras.com\/site\/pequim-manda-trump-cuidar-de-si-e-deixar-ambicao-sobre-artico-de-lado\/#breadcrumb\"},\"inLanguage\":\"pt-BR\",\"potentialAction\":[{\"@type\":\"ReadAction\",\"target\":[\"https:\/\/www.notibras.com\/site\/pequim-manda-trump-cuidar-de-si-e-deixar-ambicao-sobre-artico-de-lado\/\"]}]},{\"@type\":\"ImageObject\",\"inLanguage\":\"pt-BR\",\"@id\":\"https:\/\/www.notibras.com\/site\/pequim-manda-trump-cuidar-de-si-e-deixar-ambicao-sobre-artico-de-lado\/#primaryimage\",\"url\":\"https:\/\/www.notibras.com\/site\/wp-content\/uploads\/2026\/01\/1121729328_0_160_3072_1888_1920x0_80_0_0_5c4e437973d3406e2fa7c92766186fc2.jpg.webp\",\"contentUrl\":\"https:\/\/www.notibras.com\/site\/wp-content\/uploads\/2026\/01\/1121729328_0_160_3072_1888_1920x0_80_0_0_5c4e437973d3406e2fa7c92766186fc2.jpg.webp\",\"width\":1920,\"height\":1080},{\"@type\":\"BreadcrumbList\",\"@id\":\"https:\/\/www.notibras.com\/site\/pequim-manda-trump-cuidar-de-si-e-deixar-ambicao-sobre-artico-de-lado\/#breadcrumb\",\"itemListElement\":[{\"@type\":\"ListItem\",\"position\":1,\"name\":\"In\u00edcio\",\"item\":\"https:\/\/www.notibras.com\/site\/\"},{\"@type\":\"ListItem\",\"position\":2,\"name\":\"Pequim manda Trump cuidar de si e deixar ambi\u00e7\u00e3o sobre \u00c1rtico de lado\"}]},{\"@type\":\"WebSite\",\"@id\":\"https:\/\/www.notibras.com\/site\/#website\",\"url\":\"https:\/\/www.notibras.com\/site\/\",\"name\":\"Notibras\",\"description\":\"Not\u00edcias de Bras\u00edlia, do Brasil e do Mundo\",\"publisher\":{\"@id\":\"https:\/\/www.notibras.com\/site\/#organization\"},\"potentialAction\":[{\"@type\":\"SearchAction\",\"target\":{\"@type\":\"EntryPoint\",\"urlTemplate\":\"https:\/\/www.notibras.com\/site\/?s={search_term_string}\"},\"query-input\":{\"@type\":\"PropertyValueSpecification\",\"valueRequired\":true,\"valueName\":\"search_term_string\"}}],\"inLanguage\":\"pt-BR\"},{\"@type\":\"Organization\",\"@id\":\"https:\/\/www.notibras.com\/site\/#organization\",\"name\":\"Grupo Notibras de Comunica\u00e7\u00e3o\",\"url\":\"https:\/\/www.notibras.com\/site\/\",\"logo\":{\"@type\":\"ImageObject\",\"inLanguage\":\"pt-BR\",\"@id\":\"https:\/\/www.notibras.com\/site\/#\/schema\/logo\/image\/\",\"url\":\"https:\/\/www.notibras.com\/site\/wp-content\/uploads\/2023\/01\/notibras23.png\",\"contentUrl\":\"https:\/\/www.notibras.com\/site\/wp-content\/uploads\/2023\/01\/notibras23.png\",\"width\":350,\"height\":87,\"caption\":\"Grupo Notibras de Comunica\u00e7\u00e3o\"},\"image\":{\"@id\":\"https:\/\/www.notibras.com\/site\/#\/schema\/logo\/image\/\"},\"sameAs\":[\"https:\/\/www.facebook.com\/notibras\/\",\"https:\/\/x.com\/Notibras\",\"https:\/\/www.instagram.com\/notibras\/\"]},{\"@type\":\"Person\",\"@id\":\"https:\/\/www.notibras.com\/site\/#\/schema\/person\/36ab0979449956132d3e5b517ea76ac8\",\"name\":\"Reda\u00e7\u00e3o\",\"image\":{\"@type\":\"ImageObject\",\"inLanguage\":\"pt-BR\",\"@id\":\"https:\/\/secure.gravatar.com\/avatar\/e0a867bdedb85fd243eadf09663511f96fc81e0720a4a42581f334ad4303aa6b?s=96&d=mm&r=g\",\"url\":\"https:\/\/secure.gravatar.com\/avatar\/e0a867bdedb85fd243eadf09663511f96fc81e0720a4a42581f334ad4303aa6b?s=96&d=mm&r=g\",\"contentUrl\":\"https:\/\/secure.gravatar.com\/avatar\/e0a867bdedb85fd243eadf09663511f96fc81e0720a4a42581f334ad4303aa6b?s=96&d=mm&r=g\",\"caption\":\"Reda\u00e7\u00e3o\"}}]}<\/script>\n<!-- \/ Yoast SEO plugin. -->","yoast_head_json":{"title":"Pequim manda Trump cuidar de si e deixar ambi\u00e7\u00e3o sobre \u00c1rtico de lado - Notibras","robots":{"index":"index","follow":"follow","max-snippet":"max-snippet:-1","max-image-preview":"max-image-preview:large","max-video-preview":"max-video-preview:-1"},"canonical":"https:\/\/www.notibras.com\/site\/pequim-manda-trump-cuidar-de-si-e-deixar-ambicao-sobre-artico-de-lado\/","og_locale":"pt_BR","og_type":"article","og_title":"Pequim manda Trump cuidar de si e deixar ambi\u00e7\u00e3o sobre \u00c1rtico de lado - Notibras","og_description":"Pequim n\u00e3o concorda com os Estados Unidos usando a R\u00fassia ou a China como desculpa para promover seus interesses no \u00c1rtico, disse nesta segunda-feira a porta-voz do Minist\u00e9rio das Rela\u00e7\u00f5es Exteriores da China, Mao Ning. &#8220;N\u00e3o concordamos que os Estados Unidos usem a China ou a R\u00fassia como desculpa para promover seus pr\u00f3prios interesses&#8221;, disse [&hellip;]","og_url":"https:\/\/www.notibras.com\/site\/pequim-manda-trump-cuidar-de-si-e-deixar-ambicao-sobre-artico-de-lado\/","og_site_name":"Notibras","article_publisher":"https:\/\/www.facebook.com\/notibras\/","article_published_time":"2026-01-12T11:32:02+00:00","og_image":[{"width":1920,"height":1080,"url":"https:\/\/www.notibras.com\/site\/wp-content\/uploads\/2026\/01\/1121729328_0_160_3072_1888_1920x0_80_0_0_5c4e437973d3406e2fa7c92766186fc2.jpg.webp","type":"image\/webp"}],"author":"Reda\u00e7\u00e3o","twitter_card":"summary_large_image","twitter_creator":"@Notibras","twitter_site":"@Notibras","twitter_misc":{"Escrito por":"Reda\u00e7\u00e3o","Est. tempo de leitura":"2 minutos"},"schema":{"@context":"https:\/\/schema.org","@graph":[{"@type":"Article","@id":"https:\/\/www.notibras.com\/site\/pequim-manda-trump-cuidar-de-si-e-deixar-ambicao-sobre-artico-de-lado\/#article","isPartOf":{"@id":"https:\/\/www.notibras.com\/site\/pequim-manda-trump-cuidar-de-si-e-deixar-ambicao-sobre-artico-de-lado\/"},"author":{"name":"Reda\u00e7\u00e3o","@id":"https:\/\/www.notibras.com\/site\/#\/schema\/person\/36ab0979449956132d3e5b517ea76ac8"},"headline":"Pequim manda Trump cuidar de si e deixar ambi\u00e7\u00e3o sobre \u00c1rtico de lado","datePublished":"2026-01-12T11:32:02+00:00","mainEntityOfPage":{"@id":"https:\/\/www.notibras.com\/site\/pequim-manda-trump-cuidar-de-si-e-deixar-ambicao-sobre-artico-de-lado\/"},"wordCount":247,"publisher":{"@id":"https:\/\/www.notibras.com\/site\/#organization"},"image":{"@id":"https:\/\/www.notibras.com\/site\/pequim-manda-trump-cuidar-de-si-e-deixar-ambicao-sobre-artico-de-lado\/#primaryimage"},"thumbnailUrl":"https:\/\/www.notibras.com\/site\/wp-content\/uploads\/2026\/01\/1121729328_0_160_3072_1888_1920x0_80_0_0_5c4e437973d3406e2fa7c92766186fc2.jpg.webp","articleSection":["Apocalipse"],"inLanguage":"pt-BR"},{"@type":"WebPage","@id":"https:\/\/www.notibras.com\/site\/pequim-manda-trump-cuidar-de-si-e-deixar-ambicao-sobre-artico-de-lado\/","url":"https:\/\/www.notibras.com\/site\/pequim-manda-trump-cuidar-de-si-e-deixar-ambicao-sobre-artico-de-lado\/","name":"Pequim manda Trump cuidar de si e deixar ambi\u00e7\u00e3o sobre \u00c1rtico de lado - Notibras","isPartOf":{"@id":"https:\/\/www.notibras.com\/site\/#website"},"primaryImageOfPage":{"@id":"https:\/\/www.notibras.com\/site\/pequim-manda-trump-cuidar-de-si-e-deixar-ambicao-sobre-artico-de-lado\/#primaryimage"},"image":{"@id":"https:\/\/www.notibras.com\/site\/pequim-manda-trump-cuidar-de-si-e-deixar-ambicao-sobre-artico-de-lado\/#primaryimage"},"thumbnailUrl":"https:\/\/www.notibras.com\/site\/wp-content\/uploads\/2026\/01\/1121729328_0_160_3072_1888_1920x0_80_0_0_5c4e437973d3406e2fa7c92766186fc2.jpg.webp","datePublished":"2026-01-12T11:32:02+00:00","breadcrumb":{"@id":"https:\/\/www.notibras.com\/site\/pequim-manda-trump-cuidar-de-si-e-deixar-ambicao-sobre-artico-de-lado\/#breadcrumb"},"inLanguage":"pt-BR","potentialAction":[{"@type":"ReadAction","target":["https:\/\/www.notibras.com\/site\/pequim-manda-trump-cuidar-de-si-e-deixar-ambicao-sobre-artico-de-lado\/"]}]},{"@type":"ImageObject","inLanguage":"pt-BR","@id":"https:\/\/www.notibras.com\/site\/pequim-manda-trump-cuidar-de-si-e-deixar-ambicao-sobre-artico-de-lado\/#primaryimage","url":"https:\/\/www.notibras.com\/site\/wp-content\/uploads\/2026\/01\/1121729328_0_160_3072_1888_1920x0_80_0_0_5c4e437973d3406e2fa7c92766186fc2.jpg.webp","contentUrl":"https:\/\/www.notibras.com\/site\/wp-content\/uploads\/2026\/01\/1121729328_0_160_3072_1888_1920x0_80_0_0_5c4e437973d3406e2fa7c92766186fc2.jpg.webp","width":1920,"height":1080},{"@type":"BreadcrumbList","@id":"https:\/\/www.notibras.com\/site\/pequim-manda-trump-cuidar-de-si-e-deixar-ambicao-sobre-artico-de-lado\/#breadcrumb","itemListElement":[{"@type":"ListItem","position":1,"name":"In\u00edcio","item":"https:\/\/www.notibras.com\/site\/"},{"@type":"ListItem","position":2,"name":"Pequim manda Trump cuidar de si e deixar ambi\u00e7\u00e3o sobre \u00c1rtico de lado"}]},{"@type":"WebSite","@id":"https:\/\/www.notibras.com\/site\/#website","url":"https:\/\/www.notibras.com\/site\/","name":"Notibras","description":"Not\u00edcias de Bras\u00edlia, do Brasil e do Mundo","publisher":{"@id":"https:\/\/www.notibras.com\/site\/#organization"},"potentialAction":[{"@type":"SearchAction","target":{"@type":"EntryPoint","urlTemplate":"https:\/\/www.notibras.com\/site\/?s={search_term_string}"},"query-input":{"@type":"PropertyValueSpecification","valueRequired":true,"valueName":"search_term_string"}}],"inLanguage":"pt-BR"},{"@type":"Organization","@id":"https:\/\/www.notibras.com\/site\/#organization","name":"Grupo Notibras de Comunica\u00e7\u00e3o","url":"https:\/\/www.notibras.com\/site\/","logo":{"@type":"ImageObject","inLanguage":"pt-BR","@id":"https:\/\/www.notibras.com\/site\/#\/schema\/logo\/image\/","url":"https:\/\/www.notibras.com\/site\/wp-content\/uploads\/2023\/01\/notibras23.png","contentUrl":"https:\/\/www.notibras.com\/site\/wp-content\/uploads\/2023\/01\/notibras23.png","width":350,"height":87,"caption":"Grupo Notibras de Comunica\u00e7\u00e3o"},"image":{"@id":"https:\/\/www.notibras.com\/site\/#\/schema\/logo\/image\/"},"sameAs":["https:\/\/www.facebook.com\/notibras\/","https:\/\/x.com\/Notibras","https:\/\/www.instagram.com\/notibras\/"]},{"@type":"Person","@id":"https:\/\/www.notibras.com\/site\/#\/schema\/person\/36ab0979449956132d3e5b517ea76ac8","name":"Reda\u00e7\u00e3o","image":{"@type":"ImageObject","inLanguage":"pt-BR","@id":"https:\/\/secure.gravatar.com\/avatar\/e0a867bdedb85fd243eadf09663511f96fc81e0720a4a42581f334ad4303aa6b?s=96&d=mm&r=g","url":"https:\/\/secure.gravatar.com\/avatar\/e0a867bdedb85fd243eadf09663511f96fc81e0720a4a42581f334ad4303aa6b?s=96&d=mm&r=g","contentUrl":"https:\/\/secure.gravatar.com\/avatar\/e0a867bdedb85fd243eadf09663511f96fc81e0720a4a42581f334ad4303aa6b?s=96&d=mm&r=g","caption":"Reda\u00e7\u00e3o"}}]}},"amp_enabled":true,"_links":{"self":[{"href":"https:\/\/www.notibras.com\/site\/wp-json\/wp\/v2\/posts\/378705","targetHints":{"allow":["GET"]}}],"collection":[{"href":"https:\/\/www.notibras.com\/site\/wp-json\/wp\/v2\/posts"}],"about":[{"href":"https:\/\/www.notibras.com\/site\/wp-json\/wp\/v2\/types\/post"}],"author":[{"embeddable":true,"href":"https:\/\/www.notibras.com\/site\/wp-json\/wp\/v2\/users\/2"}],"replies":[{"embeddable":true,"href":"https:\/\/www.notibras.com\/site\/wp-json\/wp\/v2\/comments?post=378705"}],"version-history":[{"count":1,"href":"https:\/\/www.notibras.com\/site\/wp-json\/wp\/v2\/posts\/378705\/revisions"}],"predecessor-version":[{"id":378707,"href":"https:\/\/www.notibras.com\/site\/wp-json\/wp\/v2\/posts\/378705\/revisions\/378707"}],"wp:featuredmedia":[{"embeddable":true,"href":"https:\/\/www.notibras.com\/site\/wp-json\/wp\/v2\/media\/378706"}],"wp:attachment":[{"href":"https:\/\/www.notibras.com\/site\/wp-json\/wp\/v2\/media?parent=378705"}],"wp:term":[{"taxonomy":"category","embeddable":true,"href":"https:\/\/www.notibras.com\/site\/wp-json\/wp\/v2\/categories?post=378705"},{"taxonomy":"post_tag","embeddable":true,"href":"https:\/\/www.notibras.com\/site\/wp-json\/wp\/v2\/tags?post=378705"}],"curies":[{"name":"wp","href":"https:\/\/api.w.org\/{rel}","templated":true}]}}