{"id":378708,"date":"2026-01-13T00:00:09","date_gmt":"2026-01-13T03:00:09","guid":{"rendered":"https:\/\/www.notibras.com\/site\/?p=378708"},"modified":"2026-01-12T12:44:34","modified_gmt":"2026-01-12T15:44:34","slug":"heranca-de-aventureiro","status":"publish","type":"post","link":"https:\/\/www.notibras.com\/site\/heranca-de-aventureiro\/","title":{"rendered":"Heran\u00e7a de aventureiro"},"content":{"rendered":"<p>Apesar de ter sido criado desde as primeiras horas de nascido na capital, lembro-me de um tempo que papai me pegava para rodarmos pelo interior. N\u00e3o sei se ele fazia isso para me mostrar como \u00e9 que parte da gente deste pa\u00eds vive ou, ent\u00e3o, era apenas para me fazer crer que o leite, a carne, as hortali\u00e7as, as frutas e tudo mais que comemos sa\u00edam daquele lugar t\u00e3o distante do asfalto carregado de fuma\u00e7a e buzinas.<\/p>\n<p>Certa feita, meu pai cismou em desbravar o Cerrado, que, naquele tempo, estava praticamente intacto, caso n\u00e3o fossem pelas estradas de terra e algumas cercas que dividiam as propriedades. Mam\u00e3e nem se atreveu a arrumar as malas, pois sempre foi afeita \u00e0s benesses que a vida urbana pode proporcionar. Por conta disso, meus dois irm\u00e3os mais novos, que mal tinham largado as fraldas, tamb\u00e9m ficaram naquela vida de apartamento.<\/p>\n<p>N\u00e3o sei ao certo quantos quil\u00f4metros rodamos at\u00e9 pararmos em um hotel de beira de estrada. Estava frio e papai me cobriu com seu casaco. N\u00e3o sei por que, mas me senti um homem usando as vestes de um adulto. Na manh\u00e3 seguinte, tomamos caf\u00e9 e prosseguimos viagem aparentemente sem rumo. Coisas do meu velho, que sempre teve esp\u00edrito aventureiro. Se tivesse nascido na \u00e9poca das grandes navega\u00e7\u00f5es, certamente estaria a bordo de uma nau desbravando os sete mares.<\/p>\n<p>Foi j\u00e1 no final de tarde que papai estacionou o Jeep Willys diante da porteira da fazenda do Ivan, amigo de longa data do meu pai. Eles se conheceram ainda rapazes, quando trabalhavam em um cart\u00f3rio no centro. Ivan, depois de mexer naquele amontoado de documenta\u00e7\u00f5es, disse que a vida precisava de menos papel e mais mato. E foi assim que partiu para a ro\u00e7a em meados de 1969, logo ap\u00f3s Neil Armstrong dar os primeiros passos sobre a superf\u00edcie lunar.<\/p>\n<p>Fomos recebidos pelo sorriso largo do amigo do meu pai. Eu, que naquela \u00e9poca achava meu coroa o cara mais alto e forte do mundo, fiquei impressionado com o tamanho do Ivan. Ele devia ter dois metros, enquanto descobri, anos mais tarde, que papai mal chegava a um metro e setenta.<\/p>\n<p>Na manh\u00e3 seguinte, acordei bem cedo e fui dar uma volta na propriedade. Havia de tudo que um garoto de oito anos poderia desejar. Cavalos, porcos, vacas, galinhas, um lago cheio de peixes, patos e at\u00e9 algumas tartarugas, \u00e1rvores para escalar, um mundo a ser explorado, tamanha a imagina\u00e7\u00e3o que eu herdara do meu pai. Como desejei que mam\u00e3e e meus irm\u00e3os estivessem ali para sentir que a vida vai muito al\u00e9m do tapete da nossa sala e do parquinho no final da rua.<\/p>\n<p>Ap\u00f3s passarmos uma semana inteirinha naquele para\u00edso, chegou a hora da despedida. Promessas de novas visitas, apesar de ditas com sinceridade naquele tempo, jamais se concretizaram. Nunca mais voltei a ver o Ivan, que talvez nem tivesse mesmo dois metros de altura.<\/p>\n<p>No caminho de volta, paramos em uma vendinha, cujo dono, ainda recordo, se chamava Valdir. Papai apontou para uma lata de salsicha empoeirada sobre a prateleira de madeira. O comerciante a pegou e a esfregou na camisa, como se aquele gesto simpl\u00f3rio fosse desinfet\u00e1-la. Enquanto eu o observava, o homem pegou o abridor e nos serviu. At\u00e9 hoje, eu me recordo do gosto daquela iguaria no meio do Cerrado. Que saudade!<\/p>\n<p><strong>\u2026\u2026\u2026\u2026\u2026\u2026\u2026\u2026<\/strong><\/p>\n<p><strong>Eduardo Mart\u00ednez \u00e9 autor do livro \u201957 Contos e Cr\u00f4nicas por um Autor Muito Velho\u2019 (Vencedor do Pr\u00eamio Liter\u00e1rio Clarice Lispector \u2013 2025 na categoria livro de contos).<\/strong><\/p>\n<p><strong>Compre aqui<\/strong><\/p>\n<p><a href=\"https:\/\/www.joanineditora.com.br\/57-contos-e-cronicas-por-um-autor-muito-velho\"><strong>https:\/\/www.joanineditora.com.br\/57-contos-e-cronicas-por-um-autor-muito-velho<\/strong><\/a><\/p>\n","protected":false},"excerpt":{"rendered":"<p>Apesar de ter sido criado desde as primeiras horas de nascido na capital, lembro-me de um tempo que papai me pegava para rodarmos pelo interior. N\u00e3o sei se ele fazia isso para me mostrar como \u00e9 que parte da gente deste pa\u00eds vive ou, ent\u00e3o, era apenas para me fazer crer que o leite, a [&hellip;]<\/p>\n","protected":false},"author":21,"featured_media":378710,"comment_status":"closed","ping_status":"closed","sticky":false,"template":"","format":"standard","meta":{"_acf_changed":false,"footnotes":""},"categories":[234],"tags":[],"class_list":["post-378708","post","type-post","status-publish","format-standard","has-post-thumbnail","hentry","category-cafe-literario"],"acf":[],"yoast_head":"<!-- This site is optimized with the Yoast SEO plugin v27.2 - https:\/\/yoast.com\/product\/yoast-seo-wordpress\/ -->\n<title>Heran\u00e7a de aventureiro - Notibras<\/title>\n<meta name=\"robots\" content=\"index, follow, max-snippet:-1, max-image-preview:large, max-video-preview:-1\" \/>\n<link rel=\"canonical\" href=\"https:\/\/www.notibras.com\/site\/heranca-de-aventureiro\/\" \/>\n<meta property=\"og:locale\" content=\"pt_BR\" \/>\n<meta property=\"og:type\" content=\"article\" \/>\n<meta property=\"og:title\" content=\"Heran\u00e7a de aventureiro - Notibras\" \/>\n<meta property=\"og:description\" content=\"Apesar de ter sido criado desde as primeiras horas de nascido na capital, lembro-me de um tempo que papai me pegava para rodarmos pelo interior. N\u00e3o sei se ele fazia isso para me mostrar como \u00e9 que parte da gente deste pa\u00eds vive ou, ent\u00e3o, era apenas para me fazer crer que o leite, a [&hellip;]\" \/>\n<meta property=\"og:url\" content=\"https:\/\/www.notibras.com\/site\/heranca-de-aventureiro\/\" \/>\n<meta property=\"og:site_name\" content=\"Notibras\" \/>\n<meta property=\"article:publisher\" content=\"https:\/\/www.facebook.com\/notibras\/\" \/>\n<meta property=\"article:published_time\" content=\"2026-01-13T03:00:09+00:00\" \/>\n<meta property=\"og:image\" content=\"https:\/\/www.notibras.com\/site\/wp-content\/uploads\/2026\/01\/IMG_0277.jpg\" \/>\n\t<meta property=\"og:image:width\" content=\"1023\" \/>\n\t<meta property=\"og:image:height\" content=\"922\" \/>\n\t<meta property=\"og:image:type\" content=\"image\/jpeg\" \/>\n<meta name=\"author\" content=\"Eduardo Mart\u00ednez\" \/>\n<meta name=\"twitter:card\" content=\"summary_large_image\" \/>\n<meta name=\"twitter:creator\" content=\"@Notibras\" \/>\n<meta name=\"twitter:site\" content=\"@Notibras\" \/>\n<meta name=\"twitter:label1\" content=\"Escrito por\" \/>\n\t<meta name=\"twitter:data1\" content=\"Eduardo Mart\u00ednez\" \/>\n\t<meta name=\"twitter:label2\" content=\"Est. tempo de leitura\" \/>\n\t<meta name=\"twitter:data2\" content=\"4 minutos\" \/>\n<script type=\"application\/ld+json\" class=\"yoast-schema-graph\">{\"@context\":\"https:\/\/schema.org\",\"@graph\":[{\"@type\":\"Article\",\"@id\":\"https:\/\/www.notibras.com\/site\/heranca-de-aventureiro\/#article\",\"isPartOf\":{\"@id\":\"https:\/\/www.notibras.com\/site\/heranca-de-aventureiro\/\"},\"author\":{\"name\":\"Eduardo Mart\u00ednez\",\"@id\":\"https:\/\/www.notibras.com\/site\/#\/schema\/person\/5b7fabf2aedc3ada2105f03b22b4d3dd\"},\"headline\":\"Heran\u00e7a de aventureiro\",\"datePublished\":\"2026-01-13T03:00:09+00:00\",\"mainEntityOfPage\":{\"@id\":\"https:\/\/www.notibras.com\/site\/heranca-de-aventureiro\/\"},\"wordCount\":621,\"publisher\":{\"@id\":\"https:\/\/www.notibras.com\/site\/#organization\"},\"image\":{\"@id\":\"https:\/\/www.notibras.com\/site\/heranca-de-aventureiro\/#primaryimage\"},\"thumbnailUrl\":\"https:\/\/www.notibras.com\/site\/wp-content\/uploads\/2026\/01\/IMG_0277.jpg\",\"articleSection\":[\"Caf\u00e9 Liter\u00e1rio\"],\"inLanguage\":\"pt-BR\"},{\"@type\":\"WebPage\",\"@id\":\"https:\/\/www.notibras.com\/site\/heranca-de-aventureiro\/\",\"url\":\"https:\/\/www.notibras.com\/site\/heranca-de-aventureiro\/\",\"name\":\"Heran\u00e7a de aventureiro - Notibras\",\"isPartOf\":{\"@id\":\"https:\/\/www.notibras.com\/site\/#website\"},\"primaryImageOfPage\":{\"@id\":\"https:\/\/www.notibras.com\/site\/heranca-de-aventureiro\/#primaryimage\"},\"image\":{\"@id\":\"https:\/\/www.notibras.com\/site\/heranca-de-aventureiro\/#primaryimage\"},\"thumbnailUrl\":\"https:\/\/www.notibras.com\/site\/wp-content\/uploads\/2026\/01\/IMG_0277.jpg\",\"datePublished\":\"2026-01-13T03:00:09+00:00\",\"breadcrumb\":{\"@id\":\"https:\/\/www.notibras.com\/site\/heranca-de-aventureiro\/#breadcrumb\"},\"inLanguage\":\"pt-BR\",\"potentialAction\":[{\"@type\":\"ReadAction\",\"target\":[\"https:\/\/www.notibras.com\/site\/heranca-de-aventureiro\/\"]}]},{\"@type\":\"ImageObject\",\"inLanguage\":\"pt-BR\",\"@id\":\"https:\/\/www.notibras.com\/site\/heranca-de-aventureiro\/#primaryimage\",\"url\":\"https:\/\/www.notibras.com\/site\/wp-content\/uploads\/2026\/01\/IMG_0277.jpg\",\"contentUrl\":\"https:\/\/www.notibras.com\/site\/wp-content\/uploads\/2026\/01\/IMG_0277.jpg\",\"width\":1023,\"height\":922},{\"@type\":\"BreadcrumbList\",\"@id\":\"https:\/\/www.notibras.com\/site\/heranca-de-aventureiro\/#breadcrumb\",\"itemListElement\":[{\"@type\":\"ListItem\",\"position\":1,\"name\":\"In\u00edcio\",\"item\":\"https:\/\/www.notibras.com\/site\/\"},{\"@type\":\"ListItem\",\"position\":2,\"name\":\"Heran\u00e7a de aventureiro\"}]},{\"@type\":\"WebSite\",\"@id\":\"https:\/\/www.notibras.com\/site\/#website\",\"url\":\"https:\/\/www.notibras.com\/site\/\",\"name\":\"Notibras\",\"description\":\"Not\u00edcias de Bras\u00edlia, do Brasil e do Mundo\",\"publisher\":{\"@id\":\"https:\/\/www.notibras.com\/site\/#organization\"},\"potentialAction\":[{\"@type\":\"SearchAction\",\"target\":{\"@type\":\"EntryPoint\",\"urlTemplate\":\"https:\/\/www.notibras.com\/site\/?s={search_term_string}\"},\"query-input\":{\"@type\":\"PropertyValueSpecification\",\"valueRequired\":true,\"valueName\":\"search_term_string\"}}],\"inLanguage\":\"pt-BR\"},{\"@type\":\"Organization\",\"@id\":\"https:\/\/www.notibras.com\/site\/#organization\",\"name\":\"Grupo Notibras de Comunica\u00e7\u00e3o\",\"url\":\"https:\/\/www.notibras.com\/site\/\",\"logo\":{\"@type\":\"ImageObject\",\"inLanguage\":\"pt-BR\",\"@id\":\"https:\/\/www.notibras.com\/site\/#\/schema\/logo\/image\/\",\"url\":\"https:\/\/www.notibras.com\/site\/wp-content\/uploads\/2023\/01\/notibras23.png\",\"contentUrl\":\"https:\/\/www.notibras.com\/site\/wp-content\/uploads\/2023\/01\/notibras23.png\",\"width\":350,\"height\":87,\"caption\":\"Grupo Notibras de Comunica\u00e7\u00e3o\"},\"image\":{\"@id\":\"https:\/\/www.notibras.com\/site\/#\/schema\/logo\/image\/\"},\"sameAs\":[\"https:\/\/www.facebook.com\/notibras\/\",\"https:\/\/x.com\/Notibras\",\"https:\/\/www.instagram.com\/notibras\/\"]},{\"@type\":\"Person\",\"@id\":\"https:\/\/www.notibras.com\/site\/#\/schema\/person\/5b7fabf2aedc3ada2105f03b22b4d3dd\",\"name\":\"Eduardo Mart\u00ednez\",\"image\":{\"@type\":\"ImageObject\",\"inLanguage\":\"pt-BR\",\"@id\":\"https:\/\/secure.gravatar.com\/avatar\/7902f906289926289cbcda644b5197c796b893c6ffd7b9a536a42d290f7704a0?s=96&d=mm&r=g\",\"url\":\"https:\/\/secure.gravatar.com\/avatar\/7902f906289926289cbcda644b5197c796b893c6ffd7b9a536a42d290f7704a0?s=96&d=mm&r=g\",\"contentUrl\":\"https:\/\/secure.gravatar.com\/avatar\/7902f906289926289cbcda644b5197c796b893c6ffd7b9a536a42d290f7704a0?s=96&d=mm&r=g\",\"caption\":\"Eduardo Mart\u00ednez\"}}]}<\/script>\n<!-- \/ Yoast SEO plugin. -->","yoast_head_json":{"title":"Heran\u00e7a de aventureiro - Notibras","robots":{"index":"index","follow":"follow","max-snippet":"max-snippet:-1","max-image-preview":"max-image-preview:large","max-video-preview":"max-video-preview:-1"},"canonical":"https:\/\/www.notibras.com\/site\/heranca-de-aventureiro\/","og_locale":"pt_BR","og_type":"article","og_title":"Heran\u00e7a de aventureiro - Notibras","og_description":"Apesar de ter sido criado desde as primeiras horas de nascido na capital, lembro-me de um tempo que papai me pegava para rodarmos pelo interior. N\u00e3o sei se ele fazia isso para me mostrar como \u00e9 que parte da gente deste pa\u00eds vive ou, ent\u00e3o, era apenas para me fazer crer que o leite, a [&hellip;]","og_url":"https:\/\/www.notibras.com\/site\/heranca-de-aventureiro\/","og_site_name":"Notibras","article_publisher":"https:\/\/www.facebook.com\/notibras\/","article_published_time":"2026-01-13T03:00:09+00:00","og_image":[{"width":1023,"height":922,"url":"https:\/\/www.notibras.com\/site\/wp-content\/uploads\/2026\/01\/IMG_0277.jpg","type":"image\/jpeg"}],"author":"Eduardo Mart\u00ednez","twitter_card":"summary_large_image","twitter_creator":"@Notibras","twitter_site":"@Notibras","twitter_misc":{"Escrito por":"Eduardo Mart\u00ednez","Est. tempo de leitura":"4 minutos"},"schema":{"@context":"https:\/\/schema.org","@graph":[{"@type":"Article","@id":"https:\/\/www.notibras.com\/site\/heranca-de-aventureiro\/#article","isPartOf":{"@id":"https:\/\/www.notibras.com\/site\/heranca-de-aventureiro\/"},"author":{"name":"Eduardo Mart\u00ednez","@id":"https:\/\/www.notibras.com\/site\/#\/schema\/person\/5b7fabf2aedc3ada2105f03b22b4d3dd"},"headline":"Heran\u00e7a de aventureiro","datePublished":"2026-01-13T03:00:09+00:00","mainEntityOfPage":{"@id":"https:\/\/www.notibras.com\/site\/heranca-de-aventureiro\/"},"wordCount":621,"publisher":{"@id":"https:\/\/www.notibras.com\/site\/#organization"},"image":{"@id":"https:\/\/www.notibras.com\/site\/heranca-de-aventureiro\/#primaryimage"},"thumbnailUrl":"https:\/\/www.notibras.com\/site\/wp-content\/uploads\/2026\/01\/IMG_0277.jpg","articleSection":["Caf\u00e9 Liter\u00e1rio"],"inLanguage":"pt-BR"},{"@type":"WebPage","@id":"https:\/\/www.notibras.com\/site\/heranca-de-aventureiro\/","url":"https:\/\/www.notibras.com\/site\/heranca-de-aventureiro\/","name":"Heran\u00e7a de aventureiro - Notibras","isPartOf":{"@id":"https:\/\/www.notibras.com\/site\/#website"},"primaryImageOfPage":{"@id":"https:\/\/www.notibras.com\/site\/heranca-de-aventureiro\/#primaryimage"},"image":{"@id":"https:\/\/www.notibras.com\/site\/heranca-de-aventureiro\/#primaryimage"},"thumbnailUrl":"https:\/\/www.notibras.com\/site\/wp-content\/uploads\/2026\/01\/IMG_0277.jpg","datePublished":"2026-01-13T03:00:09+00:00","breadcrumb":{"@id":"https:\/\/www.notibras.com\/site\/heranca-de-aventureiro\/#breadcrumb"},"inLanguage":"pt-BR","potentialAction":[{"@type":"ReadAction","target":["https:\/\/www.notibras.com\/site\/heranca-de-aventureiro\/"]}]},{"@type":"ImageObject","inLanguage":"pt-BR","@id":"https:\/\/www.notibras.com\/site\/heranca-de-aventureiro\/#primaryimage","url":"https:\/\/www.notibras.com\/site\/wp-content\/uploads\/2026\/01\/IMG_0277.jpg","contentUrl":"https:\/\/www.notibras.com\/site\/wp-content\/uploads\/2026\/01\/IMG_0277.jpg","width":1023,"height":922},{"@type":"BreadcrumbList","@id":"https:\/\/www.notibras.com\/site\/heranca-de-aventureiro\/#breadcrumb","itemListElement":[{"@type":"ListItem","position":1,"name":"In\u00edcio","item":"https:\/\/www.notibras.com\/site\/"},{"@type":"ListItem","position":2,"name":"Heran\u00e7a de aventureiro"}]},{"@type":"WebSite","@id":"https:\/\/www.notibras.com\/site\/#website","url":"https:\/\/www.notibras.com\/site\/","name":"Notibras","description":"Not\u00edcias de Bras\u00edlia, do Brasil e do Mundo","publisher":{"@id":"https:\/\/www.notibras.com\/site\/#organization"},"potentialAction":[{"@type":"SearchAction","target":{"@type":"EntryPoint","urlTemplate":"https:\/\/www.notibras.com\/site\/?s={search_term_string}"},"query-input":{"@type":"PropertyValueSpecification","valueRequired":true,"valueName":"search_term_string"}}],"inLanguage":"pt-BR"},{"@type":"Organization","@id":"https:\/\/www.notibras.com\/site\/#organization","name":"Grupo Notibras de Comunica\u00e7\u00e3o","url":"https:\/\/www.notibras.com\/site\/","logo":{"@type":"ImageObject","inLanguage":"pt-BR","@id":"https:\/\/www.notibras.com\/site\/#\/schema\/logo\/image\/","url":"https:\/\/www.notibras.com\/site\/wp-content\/uploads\/2023\/01\/notibras23.png","contentUrl":"https:\/\/www.notibras.com\/site\/wp-content\/uploads\/2023\/01\/notibras23.png","width":350,"height":87,"caption":"Grupo Notibras de Comunica\u00e7\u00e3o"},"image":{"@id":"https:\/\/www.notibras.com\/site\/#\/schema\/logo\/image\/"},"sameAs":["https:\/\/www.facebook.com\/notibras\/","https:\/\/x.com\/Notibras","https:\/\/www.instagram.com\/notibras\/"]},{"@type":"Person","@id":"https:\/\/www.notibras.com\/site\/#\/schema\/person\/5b7fabf2aedc3ada2105f03b22b4d3dd","name":"Eduardo Mart\u00ednez","image":{"@type":"ImageObject","inLanguage":"pt-BR","@id":"https:\/\/secure.gravatar.com\/avatar\/7902f906289926289cbcda644b5197c796b893c6ffd7b9a536a42d290f7704a0?s=96&d=mm&r=g","url":"https:\/\/secure.gravatar.com\/avatar\/7902f906289926289cbcda644b5197c796b893c6ffd7b9a536a42d290f7704a0?s=96&d=mm&r=g","contentUrl":"https:\/\/secure.gravatar.com\/avatar\/7902f906289926289cbcda644b5197c796b893c6ffd7b9a536a42d290f7704a0?s=96&d=mm&r=g","caption":"Eduardo Mart\u00ednez"}}]}},"amp_enabled":true,"_links":{"self":[{"href":"https:\/\/www.notibras.com\/site\/wp-json\/wp\/v2\/posts\/378708","targetHints":{"allow":["GET"]}}],"collection":[{"href":"https:\/\/www.notibras.com\/site\/wp-json\/wp\/v2\/posts"}],"about":[{"href":"https:\/\/www.notibras.com\/site\/wp-json\/wp\/v2\/types\/post"}],"author":[{"embeddable":true,"href":"https:\/\/www.notibras.com\/site\/wp-json\/wp\/v2\/users\/21"}],"replies":[{"embeddable":true,"href":"https:\/\/www.notibras.com\/site\/wp-json\/wp\/v2\/comments?post=378708"}],"version-history":[{"count":2,"href":"https:\/\/www.notibras.com\/site\/wp-json\/wp\/v2\/posts\/378708\/revisions"}],"predecessor-version":[{"id":378712,"href":"https:\/\/www.notibras.com\/site\/wp-json\/wp\/v2\/posts\/378708\/revisions\/378712"}],"wp:featuredmedia":[{"embeddable":true,"href":"https:\/\/www.notibras.com\/site\/wp-json\/wp\/v2\/media\/378710"}],"wp:attachment":[{"href":"https:\/\/www.notibras.com\/site\/wp-json\/wp\/v2\/media?parent=378708"}],"wp:term":[{"taxonomy":"category","embeddable":true,"href":"https:\/\/www.notibras.com\/site\/wp-json\/wp\/v2\/categories?post=378708"},{"taxonomy":"post_tag","embeddable":true,"href":"https:\/\/www.notibras.com\/site\/wp-json\/wp\/v2\/tags?post=378708"}],"curies":[{"name":"wp","href":"https:\/\/api.w.org\/{rel}","templated":true}]}}