{"id":378713,"date":"2026-01-12T10:54:11","date_gmt":"2026-01-12T13:54:11","guid":{"rendered":"https:\/\/www.notibras.com\/site\/?p=378713"},"modified":"2026-01-12T12:56:39","modified_gmt":"2026-01-12T15:56:39","slug":"ano-mal-comeca-e-mercado-financeiro-derruba-inflacao-a-4","status":"publish","type":"post","link":"https:\/\/www.notibras.com\/site\/ano-mal-comeca-e-mercado-financeiro-derruba-inflacao-a-4\/","title":{"rendered":"Ano mal come\u00e7a e mercado financeiro derruba infla\u00e7\u00e3o a 4%"},"content":{"rendered":"<p>O mercado financeiro reviu para baixo as expectativas de infla\u00e7\u00e3o para o ano de 2026. De acordo com o Boletim Focus, divulgado nesta segunda-feira (12) pelo Banco Central (BC), o ano fechar\u00e1 com o \u00cdndice de Pre\u00e7os ao Consumidor Amplo (IPCA) em 4,05%.<\/p>\n<p>Na semana passada, este \u00edndice, que serve de refer\u00eancia para a infla\u00e7\u00e3o oficial do pa\u00eds, estava em 4,06%. E h\u00e1 quatro semanas em 4,10%.<\/p>\n<p>Para os anos subsequentes (2027 e 2028) as proje\u00e7\u00f5es s\u00e3o as mesmas h\u00e1 dez semanas, em 3,80% e 3,50%, respectivamente.<\/p>\n<p><strong>Meta de infla\u00e7\u00e3o<\/strong><br \/>\nDefinida pelo Conselho Monet\u00e1rio Nacional (CMN), a meta de infla\u00e7\u00e3o para 2025 \u00e9 3%, com intervalo de toler\u00e2ncia de 1,5 ponto percentual para cima ou para baixo. Ou seja, o limite inferior \u00e9 1,5%, e o superior, 4,5%.<\/p>\n<p>De acordo com o Instituto Brasileiro de Geografia Estat\u00edstica (IBGE), a infla\u00e7\u00e3o medida em dezembro teve alta de 0,33%, ante ao 0,18% registrado no m\u00eas anterior. Com isso, o IPCA de 2025 ficou em 4,26%, dentro da meta do governo.<\/p>\n<p>Segundo o IBGE, com exce\u00e7\u00e3o do grupo habita\u00e7\u00e3o, que registrou queda de 0,33%, os demais grupos de produtos e servi\u00e7os pesquisados tiveram alta em dezembro.<\/p>\n<p>A maior varia\u00e7\u00e3o (0,74%) e o maior impacto (0,15 p.p.) vieram dos transportes, seguido, em termos de impacto, por sa\u00fade e cuidados pessoais, com alta de 0,52% e 0,07 p.p.<\/p>\n<p><strong>PIB<\/strong><br \/>\nOs demais \u00edndices do Boletim Focus divulgado hoje se mantiveram est\u00e1veis em rela\u00e7\u00e3o \u00e0s semanas anteriores.<\/p>\n<p>No caso do Produto Interno Bruto (PIB, a soma de todos os bens e servi\u00e7os produzidos no Brasil), o mercado projeta que a economia do pa\u00eds crescer\u00e1 1,80% em 2026 \u2013 percentual que vem sendo projetado h\u00e1 cinco semanas consecutivas, e o mesmo projetado para 2027.<\/p>\n<p>Para 2028, as expectativas s\u00e3o de que o PIB feche o ano com um crescimento de 2%.<\/p>\n<p><strong>C\u00e2mbio<\/strong><br \/>\nCom rela\u00e7\u00e3o ao c\u00e2mbio, as proje\u00e7\u00f5es do mercado permanecem est\u00e1veis h\u00e1 13 semanas consecutivos, com uma expectativa de que o d\u00f3lar feche 2026 cotado a R$ 5,50 \u2013 o mesmo valor projetado para 2027.<\/p>\n<p>Para 2028, as expectativas s\u00e3o de que a moeda estadunidense termine o ano cotada a R$ 5,52.<\/p>\n<p><strong>Selic<\/strong><br \/>\nA taxa b\u00e1sica de juros (Selic) dever\u00e1 ser reduzida dos atuais 15% para 12,25% at\u00e9 o final de 2026, segundo o mercado financeiro; e para 10,50% em 2027. Para o ano subsequente (2028), as expectativas s\u00e3o de que ela caia ainda mais, para 9,88%.<\/p>\n<p>A Selic, atualmente, est\u00e1 em seu maior n\u00edvel desde julho de 2006, quando registrou 15,25% ao ano. Ap\u00f3s chegar a 10,5% ao ano em maio do ano passado, a taxa come\u00e7ou a ser elevada em setembro de 2024.<\/p>\n<p>A Selic chegou a 15% ao ano na reuni\u00e3o de junho, sendo mantida nesse n\u00edvel desde ent\u00e3o.<\/p>\n<p><strong>Varia\u00e7\u00f5es da Selic<\/strong><br \/>\nQuando o Copom aumenta a Selic, a finalidade \u00e9 conter a demanda aquecida; isso causa reflexos nos pre\u00e7os porque os juros mais altos encarecem o cr\u00e9dito e estimulam a poupan\u00e7a. Assim, taxas mais altas tamb\u00e9m podem dificultar a expans\u00e3o da economia.<\/p>\n<p>Os bancos ainda consideram outros fatores na hora de definir os juros cobrados dos consumidores, como risco de inadimpl\u00eancia, lucro e despesas administrativas.<\/p>\n<p>Quando a taxa Selic \u00e9 reduzida, a tend\u00eancia \u00e9 que o cr\u00e9dito fique mais barato, com incentivo \u00e0 produ\u00e7\u00e3o e ao consumo, reduzindo o controle sobre a infla\u00e7\u00e3o e estimulando a atividade econ\u00f4mica.<\/p>\n","protected":false},"excerpt":{"rendered":"<p>O mercado financeiro reviu para baixo as expectativas de infla\u00e7\u00e3o para o ano de 2026. De acordo com o Boletim Focus, divulgado nesta segunda-feira (12) pelo Banco Central (BC), o ano fechar\u00e1 com o \u00cdndice de Pre\u00e7os ao Consumidor Amplo (IPCA) em 4,05%. Na semana passada, este \u00edndice, que serve de refer\u00eancia para a infla\u00e7\u00e3o [&hellip;]<\/p>\n","protected":false},"author":2,"featured_media":378714,"comment_status":"closed","ping_status":"closed","sticky":false,"template":"","format":"standard","meta":{"_acf_changed":false,"footnotes":""},"categories":[16],"tags":[95],"class_list":["post-378713","post","type-post","status-publish","format-standard","has-post-thumbnail","hentry","category-brasil","tag-capa"],"acf":[],"yoast_head":"<!-- This site is optimized with the Yoast SEO plugin v27.2 - https:\/\/yoast.com\/product\/yoast-seo-wordpress\/ -->\n<title>Ano mal come\u00e7a e mercado financeiro derruba infla\u00e7\u00e3o a 4% - Notibras<\/title>\n<meta name=\"robots\" content=\"index, follow, max-snippet:-1, max-image-preview:large, max-video-preview:-1\" \/>\n<link rel=\"canonical\" href=\"https:\/\/www.notibras.com\/site\/ano-mal-comeca-e-mercado-financeiro-derruba-inflacao-a-4\/\" \/>\n<meta property=\"og:locale\" content=\"pt_BR\" \/>\n<meta property=\"og:type\" content=\"article\" \/>\n<meta property=\"og:title\" content=\"Ano mal come\u00e7a e mercado financeiro derruba infla\u00e7\u00e3o a 4% - Notibras\" \/>\n<meta property=\"og:description\" content=\"O mercado financeiro reviu para baixo as expectativas de infla\u00e7\u00e3o para o ano de 2026. De acordo com o Boletim Focus, divulgado nesta segunda-feira (12) pelo Banco Central (BC), o ano fechar\u00e1 com o \u00cdndice de Pre\u00e7os ao Consumidor Amplo (IPCA) em 4,05%. Na semana passada, este \u00edndice, que serve de refer\u00eancia para a infla\u00e7\u00e3o [&hellip;]\" \/>\n<meta property=\"og:url\" content=\"https:\/\/www.notibras.com\/site\/ano-mal-comeca-e-mercado-financeiro-derruba-inflacao-a-4\/\" \/>\n<meta property=\"og:site_name\" content=\"Notibras\" \/>\n<meta property=\"article:publisher\" content=\"https:\/\/www.facebook.com\/notibras\/\" \/>\n<meta property=\"article:published_time\" content=\"2026-01-12T13:54:11+00:00\" \/>\n<meta property=\"article:modified_time\" content=\"2026-01-12T15:56:39+00:00\" \/>\n<meta property=\"og:image\" content=\"https:\/\/www.notibras.com\/site\/wp-content\/uploads\/2026\/01\/economia_1609210412_0-1.webp\" \/>\n\t<meta property=\"og:image:width\" content=\"1170\" \/>\n\t<meta property=\"og:image:height\" content=\"700\" \/>\n\t<meta property=\"og:image:type\" content=\"image\/webp\" \/>\n<meta name=\"author\" content=\"Reda\u00e7\u00e3o\" \/>\n<meta name=\"twitter:card\" content=\"summary_large_image\" \/>\n<meta name=\"twitter:creator\" content=\"@Notibras\" \/>\n<meta name=\"twitter:site\" content=\"@Notibras\" \/>\n<meta name=\"twitter:label1\" content=\"Escrito por\" \/>\n\t<meta name=\"twitter:data1\" content=\"Reda\u00e7\u00e3o\" \/>\n\t<meta name=\"twitter:label2\" content=\"Est. tempo de leitura\" \/>\n\t<meta name=\"twitter:data2\" content=\"4 minutos\" \/>\n<script type=\"application\/ld+json\" class=\"yoast-schema-graph\">{\"@context\":\"https:\/\/schema.org\",\"@graph\":[{\"@type\":\"Article\",\"@id\":\"https:\/\/www.notibras.com\/site\/ano-mal-comeca-e-mercado-financeiro-derruba-inflacao-a-4\/#article\",\"isPartOf\":{\"@id\":\"https:\/\/www.notibras.com\/site\/ano-mal-comeca-e-mercado-financeiro-derruba-inflacao-a-4\/\"},\"author\":{\"name\":\"Reda\u00e7\u00e3o\",\"@id\":\"https:\/\/www.notibras.com\/site\/#\/schema\/person\/36ab0979449956132d3e5b517ea76ac8\"},\"headline\":\"Ano mal come\u00e7a e mercado financeiro derruba infla\u00e7\u00e3o a 4%\",\"datePublished\":\"2026-01-12T13:54:11+00:00\",\"dateModified\":\"2026-01-12T15:56:39+00:00\",\"mainEntityOfPage\":{\"@id\":\"https:\/\/www.notibras.com\/site\/ano-mal-comeca-e-mercado-financeiro-derruba-inflacao-a-4\/\"},\"wordCount\":565,\"publisher\":{\"@id\":\"https:\/\/www.notibras.com\/site\/#organization\"},\"image\":{\"@id\":\"https:\/\/www.notibras.com\/site\/ano-mal-comeca-e-mercado-financeiro-derruba-inflacao-a-4\/#primaryimage\"},\"thumbnailUrl\":\"https:\/\/www.notibras.com\/site\/wp-content\/uploads\/2026\/01\/economia_1609210412_0-1.webp\",\"keywords\":[\"capa\"],\"articleSection\":[\"Brasil\"],\"inLanguage\":\"pt-BR\"},{\"@type\":\"WebPage\",\"@id\":\"https:\/\/www.notibras.com\/site\/ano-mal-comeca-e-mercado-financeiro-derruba-inflacao-a-4\/\",\"url\":\"https:\/\/www.notibras.com\/site\/ano-mal-comeca-e-mercado-financeiro-derruba-inflacao-a-4\/\",\"name\":\"Ano mal come\u00e7a e mercado financeiro derruba infla\u00e7\u00e3o a 4% - Notibras\",\"isPartOf\":{\"@id\":\"https:\/\/www.notibras.com\/site\/#website\"},\"primaryImageOfPage\":{\"@id\":\"https:\/\/www.notibras.com\/site\/ano-mal-comeca-e-mercado-financeiro-derruba-inflacao-a-4\/#primaryimage\"},\"image\":{\"@id\":\"https:\/\/www.notibras.com\/site\/ano-mal-comeca-e-mercado-financeiro-derruba-inflacao-a-4\/#primaryimage\"},\"thumbnailUrl\":\"https:\/\/www.notibras.com\/site\/wp-content\/uploads\/2026\/01\/economia_1609210412_0-1.webp\",\"datePublished\":\"2026-01-12T13:54:11+00:00\",\"dateModified\":\"2026-01-12T15:56:39+00:00\",\"breadcrumb\":{\"@id\":\"https:\/\/www.notibras.com\/site\/ano-mal-comeca-e-mercado-financeiro-derruba-inflacao-a-4\/#breadcrumb\"},\"inLanguage\":\"pt-BR\",\"potentialAction\":[{\"@type\":\"ReadAction\",\"target\":[\"https:\/\/www.notibras.com\/site\/ano-mal-comeca-e-mercado-financeiro-derruba-inflacao-a-4\/\"]}]},{\"@type\":\"ImageObject\",\"inLanguage\":\"pt-BR\",\"@id\":\"https:\/\/www.notibras.com\/site\/ano-mal-comeca-e-mercado-financeiro-derruba-inflacao-a-4\/#primaryimage\",\"url\":\"https:\/\/www.notibras.com\/site\/wp-content\/uploads\/2026\/01\/economia_1609210412_0-1.webp\",\"contentUrl\":\"https:\/\/www.notibras.com\/site\/wp-content\/uploads\/2026\/01\/economia_1609210412_0-1.webp\",\"width\":1170,\"height\":700},{\"@type\":\"BreadcrumbList\",\"@id\":\"https:\/\/www.notibras.com\/site\/ano-mal-comeca-e-mercado-financeiro-derruba-inflacao-a-4\/#breadcrumb\",\"itemListElement\":[{\"@type\":\"ListItem\",\"position\":1,\"name\":\"In\u00edcio\",\"item\":\"https:\/\/www.notibras.com\/site\/\"},{\"@type\":\"ListItem\",\"position\":2,\"name\":\"Ano mal come\u00e7a e mercado financeiro derruba infla\u00e7\u00e3o a 4%\"}]},{\"@type\":\"WebSite\",\"@id\":\"https:\/\/www.notibras.com\/site\/#website\",\"url\":\"https:\/\/www.notibras.com\/site\/\",\"name\":\"Notibras\",\"description\":\"Not\u00edcias de Bras\u00edlia, do Brasil e do Mundo\",\"publisher\":{\"@id\":\"https:\/\/www.notibras.com\/site\/#organization\"},\"potentialAction\":[{\"@type\":\"SearchAction\",\"target\":{\"@type\":\"EntryPoint\",\"urlTemplate\":\"https:\/\/www.notibras.com\/site\/?s={search_term_string}\"},\"query-input\":{\"@type\":\"PropertyValueSpecification\",\"valueRequired\":true,\"valueName\":\"search_term_string\"}}],\"inLanguage\":\"pt-BR\"},{\"@type\":\"Organization\",\"@id\":\"https:\/\/www.notibras.com\/site\/#organization\",\"name\":\"Grupo Notibras de Comunica\u00e7\u00e3o\",\"url\":\"https:\/\/www.notibras.com\/site\/\",\"logo\":{\"@type\":\"ImageObject\",\"inLanguage\":\"pt-BR\",\"@id\":\"https:\/\/www.notibras.com\/site\/#\/schema\/logo\/image\/\",\"url\":\"https:\/\/www.notibras.com\/site\/wp-content\/uploads\/2023\/01\/notibras23.png\",\"contentUrl\":\"https:\/\/www.notibras.com\/site\/wp-content\/uploads\/2023\/01\/notibras23.png\",\"width\":350,\"height\":87,\"caption\":\"Grupo Notibras de Comunica\u00e7\u00e3o\"},\"image\":{\"@id\":\"https:\/\/www.notibras.com\/site\/#\/schema\/logo\/image\/\"},\"sameAs\":[\"https:\/\/www.facebook.com\/notibras\/\",\"https:\/\/x.com\/Notibras\",\"https:\/\/www.instagram.com\/notibras\/\"]},{\"@type\":\"Person\",\"@id\":\"https:\/\/www.notibras.com\/site\/#\/schema\/person\/36ab0979449956132d3e5b517ea76ac8\",\"name\":\"Reda\u00e7\u00e3o\",\"image\":{\"@type\":\"ImageObject\",\"inLanguage\":\"pt-BR\",\"@id\":\"https:\/\/secure.gravatar.com\/avatar\/e0a867bdedb85fd243eadf09663511f96fc81e0720a4a42581f334ad4303aa6b?s=96&d=mm&r=g\",\"url\":\"https:\/\/secure.gravatar.com\/avatar\/e0a867bdedb85fd243eadf09663511f96fc81e0720a4a42581f334ad4303aa6b?s=96&d=mm&r=g\",\"contentUrl\":\"https:\/\/secure.gravatar.com\/avatar\/e0a867bdedb85fd243eadf09663511f96fc81e0720a4a42581f334ad4303aa6b?s=96&d=mm&r=g\",\"caption\":\"Reda\u00e7\u00e3o\"}}]}<\/script>\n<!-- \/ Yoast SEO plugin. -->","yoast_head_json":{"title":"Ano mal come\u00e7a e mercado financeiro derruba infla\u00e7\u00e3o a 4% - Notibras","robots":{"index":"index","follow":"follow","max-snippet":"max-snippet:-1","max-image-preview":"max-image-preview:large","max-video-preview":"max-video-preview:-1"},"canonical":"https:\/\/www.notibras.com\/site\/ano-mal-comeca-e-mercado-financeiro-derruba-inflacao-a-4\/","og_locale":"pt_BR","og_type":"article","og_title":"Ano mal come\u00e7a e mercado financeiro derruba infla\u00e7\u00e3o a 4% - Notibras","og_description":"O mercado financeiro reviu para baixo as expectativas de infla\u00e7\u00e3o para o ano de 2026. De acordo com o Boletim Focus, divulgado nesta segunda-feira (12) pelo Banco Central (BC), o ano fechar\u00e1 com o \u00cdndice de Pre\u00e7os ao Consumidor Amplo (IPCA) em 4,05%. Na semana passada, este \u00edndice, que serve de refer\u00eancia para a infla\u00e7\u00e3o [&hellip;]","og_url":"https:\/\/www.notibras.com\/site\/ano-mal-comeca-e-mercado-financeiro-derruba-inflacao-a-4\/","og_site_name":"Notibras","article_publisher":"https:\/\/www.facebook.com\/notibras\/","article_published_time":"2026-01-12T13:54:11+00:00","article_modified_time":"2026-01-12T15:56:39+00:00","og_image":[{"width":1170,"height":700,"url":"https:\/\/www.notibras.com\/site\/wp-content\/uploads\/2026\/01\/economia_1609210412_0-1.webp","type":"image\/webp"}],"author":"Reda\u00e7\u00e3o","twitter_card":"summary_large_image","twitter_creator":"@Notibras","twitter_site":"@Notibras","twitter_misc":{"Escrito por":"Reda\u00e7\u00e3o","Est. tempo de leitura":"4 minutos"},"schema":{"@context":"https:\/\/schema.org","@graph":[{"@type":"Article","@id":"https:\/\/www.notibras.com\/site\/ano-mal-comeca-e-mercado-financeiro-derruba-inflacao-a-4\/#article","isPartOf":{"@id":"https:\/\/www.notibras.com\/site\/ano-mal-comeca-e-mercado-financeiro-derruba-inflacao-a-4\/"},"author":{"name":"Reda\u00e7\u00e3o","@id":"https:\/\/www.notibras.com\/site\/#\/schema\/person\/36ab0979449956132d3e5b517ea76ac8"},"headline":"Ano mal come\u00e7a e mercado financeiro derruba infla\u00e7\u00e3o a 4%","datePublished":"2026-01-12T13:54:11+00:00","dateModified":"2026-01-12T15:56:39+00:00","mainEntityOfPage":{"@id":"https:\/\/www.notibras.com\/site\/ano-mal-comeca-e-mercado-financeiro-derruba-inflacao-a-4\/"},"wordCount":565,"publisher":{"@id":"https:\/\/www.notibras.com\/site\/#organization"},"image":{"@id":"https:\/\/www.notibras.com\/site\/ano-mal-comeca-e-mercado-financeiro-derruba-inflacao-a-4\/#primaryimage"},"thumbnailUrl":"https:\/\/www.notibras.com\/site\/wp-content\/uploads\/2026\/01\/economia_1609210412_0-1.webp","keywords":["capa"],"articleSection":["Brasil"],"inLanguage":"pt-BR"},{"@type":"WebPage","@id":"https:\/\/www.notibras.com\/site\/ano-mal-comeca-e-mercado-financeiro-derruba-inflacao-a-4\/","url":"https:\/\/www.notibras.com\/site\/ano-mal-comeca-e-mercado-financeiro-derruba-inflacao-a-4\/","name":"Ano mal come\u00e7a e mercado financeiro derruba infla\u00e7\u00e3o a 4% - Notibras","isPartOf":{"@id":"https:\/\/www.notibras.com\/site\/#website"},"primaryImageOfPage":{"@id":"https:\/\/www.notibras.com\/site\/ano-mal-comeca-e-mercado-financeiro-derruba-inflacao-a-4\/#primaryimage"},"image":{"@id":"https:\/\/www.notibras.com\/site\/ano-mal-comeca-e-mercado-financeiro-derruba-inflacao-a-4\/#primaryimage"},"thumbnailUrl":"https:\/\/www.notibras.com\/site\/wp-content\/uploads\/2026\/01\/economia_1609210412_0-1.webp","datePublished":"2026-01-12T13:54:11+00:00","dateModified":"2026-01-12T15:56:39+00:00","breadcrumb":{"@id":"https:\/\/www.notibras.com\/site\/ano-mal-comeca-e-mercado-financeiro-derruba-inflacao-a-4\/#breadcrumb"},"inLanguage":"pt-BR","potentialAction":[{"@type":"ReadAction","target":["https:\/\/www.notibras.com\/site\/ano-mal-comeca-e-mercado-financeiro-derruba-inflacao-a-4\/"]}]},{"@type":"ImageObject","inLanguage":"pt-BR","@id":"https:\/\/www.notibras.com\/site\/ano-mal-comeca-e-mercado-financeiro-derruba-inflacao-a-4\/#primaryimage","url":"https:\/\/www.notibras.com\/site\/wp-content\/uploads\/2026\/01\/economia_1609210412_0-1.webp","contentUrl":"https:\/\/www.notibras.com\/site\/wp-content\/uploads\/2026\/01\/economia_1609210412_0-1.webp","width":1170,"height":700},{"@type":"BreadcrumbList","@id":"https:\/\/www.notibras.com\/site\/ano-mal-comeca-e-mercado-financeiro-derruba-inflacao-a-4\/#breadcrumb","itemListElement":[{"@type":"ListItem","position":1,"name":"In\u00edcio","item":"https:\/\/www.notibras.com\/site\/"},{"@type":"ListItem","position":2,"name":"Ano mal come\u00e7a e mercado financeiro derruba infla\u00e7\u00e3o a 4%"}]},{"@type":"WebSite","@id":"https:\/\/www.notibras.com\/site\/#website","url":"https:\/\/www.notibras.com\/site\/","name":"Notibras","description":"Not\u00edcias de Bras\u00edlia, do Brasil e do Mundo","publisher":{"@id":"https:\/\/www.notibras.com\/site\/#organization"},"potentialAction":[{"@type":"SearchAction","target":{"@type":"EntryPoint","urlTemplate":"https:\/\/www.notibras.com\/site\/?s={search_term_string}"},"query-input":{"@type":"PropertyValueSpecification","valueRequired":true,"valueName":"search_term_string"}}],"inLanguage":"pt-BR"},{"@type":"Organization","@id":"https:\/\/www.notibras.com\/site\/#organization","name":"Grupo Notibras de Comunica\u00e7\u00e3o","url":"https:\/\/www.notibras.com\/site\/","logo":{"@type":"ImageObject","inLanguage":"pt-BR","@id":"https:\/\/www.notibras.com\/site\/#\/schema\/logo\/image\/","url":"https:\/\/www.notibras.com\/site\/wp-content\/uploads\/2023\/01\/notibras23.png","contentUrl":"https:\/\/www.notibras.com\/site\/wp-content\/uploads\/2023\/01\/notibras23.png","width":350,"height":87,"caption":"Grupo Notibras de Comunica\u00e7\u00e3o"},"image":{"@id":"https:\/\/www.notibras.com\/site\/#\/schema\/logo\/image\/"},"sameAs":["https:\/\/www.facebook.com\/notibras\/","https:\/\/x.com\/Notibras","https:\/\/www.instagram.com\/notibras\/"]},{"@type":"Person","@id":"https:\/\/www.notibras.com\/site\/#\/schema\/person\/36ab0979449956132d3e5b517ea76ac8","name":"Reda\u00e7\u00e3o","image":{"@type":"ImageObject","inLanguage":"pt-BR","@id":"https:\/\/secure.gravatar.com\/avatar\/e0a867bdedb85fd243eadf09663511f96fc81e0720a4a42581f334ad4303aa6b?s=96&d=mm&r=g","url":"https:\/\/secure.gravatar.com\/avatar\/e0a867bdedb85fd243eadf09663511f96fc81e0720a4a42581f334ad4303aa6b?s=96&d=mm&r=g","contentUrl":"https:\/\/secure.gravatar.com\/avatar\/e0a867bdedb85fd243eadf09663511f96fc81e0720a4a42581f334ad4303aa6b?s=96&d=mm&r=g","caption":"Reda\u00e7\u00e3o"}}]}},"amp_enabled":true,"_links":{"self":[{"href":"https:\/\/www.notibras.com\/site\/wp-json\/wp\/v2\/posts\/378713","targetHints":{"allow":["GET"]}}],"collection":[{"href":"https:\/\/www.notibras.com\/site\/wp-json\/wp\/v2\/posts"}],"about":[{"href":"https:\/\/www.notibras.com\/site\/wp-json\/wp\/v2\/types\/post"}],"author":[{"embeddable":true,"href":"https:\/\/www.notibras.com\/site\/wp-json\/wp\/v2\/users\/2"}],"replies":[{"embeddable":true,"href":"https:\/\/www.notibras.com\/site\/wp-json\/wp\/v2\/comments?post=378713"}],"version-history":[{"count":1,"href":"https:\/\/www.notibras.com\/site\/wp-json\/wp\/v2\/posts\/378713\/revisions"}],"predecessor-version":[{"id":378715,"href":"https:\/\/www.notibras.com\/site\/wp-json\/wp\/v2\/posts\/378713\/revisions\/378715"}],"wp:featuredmedia":[{"embeddable":true,"href":"https:\/\/www.notibras.com\/site\/wp-json\/wp\/v2\/media\/378714"}],"wp:attachment":[{"href":"https:\/\/www.notibras.com\/site\/wp-json\/wp\/v2\/media?parent=378713"}],"wp:term":[{"taxonomy":"category","embeddable":true,"href":"https:\/\/www.notibras.com\/site\/wp-json\/wp\/v2\/categories?post=378713"},{"taxonomy":"post_tag","embeddable":true,"href":"https:\/\/www.notibras.com\/site\/wp-json\/wp\/v2\/tags?post=378713"}],"curies":[{"name":"wp","href":"https:\/\/api.w.org\/{rel}","templated":true}]}}