{"id":378729,"date":"2026-01-14T01:00:59","date_gmt":"2026-01-14T04:00:59","guid":{"rendered":"https:\/\/www.notibras.com\/site\/?p=378729"},"modified":"2026-01-14T09:59:04","modified_gmt":"2026-01-14T12:59:04","slug":"o-brasil-e-de-todos-os-deuses-e-a-leopoldina-e-um-mar-de-fieis","status":"publish","type":"post","link":"https:\/\/www.notibras.com\/site\/o-brasil-e-de-todos-os-deuses-e-a-leopoldina-e-um-mar-de-fieis\/","title":{"rendered":"O Brasil \u00e9 de todos os deuses e a Leopoldina \u00e9 um mar de fi\u00e9is"},"content":{"rendered":"<p>Falar de intoler\u00e2ncia religiosa \u00e9 falar de uma ferida aberta na nossa sociedade. Quando algu\u00e9m \u00e9 atacado, silenciado ou desrespeitado por causa da sua f\u00e9, n\u00e3o \u00e9 s\u00f3 um direito individual que \u00e9 violado, \u00e9 toda uma comunidade que sofre junto. A liberdade de cren\u00e7a \u00e9 um direito b\u00e1sico, garantido pela nossa Constitui\u00e7\u00e3o e por acordos internacionais que o Brasil \u00e9 signat\u00e1rio, mas que, na pr\u00e1tica, ainda precisa ser defendido todos os dias.<\/p>\n<p>Historicamente ligadas \u00e0s camadas populares e \u00e0s tradi\u00e7\u00f5es afrodescendentes, as escolas de samba carregam a mem\u00f3ria da resist\u00eancia de povos marginalizados, em especial da popula\u00e7\u00e3o negra e das religi\u00f5es de matriz africana. Por meio de seus desfiles, enredos, seus sambas de enredo e da viv\u00eancia cotidiana em suas quadras, essas institui\u00e7\u00f5es constroem narrativas que valorizam a diversidade cultural e religiosa do pa\u00eds. Sendo um exemplo de harmonia entre as diversas cren\u00e7as.<\/p>\n<p>Em 2010, a escola de samba carioca Imperatriz Leopoldinense apresentou o enredo \u201cBrasil de Todos os Deuses\u201d, do saudoso carnavalesco Max Lopes. A escola exaltou, de forma po\u00e9tica e contundente, a diversidade religiosa brasileira. Dos cultos dos povos ind\u00edgenas e africanos \u00e0s tradi\u00e7\u00f5es crist\u00e3s, judaicas, budistas e isl\u00e2micas, propondo uma mensagem de conviv\u00eancia pac\u00edfica e respeito m\u00fatuo entre todas as cren\u00e7as.<\/p>\n<p>Num pa\u00eds marcado por epis\u00f3dios recorrentes de intoler\u00e2ncia religiosa, sobretudo contra as religi\u00f5es de matriz africana, a escolha do enredo foi tamb\u00e9m um gesto pol\u00edtico e pedag\u00f3gico da agremia\u00e7\u00e3o da Zona da Leopoldina. As escolas de samba ensinam pelo exemplo. S\u00e3o espa\u00e7os onde pessoas de diferentes cren\u00e7as convivem, se divertem, trabalham juntas e se respeitam. Ali, a f\u00e9 n\u00e3o exclui, pelo contr\u00e1rio, acolhe. \u00c9 a laicidade vivida no cotidiano, no ritmo dos tambores, nos versos dos sambas e na ancestralidade dos que lutaram e lutam por um Brasil verdadeiramente plural. \u00c9 exemplo de respeito e toler\u00e2ncia para o mundo. Para al\u00e9m da folia, o samba educa, une e resiste.<\/p>\n<p>Quando a Imperatriz cantou que \u201ca Leopoldina \u00e9 um mar de fi\u00e9is\u201d, n\u00e3o estava falando s\u00f3 de Carnaval. Ela traduziu o cotidiano religioso da regi\u00e3o da Leopoldina, um dos territ\u00f3rios mais diversos e simb\u00f3licos da cidade do Rio de Janeiro.<\/p>\n<p>Sob as b\u00ean\u00e7\u00e3os de Nossa Senhora da Penha, a regi\u00e3o resiste em meio a terreiros, igrejas cat\u00f3licas e evang\u00e9licas, centros esp\u00edritas e in\u00fameras outras cren\u00e7as. Um verdadeiro mosaico de f\u00e9 popular, resistente, vibrante e, muitas vezes, alvo de intoler\u00e2ncia, preconceito e viol\u00eancia.<\/p>\n<p>A Comiss\u00e3o de Combate \u00e0 Intoler\u00e2ncia Religiosa da Ordem dos Advogados do Brasil\/RJ \u2013 Subse\u00e7\u00e3o Leopoldina entende que essa diversidade \u00e9 um patrim\u00f4nio imaterial da regi\u00e3o. Assim, segue na miss\u00e3o de garantir que nenhuma f\u00e9 seja marginalizada, violada ou silenciada.<\/p>\n<p>O Carnaval ensina o que a Constitui\u00e7\u00e3o diz: n\u00e3o h\u00e1 hierarquia entre as f\u00e9s. N\u00e3o h\u00e1 religi\u00e3o superior, nem f\u00e9 leg\u00edtima que possa ser imposta. H\u00e1 sim, um \u201cpovo romeiro, valente e festeiro\u201d, que caminha com esperan\u00e7a num amanh\u00e3 melhor.<\/p>\n<p>A Leopoldina \u00e9, sim, um mar de fi\u00e9is, mas tamb\u00e9m \u00e9 um mar de resist\u00eancia, de cultura, de ancestralidade e de luta. E a OAB, por meio de sua subse\u00e7\u00e3o Leopoldina, se faz presente nesse mar, n\u00e3o como barco \u00e0 deriva, mas como farol de justi\u00e7a, igualdade e prote\u00e7\u00e3o \u00e0 diversidade.<\/p>\n<p><strong>&#8230;&#8230;&#8230;&#8230;&#8230;&#8230;.<\/strong><\/p>\n<p><strong>Tadeu Goes \u00e9 advogado, historiador, poeta,\u00a0 artista pl\u00e1stico e presidente da Comiss\u00e3o de Combate \u00e0 Intoler\u00e2ncia Religiosa da OAB\/RJ \u2013 Subse\u00e7\u00e3o Leopoldina.<\/strong><\/p>\n","protected":false},"excerpt":{"rendered":"<p>Falar de intoler\u00e2ncia religiosa \u00e9 falar de uma ferida aberta na nossa sociedade. Quando algu\u00e9m \u00e9 atacado, silenciado ou desrespeitado por causa da sua f\u00e9, n\u00e3o \u00e9 s\u00f3 um direito individual que \u00e9 violado, \u00e9 toda uma comunidade que sofre junto. A liberdade de cren\u00e7a \u00e9 um direito b\u00e1sico, garantido pela nossa Constitui\u00e7\u00e3o e por [&hellip;]<\/p>\n","protected":false},"author":21,"featured_media":378730,"comment_status":"closed","ping_status":"closed","sticky":false,"template":"","format":"standard","meta":{"_acf_changed":false,"footnotes":""},"categories":[234],"tags":[],"class_list":["post-378729","post","type-post","status-publish","format-standard","has-post-thumbnail","hentry","category-cafe-literario"],"acf":[],"yoast_head":"<!-- This site is optimized with the Yoast SEO plugin v27.2 - https:\/\/yoast.com\/product\/yoast-seo-wordpress\/ -->\n<title>O Brasil \u00e9 de todos os deuses e a Leopoldina \u00e9 um mar de fi\u00e9is - Notibras<\/title>\n<meta name=\"robots\" content=\"index, follow, max-snippet:-1, max-image-preview:large, max-video-preview:-1\" \/>\n<link rel=\"canonical\" href=\"https:\/\/www.notibras.com\/site\/o-brasil-e-de-todos-os-deuses-e-a-leopoldina-e-um-mar-de-fieis\/\" \/>\n<meta property=\"og:locale\" content=\"pt_BR\" \/>\n<meta property=\"og:type\" content=\"article\" \/>\n<meta property=\"og:title\" content=\"O Brasil \u00e9 de todos os deuses e a Leopoldina \u00e9 um mar de fi\u00e9is - Notibras\" \/>\n<meta property=\"og:description\" content=\"Falar de intoler\u00e2ncia religiosa \u00e9 falar de uma ferida aberta na nossa sociedade. Quando algu\u00e9m \u00e9 atacado, silenciado ou desrespeitado por causa da sua f\u00e9, n\u00e3o \u00e9 s\u00f3 um direito individual que \u00e9 violado, \u00e9 toda uma comunidade que sofre junto. A liberdade de cren\u00e7a \u00e9 um direito b\u00e1sico, garantido pela nossa Constitui\u00e7\u00e3o e por [&hellip;]\" \/>\n<meta property=\"og:url\" content=\"https:\/\/www.notibras.com\/site\/o-brasil-e-de-todos-os-deuses-e-a-leopoldina-e-um-mar-de-fieis\/\" \/>\n<meta property=\"og:site_name\" content=\"Notibras\" \/>\n<meta property=\"article:publisher\" content=\"https:\/\/www.facebook.com\/notibras\/\" \/>\n<meta property=\"article:published_time\" content=\"2026-01-14T04:00:59+00:00\" \/>\n<meta property=\"article:modified_time\" content=\"2026-01-14T12:59:04+00:00\" \/>\n<meta property=\"og:image\" content=\"https:\/\/www.notibras.com\/site\/wp-content\/uploads\/2026\/01\/ChatGPT-Image-12_01_2026-21_07_40-1024x683.png\" \/>\n\t<meta property=\"og:image:width\" content=\"1024\" \/>\n\t<meta property=\"og:image:height\" content=\"683\" \/>\n\t<meta property=\"og:image:type\" content=\"image\/png\" \/>\n<meta name=\"author\" content=\"Eduardo Mart\u00ednez\" \/>\n<meta name=\"twitter:card\" content=\"summary_large_image\" \/>\n<meta name=\"twitter:creator\" content=\"@Notibras\" \/>\n<meta name=\"twitter:site\" content=\"@Notibras\" \/>\n<meta name=\"twitter:label1\" content=\"Escrito por\" \/>\n\t<meta name=\"twitter:data1\" content=\"Eduardo Mart\u00ednez\" \/>\n\t<meta name=\"twitter:label2\" content=\"Est. tempo de leitura\" \/>\n\t<meta name=\"twitter:data2\" content=\"4 minutos\" \/>\n<script type=\"application\/ld+json\" class=\"yoast-schema-graph\">{\"@context\":\"https:\/\/schema.org\",\"@graph\":[{\"@type\":\"Article\",\"@id\":\"https:\/\/www.notibras.com\/site\/o-brasil-e-de-todos-os-deuses-e-a-leopoldina-e-um-mar-de-fieis\/#article\",\"isPartOf\":{\"@id\":\"https:\/\/www.notibras.com\/site\/o-brasil-e-de-todos-os-deuses-e-a-leopoldina-e-um-mar-de-fieis\/\"},\"author\":{\"name\":\"Eduardo Mart\u00ednez\",\"@id\":\"https:\/\/www.notibras.com\/site\/#\/schema\/person\/5b7fabf2aedc3ada2105f03b22b4d3dd\"},\"headline\":\"O Brasil \u00e9 de todos os deuses e a Leopoldina \u00e9 um mar de fi\u00e9is\",\"datePublished\":\"2026-01-14T04:00:59+00:00\",\"dateModified\":\"2026-01-14T12:59:04+00:00\",\"mainEntityOfPage\":{\"@id\":\"https:\/\/www.notibras.com\/site\/o-brasil-e-de-todos-os-deuses-e-a-leopoldina-e-um-mar-de-fieis\/\"},\"wordCount\":624,\"publisher\":{\"@id\":\"https:\/\/www.notibras.com\/site\/#organization\"},\"image\":{\"@id\":\"https:\/\/www.notibras.com\/site\/o-brasil-e-de-todos-os-deuses-e-a-leopoldina-e-um-mar-de-fieis\/#primaryimage\"},\"thumbnailUrl\":\"https:\/\/www.notibras.com\/site\/wp-content\/uploads\/2026\/01\/ChatGPT-Image-12_01_2026-21_07_40.png\",\"articleSection\":[\"Caf\u00e9 Liter\u00e1rio\"],\"inLanguage\":\"pt-BR\"},{\"@type\":\"WebPage\",\"@id\":\"https:\/\/www.notibras.com\/site\/o-brasil-e-de-todos-os-deuses-e-a-leopoldina-e-um-mar-de-fieis\/\",\"url\":\"https:\/\/www.notibras.com\/site\/o-brasil-e-de-todos-os-deuses-e-a-leopoldina-e-um-mar-de-fieis\/\",\"name\":\"O Brasil \u00e9 de todos os deuses e a Leopoldina \u00e9 um mar de fi\u00e9is - Notibras\",\"isPartOf\":{\"@id\":\"https:\/\/www.notibras.com\/site\/#website\"},\"primaryImageOfPage\":{\"@id\":\"https:\/\/www.notibras.com\/site\/o-brasil-e-de-todos-os-deuses-e-a-leopoldina-e-um-mar-de-fieis\/#primaryimage\"},\"image\":{\"@id\":\"https:\/\/www.notibras.com\/site\/o-brasil-e-de-todos-os-deuses-e-a-leopoldina-e-um-mar-de-fieis\/#primaryimage\"},\"thumbnailUrl\":\"https:\/\/www.notibras.com\/site\/wp-content\/uploads\/2026\/01\/ChatGPT-Image-12_01_2026-21_07_40.png\",\"datePublished\":\"2026-01-14T04:00:59+00:00\",\"dateModified\":\"2026-01-14T12:59:04+00:00\",\"breadcrumb\":{\"@id\":\"https:\/\/www.notibras.com\/site\/o-brasil-e-de-todos-os-deuses-e-a-leopoldina-e-um-mar-de-fieis\/#breadcrumb\"},\"inLanguage\":\"pt-BR\",\"potentialAction\":[{\"@type\":\"ReadAction\",\"target\":[\"https:\/\/www.notibras.com\/site\/o-brasil-e-de-todos-os-deuses-e-a-leopoldina-e-um-mar-de-fieis\/\"]}]},{\"@type\":\"ImageObject\",\"inLanguage\":\"pt-BR\",\"@id\":\"https:\/\/www.notibras.com\/site\/o-brasil-e-de-todos-os-deuses-e-a-leopoldina-e-um-mar-de-fieis\/#primaryimage\",\"url\":\"https:\/\/www.notibras.com\/site\/wp-content\/uploads\/2026\/01\/ChatGPT-Image-12_01_2026-21_07_40.png\",\"contentUrl\":\"https:\/\/www.notibras.com\/site\/wp-content\/uploads\/2026\/01\/ChatGPT-Image-12_01_2026-21_07_40.png\",\"width\":1536,\"height\":1024},{\"@type\":\"BreadcrumbList\",\"@id\":\"https:\/\/www.notibras.com\/site\/o-brasil-e-de-todos-os-deuses-e-a-leopoldina-e-um-mar-de-fieis\/#breadcrumb\",\"itemListElement\":[{\"@type\":\"ListItem\",\"position\":1,\"name\":\"In\u00edcio\",\"item\":\"https:\/\/www.notibras.com\/site\/\"},{\"@type\":\"ListItem\",\"position\":2,\"name\":\"O Brasil \u00e9 de todos os deuses e a Leopoldina \u00e9 um mar de fi\u00e9is\"}]},{\"@type\":\"WebSite\",\"@id\":\"https:\/\/www.notibras.com\/site\/#website\",\"url\":\"https:\/\/www.notibras.com\/site\/\",\"name\":\"Notibras\",\"description\":\"Not\u00edcias de Bras\u00edlia, do Brasil e do Mundo\",\"publisher\":{\"@id\":\"https:\/\/www.notibras.com\/site\/#organization\"},\"potentialAction\":[{\"@type\":\"SearchAction\",\"target\":{\"@type\":\"EntryPoint\",\"urlTemplate\":\"https:\/\/www.notibras.com\/site\/?s={search_term_string}\"},\"query-input\":{\"@type\":\"PropertyValueSpecification\",\"valueRequired\":true,\"valueName\":\"search_term_string\"}}],\"inLanguage\":\"pt-BR\"},{\"@type\":\"Organization\",\"@id\":\"https:\/\/www.notibras.com\/site\/#organization\",\"name\":\"Grupo Notibras de Comunica\u00e7\u00e3o\",\"url\":\"https:\/\/www.notibras.com\/site\/\",\"logo\":{\"@type\":\"ImageObject\",\"inLanguage\":\"pt-BR\",\"@id\":\"https:\/\/www.notibras.com\/site\/#\/schema\/logo\/image\/\",\"url\":\"https:\/\/www.notibras.com\/site\/wp-content\/uploads\/2023\/01\/notibras23.png\",\"contentUrl\":\"https:\/\/www.notibras.com\/site\/wp-content\/uploads\/2023\/01\/notibras23.png\",\"width\":350,\"height\":87,\"caption\":\"Grupo Notibras de Comunica\u00e7\u00e3o\"},\"image\":{\"@id\":\"https:\/\/www.notibras.com\/site\/#\/schema\/logo\/image\/\"},\"sameAs\":[\"https:\/\/www.facebook.com\/notibras\/\",\"https:\/\/x.com\/Notibras\",\"https:\/\/www.instagram.com\/notibras\/\"]},{\"@type\":\"Person\",\"@id\":\"https:\/\/www.notibras.com\/site\/#\/schema\/person\/5b7fabf2aedc3ada2105f03b22b4d3dd\",\"name\":\"Eduardo Mart\u00ednez\",\"image\":{\"@type\":\"ImageObject\",\"inLanguage\":\"pt-BR\",\"@id\":\"https:\/\/secure.gravatar.com\/avatar\/7902f906289926289cbcda644b5197c796b893c6ffd7b9a536a42d290f7704a0?s=96&d=mm&r=g\",\"url\":\"https:\/\/secure.gravatar.com\/avatar\/7902f906289926289cbcda644b5197c796b893c6ffd7b9a536a42d290f7704a0?s=96&d=mm&r=g\",\"contentUrl\":\"https:\/\/secure.gravatar.com\/avatar\/7902f906289926289cbcda644b5197c796b893c6ffd7b9a536a42d290f7704a0?s=96&d=mm&r=g\",\"caption\":\"Eduardo Mart\u00ednez\"}}]}<\/script>\n<!-- \/ Yoast SEO plugin. -->","yoast_head_json":{"title":"O Brasil \u00e9 de todos os deuses e a Leopoldina \u00e9 um mar de fi\u00e9is - Notibras","robots":{"index":"index","follow":"follow","max-snippet":"max-snippet:-1","max-image-preview":"max-image-preview:large","max-video-preview":"max-video-preview:-1"},"canonical":"https:\/\/www.notibras.com\/site\/o-brasil-e-de-todos-os-deuses-e-a-leopoldina-e-um-mar-de-fieis\/","og_locale":"pt_BR","og_type":"article","og_title":"O Brasil \u00e9 de todos os deuses e a Leopoldina \u00e9 um mar de fi\u00e9is - Notibras","og_description":"Falar de intoler\u00e2ncia religiosa \u00e9 falar de uma ferida aberta na nossa sociedade. Quando algu\u00e9m \u00e9 atacado, silenciado ou desrespeitado por causa da sua f\u00e9, n\u00e3o \u00e9 s\u00f3 um direito individual que \u00e9 violado, \u00e9 toda uma comunidade que sofre junto. A liberdade de cren\u00e7a \u00e9 um direito b\u00e1sico, garantido pela nossa Constitui\u00e7\u00e3o e por [&hellip;]","og_url":"https:\/\/www.notibras.com\/site\/o-brasil-e-de-todos-os-deuses-e-a-leopoldina-e-um-mar-de-fieis\/","og_site_name":"Notibras","article_publisher":"https:\/\/www.facebook.com\/notibras\/","article_published_time":"2026-01-14T04:00:59+00:00","article_modified_time":"2026-01-14T12:59:04+00:00","og_image":[{"width":1024,"height":683,"url":"https:\/\/www.notibras.com\/site\/wp-content\/uploads\/2026\/01\/ChatGPT-Image-12_01_2026-21_07_40-1024x683.png","type":"image\/png"}],"author":"Eduardo Mart\u00ednez","twitter_card":"summary_large_image","twitter_creator":"@Notibras","twitter_site":"@Notibras","twitter_misc":{"Escrito por":"Eduardo Mart\u00ednez","Est. tempo de leitura":"4 minutos"},"schema":{"@context":"https:\/\/schema.org","@graph":[{"@type":"Article","@id":"https:\/\/www.notibras.com\/site\/o-brasil-e-de-todos-os-deuses-e-a-leopoldina-e-um-mar-de-fieis\/#article","isPartOf":{"@id":"https:\/\/www.notibras.com\/site\/o-brasil-e-de-todos-os-deuses-e-a-leopoldina-e-um-mar-de-fieis\/"},"author":{"name":"Eduardo Mart\u00ednez","@id":"https:\/\/www.notibras.com\/site\/#\/schema\/person\/5b7fabf2aedc3ada2105f03b22b4d3dd"},"headline":"O Brasil \u00e9 de todos os deuses e a Leopoldina \u00e9 um mar de fi\u00e9is","datePublished":"2026-01-14T04:00:59+00:00","dateModified":"2026-01-14T12:59:04+00:00","mainEntityOfPage":{"@id":"https:\/\/www.notibras.com\/site\/o-brasil-e-de-todos-os-deuses-e-a-leopoldina-e-um-mar-de-fieis\/"},"wordCount":624,"publisher":{"@id":"https:\/\/www.notibras.com\/site\/#organization"},"image":{"@id":"https:\/\/www.notibras.com\/site\/o-brasil-e-de-todos-os-deuses-e-a-leopoldina-e-um-mar-de-fieis\/#primaryimage"},"thumbnailUrl":"https:\/\/www.notibras.com\/site\/wp-content\/uploads\/2026\/01\/ChatGPT-Image-12_01_2026-21_07_40.png","articleSection":["Caf\u00e9 Liter\u00e1rio"],"inLanguage":"pt-BR"},{"@type":"WebPage","@id":"https:\/\/www.notibras.com\/site\/o-brasil-e-de-todos-os-deuses-e-a-leopoldina-e-um-mar-de-fieis\/","url":"https:\/\/www.notibras.com\/site\/o-brasil-e-de-todos-os-deuses-e-a-leopoldina-e-um-mar-de-fieis\/","name":"O Brasil \u00e9 de todos os deuses e a Leopoldina \u00e9 um mar de fi\u00e9is - Notibras","isPartOf":{"@id":"https:\/\/www.notibras.com\/site\/#website"},"primaryImageOfPage":{"@id":"https:\/\/www.notibras.com\/site\/o-brasil-e-de-todos-os-deuses-e-a-leopoldina-e-um-mar-de-fieis\/#primaryimage"},"image":{"@id":"https:\/\/www.notibras.com\/site\/o-brasil-e-de-todos-os-deuses-e-a-leopoldina-e-um-mar-de-fieis\/#primaryimage"},"thumbnailUrl":"https:\/\/www.notibras.com\/site\/wp-content\/uploads\/2026\/01\/ChatGPT-Image-12_01_2026-21_07_40.png","datePublished":"2026-01-14T04:00:59+00:00","dateModified":"2026-01-14T12:59:04+00:00","breadcrumb":{"@id":"https:\/\/www.notibras.com\/site\/o-brasil-e-de-todos-os-deuses-e-a-leopoldina-e-um-mar-de-fieis\/#breadcrumb"},"inLanguage":"pt-BR","potentialAction":[{"@type":"ReadAction","target":["https:\/\/www.notibras.com\/site\/o-brasil-e-de-todos-os-deuses-e-a-leopoldina-e-um-mar-de-fieis\/"]}]},{"@type":"ImageObject","inLanguage":"pt-BR","@id":"https:\/\/www.notibras.com\/site\/o-brasil-e-de-todos-os-deuses-e-a-leopoldina-e-um-mar-de-fieis\/#primaryimage","url":"https:\/\/www.notibras.com\/site\/wp-content\/uploads\/2026\/01\/ChatGPT-Image-12_01_2026-21_07_40.png","contentUrl":"https:\/\/www.notibras.com\/site\/wp-content\/uploads\/2026\/01\/ChatGPT-Image-12_01_2026-21_07_40.png","width":1536,"height":1024},{"@type":"BreadcrumbList","@id":"https:\/\/www.notibras.com\/site\/o-brasil-e-de-todos-os-deuses-e-a-leopoldina-e-um-mar-de-fieis\/#breadcrumb","itemListElement":[{"@type":"ListItem","position":1,"name":"In\u00edcio","item":"https:\/\/www.notibras.com\/site\/"},{"@type":"ListItem","position":2,"name":"O Brasil \u00e9 de todos os deuses e a Leopoldina \u00e9 um mar de fi\u00e9is"}]},{"@type":"WebSite","@id":"https:\/\/www.notibras.com\/site\/#website","url":"https:\/\/www.notibras.com\/site\/","name":"Notibras","description":"Not\u00edcias de Bras\u00edlia, do Brasil e do Mundo","publisher":{"@id":"https:\/\/www.notibras.com\/site\/#organization"},"potentialAction":[{"@type":"SearchAction","target":{"@type":"EntryPoint","urlTemplate":"https:\/\/www.notibras.com\/site\/?s={search_term_string}"},"query-input":{"@type":"PropertyValueSpecification","valueRequired":true,"valueName":"search_term_string"}}],"inLanguage":"pt-BR"},{"@type":"Organization","@id":"https:\/\/www.notibras.com\/site\/#organization","name":"Grupo Notibras de Comunica\u00e7\u00e3o","url":"https:\/\/www.notibras.com\/site\/","logo":{"@type":"ImageObject","inLanguage":"pt-BR","@id":"https:\/\/www.notibras.com\/site\/#\/schema\/logo\/image\/","url":"https:\/\/www.notibras.com\/site\/wp-content\/uploads\/2023\/01\/notibras23.png","contentUrl":"https:\/\/www.notibras.com\/site\/wp-content\/uploads\/2023\/01\/notibras23.png","width":350,"height":87,"caption":"Grupo Notibras de Comunica\u00e7\u00e3o"},"image":{"@id":"https:\/\/www.notibras.com\/site\/#\/schema\/logo\/image\/"},"sameAs":["https:\/\/www.facebook.com\/notibras\/","https:\/\/x.com\/Notibras","https:\/\/www.instagram.com\/notibras\/"]},{"@type":"Person","@id":"https:\/\/www.notibras.com\/site\/#\/schema\/person\/5b7fabf2aedc3ada2105f03b22b4d3dd","name":"Eduardo Mart\u00ednez","image":{"@type":"ImageObject","inLanguage":"pt-BR","@id":"https:\/\/secure.gravatar.com\/avatar\/7902f906289926289cbcda644b5197c796b893c6ffd7b9a536a42d290f7704a0?s=96&d=mm&r=g","url":"https:\/\/secure.gravatar.com\/avatar\/7902f906289926289cbcda644b5197c796b893c6ffd7b9a536a42d290f7704a0?s=96&d=mm&r=g","contentUrl":"https:\/\/secure.gravatar.com\/avatar\/7902f906289926289cbcda644b5197c796b893c6ffd7b9a536a42d290f7704a0?s=96&d=mm&r=g","caption":"Eduardo Mart\u00ednez"}}]}},"amp_enabled":true,"_links":{"self":[{"href":"https:\/\/www.notibras.com\/site\/wp-json\/wp\/v2\/posts\/378729","targetHints":{"allow":["GET"]}}],"collection":[{"href":"https:\/\/www.notibras.com\/site\/wp-json\/wp\/v2\/posts"}],"about":[{"href":"https:\/\/www.notibras.com\/site\/wp-json\/wp\/v2\/types\/post"}],"author":[{"embeddable":true,"href":"https:\/\/www.notibras.com\/site\/wp-json\/wp\/v2\/users\/21"}],"replies":[{"embeddable":true,"href":"https:\/\/www.notibras.com\/site\/wp-json\/wp\/v2\/comments?post=378729"}],"version-history":[{"count":3,"href":"https:\/\/www.notibras.com\/site\/wp-json\/wp\/v2\/posts\/378729\/revisions"}],"predecessor-version":[{"id":378981,"href":"https:\/\/www.notibras.com\/site\/wp-json\/wp\/v2\/posts\/378729\/revisions\/378981"}],"wp:featuredmedia":[{"embeddable":true,"href":"https:\/\/www.notibras.com\/site\/wp-json\/wp\/v2\/media\/378730"}],"wp:attachment":[{"href":"https:\/\/www.notibras.com\/site\/wp-json\/wp\/v2\/media?parent=378729"}],"wp:term":[{"taxonomy":"category","embeddable":true,"href":"https:\/\/www.notibras.com\/site\/wp-json\/wp\/v2\/categories?post=378729"},{"taxonomy":"post_tag","embeddable":true,"href":"https:\/\/www.notibras.com\/site\/wp-json\/wp\/v2\/tags?post=378729"}],"curies":[{"name":"wp","href":"https:\/\/api.w.org\/{rel}","templated":true}]}}