{"id":378739,"date":"2026-01-13T00:30:26","date_gmt":"2026-01-13T03:30:26","guid":{"rendered":"https:\/\/www.notibras.com\/site\/?p=378739"},"modified":"2026-01-12T23:15:19","modified_gmt":"2026-01-13T02:15:19","slug":"mais-de-880-vagas-de-emprego-nesta-terca-feira-13","status":"publish","type":"post","link":"https:\/\/www.notibras.com\/site\/mais-de-880-vagas-de-emprego-nesta-terca-feira-13\/","title":{"rendered":"Mais de 880 vagas de emprego nesta ter\u00e7a-feira (13)"},"content":{"rendered":"<p>As ag\u00eancias do trabalhador do Distrito Federal oferecem, nesta ter\u00e7a-feira (13), <a href=\"https:\/\/www.agenciabrasilia.df.gov.br\/documents\/d\/guest\/planilha-de-vagas-12-01-pdf\">882 vagas<\/a> para quem procura um emprego. H\u00e1 oportunidades para candidatos de diferentes n\u00edveis de escolaridade, com e sem experi\u00eancia, em diversas regi\u00f5es administrativas.<\/p>\n<p>Os sal\u00e1rios chegam a R$ 3.500. A oportunidade \u00e9 para o cargo de gerente de produ\u00e7\u00e3o e opera\u00e7\u00f5es, com vaga no Guar\u00e1, exig\u00eancia de ensino m\u00e9dio completo e sem necessidade de experi\u00eancia comprovada.<\/p>\n<p>Outras vagas de destaque incluem pedreiro e pintor de obras, com sal\u00e1rios de at\u00e9 R$ 2.800, nas regi\u00f5es da Zona Industrial do Guar\u00e1 e da Asa Sul.<\/p>\n<p>Tamb\u00e9m h\u00e1 vagas exclusivas para pessoas com defici\u00eancia. As oportunidades s\u00e3o para os cargos de auxiliar de estoque e auxiliar de limpeza, ambas em Santa Maria, com uma vaga cada. A remunera\u00e7\u00e3o \u00e9 de R$ 1.621, al\u00e9m de benef\u00edcios.<\/p>\n<p>Para participar dos processos seletivos, basta cadastrar o curr\u00edculo no aplicativo da Carteira de Trabalho Digital (CTPS) ou ir a uma das <a href=\"https:\/\/www.sedet.df.gov.br\/telefone-das-unidades-2\">16 ag\u00eancias do trabalhador<\/a>, das 8h \u00e0s 17h, durante a semana. Mesmo que nenhuma das oportunidades do dia seja atraente ao candidato, o cadastro vale para oportunidades futuras, j\u00e1 que o sistema cruza dados dos concorrentes com o perfil que as empresas procuram.<\/p>\n<p>Empregadores e empreendedores que desejem ofertar vagas ou utilizar o espa\u00e7o das ag\u00eancias do trabalhador para as entrevistas podem se cadastrar pessoalmente nas unidades ou pelo e-mail <strong>gcv@sedet.df.gov.br<\/strong>. Pode ser utilizado, ainda, o <a href=\"https:\/\/sedet.df.gov.br\/canal-do-empregador\">Canal do Empregador<\/a>, no site da Secretaria de Desenvolvimento Econ\u00f4mico, Trabalho e Renda (Sedet).<\/p>\n","protected":false},"excerpt":{"rendered":"<p>As ag\u00eancias do trabalhador do Distrito Federal oferecem, nesta ter\u00e7a-feira (13), 882 vagas para quem procura um emprego. H\u00e1 oportunidades para candidatos de diferentes n\u00edveis de escolaridade, com e sem experi\u00eancia, em diversas regi\u00f5es administrativas. Os sal\u00e1rios chegam a R$ 3.500. A oportunidade \u00e9 para o cargo de gerente de produ\u00e7\u00e3o e opera\u00e7\u00f5es, com vaga [&hellip;]<\/p>\n","protected":false},"author":21,"featured_media":378741,"comment_status":"closed","ping_status":"closed","sticky":false,"template":"","format":"standard","meta":{"_acf_changed":false,"footnotes":""},"categories":[161],"tags":[],"class_list":["post-378739","post","type-post","status-publish","format-standard","has-post-thumbnail","hentry","category-quadradinho-em-foco"],"acf":[],"yoast_head":"<!-- This site is optimized with the Yoast SEO plugin v27.2 - https:\/\/yoast.com\/product\/yoast-seo-wordpress\/ -->\n<title>Mais de 880 vagas de emprego nesta ter\u00e7a-feira (13) - Notibras<\/title>\n<meta name=\"robots\" content=\"index, follow, max-snippet:-1, max-image-preview:large, max-video-preview:-1\" \/>\n<link rel=\"canonical\" href=\"https:\/\/www.notibras.com\/site\/mais-de-880-vagas-de-emprego-nesta-terca-feira-13\/\" \/>\n<meta property=\"og:locale\" content=\"pt_BR\" \/>\n<meta property=\"og:type\" content=\"article\" \/>\n<meta property=\"og:title\" content=\"Mais de 880 vagas de emprego nesta ter\u00e7a-feira (13) - Notibras\" \/>\n<meta property=\"og:description\" content=\"As ag\u00eancias do trabalhador do Distrito Federal oferecem, nesta ter\u00e7a-feira (13), 882 vagas para quem procura um emprego. H\u00e1 oportunidades para candidatos de diferentes n\u00edveis de escolaridade, com e sem experi\u00eancia, em diversas regi\u00f5es administrativas. Os sal\u00e1rios chegam a R$ 3.500. A oportunidade \u00e9 para o cargo de gerente de produ\u00e7\u00e3o e opera\u00e7\u00f5es, com vaga [&hellip;]\" \/>\n<meta property=\"og:url\" content=\"https:\/\/www.notibras.com\/site\/mais-de-880-vagas-de-emprego-nesta-terca-feira-13\/\" \/>\n<meta property=\"og:site_name\" content=\"Notibras\" \/>\n<meta property=\"article:publisher\" content=\"https:\/\/www.facebook.com\/notibras\/\" \/>\n<meta property=\"article:published_time\" content=\"2026-01-13T03:30:26+00:00\" \/>\n<meta property=\"og:image\" content=\"https:\/\/www.notibras.com\/site\/wp-content\/uploads\/2026\/01\/Arquivo-Agencia-Brasilia-79.jpg\" \/>\n\t<meta property=\"og:image:width\" content=\"1181\" \/>\n\t<meta property=\"og:image:height\" content=\"787\" \/>\n\t<meta property=\"og:image:type\" content=\"image\/jpeg\" \/>\n<meta name=\"author\" content=\"Eduardo Mart\u00ednez\" \/>\n<meta name=\"twitter:card\" content=\"summary_large_image\" \/>\n<meta name=\"twitter:creator\" content=\"@Notibras\" \/>\n<meta name=\"twitter:site\" content=\"@Notibras\" \/>\n<meta name=\"twitter:label1\" content=\"Escrito por\" \/>\n\t<meta name=\"twitter:data1\" content=\"Eduardo Mart\u00ednez\" \/>\n\t<meta name=\"twitter:label2\" content=\"Est. tempo de leitura\" \/>\n\t<meta name=\"twitter:data2\" content=\"2 minutos\" \/>\n<script type=\"application\/ld+json\" class=\"yoast-schema-graph\">{\"@context\":\"https:\/\/schema.org\",\"@graph\":[{\"@type\":\"Article\",\"@id\":\"https:\/\/www.notibras.com\/site\/mais-de-880-vagas-de-emprego-nesta-terca-feira-13\/#article\",\"isPartOf\":{\"@id\":\"https:\/\/www.notibras.com\/site\/mais-de-880-vagas-de-emprego-nesta-terca-feira-13\/\"},\"author\":{\"name\":\"Eduardo Mart\u00ednez\",\"@id\":\"https:\/\/www.notibras.com\/site\/#\/schema\/person\/5b7fabf2aedc3ada2105f03b22b4d3dd\"},\"headline\":\"Mais de 880 vagas de emprego nesta ter\u00e7a-feira (13)\",\"datePublished\":\"2026-01-13T03:30:26+00:00\",\"mainEntityOfPage\":{\"@id\":\"https:\/\/www.notibras.com\/site\/mais-de-880-vagas-de-emprego-nesta-terca-feira-13\/\"},\"wordCount\":274,\"publisher\":{\"@id\":\"https:\/\/www.notibras.com\/site\/#organization\"},\"image\":{\"@id\":\"https:\/\/www.notibras.com\/site\/mais-de-880-vagas-de-emprego-nesta-terca-feira-13\/#primaryimage\"},\"thumbnailUrl\":\"https:\/\/www.notibras.com\/site\/wp-content\/uploads\/2026\/01\/Arquivo-Agencia-Brasilia-79.jpg\",\"articleSection\":[\"Quadradinho em Foco\"],\"inLanguage\":\"pt-BR\"},{\"@type\":\"WebPage\",\"@id\":\"https:\/\/www.notibras.com\/site\/mais-de-880-vagas-de-emprego-nesta-terca-feira-13\/\",\"url\":\"https:\/\/www.notibras.com\/site\/mais-de-880-vagas-de-emprego-nesta-terca-feira-13\/\",\"name\":\"Mais de 880 vagas de emprego nesta ter\u00e7a-feira (13) - Notibras\",\"isPartOf\":{\"@id\":\"https:\/\/www.notibras.com\/site\/#website\"},\"primaryImageOfPage\":{\"@id\":\"https:\/\/www.notibras.com\/site\/mais-de-880-vagas-de-emprego-nesta-terca-feira-13\/#primaryimage\"},\"image\":{\"@id\":\"https:\/\/www.notibras.com\/site\/mais-de-880-vagas-de-emprego-nesta-terca-feira-13\/#primaryimage\"},\"thumbnailUrl\":\"https:\/\/www.notibras.com\/site\/wp-content\/uploads\/2026\/01\/Arquivo-Agencia-Brasilia-79.jpg\",\"datePublished\":\"2026-01-13T03:30:26+00:00\",\"breadcrumb\":{\"@id\":\"https:\/\/www.notibras.com\/site\/mais-de-880-vagas-de-emprego-nesta-terca-feira-13\/#breadcrumb\"},\"inLanguage\":\"pt-BR\",\"potentialAction\":[{\"@type\":\"ReadAction\",\"target\":[\"https:\/\/www.notibras.com\/site\/mais-de-880-vagas-de-emprego-nesta-terca-feira-13\/\"]}]},{\"@type\":\"ImageObject\",\"inLanguage\":\"pt-BR\",\"@id\":\"https:\/\/www.notibras.com\/site\/mais-de-880-vagas-de-emprego-nesta-terca-feira-13\/#primaryimage\",\"url\":\"https:\/\/www.notibras.com\/site\/wp-content\/uploads\/2026\/01\/Arquivo-Agencia-Brasilia-79.jpg\",\"contentUrl\":\"https:\/\/www.notibras.com\/site\/wp-content\/uploads\/2026\/01\/Arquivo-Agencia-Brasilia-79.jpg\",\"width\":1181,\"height\":787},{\"@type\":\"BreadcrumbList\",\"@id\":\"https:\/\/www.notibras.com\/site\/mais-de-880-vagas-de-emprego-nesta-terca-feira-13\/#breadcrumb\",\"itemListElement\":[{\"@type\":\"ListItem\",\"position\":1,\"name\":\"In\u00edcio\",\"item\":\"https:\/\/www.notibras.com\/site\/\"},{\"@type\":\"ListItem\",\"position\":2,\"name\":\"Mais de 880 vagas de emprego nesta ter\u00e7a-feira (13)\"}]},{\"@type\":\"WebSite\",\"@id\":\"https:\/\/www.notibras.com\/site\/#website\",\"url\":\"https:\/\/www.notibras.com\/site\/\",\"name\":\"Notibras\",\"description\":\"Not\u00edcias de Bras\u00edlia, do Brasil e do Mundo\",\"publisher\":{\"@id\":\"https:\/\/www.notibras.com\/site\/#organization\"},\"potentialAction\":[{\"@type\":\"SearchAction\",\"target\":{\"@type\":\"EntryPoint\",\"urlTemplate\":\"https:\/\/www.notibras.com\/site\/?s={search_term_string}\"},\"query-input\":{\"@type\":\"PropertyValueSpecification\",\"valueRequired\":true,\"valueName\":\"search_term_string\"}}],\"inLanguage\":\"pt-BR\"},{\"@type\":\"Organization\",\"@id\":\"https:\/\/www.notibras.com\/site\/#organization\",\"name\":\"Grupo Notibras de Comunica\u00e7\u00e3o\",\"url\":\"https:\/\/www.notibras.com\/site\/\",\"logo\":{\"@type\":\"ImageObject\",\"inLanguage\":\"pt-BR\",\"@id\":\"https:\/\/www.notibras.com\/site\/#\/schema\/logo\/image\/\",\"url\":\"https:\/\/www.notibras.com\/site\/wp-content\/uploads\/2023\/01\/notibras23.png\",\"contentUrl\":\"https:\/\/www.notibras.com\/site\/wp-content\/uploads\/2023\/01\/notibras23.png\",\"width\":350,\"height\":87,\"caption\":\"Grupo Notibras de Comunica\u00e7\u00e3o\"},\"image\":{\"@id\":\"https:\/\/www.notibras.com\/site\/#\/schema\/logo\/image\/\"},\"sameAs\":[\"https:\/\/www.facebook.com\/notibras\/\",\"https:\/\/x.com\/Notibras\",\"https:\/\/www.instagram.com\/notibras\/\"]},{\"@type\":\"Person\",\"@id\":\"https:\/\/www.notibras.com\/site\/#\/schema\/person\/5b7fabf2aedc3ada2105f03b22b4d3dd\",\"name\":\"Eduardo Mart\u00ednez\",\"image\":{\"@type\":\"ImageObject\",\"inLanguage\":\"pt-BR\",\"@id\":\"https:\/\/secure.gravatar.com\/avatar\/7902f906289926289cbcda644b5197c796b893c6ffd7b9a536a42d290f7704a0?s=96&d=mm&r=g\",\"url\":\"https:\/\/secure.gravatar.com\/avatar\/7902f906289926289cbcda644b5197c796b893c6ffd7b9a536a42d290f7704a0?s=96&d=mm&r=g\",\"contentUrl\":\"https:\/\/secure.gravatar.com\/avatar\/7902f906289926289cbcda644b5197c796b893c6ffd7b9a536a42d290f7704a0?s=96&d=mm&r=g\",\"caption\":\"Eduardo Mart\u00ednez\"}}]}<\/script>\n<!-- \/ Yoast SEO plugin. -->","yoast_head_json":{"title":"Mais de 880 vagas de emprego nesta ter\u00e7a-feira (13) - Notibras","robots":{"index":"index","follow":"follow","max-snippet":"max-snippet:-1","max-image-preview":"max-image-preview:large","max-video-preview":"max-video-preview:-1"},"canonical":"https:\/\/www.notibras.com\/site\/mais-de-880-vagas-de-emprego-nesta-terca-feira-13\/","og_locale":"pt_BR","og_type":"article","og_title":"Mais de 880 vagas de emprego nesta ter\u00e7a-feira (13) - Notibras","og_description":"As ag\u00eancias do trabalhador do Distrito Federal oferecem, nesta ter\u00e7a-feira (13), 882 vagas para quem procura um emprego. H\u00e1 oportunidades para candidatos de diferentes n\u00edveis de escolaridade, com e sem experi\u00eancia, em diversas regi\u00f5es administrativas. Os sal\u00e1rios chegam a R$ 3.500. A oportunidade \u00e9 para o cargo de gerente de produ\u00e7\u00e3o e opera\u00e7\u00f5es, com vaga [&hellip;]","og_url":"https:\/\/www.notibras.com\/site\/mais-de-880-vagas-de-emprego-nesta-terca-feira-13\/","og_site_name":"Notibras","article_publisher":"https:\/\/www.facebook.com\/notibras\/","article_published_time":"2026-01-13T03:30:26+00:00","og_image":[{"width":1181,"height":787,"url":"https:\/\/www.notibras.com\/site\/wp-content\/uploads\/2026\/01\/Arquivo-Agencia-Brasilia-79.jpg","type":"image\/jpeg"}],"author":"Eduardo Mart\u00ednez","twitter_card":"summary_large_image","twitter_creator":"@Notibras","twitter_site":"@Notibras","twitter_misc":{"Escrito por":"Eduardo Mart\u00ednez","Est. tempo de leitura":"2 minutos"},"schema":{"@context":"https:\/\/schema.org","@graph":[{"@type":"Article","@id":"https:\/\/www.notibras.com\/site\/mais-de-880-vagas-de-emprego-nesta-terca-feira-13\/#article","isPartOf":{"@id":"https:\/\/www.notibras.com\/site\/mais-de-880-vagas-de-emprego-nesta-terca-feira-13\/"},"author":{"name":"Eduardo Mart\u00ednez","@id":"https:\/\/www.notibras.com\/site\/#\/schema\/person\/5b7fabf2aedc3ada2105f03b22b4d3dd"},"headline":"Mais de 880 vagas de emprego nesta ter\u00e7a-feira (13)","datePublished":"2026-01-13T03:30:26+00:00","mainEntityOfPage":{"@id":"https:\/\/www.notibras.com\/site\/mais-de-880-vagas-de-emprego-nesta-terca-feira-13\/"},"wordCount":274,"publisher":{"@id":"https:\/\/www.notibras.com\/site\/#organization"},"image":{"@id":"https:\/\/www.notibras.com\/site\/mais-de-880-vagas-de-emprego-nesta-terca-feira-13\/#primaryimage"},"thumbnailUrl":"https:\/\/www.notibras.com\/site\/wp-content\/uploads\/2026\/01\/Arquivo-Agencia-Brasilia-79.jpg","articleSection":["Quadradinho em Foco"],"inLanguage":"pt-BR"},{"@type":"WebPage","@id":"https:\/\/www.notibras.com\/site\/mais-de-880-vagas-de-emprego-nesta-terca-feira-13\/","url":"https:\/\/www.notibras.com\/site\/mais-de-880-vagas-de-emprego-nesta-terca-feira-13\/","name":"Mais de 880 vagas de emprego nesta ter\u00e7a-feira (13) - Notibras","isPartOf":{"@id":"https:\/\/www.notibras.com\/site\/#website"},"primaryImageOfPage":{"@id":"https:\/\/www.notibras.com\/site\/mais-de-880-vagas-de-emprego-nesta-terca-feira-13\/#primaryimage"},"image":{"@id":"https:\/\/www.notibras.com\/site\/mais-de-880-vagas-de-emprego-nesta-terca-feira-13\/#primaryimage"},"thumbnailUrl":"https:\/\/www.notibras.com\/site\/wp-content\/uploads\/2026\/01\/Arquivo-Agencia-Brasilia-79.jpg","datePublished":"2026-01-13T03:30:26+00:00","breadcrumb":{"@id":"https:\/\/www.notibras.com\/site\/mais-de-880-vagas-de-emprego-nesta-terca-feira-13\/#breadcrumb"},"inLanguage":"pt-BR","potentialAction":[{"@type":"ReadAction","target":["https:\/\/www.notibras.com\/site\/mais-de-880-vagas-de-emprego-nesta-terca-feira-13\/"]}]},{"@type":"ImageObject","inLanguage":"pt-BR","@id":"https:\/\/www.notibras.com\/site\/mais-de-880-vagas-de-emprego-nesta-terca-feira-13\/#primaryimage","url":"https:\/\/www.notibras.com\/site\/wp-content\/uploads\/2026\/01\/Arquivo-Agencia-Brasilia-79.jpg","contentUrl":"https:\/\/www.notibras.com\/site\/wp-content\/uploads\/2026\/01\/Arquivo-Agencia-Brasilia-79.jpg","width":1181,"height":787},{"@type":"BreadcrumbList","@id":"https:\/\/www.notibras.com\/site\/mais-de-880-vagas-de-emprego-nesta-terca-feira-13\/#breadcrumb","itemListElement":[{"@type":"ListItem","position":1,"name":"In\u00edcio","item":"https:\/\/www.notibras.com\/site\/"},{"@type":"ListItem","position":2,"name":"Mais de 880 vagas de emprego nesta ter\u00e7a-feira (13)"}]},{"@type":"WebSite","@id":"https:\/\/www.notibras.com\/site\/#website","url":"https:\/\/www.notibras.com\/site\/","name":"Notibras","description":"Not\u00edcias de Bras\u00edlia, do Brasil e do Mundo","publisher":{"@id":"https:\/\/www.notibras.com\/site\/#organization"},"potentialAction":[{"@type":"SearchAction","target":{"@type":"EntryPoint","urlTemplate":"https:\/\/www.notibras.com\/site\/?s={search_term_string}"},"query-input":{"@type":"PropertyValueSpecification","valueRequired":true,"valueName":"search_term_string"}}],"inLanguage":"pt-BR"},{"@type":"Organization","@id":"https:\/\/www.notibras.com\/site\/#organization","name":"Grupo Notibras de Comunica\u00e7\u00e3o","url":"https:\/\/www.notibras.com\/site\/","logo":{"@type":"ImageObject","inLanguage":"pt-BR","@id":"https:\/\/www.notibras.com\/site\/#\/schema\/logo\/image\/","url":"https:\/\/www.notibras.com\/site\/wp-content\/uploads\/2023\/01\/notibras23.png","contentUrl":"https:\/\/www.notibras.com\/site\/wp-content\/uploads\/2023\/01\/notibras23.png","width":350,"height":87,"caption":"Grupo Notibras de Comunica\u00e7\u00e3o"},"image":{"@id":"https:\/\/www.notibras.com\/site\/#\/schema\/logo\/image\/"},"sameAs":["https:\/\/www.facebook.com\/notibras\/","https:\/\/x.com\/Notibras","https:\/\/www.instagram.com\/notibras\/"]},{"@type":"Person","@id":"https:\/\/www.notibras.com\/site\/#\/schema\/person\/5b7fabf2aedc3ada2105f03b22b4d3dd","name":"Eduardo Mart\u00ednez","image":{"@type":"ImageObject","inLanguage":"pt-BR","@id":"https:\/\/secure.gravatar.com\/avatar\/7902f906289926289cbcda644b5197c796b893c6ffd7b9a536a42d290f7704a0?s=96&d=mm&r=g","url":"https:\/\/secure.gravatar.com\/avatar\/7902f906289926289cbcda644b5197c796b893c6ffd7b9a536a42d290f7704a0?s=96&d=mm&r=g","contentUrl":"https:\/\/secure.gravatar.com\/avatar\/7902f906289926289cbcda644b5197c796b893c6ffd7b9a536a42d290f7704a0?s=96&d=mm&r=g","caption":"Eduardo Mart\u00ednez"}}]}},"amp_enabled":true,"_links":{"self":[{"href":"https:\/\/www.notibras.com\/site\/wp-json\/wp\/v2\/posts\/378739","targetHints":{"allow":["GET"]}}],"collection":[{"href":"https:\/\/www.notibras.com\/site\/wp-json\/wp\/v2\/posts"}],"about":[{"href":"https:\/\/www.notibras.com\/site\/wp-json\/wp\/v2\/types\/post"}],"author":[{"embeddable":true,"href":"https:\/\/www.notibras.com\/site\/wp-json\/wp\/v2\/users\/21"}],"replies":[{"embeddable":true,"href":"https:\/\/www.notibras.com\/site\/wp-json\/wp\/v2\/comments?post=378739"}],"version-history":[{"count":3,"href":"https:\/\/www.notibras.com\/site\/wp-json\/wp\/v2\/posts\/378739\/revisions"}],"predecessor-version":[{"id":378743,"href":"https:\/\/www.notibras.com\/site\/wp-json\/wp\/v2\/posts\/378739\/revisions\/378743"}],"wp:featuredmedia":[{"embeddable":true,"href":"https:\/\/www.notibras.com\/site\/wp-json\/wp\/v2\/media\/378741"}],"wp:attachment":[{"href":"https:\/\/www.notibras.com\/site\/wp-json\/wp\/v2\/media?parent=378739"}],"wp:term":[{"taxonomy":"category","embeddable":true,"href":"https:\/\/www.notibras.com\/site\/wp-json\/wp\/v2\/categories?post=378739"},{"taxonomy":"post_tag","embeddable":true,"href":"https:\/\/www.notibras.com\/site\/wp-json\/wp\/v2\/tags?post=378739"}],"curies":[{"name":"wp","href":"https:\/\/api.w.org\/{rel}","templated":true}]}}