{"id":378744,"date":"2026-01-13T00:45:28","date_gmt":"2026-01-13T03:45:28","guid":{"rendered":"https:\/\/www.notibras.com\/site\/?p=378744"},"modified":"2026-01-13T06:55:59","modified_gmt":"2026-01-13T09:55:59","slug":"educacao-ambiental-aplicou-1-milhao-no-ano-passado","status":"publish","type":"post","link":"https:\/\/www.notibras.com\/site\/educacao-ambiental-aplicou-1-milhao-no-ano-passado\/","title":{"rendered":"Educa\u00e7\u00e3o Ambiental aplicou 1 milh\u00e3o no ano passado"},"content":{"rendered":"<p>A Unidade de Educa\u00e7\u00e3o Ambiental (Educ) do Instituto Bras\u00edlia Ambiental teve em 2025 um ano de muito trabalho. A avalia\u00e7\u00e3o \u00e9 do gestor da \u00e1rea, Luiz Felipe Blanco de Alencar. \u201cConseguimos executar importantes a\u00e7\u00f5es planejadas ao final de 2024 e tamb\u00e9m avan\u00e7amos em iniciativas que surgiram de forma espont\u00e2nea ao longo do ano\u201d, destaca, apontando como uma das principais realiza\u00e7\u00f5es do ano a aprova\u00e7\u00e3o de quatro propostas na C\u00e2mara de Compensa\u00e7\u00e3o Ambiental\/Florestal (Ccaf), que juntas somam mais de R$ 1 milh\u00e3o em recursos destinados \u00e0 educa\u00e7\u00e3o ambiental.<\/p>\n<p>A governadora em exerc\u00edcio Celina Le\u00e3o lembra que pol\u00edticas de educa\u00e7\u00e3o ambiental s\u00e3o cruciais para uma boa gest\u00e3o governamental, pois \u201ccapacitam cidad\u00e3os e servidores, promovem a sustentabilidade e resultam em benef\u00edcios econ\u00f4micos, sociais e ambientais a longo prazo, al\u00e9m de transformarem a forma como a administra\u00e7\u00e3o p\u00fablica e a sociedade lidam com os recursos naturais\u201d. O presidente do Bras\u00edlia Ambiental, R\u00f4ney Nemer, endossa a import\u00e2ncia da \u00e1rea e parabeniza os servidores do Instituto que nela atuam pelas entregas: \u201cNosso corpo de servidores est\u00e1 de parab\u00e9ns, porque \u00e9, extremamente, comprometido. O resultado disso fica claro no balan\u00e7o de ano, quando \u00e1reas cruciais, como a educa\u00e7\u00e3o ambiental, revela os altos n\u00fameros dos atendimentos dos seus programas\u201d.<\/p>\n<p>Entre as propostas citadas est\u00e1 a campanha de Preven\u00e7\u00e3o a Inc\u00eandios Florestais do Programa de Preven\u00e7\u00e3o (Ppcif) para os anos de 2025 e 2026. O gestor da Educ destaca que \u00e9 a primeira vez na autarquia que uma campanha segue uma l\u00f3gica integrada de comunica\u00e7\u00e3o, incluindo a cria\u00e7\u00e3o de uma mascote pr\u00f3pria \u2014 a Tat\u00e1 \u2014, produ\u00e7\u00e3o de materiais de divulga\u00e7\u00e3o para diferentes p\u00fablicos e o alinhamento das a\u00e7\u00f5es entre as institui\u00e7\u00f5es que comp\u00f5em o Ppcif.<\/p>\n<p>Outra proposta citada pelo gestor \u00e9 o projeto pol\u00edtico-pedag\u00f3gico do programa Parque Educador, que tem como objetivo registrar conhecimentos, metodologias e processos de gest\u00e3o, resultando em um documento norteador capaz de explicitar o funcionamento e os princ\u00edpios do programa. Tamb\u00e9m est\u00e3o entre essas quatro propostas aprovadas na Ccaf, a aquisi\u00e7\u00e3o de materiais e equipamentos para o mesmo programa de educa\u00e7\u00e3o ambiental.<\/p>\n<p>\u201cEssa aquisi\u00e7\u00e3o \u00e9 necess\u00e1ria ap\u00f3s sete anos de funcionamento. Ela garante a renova\u00e7\u00e3o de m\u00f3veis, instrumentos e materiais de consumo nas unidades participantes\u201d, esclarece Luiz Felipe. E ainda fecha as quatro aprova\u00e7\u00f5es , a edi\u00e7\u00e3o, produ\u00e7\u00e3o e impress\u00e3o dos materiais ecopedag\u00f3gicos do programa Eu Amo o Cerrado e do Mapa Ambiental. \u201cEssa aprova\u00e7\u00e3o permite a reposi\u00e7\u00e3o de estoques e a cria\u00e7\u00e3o de novas publica\u00e7\u00f5es que divulgam as belezas e riquezas do Bioma e fortalecem a presen\u00e7a institucional em eventos e a\u00e7\u00f5es educativas\u201d, explica o gestor.<\/p>\n<p><strong>Outras realiza\u00e7\u00f5es<\/strong><\/p>\n<p>No que se refere \u00e0s iniciativas j\u00e1 padr\u00f5es da Educ, o programa Parque Educador, por exemplo, atendeu a quase quatro mil crian\u00e7as em 2025, alcan\u00e7ando, desde 2018, quando foi criado, cerca de 24 mil estudantes, que tiveram a oportunidade de conhecer o Cerrado por meio das unidades de conserva\u00e7\u00e3o do Bras\u00edlia Ambiental.<\/p>\n<p>O programa Eu Amo o Cerrado distribuiu mais de 30 mil publica\u00e7\u00f5es ao longo do ano, aproximando os cidad\u00e3os do DF da biodiversidade local. J\u00e1 o Centro de Pr\u00e1ticas Sustent\u00e1veis (CPS) manteve sua voca\u00e7\u00e3o como polo de sustentabilidade na regi\u00e3o do Jardim Bot\u00e2nico, atingindo mais de 20 mil pessoas atendidas em 2025. Os projetos de educa\u00e7\u00e3o ambiental vinculados ao licenciamento alcan\u00e7aram diretamente milhares de moradores do DF, com a Educ analisando mais de 100 processos ao longo do ano.<\/p>\n<p><strong>Expectativas<\/strong><\/p>\n<p>Para 2026, a proposta \u00e9 fortalecer as iniciativas j\u00e1 existentes e aprimorar continuamente os processos de gest\u00e3o da Educ, buscando maximizar os resultados alcan\u00e7ados com os investimentos realizados. \u201cMantemos a convic\u00e7\u00e3o de que, quanto melhor for o trabalho desenvolvido pela Educ, menos problemas ambientais precisar\u00e3o ser enfrentados pelos demais setores do Bras\u00edlia Ambiental\u201d, lembra o gestor da \u00e1rea.<\/p>\n","protected":false},"excerpt":{"rendered":"<p>A Unidade de Educa\u00e7\u00e3o Ambiental (Educ) do Instituto Bras\u00edlia Ambiental teve em 2025 um ano de muito trabalho. A avalia\u00e7\u00e3o \u00e9 do gestor da \u00e1rea, Luiz Felipe Blanco de Alencar. \u201cConseguimos executar importantes a\u00e7\u00f5es planejadas ao final de 2024 e tamb\u00e9m avan\u00e7amos em iniciativas que surgiram de forma espont\u00e2nea ao longo do ano\u201d, destaca, apontando [&hellip;]<\/p>\n","protected":false},"author":21,"featured_media":378745,"comment_status":"closed","ping_status":"closed","sticky":false,"template":"","format":"standard","meta":{"_acf_changed":false,"footnotes":""},"categories":[161],"tags":[],"class_list":["post-378744","post","type-post","status-publish","format-standard","has-post-thumbnail","hentry","category-quadradinho-em-foco"],"acf":[],"yoast_head":"<!-- This site is optimized with the Yoast SEO plugin v27.2 - https:\/\/yoast.com\/product\/yoast-seo-wordpress\/ -->\n<title>Educa\u00e7\u00e3o Ambiental aplicou 1 milh\u00e3o no ano passado - Notibras<\/title>\n<meta name=\"robots\" content=\"index, follow, max-snippet:-1, max-image-preview:large, max-video-preview:-1\" \/>\n<link rel=\"canonical\" href=\"https:\/\/www.notibras.com\/site\/educacao-ambiental-aplicou-1-milhao-no-ano-passado\/\" \/>\n<meta property=\"og:locale\" content=\"pt_BR\" \/>\n<meta property=\"og:type\" content=\"article\" \/>\n<meta property=\"og:title\" content=\"Educa\u00e7\u00e3o Ambiental aplicou 1 milh\u00e3o no ano passado - Notibras\" \/>\n<meta property=\"og:description\" content=\"A Unidade de Educa\u00e7\u00e3o Ambiental (Educ) do Instituto Bras\u00edlia Ambiental teve em 2025 um ano de muito trabalho. A avalia\u00e7\u00e3o \u00e9 do gestor da \u00e1rea, Luiz Felipe Blanco de Alencar. \u201cConseguimos executar importantes a\u00e7\u00f5es planejadas ao final de 2024 e tamb\u00e9m avan\u00e7amos em iniciativas que surgiram de forma espont\u00e2nea ao longo do ano\u201d, destaca, apontando [&hellip;]\" \/>\n<meta property=\"og:url\" content=\"https:\/\/www.notibras.com\/site\/educacao-ambiental-aplicou-1-milhao-no-ano-passado\/\" \/>\n<meta property=\"og:site_name\" content=\"Notibras\" \/>\n<meta property=\"article:publisher\" content=\"https:\/\/www.facebook.com\/notibras\/\" \/>\n<meta property=\"article:published_time\" content=\"2026-01-13T03:45:28+00:00\" \/>\n<meta property=\"article:modified_time\" content=\"2026-01-13T09:55:59+00:00\" \/>\n<meta property=\"og:image\" content=\"https:\/\/www.notibras.com\/site\/wp-content\/uploads\/2026\/01\/Foto-1-Mat-Balanco-Educ-1.jpg\" \/>\n\t<meta property=\"og:image:width\" content=\"1472\" \/>\n\t<meta property=\"og:image:height\" content=\"1600\" \/>\n\t<meta property=\"og:image:type\" content=\"image\/jpeg\" \/>\n<meta name=\"author\" content=\"Eduardo Mart\u00ednez\" \/>\n<meta name=\"twitter:card\" content=\"summary_large_image\" \/>\n<meta name=\"twitter:creator\" content=\"@Notibras\" \/>\n<meta name=\"twitter:site\" content=\"@Notibras\" \/>\n<meta name=\"twitter:label1\" content=\"Escrito por\" \/>\n\t<meta name=\"twitter:data1\" content=\"Eduardo Mart\u00ednez\" \/>\n\t<meta name=\"twitter:label2\" content=\"Est. tempo de leitura\" \/>\n\t<meta name=\"twitter:data2\" content=\"4 minutos\" \/>\n<script type=\"application\/ld+json\" class=\"yoast-schema-graph\">{\"@context\":\"https:\/\/schema.org\",\"@graph\":[{\"@type\":\"Article\",\"@id\":\"https:\/\/www.notibras.com\/site\/educacao-ambiental-aplicou-1-milhao-no-ano-passado\/#article\",\"isPartOf\":{\"@id\":\"https:\/\/www.notibras.com\/site\/educacao-ambiental-aplicou-1-milhao-no-ano-passado\/\"},\"author\":{\"name\":\"Eduardo Mart\u00ednez\",\"@id\":\"https:\/\/www.notibras.com\/site\/#\/schema\/person\/5b7fabf2aedc3ada2105f03b22b4d3dd\"},\"headline\":\"Educa\u00e7\u00e3o Ambiental aplicou 1 milh\u00e3o no ano passado\",\"datePublished\":\"2026-01-13T03:45:28+00:00\",\"dateModified\":\"2026-01-13T09:55:59+00:00\",\"mainEntityOfPage\":{\"@id\":\"https:\/\/www.notibras.com\/site\/educacao-ambiental-aplicou-1-milhao-no-ano-passado\/\"},\"wordCount\":691,\"publisher\":{\"@id\":\"https:\/\/www.notibras.com\/site\/#organization\"},\"image\":{\"@id\":\"https:\/\/www.notibras.com\/site\/educacao-ambiental-aplicou-1-milhao-no-ano-passado\/#primaryimage\"},\"thumbnailUrl\":\"https:\/\/www.notibras.com\/site\/wp-content\/uploads\/2026\/01\/Foto-1-Mat-Balanco-Educ-1.jpg\",\"articleSection\":[\"Quadradinho em Foco\"],\"inLanguage\":\"pt-BR\"},{\"@type\":\"WebPage\",\"@id\":\"https:\/\/www.notibras.com\/site\/educacao-ambiental-aplicou-1-milhao-no-ano-passado\/\",\"url\":\"https:\/\/www.notibras.com\/site\/educacao-ambiental-aplicou-1-milhao-no-ano-passado\/\",\"name\":\"Educa\u00e7\u00e3o Ambiental aplicou 1 milh\u00e3o no ano passado - Notibras\",\"isPartOf\":{\"@id\":\"https:\/\/www.notibras.com\/site\/#website\"},\"primaryImageOfPage\":{\"@id\":\"https:\/\/www.notibras.com\/site\/educacao-ambiental-aplicou-1-milhao-no-ano-passado\/#primaryimage\"},\"image\":{\"@id\":\"https:\/\/www.notibras.com\/site\/educacao-ambiental-aplicou-1-milhao-no-ano-passado\/#primaryimage\"},\"thumbnailUrl\":\"https:\/\/www.notibras.com\/site\/wp-content\/uploads\/2026\/01\/Foto-1-Mat-Balanco-Educ-1.jpg\",\"datePublished\":\"2026-01-13T03:45:28+00:00\",\"dateModified\":\"2026-01-13T09:55:59+00:00\",\"breadcrumb\":{\"@id\":\"https:\/\/www.notibras.com\/site\/educacao-ambiental-aplicou-1-milhao-no-ano-passado\/#breadcrumb\"},\"inLanguage\":\"pt-BR\",\"potentialAction\":[{\"@type\":\"ReadAction\",\"target\":[\"https:\/\/www.notibras.com\/site\/educacao-ambiental-aplicou-1-milhao-no-ano-passado\/\"]}]},{\"@type\":\"ImageObject\",\"inLanguage\":\"pt-BR\",\"@id\":\"https:\/\/www.notibras.com\/site\/educacao-ambiental-aplicou-1-milhao-no-ano-passado\/#primaryimage\",\"url\":\"https:\/\/www.notibras.com\/site\/wp-content\/uploads\/2026\/01\/Foto-1-Mat-Balanco-Educ-1.jpg\",\"contentUrl\":\"https:\/\/www.notibras.com\/site\/wp-content\/uploads\/2026\/01\/Foto-1-Mat-Balanco-Educ-1.jpg\",\"width\":1472,\"height\":1600},{\"@type\":\"BreadcrumbList\",\"@id\":\"https:\/\/www.notibras.com\/site\/educacao-ambiental-aplicou-1-milhao-no-ano-passado\/#breadcrumb\",\"itemListElement\":[{\"@type\":\"ListItem\",\"position\":1,\"name\":\"In\u00edcio\",\"item\":\"https:\/\/www.notibras.com\/site\/\"},{\"@type\":\"ListItem\",\"position\":2,\"name\":\"Educa\u00e7\u00e3o Ambiental aplicou 1 milh\u00e3o no ano passado\"}]},{\"@type\":\"WebSite\",\"@id\":\"https:\/\/www.notibras.com\/site\/#website\",\"url\":\"https:\/\/www.notibras.com\/site\/\",\"name\":\"Notibras\",\"description\":\"Not\u00edcias de Bras\u00edlia, do Brasil e do Mundo\",\"publisher\":{\"@id\":\"https:\/\/www.notibras.com\/site\/#organization\"},\"potentialAction\":[{\"@type\":\"SearchAction\",\"target\":{\"@type\":\"EntryPoint\",\"urlTemplate\":\"https:\/\/www.notibras.com\/site\/?s={search_term_string}\"},\"query-input\":{\"@type\":\"PropertyValueSpecification\",\"valueRequired\":true,\"valueName\":\"search_term_string\"}}],\"inLanguage\":\"pt-BR\"},{\"@type\":\"Organization\",\"@id\":\"https:\/\/www.notibras.com\/site\/#organization\",\"name\":\"Grupo Notibras de Comunica\u00e7\u00e3o\",\"url\":\"https:\/\/www.notibras.com\/site\/\",\"logo\":{\"@type\":\"ImageObject\",\"inLanguage\":\"pt-BR\",\"@id\":\"https:\/\/www.notibras.com\/site\/#\/schema\/logo\/image\/\",\"url\":\"https:\/\/www.notibras.com\/site\/wp-content\/uploads\/2023\/01\/notibras23.png\",\"contentUrl\":\"https:\/\/www.notibras.com\/site\/wp-content\/uploads\/2023\/01\/notibras23.png\",\"width\":350,\"height\":87,\"caption\":\"Grupo Notibras de Comunica\u00e7\u00e3o\"},\"image\":{\"@id\":\"https:\/\/www.notibras.com\/site\/#\/schema\/logo\/image\/\"},\"sameAs\":[\"https:\/\/www.facebook.com\/notibras\/\",\"https:\/\/x.com\/Notibras\",\"https:\/\/www.instagram.com\/notibras\/\"]},{\"@type\":\"Person\",\"@id\":\"https:\/\/www.notibras.com\/site\/#\/schema\/person\/5b7fabf2aedc3ada2105f03b22b4d3dd\",\"name\":\"Eduardo Mart\u00ednez\",\"image\":{\"@type\":\"ImageObject\",\"inLanguage\":\"pt-BR\",\"@id\":\"https:\/\/secure.gravatar.com\/avatar\/7902f906289926289cbcda644b5197c796b893c6ffd7b9a536a42d290f7704a0?s=96&d=mm&r=g\",\"url\":\"https:\/\/secure.gravatar.com\/avatar\/7902f906289926289cbcda644b5197c796b893c6ffd7b9a536a42d290f7704a0?s=96&d=mm&r=g\",\"contentUrl\":\"https:\/\/secure.gravatar.com\/avatar\/7902f906289926289cbcda644b5197c796b893c6ffd7b9a536a42d290f7704a0?s=96&d=mm&r=g\",\"caption\":\"Eduardo Mart\u00ednez\"}}]}<\/script>\n<!-- \/ Yoast SEO plugin. -->","yoast_head_json":{"title":"Educa\u00e7\u00e3o Ambiental aplicou 1 milh\u00e3o no ano passado - Notibras","robots":{"index":"index","follow":"follow","max-snippet":"max-snippet:-1","max-image-preview":"max-image-preview:large","max-video-preview":"max-video-preview:-1"},"canonical":"https:\/\/www.notibras.com\/site\/educacao-ambiental-aplicou-1-milhao-no-ano-passado\/","og_locale":"pt_BR","og_type":"article","og_title":"Educa\u00e7\u00e3o Ambiental aplicou 1 milh\u00e3o no ano passado - Notibras","og_description":"A Unidade de Educa\u00e7\u00e3o Ambiental (Educ) do Instituto Bras\u00edlia Ambiental teve em 2025 um ano de muito trabalho. A avalia\u00e7\u00e3o \u00e9 do gestor da \u00e1rea, Luiz Felipe Blanco de Alencar. \u201cConseguimos executar importantes a\u00e7\u00f5es planejadas ao final de 2024 e tamb\u00e9m avan\u00e7amos em iniciativas que surgiram de forma espont\u00e2nea ao longo do ano\u201d, destaca, apontando [&hellip;]","og_url":"https:\/\/www.notibras.com\/site\/educacao-ambiental-aplicou-1-milhao-no-ano-passado\/","og_site_name":"Notibras","article_publisher":"https:\/\/www.facebook.com\/notibras\/","article_published_time":"2026-01-13T03:45:28+00:00","article_modified_time":"2026-01-13T09:55:59+00:00","og_image":[{"width":1472,"height":1600,"url":"https:\/\/www.notibras.com\/site\/wp-content\/uploads\/2026\/01\/Foto-1-Mat-Balanco-Educ-1.jpg","type":"image\/jpeg"}],"author":"Eduardo Mart\u00ednez","twitter_card":"summary_large_image","twitter_creator":"@Notibras","twitter_site":"@Notibras","twitter_misc":{"Escrito por":"Eduardo Mart\u00ednez","Est. tempo de leitura":"4 minutos"},"schema":{"@context":"https:\/\/schema.org","@graph":[{"@type":"Article","@id":"https:\/\/www.notibras.com\/site\/educacao-ambiental-aplicou-1-milhao-no-ano-passado\/#article","isPartOf":{"@id":"https:\/\/www.notibras.com\/site\/educacao-ambiental-aplicou-1-milhao-no-ano-passado\/"},"author":{"name":"Eduardo Mart\u00ednez","@id":"https:\/\/www.notibras.com\/site\/#\/schema\/person\/5b7fabf2aedc3ada2105f03b22b4d3dd"},"headline":"Educa\u00e7\u00e3o Ambiental aplicou 1 milh\u00e3o no ano passado","datePublished":"2026-01-13T03:45:28+00:00","dateModified":"2026-01-13T09:55:59+00:00","mainEntityOfPage":{"@id":"https:\/\/www.notibras.com\/site\/educacao-ambiental-aplicou-1-milhao-no-ano-passado\/"},"wordCount":691,"publisher":{"@id":"https:\/\/www.notibras.com\/site\/#organization"},"image":{"@id":"https:\/\/www.notibras.com\/site\/educacao-ambiental-aplicou-1-milhao-no-ano-passado\/#primaryimage"},"thumbnailUrl":"https:\/\/www.notibras.com\/site\/wp-content\/uploads\/2026\/01\/Foto-1-Mat-Balanco-Educ-1.jpg","articleSection":["Quadradinho em Foco"],"inLanguage":"pt-BR"},{"@type":"WebPage","@id":"https:\/\/www.notibras.com\/site\/educacao-ambiental-aplicou-1-milhao-no-ano-passado\/","url":"https:\/\/www.notibras.com\/site\/educacao-ambiental-aplicou-1-milhao-no-ano-passado\/","name":"Educa\u00e7\u00e3o Ambiental aplicou 1 milh\u00e3o no ano passado - Notibras","isPartOf":{"@id":"https:\/\/www.notibras.com\/site\/#website"},"primaryImageOfPage":{"@id":"https:\/\/www.notibras.com\/site\/educacao-ambiental-aplicou-1-milhao-no-ano-passado\/#primaryimage"},"image":{"@id":"https:\/\/www.notibras.com\/site\/educacao-ambiental-aplicou-1-milhao-no-ano-passado\/#primaryimage"},"thumbnailUrl":"https:\/\/www.notibras.com\/site\/wp-content\/uploads\/2026\/01\/Foto-1-Mat-Balanco-Educ-1.jpg","datePublished":"2026-01-13T03:45:28+00:00","dateModified":"2026-01-13T09:55:59+00:00","breadcrumb":{"@id":"https:\/\/www.notibras.com\/site\/educacao-ambiental-aplicou-1-milhao-no-ano-passado\/#breadcrumb"},"inLanguage":"pt-BR","potentialAction":[{"@type":"ReadAction","target":["https:\/\/www.notibras.com\/site\/educacao-ambiental-aplicou-1-milhao-no-ano-passado\/"]}]},{"@type":"ImageObject","inLanguage":"pt-BR","@id":"https:\/\/www.notibras.com\/site\/educacao-ambiental-aplicou-1-milhao-no-ano-passado\/#primaryimage","url":"https:\/\/www.notibras.com\/site\/wp-content\/uploads\/2026\/01\/Foto-1-Mat-Balanco-Educ-1.jpg","contentUrl":"https:\/\/www.notibras.com\/site\/wp-content\/uploads\/2026\/01\/Foto-1-Mat-Balanco-Educ-1.jpg","width":1472,"height":1600},{"@type":"BreadcrumbList","@id":"https:\/\/www.notibras.com\/site\/educacao-ambiental-aplicou-1-milhao-no-ano-passado\/#breadcrumb","itemListElement":[{"@type":"ListItem","position":1,"name":"In\u00edcio","item":"https:\/\/www.notibras.com\/site\/"},{"@type":"ListItem","position":2,"name":"Educa\u00e7\u00e3o Ambiental aplicou 1 milh\u00e3o no ano passado"}]},{"@type":"WebSite","@id":"https:\/\/www.notibras.com\/site\/#website","url":"https:\/\/www.notibras.com\/site\/","name":"Notibras","description":"Not\u00edcias de Bras\u00edlia, do Brasil e do Mundo","publisher":{"@id":"https:\/\/www.notibras.com\/site\/#organization"},"potentialAction":[{"@type":"SearchAction","target":{"@type":"EntryPoint","urlTemplate":"https:\/\/www.notibras.com\/site\/?s={search_term_string}"},"query-input":{"@type":"PropertyValueSpecification","valueRequired":true,"valueName":"search_term_string"}}],"inLanguage":"pt-BR"},{"@type":"Organization","@id":"https:\/\/www.notibras.com\/site\/#organization","name":"Grupo Notibras de Comunica\u00e7\u00e3o","url":"https:\/\/www.notibras.com\/site\/","logo":{"@type":"ImageObject","inLanguage":"pt-BR","@id":"https:\/\/www.notibras.com\/site\/#\/schema\/logo\/image\/","url":"https:\/\/www.notibras.com\/site\/wp-content\/uploads\/2023\/01\/notibras23.png","contentUrl":"https:\/\/www.notibras.com\/site\/wp-content\/uploads\/2023\/01\/notibras23.png","width":350,"height":87,"caption":"Grupo Notibras de Comunica\u00e7\u00e3o"},"image":{"@id":"https:\/\/www.notibras.com\/site\/#\/schema\/logo\/image\/"},"sameAs":["https:\/\/www.facebook.com\/notibras\/","https:\/\/x.com\/Notibras","https:\/\/www.instagram.com\/notibras\/"]},{"@type":"Person","@id":"https:\/\/www.notibras.com\/site\/#\/schema\/person\/5b7fabf2aedc3ada2105f03b22b4d3dd","name":"Eduardo Mart\u00ednez","image":{"@type":"ImageObject","inLanguage":"pt-BR","@id":"https:\/\/secure.gravatar.com\/avatar\/7902f906289926289cbcda644b5197c796b893c6ffd7b9a536a42d290f7704a0?s=96&d=mm&r=g","url":"https:\/\/secure.gravatar.com\/avatar\/7902f906289926289cbcda644b5197c796b893c6ffd7b9a536a42d290f7704a0?s=96&d=mm&r=g","contentUrl":"https:\/\/secure.gravatar.com\/avatar\/7902f906289926289cbcda644b5197c796b893c6ffd7b9a536a42d290f7704a0?s=96&d=mm&r=g","caption":"Eduardo Mart\u00ednez"}}]}},"amp_enabled":true,"_links":{"self":[{"href":"https:\/\/www.notibras.com\/site\/wp-json\/wp\/v2\/posts\/378744","targetHints":{"allow":["GET"]}}],"collection":[{"href":"https:\/\/www.notibras.com\/site\/wp-json\/wp\/v2\/posts"}],"about":[{"href":"https:\/\/www.notibras.com\/site\/wp-json\/wp\/v2\/types\/post"}],"author":[{"embeddable":true,"href":"https:\/\/www.notibras.com\/site\/wp-json\/wp\/v2\/users\/21"}],"replies":[{"embeddable":true,"href":"https:\/\/www.notibras.com\/site\/wp-json\/wp\/v2\/comments?post=378744"}],"version-history":[{"count":3,"href":"https:\/\/www.notibras.com\/site\/wp-json\/wp\/v2\/posts\/378744\/revisions"}],"predecessor-version":[{"id":378818,"href":"https:\/\/www.notibras.com\/site\/wp-json\/wp\/v2\/posts\/378744\/revisions\/378818"}],"wp:featuredmedia":[{"embeddable":true,"href":"https:\/\/www.notibras.com\/site\/wp-json\/wp\/v2\/media\/378745"}],"wp:attachment":[{"href":"https:\/\/www.notibras.com\/site\/wp-json\/wp\/v2\/media?parent=378744"}],"wp:term":[{"taxonomy":"category","embeddable":true,"href":"https:\/\/www.notibras.com\/site\/wp-json\/wp\/v2\/categories?post=378744"},{"taxonomy":"post_tag","embeddable":true,"href":"https:\/\/www.notibras.com\/site\/wp-json\/wp\/v2\/tags?post=378744"}],"curies":[{"name":"wp","href":"https:\/\/api.w.org\/{rel}","templated":true}]}}