{"id":378749,"date":"2026-01-13T00:25:28","date_gmt":"2026-01-13T03:25:28","guid":{"rendered":"https:\/\/www.notibras.com\/site\/?p=378749"},"modified":"2026-01-13T07:25:51","modified_gmt":"2026-01-13T10:25:51","slug":"uso-da-i-a-na-psiquiatria-pode-criar-autoterapia","status":"publish","type":"post","link":"https:\/\/www.notibras.com\/site\/uso-da-i-a-na-psiquiatria-pode-criar-autoterapia\/","title":{"rendered":"Uso da I.A. na psiquiatria pode criar autoterapia"},"content":{"rendered":"<p>O avan\u00e7o vertiginoso da intelig\u00eancia artificial na \u00e1rea da sa\u00fade tem sido celebrado como promessa de democratiza\u00e7\u00e3o do cuidado, redu\u00e7\u00e3o de custos e amplia\u00e7\u00e3o do acesso a diagn\u00f3sticos. Na psiquiatria, por\u00e9m, esse entusiasmo come\u00e7a a acender um sinal vermelho. Cientistas, pesquisadores em sa\u00fade mental e especialistas em \u00e9tica digital alertam: o uso indiscriminado de sistemas de I.A. para \u201caconselhamento emocional\u201d pode desencadear uma perigosa onda de autoterapia, com riscos profundos e, em alguns casos, irrevers\u00edveis.<\/p>\n<p>Aplicativos, chatbots e plataformas treinadas para simular escuta emp\u00e1tica v\u00eam sendo utilizados como substitutos \u2014 e n\u00e3o apenas complementos \u2014 do acompanhamento profissional. O problema n\u00e3o est\u00e1 na tecnologia em si, mas na ilus\u00e3o de neutralidade e seguran\u00e7a que ela projeta. Algoritmos n\u00e3o possuem consci\u00eancia, responsabilidade cl\u00ednica nem capacidade real de compreender a complexidade do sofrimento ps\u00edquico humano.<\/p>\n<p>Pesquisadores apontam que modelos de linguagem tendem a refor\u00e7ar narrativas internas do usu\u00e1rio, funcionando como espelhos sofisticados. Em pessoas vulner\u00e1veis, isso pode consolidar cren\u00e7as distorcidas, validar sintomas sem o devido contradit\u00f3rio cl\u00ednico e at\u00e9 normalizar ideias autodestrutivas. Diferentemente de um psiquiatra ou psic\u00f3logo, a I.A. n\u00e3o identifica sil\u00eancios, contradi\u00e7\u00f5es sutis, linguagem corporal ou mudan\u00e7as de humor \u2014 elementos centrais da pr\u00e1tica terap\u00eautica.<\/p>\n<p>Outro risco recorrente \u00e9 a confus\u00e3o entre acolhimento e tratamento. Ao oferecer respostas bem articuladas e aparentemente emp\u00e1ticas, sistemas automatizados induzem o usu\u00e1rio a acreditar que est\u00e1 sendo tratado. Na pr\u00e1tica, isso pode retardar a busca por ajuda profissional, agravando quadros de depress\u00e3o, transtornos de ansiedade, bipolaridade ou psicoses incipientes.<\/p>\n<p>H\u00e1 ainda um v\u00e1cuo regulat\u00f3rio preocupante. Quem responde por danos causados por uma orienta\u00e7\u00e3o inadequada de um sistema automatizado? A empresa desenvolvedora? O programador? O pr\u00f3prio usu\u00e1rio? Para cientistas da \u00e1rea, a aus\u00eancia de marcos legais claros transforma a sa\u00fade mental em campo de experimenta\u00e7\u00e3o de alto risco, onde o erro n\u00e3o custa dinheiro \u2014 custa vidas.<\/p>\n<p>Al\u00e9m disso, o uso de dados sens\u00edveis em intera\u00e7\u00f5es psiqui\u00e1tricas levanta d\u00favidas sobre privacidade, armazenamento e poss\u00edvel explora\u00e7\u00e3o comercial do sofrimento humano. Emo\u00e7\u00f5es, traumas e fragilidades viram insumo estat\u00edstico.<\/p>\n<p>O consenso emergente entre pesquisadores \u00e9 claro: a intelig\u00eancia artificial pode ser ferramenta auxiliar \u2014 jamais terapeuta. Pode ajudar na triagem, no monitoramento de padr\u00f5es, no apoio administrativo e at\u00e9 na amplia\u00e7\u00e3o do acesso inicial ao sistema de sa\u00fade. O que n\u00e3o pode \u00e9 ocupar o lugar do v\u00ednculo humano, da escuta qualificada e da responsabilidade cl\u00ednica.<\/p>\n<p>Transformar a I.A. em psiquiatra de bolso pode parecer solu\u00e7\u00e3o moderna para um mundo ansioso e solit\u00e1rio. Mas, como alertam cientistas, trata-se de uma modernidade enganosa \u2014 capaz de anestesiar o sofrimento sem trat\u00e1-lo, aprofundando o isolamento em vez de cur\u00e1-lo.<\/p>\n<p>Para psiquiatras, particularmente, quando se trata de sa\u00fade mental, atalhos tecnol\u00f3gicos n\u00e3o substituem o caminho delicado, humano e insubstitu\u00edvel do cuidado de um profissional da \u00e1rea.<\/p>\n","protected":false},"excerpt":{"rendered":"<p>O avan\u00e7o vertiginoso da intelig\u00eancia artificial na \u00e1rea da sa\u00fade tem sido celebrado como promessa de democratiza\u00e7\u00e3o do cuidado, redu\u00e7\u00e3o de custos e amplia\u00e7\u00e3o do acesso a diagn\u00f3sticos. Na psiquiatria, por\u00e9m, esse entusiasmo come\u00e7a a acender um sinal vermelho. Cientistas, pesquisadores em sa\u00fade mental e especialistas em \u00e9tica digital alertam: o uso indiscriminado de sistemas [&hellip;]<\/p>\n","protected":false},"author":2,"featured_media":378750,"comment_status":"closed","ping_status":"closed","sticky":false,"template":"","format":"standard","meta":{"_acf_changed":false,"footnotes":""},"categories":[155],"tags":[95],"class_list":["post-378749","post","type-post","status-publish","format-standard","has-post-thumbnail","hentry","category-leitura-vip","tag-capa"],"acf":[],"yoast_head":"<!-- This site is optimized with the Yoast SEO plugin v27.2 - https:\/\/yoast.com\/product\/yoast-seo-wordpress\/ -->\n<title>Uso da I.A. na psiquiatria pode criar autoterapia - Notibras<\/title>\n<meta name=\"robots\" content=\"index, follow, max-snippet:-1, max-image-preview:large, max-video-preview:-1\" \/>\n<link rel=\"canonical\" href=\"https:\/\/www.notibras.com\/site\/uso-da-i-a-na-psiquiatria-pode-criar-autoterapia\/\" \/>\n<meta property=\"og:locale\" content=\"pt_BR\" \/>\n<meta property=\"og:type\" content=\"article\" \/>\n<meta property=\"og:title\" content=\"Uso da I.A. na psiquiatria pode criar autoterapia - Notibras\" \/>\n<meta property=\"og:description\" content=\"O avan\u00e7o vertiginoso da intelig\u00eancia artificial na \u00e1rea da sa\u00fade tem sido celebrado como promessa de democratiza\u00e7\u00e3o do cuidado, redu\u00e7\u00e3o de custos e amplia\u00e7\u00e3o do acesso a diagn\u00f3sticos. Na psiquiatria, por\u00e9m, esse entusiasmo come\u00e7a a acender um sinal vermelho. Cientistas, pesquisadores em sa\u00fade mental e especialistas em \u00e9tica digital alertam: o uso indiscriminado de sistemas [&hellip;]\" \/>\n<meta property=\"og:url\" content=\"https:\/\/www.notibras.com\/site\/uso-da-i-a-na-psiquiatria-pode-criar-autoterapia\/\" \/>\n<meta property=\"og:site_name\" content=\"Notibras\" \/>\n<meta property=\"article:publisher\" content=\"https:\/\/www.facebook.com\/notibras\/\" \/>\n<meta property=\"article:published_time\" content=\"2026-01-13T03:25:28+00:00\" \/>\n<meta property=\"article:modified_time\" content=\"2026-01-13T10:25:51+00:00\" \/>\n<meta property=\"og:image\" content=\"https:\/\/www.notibras.com\/site\/wp-content\/uploads\/2026\/01\/91f91f6e-e5f4-43ec-8b4d-c9e3c29bea8c-683x1024.png\" \/>\n\t<meta property=\"og:image:width\" content=\"683\" \/>\n\t<meta property=\"og:image:height\" content=\"1024\" \/>\n\t<meta property=\"og:image:type\" content=\"image\/png\" \/>\n<meta name=\"author\" content=\"Reda\u00e7\u00e3o\" \/>\n<meta name=\"twitter:card\" content=\"summary_large_image\" \/>\n<meta name=\"twitter:creator\" content=\"@Notibras\" \/>\n<meta name=\"twitter:site\" content=\"@Notibras\" \/>\n<meta name=\"twitter:label1\" content=\"Escrito por\" \/>\n\t<meta name=\"twitter:data1\" content=\"Reda\u00e7\u00e3o\" \/>\n\t<meta name=\"twitter:label2\" content=\"Est. tempo de leitura\" \/>\n\t<meta name=\"twitter:data2\" content=\"3 minutos\" \/>\n<script type=\"application\/ld+json\" class=\"yoast-schema-graph\">{\"@context\":\"https:\/\/schema.org\",\"@graph\":[{\"@type\":\"Article\",\"@id\":\"https:\/\/www.notibras.com\/site\/uso-da-i-a-na-psiquiatria-pode-criar-autoterapia\/#article\",\"isPartOf\":{\"@id\":\"https:\/\/www.notibras.com\/site\/uso-da-i-a-na-psiquiatria-pode-criar-autoterapia\/\"},\"author\":{\"name\":\"Reda\u00e7\u00e3o\",\"@id\":\"https:\/\/www.notibras.com\/site\/#\/schema\/person\/36ab0979449956132d3e5b517ea76ac8\"},\"headline\":\"Uso da I.A. na psiquiatria pode criar autoterapia\",\"datePublished\":\"2026-01-13T03:25:28+00:00\",\"dateModified\":\"2026-01-13T10:25:51+00:00\",\"mainEntityOfPage\":{\"@id\":\"https:\/\/www.notibras.com\/site\/uso-da-i-a-na-psiquiatria-pode-criar-autoterapia\/\"},\"wordCount\":530,\"publisher\":{\"@id\":\"https:\/\/www.notibras.com\/site\/#organization\"},\"image\":{\"@id\":\"https:\/\/www.notibras.com\/site\/uso-da-i-a-na-psiquiatria-pode-criar-autoterapia\/#primaryimage\"},\"thumbnailUrl\":\"https:\/\/www.notibras.com\/site\/wp-content\/uploads\/2026\/01\/91f91f6e-e5f4-43ec-8b4d-c9e3c29bea8c.png\",\"keywords\":[\"capa\"],\"articleSection\":[\"Leitura Vip\"],\"inLanguage\":\"pt-BR\"},{\"@type\":\"WebPage\",\"@id\":\"https:\/\/www.notibras.com\/site\/uso-da-i-a-na-psiquiatria-pode-criar-autoterapia\/\",\"url\":\"https:\/\/www.notibras.com\/site\/uso-da-i-a-na-psiquiatria-pode-criar-autoterapia\/\",\"name\":\"Uso da I.A. na psiquiatria pode criar autoterapia - Notibras\",\"isPartOf\":{\"@id\":\"https:\/\/www.notibras.com\/site\/#website\"},\"primaryImageOfPage\":{\"@id\":\"https:\/\/www.notibras.com\/site\/uso-da-i-a-na-psiquiatria-pode-criar-autoterapia\/#primaryimage\"},\"image\":{\"@id\":\"https:\/\/www.notibras.com\/site\/uso-da-i-a-na-psiquiatria-pode-criar-autoterapia\/#primaryimage\"},\"thumbnailUrl\":\"https:\/\/www.notibras.com\/site\/wp-content\/uploads\/2026\/01\/91f91f6e-e5f4-43ec-8b4d-c9e3c29bea8c.png\",\"datePublished\":\"2026-01-13T03:25:28+00:00\",\"dateModified\":\"2026-01-13T10:25:51+00:00\",\"breadcrumb\":{\"@id\":\"https:\/\/www.notibras.com\/site\/uso-da-i-a-na-psiquiatria-pode-criar-autoterapia\/#breadcrumb\"},\"inLanguage\":\"pt-BR\",\"potentialAction\":[{\"@type\":\"ReadAction\",\"target\":[\"https:\/\/www.notibras.com\/site\/uso-da-i-a-na-psiquiatria-pode-criar-autoterapia\/\"]}]},{\"@type\":\"ImageObject\",\"inLanguage\":\"pt-BR\",\"@id\":\"https:\/\/www.notibras.com\/site\/uso-da-i-a-na-psiquiatria-pode-criar-autoterapia\/#primaryimage\",\"url\":\"https:\/\/www.notibras.com\/site\/wp-content\/uploads\/2026\/01\/91f91f6e-e5f4-43ec-8b4d-c9e3c29bea8c.png\",\"contentUrl\":\"https:\/\/www.notibras.com\/site\/wp-content\/uploads\/2026\/01\/91f91f6e-e5f4-43ec-8b4d-c9e3c29bea8c.png\",\"width\":1024,\"height\":1536},{\"@type\":\"BreadcrumbList\",\"@id\":\"https:\/\/www.notibras.com\/site\/uso-da-i-a-na-psiquiatria-pode-criar-autoterapia\/#breadcrumb\",\"itemListElement\":[{\"@type\":\"ListItem\",\"position\":1,\"name\":\"In\u00edcio\",\"item\":\"https:\/\/www.notibras.com\/site\/\"},{\"@type\":\"ListItem\",\"position\":2,\"name\":\"Uso da I.A. na psiquiatria pode criar autoterapia\"}]},{\"@type\":\"WebSite\",\"@id\":\"https:\/\/www.notibras.com\/site\/#website\",\"url\":\"https:\/\/www.notibras.com\/site\/\",\"name\":\"Notibras\",\"description\":\"Not\u00edcias de Bras\u00edlia, do Brasil e do Mundo\",\"publisher\":{\"@id\":\"https:\/\/www.notibras.com\/site\/#organization\"},\"potentialAction\":[{\"@type\":\"SearchAction\",\"target\":{\"@type\":\"EntryPoint\",\"urlTemplate\":\"https:\/\/www.notibras.com\/site\/?s={search_term_string}\"},\"query-input\":{\"@type\":\"PropertyValueSpecification\",\"valueRequired\":true,\"valueName\":\"search_term_string\"}}],\"inLanguage\":\"pt-BR\"},{\"@type\":\"Organization\",\"@id\":\"https:\/\/www.notibras.com\/site\/#organization\",\"name\":\"Grupo Notibras de Comunica\u00e7\u00e3o\",\"url\":\"https:\/\/www.notibras.com\/site\/\",\"logo\":{\"@type\":\"ImageObject\",\"inLanguage\":\"pt-BR\",\"@id\":\"https:\/\/www.notibras.com\/site\/#\/schema\/logo\/image\/\",\"url\":\"https:\/\/www.notibras.com\/site\/wp-content\/uploads\/2023\/01\/notibras23.png\",\"contentUrl\":\"https:\/\/www.notibras.com\/site\/wp-content\/uploads\/2023\/01\/notibras23.png\",\"width\":350,\"height\":87,\"caption\":\"Grupo Notibras de Comunica\u00e7\u00e3o\"},\"image\":{\"@id\":\"https:\/\/www.notibras.com\/site\/#\/schema\/logo\/image\/\"},\"sameAs\":[\"https:\/\/www.facebook.com\/notibras\/\",\"https:\/\/x.com\/Notibras\",\"https:\/\/www.instagram.com\/notibras\/\"]},{\"@type\":\"Person\",\"@id\":\"https:\/\/www.notibras.com\/site\/#\/schema\/person\/36ab0979449956132d3e5b517ea76ac8\",\"name\":\"Reda\u00e7\u00e3o\",\"image\":{\"@type\":\"ImageObject\",\"inLanguage\":\"pt-BR\",\"@id\":\"https:\/\/secure.gravatar.com\/avatar\/e0a867bdedb85fd243eadf09663511f96fc81e0720a4a42581f334ad4303aa6b?s=96&d=mm&r=g\",\"url\":\"https:\/\/secure.gravatar.com\/avatar\/e0a867bdedb85fd243eadf09663511f96fc81e0720a4a42581f334ad4303aa6b?s=96&d=mm&r=g\",\"contentUrl\":\"https:\/\/secure.gravatar.com\/avatar\/e0a867bdedb85fd243eadf09663511f96fc81e0720a4a42581f334ad4303aa6b?s=96&d=mm&r=g\",\"caption\":\"Reda\u00e7\u00e3o\"}}]}<\/script>\n<!-- \/ Yoast SEO plugin. -->","yoast_head_json":{"title":"Uso da I.A. na psiquiatria pode criar autoterapia - Notibras","robots":{"index":"index","follow":"follow","max-snippet":"max-snippet:-1","max-image-preview":"max-image-preview:large","max-video-preview":"max-video-preview:-1"},"canonical":"https:\/\/www.notibras.com\/site\/uso-da-i-a-na-psiquiatria-pode-criar-autoterapia\/","og_locale":"pt_BR","og_type":"article","og_title":"Uso da I.A. na psiquiatria pode criar autoterapia - Notibras","og_description":"O avan\u00e7o vertiginoso da intelig\u00eancia artificial na \u00e1rea da sa\u00fade tem sido celebrado como promessa de democratiza\u00e7\u00e3o do cuidado, redu\u00e7\u00e3o de custos e amplia\u00e7\u00e3o do acesso a diagn\u00f3sticos. Na psiquiatria, por\u00e9m, esse entusiasmo come\u00e7a a acender um sinal vermelho. Cientistas, pesquisadores em sa\u00fade mental e especialistas em \u00e9tica digital alertam: o uso indiscriminado de sistemas [&hellip;]","og_url":"https:\/\/www.notibras.com\/site\/uso-da-i-a-na-psiquiatria-pode-criar-autoterapia\/","og_site_name":"Notibras","article_publisher":"https:\/\/www.facebook.com\/notibras\/","article_published_time":"2026-01-13T03:25:28+00:00","article_modified_time":"2026-01-13T10:25:51+00:00","og_image":[{"width":683,"height":1024,"url":"https:\/\/www.notibras.com\/site\/wp-content\/uploads\/2026\/01\/91f91f6e-e5f4-43ec-8b4d-c9e3c29bea8c-683x1024.png","type":"image\/png"}],"author":"Reda\u00e7\u00e3o","twitter_card":"summary_large_image","twitter_creator":"@Notibras","twitter_site":"@Notibras","twitter_misc":{"Escrito por":"Reda\u00e7\u00e3o","Est. tempo de leitura":"3 minutos"},"schema":{"@context":"https:\/\/schema.org","@graph":[{"@type":"Article","@id":"https:\/\/www.notibras.com\/site\/uso-da-i-a-na-psiquiatria-pode-criar-autoterapia\/#article","isPartOf":{"@id":"https:\/\/www.notibras.com\/site\/uso-da-i-a-na-psiquiatria-pode-criar-autoterapia\/"},"author":{"name":"Reda\u00e7\u00e3o","@id":"https:\/\/www.notibras.com\/site\/#\/schema\/person\/36ab0979449956132d3e5b517ea76ac8"},"headline":"Uso da I.A. na psiquiatria pode criar autoterapia","datePublished":"2026-01-13T03:25:28+00:00","dateModified":"2026-01-13T10:25:51+00:00","mainEntityOfPage":{"@id":"https:\/\/www.notibras.com\/site\/uso-da-i-a-na-psiquiatria-pode-criar-autoterapia\/"},"wordCount":530,"publisher":{"@id":"https:\/\/www.notibras.com\/site\/#organization"},"image":{"@id":"https:\/\/www.notibras.com\/site\/uso-da-i-a-na-psiquiatria-pode-criar-autoterapia\/#primaryimage"},"thumbnailUrl":"https:\/\/www.notibras.com\/site\/wp-content\/uploads\/2026\/01\/91f91f6e-e5f4-43ec-8b4d-c9e3c29bea8c.png","keywords":["capa"],"articleSection":["Leitura Vip"],"inLanguage":"pt-BR"},{"@type":"WebPage","@id":"https:\/\/www.notibras.com\/site\/uso-da-i-a-na-psiquiatria-pode-criar-autoterapia\/","url":"https:\/\/www.notibras.com\/site\/uso-da-i-a-na-psiquiatria-pode-criar-autoterapia\/","name":"Uso da I.A. na psiquiatria pode criar autoterapia - Notibras","isPartOf":{"@id":"https:\/\/www.notibras.com\/site\/#website"},"primaryImageOfPage":{"@id":"https:\/\/www.notibras.com\/site\/uso-da-i-a-na-psiquiatria-pode-criar-autoterapia\/#primaryimage"},"image":{"@id":"https:\/\/www.notibras.com\/site\/uso-da-i-a-na-psiquiatria-pode-criar-autoterapia\/#primaryimage"},"thumbnailUrl":"https:\/\/www.notibras.com\/site\/wp-content\/uploads\/2026\/01\/91f91f6e-e5f4-43ec-8b4d-c9e3c29bea8c.png","datePublished":"2026-01-13T03:25:28+00:00","dateModified":"2026-01-13T10:25:51+00:00","breadcrumb":{"@id":"https:\/\/www.notibras.com\/site\/uso-da-i-a-na-psiquiatria-pode-criar-autoterapia\/#breadcrumb"},"inLanguage":"pt-BR","potentialAction":[{"@type":"ReadAction","target":["https:\/\/www.notibras.com\/site\/uso-da-i-a-na-psiquiatria-pode-criar-autoterapia\/"]}]},{"@type":"ImageObject","inLanguage":"pt-BR","@id":"https:\/\/www.notibras.com\/site\/uso-da-i-a-na-psiquiatria-pode-criar-autoterapia\/#primaryimage","url":"https:\/\/www.notibras.com\/site\/wp-content\/uploads\/2026\/01\/91f91f6e-e5f4-43ec-8b4d-c9e3c29bea8c.png","contentUrl":"https:\/\/www.notibras.com\/site\/wp-content\/uploads\/2026\/01\/91f91f6e-e5f4-43ec-8b4d-c9e3c29bea8c.png","width":1024,"height":1536},{"@type":"BreadcrumbList","@id":"https:\/\/www.notibras.com\/site\/uso-da-i-a-na-psiquiatria-pode-criar-autoterapia\/#breadcrumb","itemListElement":[{"@type":"ListItem","position":1,"name":"In\u00edcio","item":"https:\/\/www.notibras.com\/site\/"},{"@type":"ListItem","position":2,"name":"Uso da I.A. na psiquiatria pode criar autoterapia"}]},{"@type":"WebSite","@id":"https:\/\/www.notibras.com\/site\/#website","url":"https:\/\/www.notibras.com\/site\/","name":"Notibras","description":"Not\u00edcias de Bras\u00edlia, do Brasil e do Mundo","publisher":{"@id":"https:\/\/www.notibras.com\/site\/#organization"},"potentialAction":[{"@type":"SearchAction","target":{"@type":"EntryPoint","urlTemplate":"https:\/\/www.notibras.com\/site\/?s={search_term_string}"},"query-input":{"@type":"PropertyValueSpecification","valueRequired":true,"valueName":"search_term_string"}}],"inLanguage":"pt-BR"},{"@type":"Organization","@id":"https:\/\/www.notibras.com\/site\/#organization","name":"Grupo Notibras de Comunica\u00e7\u00e3o","url":"https:\/\/www.notibras.com\/site\/","logo":{"@type":"ImageObject","inLanguage":"pt-BR","@id":"https:\/\/www.notibras.com\/site\/#\/schema\/logo\/image\/","url":"https:\/\/www.notibras.com\/site\/wp-content\/uploads\/2023\/01\/notibras23.png","contentUrl":"https:\/\/www.notibras.com\/site\/wp-content\/uploads\/2023\/01\/notibras23.png","width":350,"height":87,"caption":"Grupo Notibras de Comunica\u00e7\u00e3o"},"image":{"@id":"https:\/\/www.notibras.com\/site\/#\/schema\/logo\/image\/"},"sameAs":["https:\/\/www.facebook.com\/notibras\/","https:\/\/x.com\/Notibras","https:\/\/www.instagram.com\/notibras\/"]},{"@type":"Person","@id":"https:\/\/www.notibras.com\/site\/#\/schema\/person\/36ab0979449956132d3e5b517ea76ac8","name":"Reda\u00e7\u00e3o","image":{"@type":"ImageObject","inLanguage":"pt-BR","@id":"https:\/\/secure.gravatar.com\/avatar\/e0a867bdedb85fd243eadf09663511f96fc81e0720a4a42581f334ad4303aa6b?s=96&d=mm&r=g","url":"https:\/\/secure.gravatar.com\/avatar\/e0a867bdedb85fd243eadf09663511f96fc81e0720a4a42581f334ad4303aa6b?s=96&d=mm&r=g","contentUrl":"https:\/\/secure.gravatar.com\/avatar\/e0a867bdedb85fd243eadf09663511f96fc81e0720a4a42581f334ad4303aa6b?s=96&d=mm&r=g","caption":"Reda\u00e7\u00e3o"}}]}},"amp_enabled":true,"_links":{"self":[{"href":"https:\/\/www.notibras.com\/site\/wp-json\/wp\/v2\/posts\/378749","targetHints":{"allow":["GET"]}}],"collection":[{"href":"https:\/\/www.notibras.com\/site\/wp-json\/wp\/v2\/posts"}],"about":[{"href":"https:\/\/www.notibras.com\/site\/wp-json\/wp\/v2\/types\/post"}],"author":[{"embeddable":true,"href":"https:\/\/www.notibras.com\/site\/wp-json\/wp\/v2\/users\/2"}],"replies":[{"embeddable":true,"href":"https:\/\/www.notibras.com\/site\/wp-json\/wp\/v2\/comments?post=378749"}],"version-history":[{"count":6,"href":"https:\/\/www.notibras.com\/site\/wp-json\/wp\/v2\/posts\/378749\/revisions"}],"predecessor-version":[{"id":378758,"href":"https:\/\/www.notibras.com\/site\/wp-json\/wp\/v2\/posts\/378749\/revisions\/378758"}],"wp:featuredmedia":[{"embeddable":true,"href":"https:\/\/www.notibras.com\/site\/wp-json\/wp\/v2\/media\/378750"}],"wp:attachment":[{"href":"https:\/\/www.notibras.com\/site\/wp-json\/wp\/v2\/media?parent=378749"}],"wp:term":[{"taxonomy":"category","embeddable":true,"href":"https:\/\/www.notibras.com\/site\/wp-json\/wp\/v2\/categories?post=378749"},{"taxonomy":"post_tag","embeddable":true,"href":"https:\/\/www.notibras.com\/site\/wp-json\/wp\/v2\/tags?post=378749"}],"curies":[{"name":"wp","href":"https:\/\/api.w.org\/{rel}","templated":true}]}}