{"id":378752,"date":"2026-01-13T01:00:37","date_gmt":"2026-01-13T04:00:37","guid":{"rendered":"https:\/\/www.notibras.com\/site\/?p=378752"},"modified":"2026-01-13T06:52:40","modified_gmt":"2026-01-13T09:52:40","slug":"lancado-edital-de-compra-de-equipamentos-para-a-saude","status":"publish","type":"post","link":"https:\/\/www.notibras.com\/site\/lancado-edital-de-compra-de-equipamentos-para-a-saude\/","title":{"rendered":"Lan\u00e7ado edital de compra de equipamentos para a sa\u00fade"},"content":{"rendered":"<p>O Instituto de Gest\u00e3o Estrat\u00e9gica de Sa\u00fade do Distrito Federal (IgesDF) lan\u00e7ou, nesta segunda-feira (12), o Edital n\u00ba 83\/2025 para a aquisi\u00e7\u00e3o de novos equipamentos m\u00e9dicos destinados ao Servi\u00e7o de Anatomia Patol\u00f3gica do Hospital de Base. O investimento vai ampliar a precis\u00e3o e a agilidade dos exames, fundamentais para a identifica\u00e7\u00e3o de doen\u00e7as e para a defini\u00e7\u00e3o de tratamentos, fortalecendo o atendimento oferecido aos pacientes do Sistema \u00danico de Sa\u00fade (SUS).<\/p>\n<p>O edital tem como objeto a compra de equipamentos m\u00e9dicos voltados \u00e0 rotina da anatomia patol\u00f3gica, conforme estabelecido no Elemento T\u00e9cnico n\u00ba 95\/2025 e na Solicita\u00e7\u00e3o de Compras MV n\u00ba 7018. A iniciativa refor\u00e7a o compromisso do Instituto com a excel\u00eancia dos servi\u00e7os prestados nas unidades de sa\u00fade sob sua gest\u00e3o.<\/p>\n<p>Essencial no processo de identifica\u00e7\u00e3o de doen\u00e7as, especialmente em an\u00e1lises microsc\u00f3picas de tecidos, o Servi\u00e7o de Anatomia Patol\u00f3gica desempenha papel estrat\u00e9gico na defini\u00e7\u00e3o de tratamentos e condutas cl\u00ednicas. A atualiza\u00e7\u00e3o dos equipamentos amplia a precis\u00e3o dos exames, contribui para diagn\u00f3sticos mais r\u00e1pidos e qualifica ainda mais o atendimento ao paciente.<\/p>\n<p><strong>Prazo para envio de propostas<\/strong><\/p>\n<p>Com o objetivo de garantir ampla concorr\u00eancia e participa\u00e7\u00e3o de empresas especializadas, o per\u00edodo de recebimento das propostas ser\u00e1 de 10 dias \u00fateis, entre 12 e 23 de janeiro de 2026, at\u00e9 as 23h55 (hor\u00e1rio local), exclusivamente pelo email <strong>emendas.propostas@igesdf.org.br<\/strong>.<\/p>\n<p>Para o presidente do instituto, Cleber Monteiro, investimentos em moderniza\u00e7\u00e3o mostram o cuidado que o Governo do Distrito Federal (GDF) tem com o usu\u00e1rio do Sistema \u00danico de Sa\u00fade. \u201cEstamos garantindo que o cidad\u00e3o consiga ter acesso mais \u00e1gil e preciso dos exames que s\u00e3o realizados e, com isso, consiga ter diagn\u00f3sticos e tratamentos cada vez melhores\u201d, destaca.<\/p>\n<p>O edital completo e seus anexos est\u00e3o dispon\u00edveis para consulta no site do IgesDF, conforme <a href=\"https:\/\/igesdf.org.br\/transparencia\/compras\/selecao-de-fornecedores\/ato-convocatorio\/\">endere\u00e7o eletr\u00f4nico informado no documento oficial<\/a>.<\/p>\n<p><strong>Servi\u00e7o:<\/strong><\/p>\n<p>Objeto: Aquisi\u00e7\u00e3o de equipamentos m\u00e9dicos destinados ao Servi\u00e7o de Anatomia Patol\u00f3gica<\/p>\n<p>Edital: n\u00ba 83\/2025<\/p>\n<p>Per\u00edodo para envio de propostas: de 12\/01\/2026 a 23\/01\/2026<\/p>\n<p>Endere\u00e7o eletr\u00f4nico para envio: <strong>emendas.propostas@igesdf.org.br<\/strong><\/p>\n<p>Prazo: 10 dias \u00fateis<\/p>\n","protected":false},"excerpt":{"rendered":"<p>O Instituto de Gest\u00e3o Estrat\u00e9gica de Sa\u00fade do Distrito Federal (IgesDF) lan\u00e7ou, nesta segunda-feira (12), o Edital n\u00ba 83\/2025 para a aquisi\u00e7\u00e3o de novos equipamentos m\u00e9dicos destinados ao Servi\u00e7o de Anatomia Patol\u00f3gica do Hospital de Base. O investimento vai ampliar a precis\u00e3o e a agilidade dos exames, fundamentais para a identifica\u00e7\u00e3o de doen\u00e7as e para [&hellip;]<\/p>\n","protected":false},"author":21,"featured_media":378753,"comment_status":"closed","ping_status":"closed","sticky":false,"template":"","format":"standard","meta":{"_acf_changed":false,"footnotes":""},"categories":[161],"tags":[],"class_list":["post-378752","post","type-post","status-publish","format-standard","has-post-thumbnail","hentry","category-quadradinho-em-foco"],"acf":[],"yoast_head":"<!-- This site is optimized with the Yoast SEO plugin v27.2 - https:\/\/yoast.com\/product\/yoast-seo-wordpress\/ -->\n<title>Lan\u00e7ado edital de compra de equipamentos para a sa\u00fade - Notibras<\/title>\n<meta name=\"robots\" content=\"index, follow, max-snippet:-1, max-image-preview:large, max-video-preview:-1\" \/>\n<link rel=\"canonical\" href=\"https:\/\/www.notibras.com\/site\/lancado-edital-de-compra-de-equipamentos-para-a-saude\/\" \/>\n<meta property=\"og:locale\" content=\"pt_BR\" \/>\n<meta property=\"og:type\" content=\"article\" \/>\n<meta property=\"og:title\" content=\"Lan\u00e7ado edital de compra de equipamentos para a sa\u00fade - Notibras\" \/>\n<meta property=\"og:description\" content=\"O Instituto de Gest\u00e3o Estrat\u00e9gica de Sa\u00fade do Distrito Federal (IgesDF) lan\u00e7ou, nesta segunda-feira (12), o Edital n\u00ba 83\/2025 para a aquisi\u00e7\u00e3o de novos equipamentos m\u00e9dicos destinados ao Servi\u00e7o de Anatomia Patol\u00f3gica do Hospital de Base. O investimento vai ampliar a precis\u00e3o e a agilidade dos exames, fundamentais para a identifica\u00e7\u00e3o de doen\u00e7as e para [&hellip;]\" \/>\n<meta property=\"og:url\" content=\"https:\/\/www.notibras.com\/site\/lancado-edital-de-compra-de-equipamentos-para-a-saude\/\" \/>\n<meta property=\"og:site_name\" content=\"Notibras\" \/>\n<meta property=\"article:publisher\" content=\"https:\/\/www.facebook.com\/notibras\/\" \/>\n<meta property=\"article:published_time\" content=\"2026-01-13T04:00:37+00:00\" \/>\n<meta property=\"article:modified_time\" content=\"2026-01-13T09:52:40+00:00\" \/>\n<meta property=\"og:image\" content=\"https:\/\/www.notibras.com\/site\/wp-content\/uploads\/2026\/01\/DivulgaEditalAquisicao-1.jpeg\" \/>\n\t<meta property=\"og:image:width\" content=\"2309\" \/>\n\t<meta property=\"og:image:height\" content=\"1299\" \/>\n\t<meta property=\"og:image:type\" content=\"image\/jpeg\" \/>\n<meta name=\"author\" content=\"Eduardo Mart\u00ednez\" \/>\n<meta name=\"twitter:card\" content=\"summary_large_image\" \/>\n<meta name=\"twitter:creator\" content=\"@Notibras\" \/>\n<meta name=\"twitter:site\" content=\"@Notibras\" \/>\n<meta name=\"twitter:label1\" content=\"Escrito por\" \/>\n\t<meta name=\"twitter:data1\" content=\"Eduardo Mart\u00ednez\" \/>\n\t<meta name=\"twitter:label2\" content=\"Est. tempo de leitura\" \/>\n\t<meta name=\"twitter:data2\" content=\"3 minutos\" \/>\n<script type=\"application\/ld+json\" class=\"yoast-schema-graph\">{\"@context\":\"https:\/\/schema.org\",\"@graph\":[{\"@type\":\"Article\",\"@id\":\"https:\/\/www.notibras.com\/site\/lancado-edital-de-compra-de-equipamentos-para-a-saude\/#article\",\"isPartOf\":{\"@id\":\"https:\/\/www.notibras.com\/site\/lancado-edital-de-compra-de-equipamentos-para-a-saude\/\"},\"author\":{\"name\":\"Eduardo Mart\u00ednez\",\"@id\":\"https:\/\/www.notibras.com\/site\/#\/schema\/person\/5b7fabf2aedc3ada2105f03b22b4d3dd\"},\"headline\":\"Lan\u00e7ado edital de compra de equipamentos para a sa\u00fade\",\"datePublished\":\"2026-01-13T04:00:37+00:00\",\"dateModified\":\"2026-01-13T09:52:40+00:00\",\"mainEntityOfPage\":{\"@id\":\"https:\/\/www.notibras.com\/site\/lancado-edital-de-compra-de-equipamentos-para-a-saude\/\"},\"wordCount\":392,\"publisher\":{\"@id\":\"https:\/\/www.notibras.com\/site\/#organization\"},\"image\":{\"@id\":\"https:\/\/www.notibras.com\/site\/lancado-edital-de-compra-de-equipamentos-para-a-saude\/#primaryimage\"},\"thumbnailUrl\":\"https:\/\/www.notibras.com\/site\/wp-content\/uploads\/2026\/01\/DivulgaEditalAquisicao-1.jpeg\",\"articleSection\":[\"Quadradinho em Foco\"],\"inLanguage\":\"pt-BR\"},{\"@type\":\"WebPage\",\"@id\":\"https:\/\/www.notibras.com\/site\/lancado-edital-de-compra-de-equipamentos-para-a-saude\/\",\"url\":\"https:\/\/www.notibras.com\/site\/lancado-edital-de-compra-de-equipamentos-para-a-saude\/\",\"name\":\"Lan\u00e7ado edital de compra de equipamentos para a sa\u00fade - Notibras\",\"isPartOf\":{\"@id\":\"https:\/\/www.notibras.com\/site\/#website\"},\"primaryImageOfPage\":{\"@id\":\"https:\/\/www.notibras.com\/site\/lancado-edital-de-compra-de-equipamentos-para-a-saude\/#primaryimage\"},\"image\":{\"@id\":\"https:\/\/www.notibras.com\/site\/lancado-edital-de-compra-de-equipamentos-para-a-saude\/#primaryimage\"},\"thumbnailUrl\":\"https:\/\/www.notibras.com\/site\/wp-content\/uploads\/2026\/01\/DivulgaEditalAquisicao-1.jpeg\",\"datePublished\":\"2026-01-13T04:00:37+00:00\",\"dateModified\":\"2026-01-13T09:52:40+00:00\",\"breadcrumb\":{\"@id\":\"https:\/\/www.notibras.com\/site\/lancado-edital-de-compra-de-equipamentos-para-a-saude\/#breadcrumb\"},\"inLanguage\":\"pt-BR\",\"potentialAction\":[{\"@type\":\"ReadAction\",\"target\":[\"https:\/\/www.notibras.com\/site\/lancado-edital-de-compra-de-equipamentos-para-a-saude\/\"]}]},{\"@type\":\"ImageObject\",\"inLanguage\":\"pt-BR\",\"@id\":\"https:\/\/www.notibras.com\/site\/lancado-edital-de-compra-de-equipamentos-para-a-saude\/#primaryimage\",\"url\":\"https:\/\/www.notibras.com\/site\/wp-content\/uploads\/2026\/01\/DivulgaEditalAquisicao-1.jpeg\",\"contentUrl\":\"https:\/\/www.notibras.com\/site\/wp-content\/uploads\/2026\/01\/DivulgaEditalAquisicao-1.jpeg\",\"width\":2309,\"height\":1299,\"caption\":\"Medical Development Laboratory: Scientist Wearing Face Mask Looking Under Microscope and Using Digital Tablet. Specialists Working on Medicine, Biotechnology Research in Advanced Pharma Lab\"},{\"@type\":\"BreadcrumbList\",\"@id\":\"https:\/\/www.notibras.com\/site\/lancado-edital-de-compra-de-equipamentos-para-a-saude\/#breadcrumb\",\"itemListElement\":[{\"@type\":\"ListItem\",\"position\":1,\"name\":\"In\u00edcio\",\"item\":\"https:\/\/www.notibras.com\/site\/\"},{\"@type\":\"ListItem\",\"position\":2,\"name\":\"Lan\u00e7ado edital de compra de equipamentos para a sa\u00fade\"}]},{\"@type\":\"WebSite\",\"@id\":\"https:\/\/www.notibras.com\/site\/#website\",\"url\":\"https:\/\/www.notibras.com\/site\/\",\"name\":\"Notibras\",\"description\":\"Not\u00edcias de Bras\u00edlia, do Brasil e do Mundo\",\"publisher\":{\"@id\":\"https:\/\/www.notibras.com\/site\/#organization\"},\"potentialAction\":[{\"@type\":\"SearchAction\",\"target\":{\"@type\":\"EntryPoint\",\"urlTemplate\":\"https:\/\/www.notibras.com\/site\/?s={search_term_string}\"},\"query-input\":{\"@type\":\"PropertyValueSpecification\",\"valueRequired\":true,\"valueName\":\"search_term_string\"}}],\"inLanguage\":\"pt-BR\"},{\"@type\":\"Organization\",\"@id\":\"https:\/\/www.notibras.com\/site\/#organization\",\"name\":\"Grupo Notibras de Comunica\u00e7\u00e3o\",\"url\":\"https:\/\/www.notibras.com\/site\/\",\"logo\":{\"@type\":\"ImageObject\",\"inLanguage\":\"pt-BR\",\"@id\":\"https:\/\/www.notibras.com\/site\/#\/schema\/logo\/image\/\",\"url\":\"https:\/\/www.notibras.com\/site\/wp-content\/uploads\/2023\/01\/notibras23.png\",\"contentUrl\":\"https:\/\/www.notibras.com\/site\/wp-content\/uploads\/2023\/01\/notibras23.png\",\"width\":350,\"height\":87,\"caption\":\"Grupo Notibras de Comunica\u00e7\u00e3o\"},\"image\":{\"@id\":\"https:\/\/www.notibras.com\/site\/#\/schema\/logo\/image\/\"},\"sameAs\":[\"https:\/\/www.facebook.com\/notibras\/\",\"https:\/\/x.com\/Notibras\",\"https:\/\/www.instagram.com\/notibras\/\"]},{\"@type\":\"Person\",\"@id\":\"https:\/\/www.notibras.com\/site\/#\/schema\/person\/5b7fabf2aedc3ada2105f03b22b4d3dd\",\"name\":\"Eduardo Mart\u00ednez\",\"image\":{\"@type\":\"ImageObject\",\"inLanguage\":\"pt-BR\",\"@id\":\"https:\/\/secure.gravatar.com\/avatar\/7902f906289926289cbcda644b5197c796b893c6ffd7b9a536a42d290f7704a0?s=96&d=mm&r=g\",\"url\":\"https:\/\/secure.gravatar.com\/avatar\/7902f906289926289cbcda644b5197c796b893c6ffd7b9a536a42d290f7704a0?s=96&d=mm&r=g\",\"contentUrl\":\"https:\/\/secure.gravatar.com\/avatar\/7902f906289926289cbcda644b5197c796b893c6ffd7b9a536a42d290f7704a0?s=96&d=mm&r=g\",\"caption\":\"Eduardo Mart\u00ednez\"}}]}<\/script>\n<!-- \/ Yoast SEO plugin. -->","yoast_head_json":{"title":"Lan\u00e7ado edital de compra de equipamentos para a sa\u00fade - Notibras","robots":{"index":"index","follow":"follow","max-snippet":"max-snippet:-1","max-image-preview":"max-image-preview:large","max-video-preview":"max-video-preview:-1"},"canonical":"https:\/\/www.notibras.com\/site\/lancado-edital-de-compra-de-equipamentos-para-a-saude\/","og_locale":"pt_BR","og_type":"article","og_title":"Lan\u00e7ado edital de compra de equipamentos para a sa\u00fade - Notibras","og_description":"O Instituto de Gest\u00e3o Estrat\u00e9gica de Sa\u00fade do Distrito Federal (IgesDF) lan\u00e7ou, nesta segunda-feira (12), o Edital n\u00ba 83\/2025 para a aquisi\u00e7\u00e3o de novos equipamentos m\u00e9dicos destinados ao Servi\u00e7o de Anatomia Patol\u00f3gica do Hospital de Base. O investimento vai ampliar a precis\u00e3o e a agilidade dos exames, fundamentais para a identifica\u00e7\u00e3o de doen\u00e7as e para [&hellip;]","og_url":"https:\/\/www.notibras.com\/site\/lancado-edital-de-compra-de-equipamentos-para-a-saude\/","og_site_name":"Notibras","article_publisher":"https:\/\/www.facebook.com\/notibras\/","article_published_time":"2026-01-13T04:00:37+00:00","article_modified_time":"2026-01-13T09:52:40+00:00","og_image":[{"width":2309,"height":1299,"url":"https:\/\/www.notibras.com\/site\/wp-content\/uploads\/2026\/01\/DivulgaEditalAquisicao-1.jpeg","type":"image\/jpeg"}],"author":"Eduardo Mart\u00ednez","twitter_card":"summary_large_image","twitter_creator":"@Notibras","twitter_site":"@Notibras","twitter_misc":{"Escrito por":"Eduardo Mart\u00ednez","Est. tempo de leitura":"3 minutos"},"schema":{"@context":"https:\/\/schema.org","@graph":[{"@type":"Article","@id":"https:\/\/www.notibras.com\/site\/lancado-edital-de-compra-de-equipamentos-para-a-saude\/#article","isPartOf":{"@id":"https:\/\/www.notibras.com\/site\/lancado-edital-de-compra-de-equipamentos-para-a-saude\/"},"author":{"name":"Eduardo Mart\u00ednez","@id":"https:\/\/www.notibras.com\/site\/#\/schema\/person\/5b7fabf2aedc3ada2105f03b22b4d3dd"},"headline":"Lan\u00e7ado edital de compra de equipamentos para a sa\u00fade","datePublished":"2026-01-13T04:00:37+00:00","dateModified":"2026-01-13T09:52:40+00:00","mainEntityOfPage":{"@id":"https:\/\/www.notibras.com\/site\/lancado-edital-de-compra-de-equipamentos-para-a-saude\/"},"wordCount":392,"publisher":{"@id":"https:\/\/www.notibras.com\/site\/#organization"},"image":{"@id":"https:\/\/www.notibras.com\/site\/lancado-edital-de-compra-de-equipamentos-para-a-saude\/#primaryimage"},"thumbnailUrl":"https:\/\/www.notibras.com\/site\/wp-content\/uploads\/2026\/01\/DivulgaEditalAquisicao-1.jpeg","articleSection":["Quadradinho em Foco"],"inLanguage":"pt-BR"},{"@type":"WebPage","@id":"https:\/\/www.notibras.com\/site\/lancado-edital-de-compra-de-equipamentos-para-a-saude\/","url":"https:\/\/www.notibras.com\/site\/lancado-edital-de-compra-de-equipamentos-para-a-saude\/","name":"Lan\u00e7ado edital de compra de equipamentos para a sa\u00fade - Notibras","isPartOf":{"@id":"https:\/\/www.notibras.com\/site\/#website"},"primaryImageOfPage":{"@id":"https:\/\/www.notibras.com\/site\/lancado-edital-de-compra-de-equipamentos-para-a-saude\/#primaryimage"},"image":{"@id":"https:\/\/www.notibras.com\/site\/lancado-edital-de-compra-de-equipamentos-para-a-saude\/#primaryimage"},"thumbnailUrl":"https:\/\/www.notibras.com\/site\/wp-content\/uploads\/2026\/01\/DivulgaEditalAquisicao-1.jpeg","datePublished":"2026-01-13T04:00:37+00:00","dateModified":"2026-01-13T09:52:40+00:00","breadcrumb":{"@id":"https:\/\/www.notibras.com\/site\/lancado-edital-de-compra-de-equipamentos-para-a-saude\/#breadcrumb"},"inLanguage":"pt-BR","potentialAction":[{"@type":"ReadAction","target":["https:\/\/www.notibras.com\/site\/lancado-edital-de-compra-de-equipamentos-para-a-saude\/"]}]},{"@type":"ImageObject","inLanguage":"pt-BR","@id":"https:\/\/www.notibras.com\/site\/lancado-edital-de-compra-de-equipamentos-para-a-saude\/#primaryimage","url":"https:\/\/www.notibras.com\/site\/wp-content\/uploads\/2026\/01\/DivulgaEditalAquisicao-1.jpeg","contentUrl":"https:\/\/www.notibras.com\/site\/wp-content\/uploads\/2026\/01\/DivulgaEditalAquisicao-1.jpeg","width":2309,"height":1299,"caption":"Medical Development Laboratory: Scientist Wearing Face Mask Looking Under Microscope and Using Digital Tablet. Specialists Working on Medicine, Biotechnology Research in Advanced Pharma Lab"},{"@type":"BreadcrumbList","@id":"https:\/\/www.notibras.com\/site\/lancado-edital-de-compra-de-equipamentos-para-a-saude\/#breadcrumb","itemListElement":[{"@type":"ListItem","position":1,"name":"In\u00edcio","item":"https:\/\/www.notibras.com\/site\/"},{"@type":"ListItem","position":2,"name":"Lan\u00e7ado edital de compra de equipamentos para a sa\u00fade"}]},{"@type":"WebSite","@id":"https:\/\/www.notibras.com\/site\/#website","url":"https:\/\/www.notibras.com\/site\/","name":"Notibras","description":"Not\u00edcias de Bras\u00edlia, do Brasil e do Mundo","publisher":{"@id":"https:\/\/www.notibras.com\/site\/#organization"},"potentialAction":[{"@type":"SearchAction","target":{"@type":"EntryPoint","urlTemplate":"https:\/\/www.notibras.com\/site\/?s={search_term_string}"},"query-input":{"@type":"PropertyValueSpecification","valueRequired":true,"valueName":"search_term_string"}}],"inLanguage":"pt-BR"},{"@type":"Organization","@id":"https:\/\/www.notibras.com\/site\/#organization","name":"Grupo Notibras de Comunica\u00e7\u00e3o","url":"https:\/\/www.notibras.com\/site\/","logo":{"@type":"ImageObject","inLanguage":"pt-BR","@id":"https:\/\/www.notibras.com\/site\/#\/schema\/logo\/image\/","url":"https:\/\/www.notibras.com\/site\/wp-content\/uploads\/2023\/01\/notibras23.png","contentUrl":"https:\/\/www.notibras.com\/site\/wp-content\/uploads\/2023\/01\/notibras23.png","width":350,"height":87,"caption":"Grupo Notibras de Comunica\u00e7\u00e3o"},"image":{"@id":"https:\/\/www.notibras.com\/site\/#\/schema\/logo\/image\/"},"sameAs":["https:\/\/www.facebook.com\/notibras\/","https:\/\/x.com\/Notibras","https:\/\/www.instagram.com\/notibras\/"]},{"@type":"Person","@id":"https:\/\/www.notibras.com\/site\/#\/schema\/person\/5b7fabf2aedc3ada2105f03b22b4d3dd","name":"Eduardo Mart\u00ednez","image":{"@type":"ImageObject","inLanguage":"pt-BR","@id":"https:\/\/secure.gravatar.com\/avatar\/7902f906289926289cbcda644b5197c796b893c6ffd7b9a536a42d290f7704a0?s=96&d=mm&r=g","url":"https:\/\/secure.gravatar.com\/avatar\/7902f906289926289cbcda644b5197c796b893c6ffd7b9a536a42d290f7704a0?s=96&d=mm&r=g","contentUrl":"https:\/\/secure.gravatar.com\/avatar\/7902f906289926289cbcda644b5197c796b893c6ffd7b9a536a42d290f7704a0?s=96&d=mm&r=g","caption":"Eduardo Mart\u00ednez"}}]}},"amp_enabled":true,"_links":{"self":[{"href":"https:\/\/www.notibras.com\/site\/wp-json\/wp\/v2\/posts\/378752","targetHints":{"allow":["GET"]}}],"collection":[{"href":"https:\/\/www.notibras.com\/site\/wp-json\/wp\/v2\/posts"}],"about":[{"href":"https:\/\/www.notibras.com\/site\/wp-json\/wp\/v2\/types\/post"}],"author":[{"embeddable":true,"href":"https:\/\/www.notibras.com\/site\/wp-json\/wp\/v2\/users\/21"}],"replies":[{"embeddable":true,"href":"https:\/\/www.notibras.com\/site\/wp-json\/wp\/v2\/comments?post=378752"}],"version-history":[{"count":4,"href":"https:\/\/www.notibras.com\/site\/wp-json\/wp\/v2\/posts\/378752\/revisions"}],"predecessor-version":[{"id":378817,"href":"https:\/\/www.notibras.com\/site\/wp-json\/wp\/v2\/posts\/378752\/revisions\/378817"}],"wp:featuredmedia":[{"embeddable":true,"href":"https:\/\/www.notibras.com\/site\/wp-json\/wp\/v2\/media\/378753"}],"wp:attachment":[{"href":"https:\/\/www.notibras.com\/site\/wp-json\/wp\/v2\/media?parent=378752"}],"wp:term":[{"taxonomy":"category","embeddable":true,"href":"https:\/\/www.notibras.com\/site\/wp-json\/wp\/v2\/categories?post=378752"},{"taxonomy":"post_tag","embeddable":true,"href":"https:\/\/www.notibras.com\/site\/wp-json\/wp\/v2\/tags?post=378752"}],"curies":[{"name":"wp","href":"https:\/\/api.w.org\/{rel}","templated":true}]}}