{"id":378762,"date":"2026-01-13T01:15:36","date_gmt":"2026-01-13T04:15:36","guid":{"rendered":"https:\/\/www.notibras.com\/site\/?p=378762"},"modified":"2026-01-13T00:36:55","modified_gmt":"2026-01-13T03:36:55","slug":"projeto-bytezone-leva-inclusao-digital-e-incentivo-ao-empreendedorismo","status":"publish","type":"post","link":"https:\/\/www.notibras.com\/site\/projeto-bytezone-leva-inclusao-digital-e-incentivo-ao-empreendedorismo\/","title":{"rendered":"Projeto ByteZone leva inclus\u00e3o digital e incentivo ao empreendedorismo"},"content":{"rendered":"<p>Est\u00e3o abertas as inscri\u00e7\u00f5es para o projeto ByteZone \u2014 Explorando o Mundo Digital, que ser\u00e1 realizado entre os dias 19 e 30 de janeiro, no estacionamento da Administra\u00e7\u00e3o Regional do Arapoanga. A iniciativa leva forma\u00e7\u00e3o gratuita em tecnologia e empreendedorismo \u00e0 regi\u00e3o administrativa, ampliando o acesso ao conhecimento e \u00e0s novas oportunidades do mundo digital. Os interessados devem se inscrever por meio de <a href=\"https:\/\/docs.google.com\/forms\/d\/e\/1FAIpQLScrwDVpIlSaIVlXIvCVmzJInf-O1h9u2mfEUHWD73ZwSzOUFg\/viewform?fbclid=PAZXh0bgNhZW0CMTEAc3J0YwZhcHBfaWQMMjU2MjgxMDQwNTU4AAGndIrpzrVQGvyO9VgpMoBXvhAFdnXErHu_4DnkIU_RNbpzur5xPGGBpaDI7o8_aem_-R5YHoJPuVUz1jJFKqfA2g\">formul\u00e1rio online<\/a>.<\/p>\n<p>O projeto \u00e9 fruto da parceria entre a Secretaria de Ci\u00eancia, Tecnologia e Inova\u00e7\u00e3o do Distrito Federal (Secti-DF) e o Instituto Entre N\u00f3s, com a meta de capacitar 200 participantes. A a\u00e7\u00e3o prioriza jovens, mulheres acima de 50 anos, pessoas idosas e pessoas com defici\u00eancia, promovendo inclus\u00e3o social por meio de oficinas presenciais focadas em compet\u00eancias digitais e empreendedorismo tecnol\u00f3gico.<\/p>\n<p>\u201cO projeto refor\u00e7a o compromisso do Governo do Distrito Federal em democratizar o acesso \u00e0 tecnologia e garantir que a inova\u00e7\u00e3o chegue a quem mais precisa. Ao investir em capacita\u00e7\u00e3o digital e empreendedorismo, estamos ampliando oportunidades, promovendo inclus\u00e3o social e fortalecendo a cidadania, especialmente de p\u00fablicos historicamente menos assistidos\u201d, destacou o secret\u00e1rio da Secti-DF, Rafael Vitorino.<\/p>\n<p>As atividades ocorrer\u00e3o em ambiente acess\u00edvel e adaptado, com turmas nos per\u00edodos matutino e vespertino. Ser\u00e3o oferecidas quatro oficinas, cada uma com carga hor\u00e1ria de 40 horas:<\/p>\n<p>&#8211; Inform\u00e1tica B\u00e1sica<br \/>\n&#8211; Redes Sociais e Comunica\u00e7\u00e3o Digital<br \/>\n&#8211; Intelig\u00eancia Artificial Aplicada<br \/>\n&#8211; Neg\u00f3cios Digitais e Empreendedorismo<\/p>\n<p>O ByteZone garante acessibilidade plena, com int\u00e9rprete de Libras em todas as atividades, materiais pedag\u00f3gicos acess\u00edveis e infraestrutura adequada, em conformidade com a Lei Brasileira de Inclus\u00e3o da Pessoa com Defici\u00eancia (Lei n\u00ba 13.146\/2015).<\/p>\n<p>Ao final do ciclo formativo, os participantes apresentar\u00e3o projetos autorais desenvolvidos ao longo das oficinas, em um evento de encerramento que valoriza o protagonismo social e a aplica\u00e7\u00e3o pr\u00e1tica dos conhecimentos adquiridos.<\/p>\n<p>Ao promover a\u00e7\u00f5es como o ByteZone, a Secti-DF reafirma a atua\u00e7\u00e3o voltada ao desenvolvimento social por meio da inova\u00e7\u00e3o. A iniciativa integra uma pol\u00edtica p\u00fablica que busca ampliar o acesso ao conhecimento, estimular a autonomia tecnol\u00f3gica e criar caminhos reais para gera\u00e7\u00e3o de renda, garantindo que a transforma\u00e7\u00e3o digital alcance a popula\u00e7\u00e3o de forma inclusiva e sustent\u00e1vel em todo o Distrito Federal.<\/p>\n","protected":false},"excerpt":{"rendered":"<p>Est\u00e3o abertas as inscri\u00e7\u00f5es para o projeto ByteZone \u2014 Explorando o Mundo Digital, que ser\u00e1 realizado entre os dias 19 e 30 de janeiro, no estacionamento da Administra\u00e7\u00e3o Regional do Arapoanga. A iniciativa leva forma\u00e7\u00e3o gratuita em tecnologia e empreendedorismo \u00e0 regi\u00e3o administrativa, ampliando o acesso ao conhecimento e \u00e0s novas oportunidades do mundo digital. [&hellip;]<\/p>\n","protected":false},"author":21,"featured_media":378763,"comment_status":"closed","ping_status":"closed","sticky":false,"template":"","format":"standard","meta":{"_acf_changed":false,"footnotes":""},"categories":[161],"tags":[],"class_list":["post-378762","post","type-post","status-publish","format-standard","has-post-thumbnail","hentry","category-quadradinho-em-foco"],"acf":[],"yoast_head":"<!-- This site is optimized with the Yoast SEO plugin v27.2 - https:\/\/yoast.com\/product\/yoast-seo-wordpress\/ -->\n<title>Projeto ByteZone leva inclus\u00e3o digital e incentivo ao empreendedorismo - Notibras<\/title>\n<meta name=\"robots\" content=\"index, follow, max-snippet:-1, max-image-preview:large, max-video-preview:-1\" \/>\n<link rel=\"canonical\" href=\"https:\/\/www.notibras.com\/site\/projeto-bytezone-leva-inclusao-digital-e-incentivo-ao-empreendedorismo\/\" \/>\n<meta property=\"og:locale\" content=\"pt_BR\" \/>\n<meta property=\"og:type\" content=\"article\" \/>\n<meta property=\"og:title\" content=\"Projeto ByteZone leva inclus\u00e3o digital e incentivo ao empreendedorismo - Notibras\" \/>\n<meta property=\"og:description\" content=\"Est\u00e3o abertas as inscri\u00e7\u00f5es para o projeto ByteZone \u2014 Explorando o Mundo Digital, que ser\u00e1 realizado entre os dias 19 e 30 de janeiro, no estacionamento da Administra\u00e7\u00e3o Regional do Arapoanga. A iniciativa leva forma\u00e7\u00e3o gratuita em tecnologia e empreendedorismo \u00e0 regi\u00e3o administrativa, ampliando o acesso ao conhecimento e \u00e0s novas oportunidades do mundo digital. [&hellip;]\" \/>\n<meta property=\"og:url\" content=\"https:\/\/www.notibras.com\/site\/projeto-bytezone-leva-inclusao-digital-e-incentivo-ao-empreendedorismo\/\" \/>\n<meta property=\"og:site_name\" content=\"Notibras\" \/>\n<meta property=\"article:publisher\" content=\"https:\/\/www.facebook.com\/notibras\/\" \/>\n<meta property=\"article:published_time\" content=\"2026-01-13T04:15:36+00:00\" \/>\n<meta property=\"og:image\" content=\"https:\/\/www.notibras.com\/site\/wp-content\/uploads\/2026\/01\/ByteZone-1.png\" \/>\n\t<meta property=\"og:image:width\" content=\"1388\" \/>\n\t<meta property=\"og:image:height\" content=\"768\" \/>\n\t<meta property=\"og:image:type\" content=\"image\/png\" \/>\n<meta name=\"author\" content=\"Eduardo Mart\u00ednez\" \/>\n<meta name=\"twitter:card\" content=\"summary_large_image\" \/>\n<meta name=\"twitter:creator\" content=\"@Notibras\" \/>\n<meta name=\"twitter:site\" content=\"@Notibras\" \/>\n<meta name=\"twitter:label1\" content=\"Escrito por\" \/>\n\t<meta name=\"twitter:data1\" content=\"Eduardo Mart\u00ednez\" \/>\n\t<meta name=\"twitter:label2\" content=\"Est. tempo de leitura\" \/>\n\t<meta name=\"twitter:data2\" content=\"3 minutos\" \/>\n<script type=\"application\/ld+json\" class=\"yoast-schema-graph\">{\"@context\":\"https:\/\/schema.org\",\"@graph\":[{\"@type\":\"Article\",\"@id\":\"https:\/\/www.notibras.com\/site\/projeto-bytezone-leva-inclusao-digital-e-incentivo-ao-empreendedorismo\/#article\",\"isPartOf\":{\"@id\":\"https:\/\/www.notibras.com\/site\/projeto-bytezone-leva-inclusao-digital-e-incentivo-ao-empreendedorismo\/\"},\"author\":{\"name\":\"Eduardo Mart\u00ednez\",\"@id\":\"https:\/\/www.notibras.com\/site\/#\/schema\/person\/5b7fabf2aedc3ada2105f03b22b4d3dd\"},\"headline\":\"Projeto ByteZone leva inclus\u00e3o digital e incentivo ao empreendedorismo\",\"datePublished\":\"2026-01-13T04:15:36+00:00\",\"mainEntityOfPage\":{\"@id\":\"https:\/\/www.notibras.com\/site\/projeto-bytezone-leva-inclusao-digital-e-incentivo-ao-empreendedorismo\/\"},\"wordCount\":402,\"publisher\":{\"@id\":\"https:\/\/www.notibras.com\/site\/#organization\"},\"image\":{\"@id\":\"https:\/\/www.notibras.com\/site\/projeto-bytezone-leva-inclusao-digital-e-incentivo-ao-empreendedorismo\/#primaryimage\"},\"thumbnailUrl\":\"https:\/\/www.notibras.com\/site\/wp-content\/uploads\/2026\/01\/ByteZone-1.png\",\"articleSection\":[\"Quadradinho em Foco\"],\"inLanguage\":\"pt-BR\"},{\"@type\":\"WebPage\",\"@id\":\"https:\/\/www.notibras.com\/site\/projeto-bytezone-leva-inclusao-digital-e-incentivo-ao-empreendedorismo\/\",\"url\":\"https:\/\/www.notibras.com\/site\/projeto-bytezone-leva-inclusao-digital-e-incentivo-ao-empreendedorismo\/\",\"name\":\"Projeto ByteZone leva inclus\u00e3o digital e incentivo ao empreendedorismo - Notibras\",\"isPartOf\":{\"@id\":\"https:\/\/www.notibras.com\/site\/#website\"},\"primaryImageOfPage\":{\"@id\":\"https:\/\/www.notibras.com\/site\/projeto-bytezone-leva-inclusao-digital-e-incentivo-ao-empreendedorismo\/#primaryimage\"},\"image\":{\"@id\":\"https:\/\/www.notibras.com\/site\/projeto-bytezone-leva-inclusao-digital-e-incentivo-ao-empreendedorismo\/#primaryimage\"},\"thumbnailUrl\":\"https:\/\/www.notibras.com\/site\/wp-content\/uploads\/2026\/01\/ByteZone-1.png\",\"datePublished\":\"2026-01-13T04:15:36+00:00\",\"breadcrumb\":{\"@id\":\"https:\/\/www.notibras.com\/site\/projeto-bytezone-leva-inclusao-digital-e-incentivo-ao-empreendedorismo\/#breadcrumb\"},\"inLanguage\":\"pt-BR\",\"potentialAction\":[{\"@type\":\"ReadAction\",\"target\":[\"https:\/\/www.notibras.com\/site\/projeto-bytezone-leva-inclusao-digital-e-incentivo-ao-empreendedorismo\/\"]}]},{\"@type\":\"ImageObject\",\"inLanguage\":\"pt-BR\",\"@id\":\"https:\/\/www.notibras.com\/site\/projeto-bytezone-leva-inclusao-digital-e-incentivo-ao-empreendedorismo\/#primaryimage\",\"url\":\"https:\/\/www.notibras.com\/site\/wp-content\/uploads\/2026\/01\/ByteZone-1.png\",\"contentUrl\":\"https:\/\/www.notibras.com\/site\/wp-content\/uploads\/2026\/01\/ByteZone-1.png\",\"width\":1388,\"height\":768},{\"@type\":\"BreadcrumbList\",\"@id\":\"https:\/\/www.notibras.com\/site\/projeto-bytezone-leva-inclusao-digital-e-incentivo-ao-empreendedorismo\/#breadcrumb\",\"itemListElement\":[{\"@type\":\"ListItem\",\"position\":1,\"name\":\"In\u00edcio\",\"item\":\"https:\/\/www.notibras.com\/site\/\"},{\"@type\":\"ListItem\",\"position\":2,\"name\":\"Projeto ByteZone leva inclus\u00e3o digital e incentivo ao empreendedorismo\"}]},{\"@type\":\"WebSite\",\"@id\":\"https:\/\/www.notibras.com\/site\/#website\",\"url\":\"https:\/\/www.notibras.com\/site\/\",\"name\":\"Notibras\",\"description\":\"Not\u00edcias de Bras\u00edlia, do Brasil e do Mundo\",\"publisher\":{\"@id\":\"https:\/\/www.notibras.com\/site\/#organization\"},\"potentialAction\":[{\"@type\":\"SearchAction\",\"target\":{\"@type\":\"EntryPoint\",\"urlTemplate\":\"https:\/\/www.notibras.com\/site\/?s={search_term_string}\"},\"query-input\":{\"@type\":\"PropertyValueSpecification\",\"valueRequired\":true,\"valueName\":\"search_term_string\"}}],\"inLanguage\":\"pt-BR\"},{\"@type\":\"Organization\",\"@id\":\"https:\/\/www.notibras.com\/site\/#organization\",\"name\":\"Grupo Notibras de Comunica\u00e7\u00e3o\",\"url\":\"https:\/\/www.notibras.com\/site\/\",\"logo\":{\"@type\":\"ImageObject\",\"inLanguage\":\"pt-BR\",\"@id\":\"https:\/\/www.notibras.com\/site\/#\/schema\/logo\/image\/\",\"url\":\"https:\/\/www.notibras.com\/site\/wp-content\/uploads\/2023\/01\/notibras23.png\",\"contentUrl\":\"https:\/\/www.notibras.com\/site\/wp-content\/uploads\/2023\/01\/notibras23.png\",\"width\":350,\"height\":87,\"caption\":\"Grupo Notibras de Comunica\u00e7\u00e3o\"},\"image\":{\"@id\":\"https:\/\/www.notibras.com\/site\/#\/schema\/logo\/image\/\"},\"sameAs\":[\"https:\/\/www.facebook.com\/notibras\/\",\"https:\/\/x.com\/Notibras\",\"https:\/\/www.instagram.com\/notibras\/\"]},{\"@type\":\"Person\",\"@id\":\"https:\/\/www.notibras.com\/site\/#\/schema\/person\/5b7fabf2aedc3ada2105f03b22b4d3dd\",\"name\":\"Eduardo Mart\u00ednez\",\"image\":{\"@type\":\"ImageObject\",\"inLanguage\":\"pt-BR\",\"@id\":\"https:\/\/secure.gravatar.com\/avatar\/7902f906289926289cbcda644b5197c796b893c6ffd7b9a536a42d290f7704a0?s=96&d=mm&r=g\",\"url\":\"https:\/\/secure.gravatar.com\/avatar\/7902f906289926289cbcda644b5197c796b893c6ffd7b9a536a42d290f7704a0?s=96&d=mm&r=g\",\"contentUrl\":\"https:\/\/secure.gravatar.com\/avatar\/7902f906289926289cbcda644b5197c796b893c6ffd7b9a536a42d290f7704a0?s=96&d=mm&r=g\",\"caption\":\"Eduardo Mart\u00ednez\"}}]}<\/script>\n<!-- \/ Yoast SEO plugin. -->","yoast_head_json":{"title":"Projeto ByteZone leva inclus\u00e3o digital e incentivo ao empreendedorismo - Notibras","robots":{"index":"index","follow":"follow","max-snippet":"max-snippet:-1","max-image-preview":"max-image-preview:large","max-video-preview":"max-video-preview:-1"},"canonical":"https:\/\/www.notibras.com\/site\/projeto-bytezone-leva-inclusao-digital-e-incentivo-ao-empreendedorismo\/","og_locale":"pt_BR","og_type":"article","og_title":"Projeto ByteZone leva inclus\u00e3o digital e incentivo ao empreendedorismo - Notibras","og_description":"Est\u00e3o abertas as inscri\u00e7\u00f5es para o projeto ByteZone \u2014 Explorando o Mundo Digital, que ser\u00e1 realizado entre os dias 19 e 30 de janeiro, no estacionamento da Administra\u00e7\u00e3o Regional do Arapoanga. A iniciativa leva forma\u00e7\u00e3o gratuita em tecnologia e empreendedorismo \u00e0 regi\u00e3o administrativa, ampliando o acesso ao conhecimento e \u00e0s novas oportunidades do mundo digital. [&hellip;]","og_url":"https:\/\/www.notibras.com\/site\/projeto-bytezone-leva-inclusao-digital-e-incentivo-ao-empreendedorismo\/","og_site_name":"Notibras","article_publisher":"https:\/\/www.facebook.com\/notibras\/","article_published_time":"2026-01-13T04:15:36+00:00","og_image":[{"width":1388,"height":768,"url":"https:\/\/www.notibras.com\/site\/wp-content\/uploads\/2026\/01\/ByteZone-1.png","type":"image\/png"}],"author":"Eduardo Mart\u00ednez","twitter_card":"summary_large_image","twitter_creator":"@Notibras","twitter_site":"@Notibras","twitter_misc":{"Escrito por":"Eduardo Mart\u00ednez","Est. tempo de leitura":"3 minutos"},"schema":{"@context":"https:\/\/schema.org","@graph":[{"@type":"Article","@id":"https:\/\/www.notibras.com\/site\/projeto-bytezone-leva-inclusao-digital-e-incentivo-ao-empreendedorismo\/#article","isPartOf":{"@id":"https:\/\/www.notibras.com\/site\/projeto-bytezone-leva-inclusao-digital-e-incentivo-ao-empreendedorismo\/"},"author":{"name":"Eduardo Mart\u00ednez","@id":"https:\/\/www.notibras.com\/site\/#\/schema\/person\/5b7fabf2aedc3ada2105f03b22b4d3dd"},"headline":"Projeto ByteZone leva inclus\u00e3o digital e incentivo ao empreendedorismo","datePublished":"2026-01-13T04:15:36+00:00","mainEntityOfPage":{"@id":"https:\/\/www.notibras.com\/site\/projeto-bytezone-leva-inclusao-digital-e-incentivo-ao-empreendedorismo\/"},"wordCount":402,"publisher":{"@id":"https:\/\/www.notibras.com\/site\/#organization"},"image":{"@id":"https:\/\/www.notibras.com\/site\/projeto-bytezone-leva-inclusao-digital-e-incentivo-ao-empreendedorismo\/#primaryimage"},"thumbnailUrl":"https:\/\/www.notibras.com\/site\/wp-content\/uploads\/2026\/01\/ByteZone-1.png","articleSection":["Quadradinho em Foco"],"inLanguage":"pt-BR"},{"@type":"WebPage","@id":"https:\/\/www.notibras.com\/site\/projeto-bytezone-leva-inclusao-digital-e-incentivo-ao-empreendedorismo\/","url":"https:\/\/www.notibras.com\/site\/projeto-bytezone-leva-inclusao-digital-e-incentivo-ao-empreendedorismo\/","name":"Projeto ByteZone leva inclus\u00e3o digital e incentivo ao empreendedorismo - Notibras","isPartOf":{"@id":"https:\/\/www.notibras.com\/site\/#website"},"primaryImageOfPage":{"@id":"https:\/\/www.notibras.com\/site\/projeto-bytezone-leva-inclusao-digital-e-incentivo-ao-empreendedorismo\/#primaryimage"},"image":{"@id":"https:\/\/www.notibras.com\/site\/projeto-bytezone-leva-inclusao-digital-e-incentivo-ao-empreendedorismo\/#primaryimage"},"thumbnailUrl":"https:\/\/www.notibras.com\/site\/wp-content\/uploads\/2026\/01\/ByteZone-1.png","datePublished":"2026-01-13T04:15:36+00:00","breadcrumb":{"@id":"https:\/\/www.notibras.com\/site\/projeto-bytezone-leva-inclusao-digital-e-incentivo-ao-empreendedorismo\/#breadcrumb"},"inLanguage":"pt-BR","potentialAction":[{"@type":"ReadAction","target":["https:\/\/www.notibras.com\/site\/projeto-bytezone-leva-inclusao-digital-e-incentivo-ao-empreendedorismo\/"]}]},{"@type":"ImageObject","inLanguage":"pt-BR","@id":"https:\/\/www.notibras.com\/site\/projeto-bytezone-leva-inclusao-digital-e-incentivo-ao-empreendedorismo\/#primaryimage","url":"https:\/\/www.notibras.com\/site\/wp-content\/uploads\/2026\/01\/ByteZone-1.png","contentUrl":"https:\/\/www.notibras.com\/site\/wp-content\/uploads\/2026\/01\/ByteZone-1.png","width":1388,"height":768},{"@type":"BreadcrumbList","@id":"https:\/\/www.notibras.com\/site\/projeto-bytezone-leva-inclusao-digital-e-incentivo-ao-empreendedorismo\/#breadcrumb","itemListElement":[{"@type":"ListItem","position":1,"name":"In\u00edcio","item":"https:\/\/www.notibras.com\/site\/"},{"@type":"ListItem","position":2,"name":"Projeto ByteZone leva inclus\u00e3o digital e incentivo ao empreendedorismo"}]},{"@type":"WebSite","@id":"https:\/\/www.notibras.com\/site\/#website","url":"https:\/\/www.notibras.com\/site\/","name":"Notibras","description":"Not\u00edcias de Bras\u00edlia, do Brasil e do Mundo","publisher":{"@id":"https:\/\/www.notibras.com\/site\/#organization"},"potentialAction":[{"@type":"SearchAction","target":{"@type":"EntryPoint","urlTemplate":"https:\/\/www.notibras.com\/site\/?s={search_term_string}"},"query-input":{"@type":"PropertyValueSpecification","valueRequired":true,"valueName":"search_term_string"}}],"inLanguage":"pt-BR"},{"@type":"Organization","@id":"https:\/\/www.notibras.com\/site\/#organization","name":"Grupo Notibras de Comunica\u00e7\u00e3o","url":"https:\/\/www.notibras.com\/site\/","logo":{"@type":"ImageObject","inLanguage":"pt-BR","@id":"https:\/\/www.notibras.com\/site\/#\/schema\/logo\/image\/","url":"https:\/\/www.notibras.com\/site\/wp-content\/uploads\/2023\/01\/notibras23.png","contentUrl":"https:\/\/www.notibras.com\/site\/wp-content\/uploads\/2023\/01\/notibras23.png","width":350,"height":87,"caption":"Grupo Notibras de Comunica\u00e7\u00e3o"},"image":{"@id":"https:\/\/www.notibras.com\/site\/#\/schema\/logo\/image\/"},"sameAs":["https:\/\/www.facebook.com\/notibras\/","https:\/\/x.com\/Notibras","https:\/\/www.instagram.com\/notibras\/"]},{"@type":"Person","@id":"https:\/\/www.notibras.com\/site\/#\/schema\/person\/5b7fabf2aedc3ada2105f03b22b4d3dd","name":"Eduardo Mart\u00ednez","image":{"@type":"ImageObject","inLanguage":"pt-BR","@id":"https:\/\/secure.gravatar.com\/avatar\/7902f906289926289cbcda644b5197c796b893c6ffd7b9a536a42d290f7704a0?s=96&d=mm&r=g","url":"https:\/\/secure.gravatar.com\/avatar\/7902f906289926289cbcda644b5197c796b893c6ffd7b9a536a42d290f7704a0?s=96&d=mm&r=g","contentUrl":"https:\/\/secure.gravatar.com\/avatar\/7902f906289926289cbcda644b5197c796b893c6ffd7b9a536a42d290f7704a0?s=96&d=mm&r=g","caption":"Eduardo Mart\u00ednez"}}]}},"amp_enabled":true,"_links":{"self":[{"href":"https:\/\/www.notibras.com\/site\/wp-json\/wp\/v2\/posts\/378762","targetHints":{"allow":["GET"]}}],"collection":[{"href":"https:\/\/www.notibras.com\/site\/wp-json\/wp\/v2\/posts"}],"about":[{"href":"https:\/\/www.notibras.com\/site\/wp-json\/wp\/v2\/types\/post"}],"author":[{"embeddable":true,"href":"https:\/\/www.notibras.com\/site\/wp-json\/wp\/v2\/users\/21"}],"replies":[{"embeddable":true,"href":"https:\/\/www.notibras.com\/site\/wp-json\/wp\/v2\/comments?post=378762"}],"version-history":[{"count":2,"href":"https:\/\/www.notibras.com\/site\/wp-json\/wp\/v2\/posts\/378762\/revisions"}],"predecessor-version":[{"id":378765,"href":"https:\/\/www.notibras.com\/site\/wp-json\/wp\/v2\/posts\/378762\/revisions\/378765"}],"wp:featuredmedia":[{"embeddable":true,"href":"https:\/\/www.notibras.com\/site\/wp-json\/wp\/v2\/media\/378763"}],"wp:attachment":[{"href":"https:\/\/www.notibras.com\/site\/wp-json\/wp\/v2\/media?parent=378762"}],"wp:term":[{"taxonomy":"category","embeddable":true,"href":"https:\/\/www.notibras.com\/site\/wp-json\/wp\/v2\/categories?post=378762"},{"taxonomy":"post_tag","embeddable":true,"href":"https:\/\/www.notibras.com\/site\/wp-json\/wp\/v2\/tags?post=378762"}],"curies":[{"name":"wp","href":"https:\/\/api.w.org\/{rel}","templated":true}]}}