{"id":378771,"date":"2026-01-13T02:15:39","date_gmt":"2026-01-13T05:15:39","guid":{"rendered":"https:\/\/www.notibras.com\/site\/?p=378771"},"modified":"2026-01-13T06:42:02","modified_gmt":"2026-01-13T09:42:02","slug":"historia-que-vai-a-telona-contada-com-maturidade","status":"publish","type":"post","link":"https:\/\/www.notibras.com\/site\/historia-que-vai-a-telona-contada-com-maturidade\/","title":{"rendered":"Hist\u00f3ria que vai \u00e0 telona contada com maturidade"},"content":{"rendered":"<p>Eu, assim como tantos brasileiros, fiquei muito feliz ao acompanhar as premia\u00e7\u00f5es recentes do cinema internacional. Ver o Brasil ser reconhecido no Globo de Ouro, com o pr\u00eamio de melhor filme em l\u00edngua n\u00e3o inglesa, e assistir ao Wagner Moura ser consagrado como melhor ator em filme dram\u00e1tico, provoca certo orgulho. N\u00e3o \u00e9 apenas sobre trof\u00e9us: \u00e9 sobre sermos vistos, ouvidos e levados a s\u00e9rio.<\/p>\n<p>Esse reconhecimento n\u00e3o veio do nada. No ano passado, o filme <em>Ainda Estou Aqui<\/em> venceu o Oscar de Melhor Filme Estrangeiro, consolidando a sensa\u00e7\u00e3o de que o cinema brasileiro vive um momento extraordin\u00e1rio, talvez o melhor de sua hist\u00f3ria. H\u00e1 qualidade t\u00e9cnica, for\u00e7a narrativa, diversidade est\u00e9tica e, sobretudo, coragem art\u00edstica. Estamos contando nossas pr\u00f3prias hist\u00f3rias com maturidade e pot\u00eancia.<\/p>\n<p>O que me chama muito a aten\u00e7\u00e3o \u00e9 que esses dois filmes premiados t\u00eam como tema central a ditadura brasileira. N\u00e3o \u00e9 coincid\u00eancia. Isso diz muito sobre quem somos e sobre o tempo hist\u00f3rico que estamos vivendo. H\u00e1 feridas que n\u00e3o cicatrizaram, sil\u00eancios que nunca foram devidamente quebrados e mem\u00f3rias que insistem em voltar, porque precisam voltar.<\/p>\n<p>Ainda h\u00e1 muito a ser dito sobre esse per\u00edodo. Precisamos de mais filmes, mais s\u00e9ries, mais livros e mais debates que encarem essa tem\u00e1tica de frente. O fato de ainda existirem pessoas saudosas de um per\u00edodo t\u00e3o violento e autorit\u00e1rio \u00e9 a prova de que esse assunto est\u00e1 longe de ser resolvido entre n\u00f3s. N\u00e3o se trata de revanchismo, mas de mem\u00f3ria, verdade e responsabilidade hist\u00f3rica.<\/p>\n<p>Talvez seja exatamente por isso que o cinema brasileiro esteja t\u00e3o forte agora. Porque ele n\u00e3o foge do que d\u00f3i. Pelo contr\u00e1rio: ilumina o que foi escondido, provoca reflex\u00e3o e nos obriga a encarar quem fomos e quem n\u00e3o podemos voltar a ser.<\/p>\n<p>Que venham mais pr\u00eamios. Mas, sobretudo, que venham mais hist\u00f3rias contadas com essa mesma coragem.<\/p>\n","protected":false},"excerpt":{"rendered":"<p>Eu, assim como tantos brasileiros, fiquei muito feliz ao acompanhar as premia\u00e7\u00f5es recentes do cinema internacional. Ver o Brasil ser reconhecido no Globo de Ouro, com o pr\u00eamio de melhor filme em l\u00edngua n\u00e3o inglesa, e assistir ao Wagner Moura ser consagrado como melhor ator em filme dram\u00e1tico, provoca certo orgulho. N\u00e3o \u00e9 apenas sobre [&hellip;]<\/p>\n","protected":false},"author":21,"featured_media":378772,"comment_status":"closed","ping_status":"closed","sticky":false,"template":"","format":"standard","meta":{"_acf_changed":false,"footnotes":""},"categories":[235],"tags":[],"class_list":["post-378771","post","type-post","status-publish","format-standard","has-post-thumbnail","hentry","category-dona-irene"],"acf":[],"yoast_head":"<!-- This site is optimized with the Yoast SEO plugin v27.2 - https:\/\/yoast.com\/product\/yoast-seo-wordpress\/ -->\n<title>Hist\u00f3ria que vai \u00e0 telona contada com maturidade - Notibras<\/title>\n<meta name=\"robots\" content=\"index, follow, max-snippet:-1, max-image-preview:large, max-video-preview:-1\" \/>\n<link rel=\"canonical\" href=\"https:\/\/www.notibras.com\/site\/historia-que-vai-a-telona-contada-com-maturidade\/\" \/>\n<meta property=\"og:locale\" content=\"pt_BR\" \/>\n<meta property=\"og:type\" content=\"article\" \/>\n<meta property=\"og:title\" content=\"Hist\u00f3ria que vai \u00e0 telona contada com maturidade - Notibras\" \/>\n<meta property=\"og:description\" content=\"Eu, assim como tantos brasileiros, fiquei muito feliz ao acompanhar as premia\u00e7\u00f5es recentes do cinema internacional. Ver o Brasil ser reconhecido no Globo de Ouro, com o pr\u00eamio de melhor filme em l\u00edngua n\u00e3o inglesa, e assistir ao Wagner Moura ser consagrado como melhor ator em filme dram\u00e1tico, provoca certo orgulho. N\u00e3o \u00e9 apenas sobre [&hellip;]\" \/>\n<meta property=\"og:url\" content=\"https:\/\/www.notibras.com\/site\/historia-que-vai-a-telona-contada-com-maturidade\/\" \/>\n<meta property=\"og:site_name\" content=\"Notibras\" \/>\n<meta property=\"article:publisher\" content=\"https:\/\/www.facebook.com\/notibras\/\" \/>\n<meta property=\"article:published_time\" content=\"2026-01-13T05:15:39+00:00\" \/>\n<meta property=\"article:modified_time\" content=\"2026-01-13T09:42:02+00:00\" \/>\n<meta property=\"og:image\" content=\"https:\/\/www.notibras.com\/site\/wp-content\/uploads\/2026\/01\/WhatsApp-Image-2026-01-13-at-00.59.04.jpeg\" \/>\n\t<meta property=\"og:image:width\" content=\"888\" \/>\n\t<meta property=\"og:image:height\" content=\"592\" \/>\n\t<meta property=\"og:image:type\" content=\"image\/jpeg\" \/>\n<meta name=\"author\" content=\"Eduardo Mart\u00ednez\" \/>\n<meta name=\"twitter:card\" content=\"summary_large_image\" \/>\n<meta name=\"twitter:creator\" content=\"@Notibras\" \/>\n<meta name=\"twitter:site\" content=\"@Notibras\" \/>\n<meta name=\"twitter:label1\" content=\"Escrito por\" \/>\n\t<meta name=\"twitter:data1\" content=\"Eduardo Mart\u00ednez\" \/>\n\t<meta name=\"twitter:label2\" content=\"Est. tempo de leitura\" \/>\n\t<meta name=\"twitter:data2\" content=\"2 minutos\" \/>\n<script type=\"application\/ld+json\" class=\"yoast-schema-graph\">{\"@context\":\"https:\/\/schema.org\",\"@graph\":[{\"@type\":\"Article\",\"@id\":\"https:\/\/www.notibras.com\/site\/historia-que-vai-a-telona-contada-com-maturidade\/#article\",\"isPartOf\":{\"@id\":\"https:\/\/www.notibras.com\/site\/historia-que-vai-a-telona-contada-com-maturidade\/\"},\"author\":{\"name\":\"Eduardo Mart\u00ednez\",\"@id\":\"https:\/\/www.notibras.com\/site\/#\/schema\/person\/5b7fabf2aedc3ada2105f03b22b4d3dd\"},\"headline\":\"Hist\u00f3ria que vai \u00e0 telona contada com maturidade\",\"datePublished\":\"2026-01-13T05:15:39+00:00\",\"dateModified\":\"2026-01-13T09:42:02+00:00\",\"mainEntityOfPage\":{\"@id\":\"https:\/\/www.notibras.com\/site\/historia-que-vai-a-telona-contada-com-maturidade\/\"},\"wordCount\":353,\"publisher\":{\"@id\":\"https:\/\/www.notibras.com\/site\/#organization\"},\"image\":{\"@id\":\"https:\/\/www.notibras.com\/site\/historia-que-vai-a-telona-contada-com-maturidade\/#primaryimage\"},\"thumbnailUrl\":\"https:\/\/www.notibras.com\/site\/wp-content\/uploads\/2026\/01\/WhatsApp-Image-2026-01-13-at-00.59.04.jpeg\",\"articleSection\":[\"Dona Irene\"],\"inLanguage\":\"pt-BR\"},{\"@type\":\"WebPage\",\"@id\":\"https:\/\/www.notibras.com\/site\/historia-que-vai-a-telona-contada-com-maturidade\/\",\"url\":\"https:\/\/www.notibras.com\/site\/historia-que-vai-a-telona-contada-com-maturidade\/\",\"name\":\"Hist\u00f3ria que vai \u00e0 telona contada com maturidade - Notibras\",\"isPartOf\":{\"@id\":\"https:\/\/www.notibras.com\/site\/#website\"},\"primaryImageOfPage\":{\"@id\":\"https:\/\/www.notibras.com\/site\/historia-que-vai-a-telona-contada-com-maturidade\/#primaryimage\"},\"image\":{\"@id\":\"https:\/\/www.notibras.com\/site\/historia-que-vai-a-telona-contada-com-maturidade\/#primaryimage\"},\"thumbnailUrl\":\"https:\/\/www.notibras.com\/site\/wp-content\/uploads\/2026\/01\/WhatsApp-Image-2026-01-13-at-00.59.04.jpeg\",\"datePublished\":\"2026-01-13T05:15:39+00:00\",\"dateModified\":\"2026-01-13T09:42:02+00:00\",\"breadcrumb\":{\"@id\":\"https:\/\/www.notibras.com\/site\/historia-que-vai-a-telona-contada-com-maturidade\/#breadcrumb\"},\"inLanguage\":\"pt-BR\",\"potentialAction\":[{\"@type\":\"ReadAction\",\"target\":[\"https:\/\/www.notibras.com\/site\/historia-que-vai-a-telona-contada-com-maturidade\/\"]}]},{\"@type\":\"ImageObject\",\"inLanguage\":\"pt-BR\",\"@id\":\"https:\/\/www.notibras.com\/site\/historia-que-vai-a-telona-contada-com-maturidade\/#primaryimage\",\"url\":\"https:\/\/www.notibras.com\/site\/wp-content\/uploads\/2026\/01\/WhatsApp-Image-2026-01-13-at-00.59.04.jpeg\",\"contentUrl\":\"https:\/\/www.notibras.com\/site\/wp-content\/uploads\/2026\/01\/WhatsApp-Image-2026-01-13-at-00.59.04.jpeg\",\"width\":888,\"height\":592},{\"@type\":\"BreadcrumbList\",\"@id\":\"https:\/\/www.notibras.com\/site\/historia-que-vai-a-telona-contada-com-maturidade\/#breadcrumb\",\"itemListElement\":[{\"@type\":\"ListItem\",\"position\":1,\"name\":\"In\u00edcio\",\"item\":\"https:\/\/www.notibras.com\/site\/\"},{\"@type\":\"ListItem\",\"position\":2,\"name\":\"Hist\u00f3ria que vai \u00e0 telona contada com maturidade\"}]},{\"@type\":\"WebSite\",\"@id\":\"https:\/\/www.notibras.com\/site\/#website\",\"url\":\"https:\/\/www.notibras.com\/site\/\",\"name\":\"Notibras\",\"description\":\"Not\u00edcias de Bras\u00edlia, do Brasil e do Mundo\",\"publisher\":{\"@id\":\"https:\/\/www.notibras.com\/site\/#organization\"},\"potentialAction\":[{\"@type\":\"SearchAction\",\"target\":{\"@type\":\"EntryPoint\",\"urlTemplate\":\"https:\/\/www.notibras.com\/site\/?s={search_term_string}\"},\"query-input\":{\"@type\":\"PropertyValueSpecification\",\"valueRequired\":true,\"valueName\":\"search_term_string\"}}],\"inLanguage\":\"pt-BR\"},{\"@type\":\"Organization\",\"@id\":\"https:\/\/www.notibras.com\/site\/#organization\",\"name\":\"Grupo Notibras de Comunica\u00e7\u00e3o\",\"url\":\"https:\/\/www.notibras.com\/site\/\",\"logo\":{\"@type\":\"ImageObject\",\"inLanguage\":\"pt-BR\",\"@id\":\"https:\/\/www.notibras.com\/site\/#\/schema\/logo\/image\/\",\"url\":\"https:\/\/www.notibras.com\/site\/wp-content\/uploads\/2023\/01\/notibras23.png\",\"contentUrl\":\"https:\/\/www.notibras.com\/site\/wp-content\/uploads\/2023\/01\/notibras23.png\",\"width\":350,\"height\":87,\"caption\":\"Grupo Notibras de Comunica\u00e7\u00e3o\"},\"image\":{\"@id\":\"https:\/\/www.notibras.com\/site\/#\/schema\/logo\/image\/\"},\"sameAs\":[\"https:\/\/www.facebook.com\/notibras\/\",\"https:\/\/x.com\/Notibras\",\"https:\/\/www.instagram.com\/notibras\/\"]},{\"@type\":\"Person\",\"@id\":\"https:\/\/www.notibras.com\/site\/#\/schema\/person\/5b7fabf2aedc3ada2105f03b22b4d3dd\",\"name\":\"Eduardo Mart\u00ednez\",\"image\":{\"@type\":\"ImageObject\",\"inLanguage\":\"pt-BR\",\"@id\":\"https:\/\/secure.gravatar.com\/avatar\/7902f906289926289cbcda644b5197c796b893c6ffd7b9a536a42d290f7704a0?s=96&d=mm&r=g\",\"url\":\"https:\/\/secure.gravatar.com\/avatar\/7902f906289926289cbcda644b5197c796b893c6ffd7b9a536a42d290f7704a0?s=96&d=mm&r=g\",\"contentUrl\":\"https:\/\/secure.gravatar.com\/avatar\/7902f906289926289cbcda644b5197c796b893c6ffd7b9a536a42d290f7704a0?s=96&d=mm&r=g\",\"caption\":\"Eduardo Mart\u00ednez\"}}]}<\/script>\n<!-- \/ Yoast SEO plugin. -->","yoast_head_json":{"title":"Hist\u00f3ria que vai \u00e0 telona contada com maturidade - Notibras","robots":{"index":"index","follow":"follow","max-snippet":"max-snippet:-1","max-image-preview":"max-image-preview:large","max-video-preview":"max-video-preview:-1"},"canonical":"https:\/\/www.notibras.com\/site\/historia-que-vai-a-telona-contada-com-maturidade\/","og_locale":"pt_BR","og_type":"article","og_title":"Hist\u00f3ria que vai \u00e0 telona contada com maturidade - Notibras","og_description":"Eu, assim como tantos brasileiros, fiquei muito feliz ao acompanhar as premia\u00e7\u00f5es recentes do cinema internacional. Ver o Brasil ser reconhecido no Globo de Ouro, com o pr\u00eamio de melhor filme em l\u00edngua n\u00e3o inglesa, e assistir ao Wagner Moura ser consagrado como melhor ator em filme dram\u00e1tico, provoca certo orgulho. N\u00e3o \u00e9 apenas sobre [&hellip;]","og_url":"https:\/\/www.notibras.com\/site\/historia-que-vai-a-telona-contada-com-maturidade\/","og_site_name":"Notibras","article_publisher":"https:\/\/www.facebook.com\/notibras\/","article_published_time":"2026-01-13T05:15:39+00:00","article_modified_time":"2026-01-13T09:42:02+00:00","og_image":[{"width":888,"height":592,"url":"https:\/\/www.notibras.com\/site\/wp-content\/uploads\/2026\/01\/WhatsApp-Image-2026-01-13-at-00.59.04.jpeg","type":"image\/jpeg"}],"author":"Eduardo Mart\u00ednez","twitter_card":"summary_large_image","twitter_creator":"@Notibras","twitter_site":"@Notibras","twitter_misc":{"Escrito por":"Eduardo Mart\u00ednez","Est. tempo de leitura":"2 minutos"},"schema":{"@context":"https:\/\/schema.org","@graph":[{"@type":"Article","@id":"https:\/\/www.notibras.com\/site\/historia-que-vai-a-telona-contada-com-maturidade\/#article","isPartOf":{"@id":"https:\/\/www.notibras.com\/site\/historia-que-vai-a-telona-contada-com-maturidade\/"},"author":{"name":"Eduardo Mart\u00ednez","@id":"https:\/\/www.notibras.com\/site\/#\/schema\/person\/5b7fabf2aedc3ada2105f03b22b4d3dd"},"headline":"Hist\u00f3ria que vai \u00e0 telona contada com maturidade","datePublished":"2026-01-13T05:15:39+00:00","dateModified":"2026-01-13T09:42:02+00:00","mainEntityOfPage":{"@id":"https:\/\/www.notibras.com\/site\/historia-que-vai-a-telona-contada-com-maturidade\/"},"wordCount":353,"publisher":{"@id":"https:\/\/www.notibras.com\/site\/#organization"},"image":{"@id":"https:\/\/www.notibras.com\/site\/historia-que-vai-a-telona-contada-com-maturidade\/#primaryimage"},"thumbnailUrl":"https:\/\/www.notibras.com\/site\/wp-content\/uploads\/2026\/01\/WhatsApp-Image-2026-01-13-at-00.59.04.jpeg","articleSection":["Dona Irene"],"inLanguage":"pt-BR"},{"@type":"WebPage","@id":"https:\/\/www.notibras.com\/site\/historia-que-vai-a-telona-contada-com-maturidade\/","url":"https:\/\/www.notibras.com\/site\/historia-que-vai-a-telona-contada-com-maturidade\/","name":"Hist\u00f3ria que vai \u00e0 telona contada com maturidade - Notibras","isPartOf":{"@id":"https:\/\/www.notibras.com\/site\/#website"},"primaryImageOfPage":{"@id":"https:\/\/www.notibras.com\/site\/historia-que-vai-a-telona-contada-com-maturidade\/#primaryimage"},"image":{"@id":"https:\/\/www.notibras.com\/site\/historia-que-vai-a-telona-contada-com-maturidade\/#primaryimage"},"thumbnailUrl":"https:\/\/www.notibras.com\/site\/wp-content\/uploads\/2026\/01\/WhatsApp-Image-2026-01-13-at-00.59.04.jpeg","datePublished":"2026-01-13T05:15:39+00:00","dateModified":"2026-01-13T09:42:02+00:00","breadcrumb":{"@id":"https:\/\/www.notibras.com\/site\/historia-que-vai-a-telona-contada-com-maturidade\/#breadcrumb"},"inLanguage":"pt-BR","potentialAction":[{"@type":"ReadAction","target":["https:\/\/www.notibras.com\/site\/historia-que-vai-a-telona-contada-com-maturidade\/"]}]},{"@type":"ImageObject","inLanguage":"pt-BR","@id":"https:\/\/www.notibras.com\/site\/historia-que-vai-a-telona-contada-com-maturidade\/#primaryimage","url":"https:\/\/www.notibras.com\/site\/wp-content\/uploads\/2026\/01\/WhatsApp-Image-2026-01-13-at-00.59.04.jpeg","contentUrl":"https:\/\/www.notibras.com\/site\/wp-content\/uploads\/2026\/01\/WhatsApp-Image-2026-01-13-at-00.59.04.jpeg","width":888,"height":592},{"@type":"BreadcrumbList","@id":"https:\/\/www.notibras.com\/site\/historia-que-vai-a-telona-contada-com-maturidade\/#breadcrumb","itemListElement":[{"@type":"ListItem","position":1,"name":"In\u00edcio","item":"https:\/\/www.notibras.com\/site\/"},{"@type":"ListItem","position":2,"name":"Hist\u00f3ria que vai \u00e0 telona contada com maturidade"}]},{"@type":"WebSite","@id":"https:\/\/www.notibras.com\/site\/#website","url":"https:\/\/www.notibras.com\/site\/","name":"Notibras","description":"Not\u00edcias de Bras\u00edlia, do Brasil e do Mundo","publisher":{"@id":"https:\/\/www.notibras.com\/site\/#organization"},"potentialAction":[{"@type":"SearchAction","target":{"@type":"EntryPoint","urlTemplate":"https:\/\/www.notibras.com\/site\/?s={search_term_string}"},"query-input":{"@type":"PropertyValueSpecification","valueRequired":true,"valueName":"search_term_string"}}],"inLanguage":"pt-BR"},{"@type":"Organization","@id":"https:\/\/www.notibras.com\/site\/#organization","name":"Grupo Notibras de Comunica\u00e7\u00e3o","url":"https:\/\/www.notibras.com\/site\/","logo":{"@type":"ImageObject","inLanguage":"pt-BR","@id":"https:\/\/www.notibras.com\/site\/#\/schema\/logo\/image\/","url":"https:\/\/www.notibras.com\/site\/wp-content\/uploads\/2023\/01\/notibras23.png","contentUrl":"https:\/\/www.notibras.com\/site\/wp-content\/uploads\/2023\/01\/notibras23.png","width":350,"height":87,"caption":"Grupo Notibras de Comunica\u00e7\u00e3o"},"image":{"@id":"https:\/\/www.notibras.com\/site\/#\/schema\/logo\/image\/"},"sameAs":["https:\/\/www.facebook.com\/notibras\/","https:\/\/x.com\/Notibras","https:\/\/www.instagram.com\/notibras\/"]},{"@type":"Person","@id":"https:\/\/www.notibras.com\/site\/#\/schema\/person\/5b7fabf2aedc3ada2105f03b22b4d3dd","name":"Eduardo Mart\u00ednez","image":{"@type":"ImageObject","inLanguage":"pt-BR","@id":"https:\/\/secure.gravatar.com\/avatar\/7902f906289926289cbcda644b5197c796b893c6ffd7b9a536a42d290f7704a0?s=96&d=mm&r=g","url":"https:\/\/secure.gravatar.com\/avatar\/7902f906289926289cbcda644b5197c796b893c6ffd7b9a536a42d290f7704a0?s=96&d=mm&r=g","contentUrl":"https:\/\/secure.gravatar.com\/avatar\/7902f906289926289cbcda644b5197c796b893c6ffd7b9a536a42d290f7704a0?s=96&d=mm&r=g","caption":"Eduardo Mart\u00ednez"}}]}},"amp_enabled":true,"_links":{"self":[{"href":"https:\/\/www.notibras.com\/site\/wp-json\/wp\/v2\/posts\/378771","targetHints":{"allow":["GET"]}}],"collection":[{"href":"https:\/\/www.notibras.com\/site\/wp-json\/wp\/v2\/posts"}],"about":[{"href":"https:\/\/www.notibras.com\/site\/wp-json\/wp\/v2\/types\/post"}],"author":[{"embeddable":true,"href":"https:\/\/www.notibras.com\/site\/wp-json\/wp\/v2\/users\/21"}],"replies":[{"embeddable":true,"href":"https:\/\/www.notibras.com\/site\/wp-json\/wp\/v2\/comments?post=378771"}],"version-history":[{"count":6,"href":"https:\/\/www.notibras.com\/site\/wp-json\/wp\/v2\/posts\/378771\/revisions"}],"predecessor-version":[{"id":378815,"href":"https:\/\/www.notibras.com\/site\/wp-json\/wp\/v2\/posts\/378771\/revisions\/378815"}],"wp:featuredmedia":[{"embeddable":true,"href":"https:\/\/www.notibras.com\/site\/wp-json\/wp\/v2\/media\/378772"}],"wp:attachment":[{"href":"https:\/\/www.notibras.com\/site\/wp-json\/wp\/v2\/media?parent=378771"}],"wp:term":[{"taxonomy":"category","embeddable":true,"href":"https:\/\/www.notibras.com\/site\/wp-json\/wp\/v2\/categories?post=378771"},{"taxonomy":"post_tag","embeddable":true,"href":"https:\/\/www.notibras.com\/site\/wp-json\/wp\/v2\/tags?post=378771"}],"curies":[{"name":"wp","href":"https:\/\/api.w.org\/{rel}","templated":true}]}}