{"id":378777,"date":"2026-01-13T02:00:03","date_gmt":"2026-01-13T05:00:03","guid":{"rendered":"https:\/\/www.notibras.com\/site\/?p=378777"},"modified":"2026-01-13T06:49:36","modified_gmt":"2026-01-13T09:49:36","slug":"que-nem-leila-mas-sem-sair-no-pasquim","status":"publish","type":"post","link":"https:\/\/www.notibras.com\/site\/que-nem-leila-mas-sem-sair-no-pasquim\/","title":{"rendered":"Que nem Leila, mas sem sair n&#8217;O Pasquim"},"content":{"rendered":"<p>Janete n\u00e3o passou inc\u00f3lume pela revolu\u00e7\u00e3o sexual. T\u00e3o pioneira quanto Leila Diniz, mas sem a mesma fama, defendeu a liberdade feminina de amar. Transgrediu anonimamente, longe das p\u00e1ginas controversas de <em>O Pasquim<\/em>. E, pasmem, antes mesmo de Leila, de biqu\u00edni, desfilar toda a gravidez na praia de Ipanema, Janete j\u00e1 havia feito isso um ano antes, justamente enquanto o pa\u00eds se dividia entre torcer pelo tricampeonato da Sele\u00e7\u00e3o Brasileira e lutar contra a terr\u00edvel Ditadura Militar.<\/p>\n<p>Desde ent\u00e3o, o tempo voou para uns, arrastou-se para outros, parou no meio do caminho para uma parcela e, infelizmente, ficou l\u00e1 atr\u00e1s para quem ousou ir de encontro ao regime. Seja como for, Janete, aos trancos e barrancos, sobreviveu. E hoje, beirando os 80 anos, poucos reconhecem na senhora a mulher transgressora dos idos de 1970.<\/p>\n<p>Vi\u00fava, desfruta da aposentadoria ao lado da Elza, gata vira-lata de belos olhos alaranjados, enquanto se debru\u00e7a sobre um livro de contos ou de poemas. De vez em quando, arrisca-se sobre um romance de algum escritor que descobre em bate-papos com amigos no caf\u00e9 da esquina, onde costuma ir \u00e0s quartas-feiras.<\/p>\n<p>Vida pacata de quem n\u00e3o espera reviravoltas mirabolantes. Mesmo assim, duas ou tr\u00eas vezes ao ano, Janete ainda consegue escrever boas hist\u00f3rias no seu di\u00e1rio, quase adormecido por falta de assunto. Uma delas aconteceu recentemente no apartamento do Jo\u00e3o, cujo pai um dia esteve no ventre de uma mulher que ousou, h\u00e1 muito tempo, trajar biqu\u00edni com aquele barrig\u00e3o de fora.<\/p>\n<p>\u2014 Vov\u00f3, a senhora veio!<\/p>\n<p>\u2014 E n\u00e3o era pra vir, Jo\u00e3o?<\/p>\n<p>\u2014 Claro que era, vov\u00f3! Vem c\u00e1 que quero apresentar os meus amigos pra senhora.<\/p>\n<p>Janete acompanhou o neto at\u00e9 a varanda, onde alguns jovens sorridentes conversavam trivialidades. N\u00e3o tardou, j\u00e1 acomodada em confort\u00e1vel num sof\u00e1 ladeada de duas mo\u00e7as de seus 20 anos, aceitou de bom grado compartilhar a cerveja na mesa ao centro. E a conversa flu\u00eda agradavelmente at\u00e9 que o Jo\u00e3o fez quest\u00e3o de apresentar para a av\u00f3 o Renato, um convidado que acabara de chegar.<\/p>\n<p>\u2014 Vov\u00f3, este aqui \u00e9 o Renato, o guru da galera.<\/p>\n<p>\u2014 Guru?<\/p>\n<p>\u2014 Sim, senhora. \u00c9 como me chamam, mas eu prefiro ser conhecido como aquele que enxerga adiante.<\/p>\n<p>A idosa observou aquele rapaz, que mal acabara de sair das fraldas, com o semblante carregado de uma prepot\u00eancia incomum at\u00e9 mesmo para os deslumbrados pelos pr\u00f3prios feitos. Mas por que um moleque daqueles parecia ser t\u00e3o reverenciado por todos?<\/p>\n<p>Durante a quase uma hora seguinte, Janete presenciou o inacredit\u00e1vel. N\u00e3o somente o neto, como tamb\u00e9m as duas garotas ao lado, bem como todos os outros presentes se sentaram ao redor do tal guru para v\u00ea-lo adivinhar as coisas mais triviais sobre todos.<\/p>\n<p>Cansada daquele teatro mambembe, Janete pediu licen\u00e7a ao grupo, pois iria embora. Todavia, Renato, o tal guru, ao tocar a sua m\u00e3o, fechou os olhos, deu dois ou tr\u00eas tremeliques no corpo franzino e, ao retornar do suposto transe, come\u00e7ou a dizer coisas sobre a vida da av\u00f3 do Jo\u00e3o.<\/p>\n<p>\u2014 Meus amigos, estamos aqui diante de uma mulher que honrou os pais, sempre foi recatada, obediente aos bons costumes, do tipo fiel at\u00e9 que a morte os separe&#8230;<\/p>\n<p>Bem, apesar da enxurrada de elogios improv\u00e1veis, ningu\u00e9m ousou contestar o veredicto do guru. At\u00e9 mesmo a Janete lhe sorriu, fez cara de espanto, apertou a m\u00e3o do sujeito e, j\u00e1 de sa\u00edda, foi questionada pelo neto.<\/p>\n<p>\u2014 Vov\u00f3, n\u00e3o te falei que ele n\u00e3o erra uma?<\/p>\n<p>\u2014 \u00c9 verdade, Jo\u00e3o. O seu amigo guru erra todas!<\/p>\n<p><strong>\u2026\u2026\u2026\u2026\u2026\u2026\u2026\u2026<\/strong><\/p>\n<p><strong>Eduardo Mart\u00ednez \u00e9 autor do livro \u201957 Contos e Cr\u00f4nicas por um Autor Muito Velho\u2019 (Vencedor do Pr\u00eamio Liter\u00e1rio Clarice Lispector \u2013 2025 na categoria livro de contos).<\/strong><\/p>\n<p><strong>Compre aqui<\/strong><\/p>\n<p><a href=\"https:\/\/www.joanineditora.com.br\/57-contos-e-cronicas-por-um-autor-muito-velho\"><strong>https:\/\/www.joanineditora.com.br\/57-contos-e-cronicas-por-um-autor-muito-velho<\/strong><\/a><\/p>\n","protected":false},"excerpt":{"rendered":"<p>Janete n\u00e3o passou inc\u00f3lume pela revolu\u00e7\u00e3o sexual. T\u00e3o pioneira quanto Leila Diniz, mas sem a mesma fama, defendeu a liberdade feminina de amar. Transgrediu anonimamente, longe das p\u00e1ginas controversas de O Pasquim. E, pasmem, antes mesmo de Leila, de biqu\u00edni, desfilar toda a gravidez na praia de Ipanema, Janete j\u00e1 havia feito isso um ano [&hellip;]<\/p>\n","protected":false},"author":21,"featured_media":378778,"comment_status":"closed","ping_status":"closed","sticky":false,"template":"","format":"standard","meta":{"_acf_changed":false,"footnotes":""},"categories":[161],"tags":[],"class_list":["post-378777","post","type-post","status-publish","format-standard","has-post-thumbnail","hentry","category-quadradinho-em-foco"],"acf":[],"yoast_head":"<!-- This site is optimized with the Yoast SEO plugin v27.2 - https:\/\/yoast.com\/product\/yoast-seo-wordpress\/ -->\n<title>Que nem Leila, mas sem sair n&#039;O Pasquim - Notibras<\/title>\n<meta name=\"robots\" content=\"index, follow, max-snippet:-1, max-image-preview:large, max-video-preview:-1\" \/>\n<link rel=\"canonical\" href=\"https:\/\/www.notibras.com\/site\/que-nem-leila-mas-sem-sair-no-pasquim\/\" \/>\n<meta property=\"og:locale\" content=\"pt_BR\" \/>\n<meta property=\"og:type\" content=\"article\" \/>\n<meta property=\"og:title\" content=\"Que nem Leila, mas sem sair n&#039;O Pasquim - Notibras\" \/>\n<meta property=\"og:description\" content=\"Janete n\u00e3o passou inc\u00f3lume pela revolu\u00e7\u00e3o sexual. T\u00e3o pioneira quanto Leila Diniz, mas sem a mesma fama, defendeu a liberdade feminina de amar. Transgrediu anonimamente, longe das p\u00e1ginas controversas de O Pasquim. E, pasmem, antes mesmo de Leila, de biqu\u00edni, desfilar toda a gravidez na praia de Ipanema, Janete j\u00e1 havia feito isso um ano [&hellip;]\" \/>\n<meta property=\"og:url\" content=\"https:\/\/www.notibras.com\/site\/que-nem-leila-mas-sem-sair-no-pasquim\/\" \/>\n<meta property=\"og:site_name\" content=\"Notibras\" \/>\n<meta property=\"article:publisher\" content=\"https:\/\/www.facebook.com\/notibras\/\" \/>\n<meta property=\"article:published_time\" content=\"2026-01-13T05:00:03+00:00\" \/>\n<meta property=\"article:modified_time\" content=\"2026-01-13T09:49:36+00:00\" \/>\n<meta property=\"og:image\" content=\"https:\/\/www.notibras.com\/site\/wp-content\/uploads\/2026\/01\/IMG_0287.jpg\" \/>\n\t<meta property=\"og:image:width\" content=\"1023\" \/>\n\t<meta property=\"og:image:height\" content=\"934\" \/>\n\t<meta property=\"og:image:type\" content=\"image\/jpeg\" \/>\n<meta name=\"author\" content=\"Eduardo Mart\u00ednez\" \/>\n<meta name=\"twitter:card\" content=\"summary_large_image\" \/>\n<meta name=\"twitter:creator\" content=\"@Notibras\" \/>\n<meta name=\"twitter:site\" content=\"@Notibras\" \/>\n<meta name=\"twitter:label1\" content=\"Escrito por\" \/>\n\t<meta name=\"twitter:data1\" content=\"Eduardo Mart\u00ednez\" \/>\n\t<meta name=\"twitter:label2\" content=\"Est. tempo de leitura\" \/>\n\t<meta name=\"twitter:data2\" content=\"4 minutos\" \/>\n<script type=\"application\/ld+json\" class=\"yoast-schema-graph\">{\"@context\":\"https:\/\/schema.org\",\"@graph\":[{\"@type\":\"Article\",\"@id\":\"https:\/\/www.notibras.com\/site\/que-nem-leila-mas-sem-sair-no-pasquim\/#article\",\"isPartOf\":{\"@id\":\"https:\/\/www.notibras.com\/site\/que-nem-leila-mas-sem-sair-no-pasquim\/\"},\"author\":{\"name\":\"Eduardo Mart\u00ednez\",\"@id\":\"https:\/\/www.notibras.com\/site\/#\/schema\/person\/5b7fabf2aedc3ada2105f03b22b4d3dd\"},\"headline\":\"Que nem Leila, mas sem sair n&#8217;O Pasquim\",\"datePublished\":\"2026-01-13T05:00:03+00:00\",\"dateModified\":\"2026-01-13T09:49:36+00:00\",\"mainEntityOfPage\":{\"@id\":\"https:\/\/www.notibras.com\/site\/que-nem-leila-mas-sem-sair-no-pasquim\/\"},\"wordCount\":661,\"publisher\":{\"@id\":\"https:\/\/www.notibras.com\/site\/#organization\"},\"image\":{\"@id\":\"https:\/\/www.notibras.com\/site\/que-nem-leila-mas-sem-sair-no-pasquim\/#primaryimage\"},\"thumbnailUrl\":\"https:\/\/www.notibras.com\/site\/wp-content\/uploads\/2026\/01\/IMG_0287.jpg\",\"articleSection\":[\"Quadradinho em Foco\"],\"inLanguage\":\"pt-BR\"},{\"@type\":\"WebPage\",\"@id\":\"https:\/\/www.notibras.com\/site\/que-nem-leila-mas-sem-sair-no-pasquim\/\",\"url\":\"https:\/\/www.notibras.com\/site\/que-nem-leila-mas-sem-sair-no-pasquim\/\",\"name\":\"Que nem Leila, mas sem sair n'O Pasquim - Notibras\",\"isPartOf\":{\"@id\":\"https:\/\/www.notibras.com\/site\/#website\"},\"primaryImageOfPage\":{\"@id\":\"https:\/\/www.notibras.com\/site\/que-nem-leila-mas-sem-sair-no-pasquim\/#primaryimage\"},\"image\":{\"@id\":\"https:\/\/www.notibras.com\/site\/que-nem-leila-mas-sem-sair-no-pasquim\/#primaryimage\"},\"thumbnailUrl\":\"https:\/\/www.notibras.com\/site\/wp-content\/uploads\/2026\/01\/IMG_0287.jpg\",\"datePublished\":\"2026-01-13T05:00:03+00:00\",\"dateModified\":\"2026-01-13T09:49:36+00:00\",\"breadcrumb\":{\"@id\":\"https:\/\/www.notibras.com\/site\/que-nem-leila-mas-sem-sair-no-pasquim\/#breadcrumb\"},\"inLanguage\":\"pt-BR\",\"potentialAction\":[{\"@type\":\"ReadAction\",\"target\":[\"https:\/\/www.notibras.com\/site\/que-nem-leila-mas-sem-sair-no-pasquim\/\"]}]},{\"@type\":\"ImageObject\",\"inLanguage\":\"pt-BR\",\"@id\":\"https:\/\/www.notibras.com\/site\/que-nem-leila-mas-sem-sair-no-pasquim\/#primaryimage\",\"url\":\"https:\/\/www.notibras.com\/site\/wp-content\/uploads\/2026\/01\/IMG_0287.jpg\",\"contentUrl\":\"https:\/\/www.notibras.com\/site\/wp-content\/uploads\/2026\/01\/IMG_0287.jpg\",\"width\":1023,\"height\":934},{\"@type\":\"BreadcrumbList\",\"@id\":\"https:\/\/www.notibras.com\/site\/que-nem-leila-mas-sem-sair-no-pasquim\/#breadcrumb\",\"itemListElement\":[{\"@type\":\"ListItem\",\"position\":1,\"name\":\"In\u00edcio\",\"item\":\"https:\/\/www.notibras.com\/site\/\"},{\"@type\":\"ListItem\",\"position\":2,\"name\":\"Que nem Leila, mas sem sair n&#8217;O Pasquim\"}]},{\"@type\":\"WebSite\",\"@id\":\"https:\/\/www.notibras.com\/site\/#website\",\"url\":\"https:\/\/www.notibras.com\/site\/\",\"name\":\"Notibras\",\"description\":\"Not\u00edcias de Bras\u00edlia, do Brasil e do Mundo\",\"publisher\":{\"@id\":\"https:\/\/www.notibras.com\/site\/#organization\"},\"potentialAction\":[{\"@type\":\"SearchAction\",\"target\":{\"@type\":\"EntryPoint\",\"urlTemplate\":\"https:\/\/www.notibras.com\/site\/?s={search_term_string}\"},\"query-input\":{\"@type\":\"PropertyValueSpecification\",\"valueRequired\":true,\"valueName\":\"search_term_string\"}}],\"inLanguage\":\"pt-BR\"},{\"@type\":\"Organization\",\"@id\":\"https:\/\/www.notibras.com\/site\/#organization\",\"name\":\"Grupo Notibras de Comunica\u00e7\u00e3o\",\"url\":\"https:\/\/www.notibras.com\/site\/\",\"logo\":{\"@type\":\"ImageObject\",\"inLanguage\":\"pt-BR\",\"@id\":\"https:\/\/www.notibras.com\/site\/#\/schema\/logo\/image\/\",\"url\":\"https:\/\/www.notibras.com\/site\/wp-content\/uploads\/2023\/01\/notibras23.png\",\"contentUrl\":\"https:\/\/www.notibras.com\/site\/wp-content\/uploads\/2023\/01\/notibras23.png\",\"width\":350,\"height\":87,\"caption\":\"Grupo Notibras de Comunica\u00e7\u00e3o\"},\"image\":{\"@id\":\"https:\/\/www.notibras.com\/site\/#\/schema\/logo\/image\/\"},\"sameAs\":[\"https:\/\/www.facebook.com\/notibras\/\",\"https:\/\/x.com\/Notibras\",\"https:\/\/www.instagram.com\/notibras\/\"]},{\"@type\":\"Person\",\"@id\":\"https:\/\/www.notibras.com\/site\/#\/schema\/person\/5b7fabf2aedc3ada2105f03b22b4d3dd\",\"name\":\"Eduardo Mart\u00ednez\",\"image\":{\"@type\":\"ImageObject\",\"inLanguage\":\"pt-BR\",\"@id\":\"https:\/\/secure.gravatar.com\/avatar\/7902f906289926289cbcda644b5197c796b893c6ffd7b9a536a42d290f7704a0?s=96&d=mm&r=g\",\"url\":\"https:\/\/secure.gravatar.com\/avatar\/7902f906289926289cbcda644b5197c796b893c6ffd7b9a536a42d290f7704a0?s=96&d=mm&r=g\",\"contentUrl\":\"https:\/\/secure.gravatar.com\/avatar\/7902f906289926289cbcda644b5197c796b893c6ffd7b9a536a42d290f7704a0?s=96&d=mm&r=g\",\"caption\":\"Eduardo Mart\u00ednez\"}}]}<\/script>\n<!-- \/ Yoast SEO plugin. -->","yoast_head_json":{"title":"Que nem Leila, mas sem sair n'O Pasquim - Notibras","robots":{"index":"index","follow":"follow","max-snippet":"max-snippet:-1","max-image-preview":"max-image-preview:large","max-video-preview":"max-video-preview:-1"},"canonical":"https:\/\/www.notibras.com\/site\/que-nem-leila-mas-sem-sair-no-pasquim\/","og_locale":"pt_BR","og_type":"article","og_title":"Que nem Leila, mas sem sair n'O Pasquim - Notibras","og_description":"Janete n\u00e3o passou inc\u00f3lume pela revolu\u00e7\u00e3o sexual. T\u00e3o pioneira quanto Leila Diniz, mas sem a mesma fama, defendeu a liberdade feminina de amar. Transgrediu anonimamente, longe das p\u00e1ginas controversas de O Pasquim. E, pasmem, antes mesmo de Leila, de biqu\u00edni, desfilar toda a gravidez na praia de Ipanema, Janete j\u00e1 havia feito isso um ano [&hellip;]","og_url":"https:\/\/www.notibras.com\/site\/que-nem-leila-mas-sem-sair-no-pasquim\/","og_site_name":"Notibras","article_publisher":"https:\/\/www.facebook.com\/notibras\/","article_published_time":"2026-01-13T05:00:03+00:00","article_modified_time":"2026-01-13T09:49:36+00:00","og_image":[{"width":1023,"height":934,"url":"https:\/\/www.notibras.com\/site\/wp-content\/uploads\/2026\/01\/IMG_0287.jpg","type":"image\/jpeg"}],"author":"Eduardo Mart\u00ednez","twitter_card":"summary_large_image","twitter_creator":"@Notibras","twitter_site":"@Notibras","twitter_misc":{"Escrito por":"Eduardo Mart\u00ednez","Est. tempo de leitura":"4 minutos"},"schema":{"@context":"https:\/\/schema.org","@graph":[{"@type":"Article","@id":"https:\/\/www.notibras.com\/site\/que-nem-leila-mas-sem-sair-no-pasquim\/#article","isPartOf":{"@id":"https:\/\/www.notibras.com\/site\/que-nem-leila-mas-sem-sair-no-pasquim\/"},"author":{"name":"Eduardo Mart\u00ednez","@id":"https:\/\/www.notibras.com\/site\/#\/schema\/person\/5b7fabf2aedc3ada2105f03b22b4d3dd"},"headline":"Que nem Leila, mas sem sair n&#8217;O Pasquim","datePublished":"2026-01-13T05:00:03+00:00","dateModified":"2026-01-13T09:49:36+00:00","mainEntityOfPage":{"@id":"https:\/\/www.notibras.com\/site\/que-nem-leila-mas-sem-sair-no-pasquim\/"},"wordCount":661,"publisher":{"@id":"https:\/\/www.notibras.com\/site\/#organization"},"image":{"@id":"https:\/\/www.notibras.com\/site\/que-nem-leila-mas-sem-sair-no-pasquim\/#primaryimage"},"thumbnailUrl":"https:\/\/www.notibras.com\/site\/wp-content\/uploads\/2026\/01\/IMG_0287.jpg","articleSection":["Quadradinho em Foco"],"inLanguage":"pt-BR"},{"@type":"WebPage","@id":"https:\/\/www.notibras.com\/site\/que-nem-leila-mas-sem-sair-no-pasquim\/","url":"https:\/\/www.notibras.com\/site\/que-nem-leila-mas-sem-sair-no-pasquim\/","name":"Que nem Leila, mas sem sair n'O Pasquim - Notibras","isPartOf":{"@id":"https:\/\/www.notibras.com\/site\/#website"},"primaryImageOfPage":{"@id":"https:\/\/www.notibras.com\/site\/que-nem-leila-mas-sem-sair-no-pasquim\/#primaryimage"},"image":{"@id":"https:\/\/www.notibras.com\/site\/que-nem-leila-mas-sem-sair-no-pasquim\/#primaryimage"},"thumbnailUrl":"https:\/\/www.notibras.com\/site\/wp-content\/uploads\/2026\/01\/IMG_0287.jpg","datePublished":"2026-01-13T05:00:03+00:00","dateModified":"2026-01-13T09:49:36+00:00","breadcrumb":{"@id":"https:\/\/www.notibras.com\/site\/que-nem-leila-mas-sem-sair-no-pasquim\/#breadcrumb"},"inLanguage":"pt-BR","potentialAction":[{"@type":"ReadAction","target":["https:\/\/www.notibras.com\/site\/que-nem-leila-mas-sem-sair-no-pasquim\/"]}]},{"@type":"ImageObject","inLanguage":"pt-BR","@id":"https:\/\/www.notibras.com\/site\/que-nem-leila-mas-sem-sair-no-pasquim\/#primaryimage","url":"https:\/\/www.notibras.com\/site\/wp-content\/uploads\/2026\/01\/IMG_0287.jpg","contentUrl":"https:\/\/www.notibras.com\/site\/wp-content\/uploads\/2026\/01\/IMG_0287.jpg","width":1023,"height":934},{"@type":"BreadcrumbList","@id":"https:\/\/www.notibras.com\/site\/que-nem-leila-mas-sem-sair-no-pasquim\/#breadcrumb","itemListElement":[{"@type":"ListItem","position":1,"name":"In\u00edcio","item":"https:\/\/www.notibras.com\/site\/"},{"@type":"ListItem","position":2,"name":"Que nem Leila, mas sem sair n&#8217;O Pasquim"}]},{"@type":"WebSite","@id":"https:\/\/www.notibras.com\/site\/#website","url":"https:\/\/www.notibras.com\/site\/","name":"Notibras","description":"Not\u00edcias de Bras\u00edlia, do Brasil e do Mundo","publisher":{"@id":"https:\/\/www.notibras.com\/site\/#organization"},"potentialAction":[{"@type":"SearchAction","target":{"@type":"EntryPoint","urlTemplate":"https:\/\/www.notibras.com\/site\/?s={search_term_string}"},"query-input":{"@type":"PropertyValueSpecification","valueRequired":true,"valueName":"search_term_string"}}],"inLanguage":"pt-BR"},{"@type":"Organization","@id":"https:\/\/www.notibras.com\/site\/#organization","name":"Grupo Notibras de Comunica\u00e7\u00e3o","url":"https:\/\/www.notibras.com\/site\/","logo":{"@type":"ImageObject","inLanguage":"pt-BR","@id":"https:\/\/www.notibras.com\/site\/#\/schema\/logo\/image\/","url":"https:\/\/www.notibras.com\/site\/wp-content\/uploads\/2023\/01\/notibras23.png","contentUrl":"https:\/\/www.notibras.com\/site\/wp-content\/uploads\/2023\/01\/notibras23.png","width":350,"height":87,"caption":"Grupo Notibras de Comunica\u00e7\u00e3o"},"image":{"@id":"https:\/\/www.notibras.com\/site\/#\/schema\/logo\/image\/"},"sameAs":["https:\/\/www.facebook.com\/notibras\/","https:\/\/x.com\/Notibras","https:\/\/www.instagram.com\/notibras\/"]},{"@type":"Person","@id":"https:\/\/www.notibras.com\/site\/#\/schema\/person\/5b7fabf2aedc3ada2105f03b22b4d3dd","name":"Eduardo Mart\u00ednez","image":{"@type":"ImageObject","inLanguage":"pt-BR","@id":"https:\/\/secure.gravatar.com\/avatar\/7902f906289926289cbcda644b5197c796b893c6ffd7b9a536a42d290f7704a0?s=96&d=mm&r=g","url":"https:\/\/secure.gravatar.com\/avatar\/7902f906289926289cbcda644b5197c796b893c6ffd7b9a536a42d290f7704a0?s=96&d=mm&r=g","contentUrl":"https:\/\/secure.gravatar.com\/avatar\/7902f906289926289cbcda644b5197c796b893c6ffd7b9a536a42d290f7704a0?s=96&d=mm&r=g","caption":"Eduardo Mart\u00ednez"}}]}},"amp_enabled":true,"_links":{"self":[{"href":"https:\/\/www.notibras.com\/site\/wp-json\/wp\/v2\/posts\/378777","targetHints":{"allow":["GET"]}}],"collection":[{"href":"https:\/\/www.notibras.com\/site\/wp-json\/wp\/v2\/posts"}],"about":[{"href":"https:\/\/www.notibras.com\/site\/wp-json\/wp\/v2\/types\/post"}],"author":[{"embeddable":true,"href":"https:\/\/www.notibras.com\/site\/wp-json\/wp\/v2\/users\/21"}],"replies":[{"embeddable":true,"href":"https:\/\/www.notibras.com\/site\/wp-json\/wp\/v2\/comments?post=378777"}],"version-history":[{"count":6,"href":"https:\/\/www.notibras.com\/site\/wp-json\/wp\/v2\/posts\/378777\/revisions"}],"predecessor-version":[{"id":378816,"href":"https:\/\/www.notibras.com\/site\/wp-json\/wp\/v2\/posts\/378777\/revisions\/378816"}],"wp:featuredmedia":[{"embeddable":true,"href":"https:\/\/www.notibras.com\/site\/wp-json\/wp\/v2\/media\/378778"}],"wp:attachment":[{"href":"https:\/\/www.notibras.com\/site\/wp-json\/wp\/v2\/media?parent=378777"}],"wp:term":[{"taxonomy":"category","embeddable":true,"href":"https:\/\/www.notibras.com\/site\/wp-json\/wp\/v2\/categories?post=378777"},{"taxonomy":"post_tag","embeddable":true,"href":"https:\/\/www.notibras.com\/site\/wp-json\/wp\/v2\/tags?post=378777"}],"curies":[{"name":"wp","href":"https:\/\/api.w.org\/{rel}","templated":true}]}}