{"id":378785,"date":"2026-01-16T01:15:59","date_gmt":"2026-01-16T04:15:59","guid":{"rendered":"https:\/\/www.notibras.com\/site\/?p=378785"},"modified":"2026-01-16T02:45:17","modified_gmt":"2026-01-16T05:45:17","slug":"a-escrita-e-um-gesto-de-responsabilidade","status":"publish","type":"post","link":"https:\/\/www.notibras.com\/site\/a-escrita-e-um-gesto-de-responsabilidade\/","title":{"rendered":"&#8220;A escrita \u00e9 um gesto de responsabilidade&#8221;"},"content":{"rendered":"<p>Elizandro Todeschini \u00e9 um escritor ga\u00facho que transita entre o direito e a literatura. Com quatro romances publicados, ele explora temas como a mem\u00f3ria, o sil\u00eancio e a viol\u00eancia cotidiana.<\/p>\n<p>Em entrevista exclusiva, Elizandro fala sobre sua trajet\u00f3ria, inspira\u00e7\u00f5es e o papel da literatura na sociedade.<\/p>\n<p><strong>Fale um pouco sobre voc\u00ea, seu nome, onde nasceu, onde mora, sobre sua trajet\u00f3ria como escritor.<\/strong><\/p>\n<p>Meu nome \u00e9 Elizandro Todeschini. Nasci em David Canabarro, no interior do Rio Grande do Sul, em 11 de janeiro de 1980, e atualmente moro em Marau. Minha trajet\u00f3ria profissional se desenvolveu principalmente no campo do Direito, onde atuo como Defensor P\u00fablico do Estado, mas a literatura sempre ocupou um lugar central na minha vida. Como escritor, publiquei quatro romances: <em>De volta ao p\u00e1tio<\/em>, <em>Nenhuma eternidade<\/em>, <em>Eles que n\u00e3o ganhavam doces<\/em> e <em>Ningu\u00e9m ouve o sangue<\/em>. Minha escrita dialoga com a mem\u00f3ria, o sil\u00eancio, a viol\u00eancia cotidiana e as ambiguidades morais que atravessam a vida comum.<\/p>\n<p><strong>Como a escrita surgiu na sua vida?<\/strong><\/p>\n<p>A escrita surgiu cedo, inicialmente como leitura e curiosidade pela linguagem. Com o tempo, tornou-se uma necessidade: escrever passou a ser uma forma de compreender o que muitas vezes n\u00e3o encontra espa\u00e7o nem na fala cotidiana nem nos processos formais da vida profissional.<\/p>\n<p><strong>De onde vem a inspira\u00e7\u00e3o para a constru\u00e7\u00e3o dos seus textos?<\/strong><\/p>\n<p>Vem da observa\u00e7\u00e3o atenta do cotidiano, das rela\u00e7\u00f5es humanas e das contradi\u00e7\u00f5es sociais. Muitas vezes nasce de situa\u00e7\u00f5es simples, aparentemente banais, mas carregadas de tens\u00e3o \u2014 um sil\u00eancio prolongado, uma escolha evitada, um gesto interrompido.<\/p>\n<p><strong>Como a sua forma\u00e7\u00e3o ou sua hist\u00f3ria de vida interferem no seu processo de escrita?<\/strong><\/p>\n<p>Interferem profundamente. A atua\u00e7\u00e3o como Defensor P\u00fablico coloca-me em contato direto com hist\u00f3rias humanas densas, conflitos reais e desigualdades estruturais. Isso influencia minha escrita, que evita respostas f\u00e1ceis e prefere trabalhar com nuances, contradi\u00e7\u00f5es e zonas cinzentas.<\/p>\n<p><strong>Quais s\u00e3o os seus livros favoritos?<\/strong><\/p>\n<p>Alguns livros me acompanham h\u00e1 muitos anos, como <em>Cem Anos de Solid\u00e3o<\/em>, <em>Dom Casmurro<\/em>, <em>O Velho e o Mar<\/em>, <em>O Sol \u00e9 para Todos<\/em> e <em>Lavoura Arcaica<\/em>. S\u00e3o obras que resistem ao tempo e continuam dizendo algo novo a cada leitura.<\/p>\n<p><strong>Quais s\u00e3o seus autores favoritos?<\/strong><\/p>\n<p>Gabriel Garc\u00eda M\u00e1rquez, Mia Couto, Valter Hugo M\u00e3e, Machado de Assis, Ernest Hemingway e Harper Lee. S\u00e3o autores que mostram que estilo \u00e9, antes de tudo, uma forma de olhar o mundo.<\/p>\n<p style=\"text-align: center;\"><img loading=\"lazy\" decoding=\"async\" class=\"alignnone size-medium wp-image-378787\" src=\"https:\/\/www.notibras.com\/site\/wp-content\/uploads\/2026\/01\/75092483-709c-45ec-a9d9-57aa48538014-263x300.jpg\" alt=\"\" width=\"263\" height=\"300\" srcset=\"https:\/\/www.notibras.com\/site\/wp-content\/uploads\/2026\/01\/75092483-709c-45ec-a9d9-57aa48538014-263x300.jpg 263w, https:\/\/www.notibras.com\/site\/wp-content\/uploads\/2026\/01\/75092483-709c-45ec-a9d9-57aa48538014-897x1024.jpg 897w, https:\/\/www.notibras.com\/site\/wp-content\/uploads\/2026\/01\/75092483-709c-45ec-a9d9-57aa48538014-768x877.jpg 768w, https:\/\/www.notibras.com\/site\/wp-content\/uploads\/2026\/01\/75092483-709c-45ec-a9d9-57aa48538014.jpg 1200w\" sizes=\"auto, (max-width: 263px) 100vw, 263px\" \/><\/p>\n<p><strong>O que \u00e9 mais importante no seu processo de escrita: a inspira\u00e7\u00e3o ou a concentra\u00e7\u00e3o?<\/strong><\/p>\n<p>A concentra\u00e7\u00e3o. A inspira\u00e7\u00e3o pode at\u00e9 iniciar um texto, mas \u00e9 o trabalho cont\u00ednuo que o sustenta. N\u00e3o espero pela inspira\u00e7\u00e3o chegar: a escrita faz parte da rotina, mesmo quando o texto n\u00e3o avan\u00e7a como gostaria.<\/p>\n<p><strong>Qual \u00e9 o tema mais presente nos seus escritos? E por que voc\u00ea escolheu esse assunto?<\/strong><\/p>\n<p>A indiferen\u00e7a e o sil\u00eancio como formas de viol\u00eancia. Interessa-me observar como pequenas omiss\u00f5es produzem grandes consequ\u00eancias. \u00c9 um tema que atravessa tanto a esfera \u00edntima quanto a social.<\/p>\n<p><strong>Para voc\u00ea, qual \u00e9 o objetivo da literatura?<\/strong><\/p>\n<p>Criar deslocamento. A literatura n\u00e3o serve para confortar nem para ensinar li\u00e7\u00f5es morais, mas para provocar reflex\u00e3o e inquieta\u00e7\u00e3o.<\/p>\n<p><strong>Voc\u00ea est\u00e1 trabalhando em algum projeto neste momento?<\/strong><\/p>\n<p>Sim. Estou sempre escrevendo, revisando ou amadurecendo novos projetos. A escrita, para mim, \u00e9 um processo cont\u00ednuo, mesmo quando n\u00e3o h\u00e1 um livro imediatamente em publica\u00e7\u00e3o.<\/p>\n<p><strong>Como voc\u00ea gostaria que seus leitores enxergassem sua obra?<\/strong><\/p>\n<p>Como uma obra honesta, que respeita o leitor e confia na sua sensibilidade. Que n\u00e3o oferece respostas prontas, mas convida \u00e0 reflex\u00e3o.<\/p>\n<p><strong>Como \u00e9 ser escritor hoje em dia?<\/strong><\/p>\n<p>\u00c9 desafiador. Vivemos um tempo de excesso de informa\u00e7\u00e3o e pouca escuta. Ser escritor hoje \u00e9 insistir na lentid\u00e3o e na complexidade.<\/p>\n<p><strong>Qual a sua avalia\u00e7\u00e3o sobre o Caf\u00e9 Liter\u00e1rio?<\/strong><\/p>\n<p>O <strong>Caf\u00e9 Liter\u00e1rio<\/strong> \u00e9 um espa\u00e7o fundamental de di\u00e1logo e reflex\u00e3o. Iniciativas assim mant\u00eam viva a conversa qualificada sobre literatura, algo cada vez mais necess\u00e1rio.<\/p>\n<p><strong>Tem alguma coisa que eu n\u00e3o perguntei e voc\u00ea gostaria de falar?<\/strong><\/p>\n<p>Talvez apenas refor\u00e7ar que escrever \u00e9 um gesto de responsabilidade. As palavras permanecem, mesmo quando o autor se cala \u2014 e isso exige cuidado, rigor e honestidade.<\/p>\n","protected":false},"excerpt":{"rendered":"<p>Elizandro Todeschini \u00e9 um escritor ga\u00facho que transita entre o direito e a literatura. Com quatro romances publicados, ele explora temas como a mem\u00f3ria, o sil\u00eancio e a viol\u00eancia cotidiana. Em entrevista exclusiva, Elizandro fala sobre sua trajet\u00f3ria, inspira\u00e7\u00f5es e o papel da literatura na sociedade. Fale um pouco sobre voc\u00ea, seu nome, onde nasceu, [&hellip;]<\/p>\n","protected":false},"author":21,"featured_media":378788,"comment_status":"closed","ping_status":"closed","sticky":false,"template":"","format":"standard","meta":{"_acf_changed":false,"footnotes":""},"categories":[234],"tags":[],"class_list":["post-378785","post","type-post","status-publish","format-standard","has-post-thumbnail","hentry","category-cafe-literario"],"acf":[],"yoast_head":"<!-- This site is optimized with the Yoast SEO plugin v27.2 - https:\/\/yoast.com\/product\/yoast-seo-wordpress\/ -->\n<title>&quot;A escrita \u00e9 um gesto de responsabilidade&quot; - Notibras<\/title>\n<meta name=\"robots\" content=\"index, follow, max-snippet:-1, max-image-preview:large, max-video-preview:-1\" \/>\n<link rel=\"canonical\" href=\"https:\/\/www.notibras.com\/site\/a-escrita-e-um-gesto-de-responsabilidade\/\" \/>\n<meta property=\"og:locale\" content=\"pt_BR\" \/>\n<meta property=\"og:type\" content=\"article\" \/>\n<meta property=\"og:title\" content=\"&quot;A escrita \u00e9 um gesto de responsabilidade&quot; - Notibras\" \/>\n<meta property=\"og:description\" content=\"Elizandro Todeschini \u00e9 um escritor ga\u00facho que transita entre o direito e a literatura. Com quatro romances publicados, ele explora temas como a mem\u00f3ria, o sil\u00eancio e a viol\u00eancia cotidiana. Em entrevista exclusiva, Elizandro fala sobre sua trajet\u00f3ria, inspira\u00e7\u00f5es e o papel da literatura na sociedade. Fale um pouco sobre voc\u00ea, seu nome, onde nasceu, [&hellip;]\" \/>\n<meta property=\"og:url\" content=\"https:\/\/www.notibras.com\/site\/a-escrita-e-um-gesto-de-responsabilidade\/\" \/>\n<meta property=\"og:site_name\" content=\"Notibras\" \/>\n<meta property=\"article:publisher\" content=\"https:\/\/www.facebook.com\/notibras\/\" \/>\n<meta property=\"article:published_time\" content=\"2026-01-16T04:15:59+00:00\" \/>\n<meta property=\"article:modified_time\" content=\"2026-01-16T05:45:17+00:00\" \/>\n<meta property=\"og:image\" content=\"https:\/\/www.notibras.com\/site\/wp-content\/uploads\/2026\/01\/98ce47ba-2bd3-49e7-8884-ef2861087312.jpg\" \/>\n\t<meta property=\"og:image:width\" content=\"1200\" \/>\n\t<meta property=\"og:image:height\" content=\"1357\" \/>\n\t<meta property=\"og:image:type\" content=\"image\/jpeg\" \/>\n<meta name=\"author\" content=\"Eduardo Mart\u00ednez\" \/>\n<meta name=\"twitter:card\" content=\"summary_large_image\" \/>\n<meta name=\"twitter:creator\" content=\"@Notibras\" \/>\n<meta name=\"twitter:site\" content=\"@Notibras\" \/>\n<meta name=\"twitter:label1\" content=\"Escrito por\" \/>\n\t<meta name=\"twitter:data1\" content=\"Eduardo Mart\u00ednez\" \/>\n\t<meta name=\"twitter:label2\" content=\"Est. tempo de leitura\" \/>\n\t<meta name=\"twitter:data2\" content=\"5 minutos\" \/>\n<script type=\"application\/ld+json\" class=\"yoast-schema-graph\">{\"@context\":\"https:\/\/schema.org\",\"@graph\":[{\"@type\":\"Article\",\"@id\":\"https:\/\/www.notibras.com\/site\/a-escrita-e-um-gesto-de-responsabilidade\/#article\",\"isPartOf\":{\"@id\":\"https:\/\/www.notibras.com\/site\/a-escrita-e-um-gesto-de-responsabilidade\/\"},\"author\":{\"name\":\"Eduardo Mart\u00ednez\",\"@id\":\"https:\/\/www.notibras.com\/site\/#\/schema\/person\/5b7fabf2aedc3ada2105f03b22b4d3dd\"},\"headline\":\"&#8220;A escrita \u00e9 um gesto de responsabilidade&#8221;\",\"datePublished\":\"2026-01-16T04:15:59+00:00\",\"dateModified\":\"2026-01-16T05:45:17+00:00\",\"mainEntityOfPage\":{\"@id\":\"https:\/\/www.notibras.com\/site\/a-escrita-e-um-gesto-de-responsabilidade\/\"},\"wordCount\":740,\"publisher\":{\"@id\":\"https:\/\/www.notibras.com\/site\/#organization\"},\"image\":{\"@id\":\"https:\/\/www.notibras.com\/site\/a-escrita-e-um-gesto-de-responsabilidade\/#primaryimage\"},\"thumbnailUrl\":\"https:\/\/www.notibras.com\/site\/wp-content\/uploads\/2026\/01\/98ce47ba-2bd3-49e7-8884-ef2861087312.jpg\",\"articleSection\":[\"Caf\u00e9 Liter\u00e1rio\"],\"inLanguage\":\"pt-BR\"},{\"@type\":\"WebPage\",\"@id\":\"https:\/\/www.notibras.com\/site\/a-escrita-e-um-gesto-de-responsabilidade\/\",\"url\":\"https:\/\/www.notibras.com\/site\/a-escrita-e-um-gesto-de-responsabilidade\/\",\"name\":\"\\\"A escrita \u00e9 um gesto de responsabilidade\\\" - Notibras\",\"isPartOf\":{\"@id\":\"https:\/\/www.notibras.com\/site\/#website\"},\"primaryImageOfPage\":{\"@id\":\"https:\/\/www.notibras.com\/site\/a-escrita-e-um-gesto-de-responsabilidade\/#primaryimage\"},\"image\":{\"@id\":\"https:\/\/www.notibras.com\/site\/a-escrita-e-um-gesto-de-responsabilidade\/#primaryimage\"},\"thumbnailUrl\":\"https:\/\/www.notibras.com\/site\/wp-content\/uploads\/2026\/01\/98ce47ba-2bd3-49e7-8884-ef2861087312.jpg\",\"datePublished\":\"2026-01-16T04:15:59+00:00\",\"dateModified\":\"2026-01-16T05:45:17+00:00\",\"breadcrumb\":{\"@id\":\"https:\/\/www.notibras.com\/site\/a-escrita-e-um-gesto-de-responsabilidade\/#breadcrumb\"},\"inLanguage\":\"pt-BR\",\"potentialAction\":[{\"@type\":\"ReadAction\",\"target\":[\"https:\/\/www.notibras.com\/site\/a-escrita-e-um-gesto-de-responsabilidade\/\"]}]},{\"@type\":\"ImageObject\",\"inLanguage\":\"pt-BR\",\"@id\":\"https:\/\/www.notibras.com\/site\/a-escrita-e-um-gesto-de-responsabilidade\/#primaryimage\",\"url\":\"https:\/\/www.notibras.com\/site\/wp-content\/uploads\/2026\/01\/98ce47ba-2bd3-49e7-8884-ef2861087312.jpg\",\"contentUrl\":\"https:\/\/www.notibras.com\/site\/wp-content\/uploads\/2026\/01\/98ce47ba-2bd3-49e7-8884-ef2861087312.jpg\",\"width\":1200,\"height\":1357},{\"@type\":\"BreadcrumbList\",\"@id\":\"https:\/\/www.notibras.com\/site\/a-escrita-e-um-gesto-de-responsabilidade\/#breadcrumb\",\"itemListElement\":[{\"@type\":\"ListItem\",\"position\":1,\"name\":\"In\u00edcio\",\"item\":\"https:\/\/www.notibras.com\/site\/\"},{\"@type\":\"ListItem\",\"position\":2,\"name\":\"&#8220;A escrita \u00e9 um gesto de responsabilidade&#8221;\"}]},{\"@type\":\"WebSite\",\"@id\":\"https:\/\/www.notibras.com\/site\/#website\",\"url\":\"https:\/\/www.notibras.com\/site\/\",\"name\":\"Notibras\",\"description\":\"Not\u00edcias de Bras\u00edlia, do Brasil e do Mundo\",\"publisher\":{\"@id\":\"https:\/\/www.notibras.com\/site\/#organization\"},\"potentialAction\":[{\"@type\":\"SearchAction\",\"target\":{\"@type\":\"EntryPoint\",\"urlTemplate\":\"https:\/\/www.notibras.com\/site\/?s={search_term_string}\"},\"query-input\":{\"@type\":\"PropertyValueSpecification\",\"valueRequired\":true,\"valueName\":\"search_term_string\"}}],\"inLanguage\":\"pt-BR\"},{\"@type\":\"Organization\",\"@id\":\"https:\/\/www.notibras.com\/site\/#organization\",\"name\":\"Grupo Notibras de Comunica\u00e7\u00e3o\",\"url\":\"https:\/\/www.notibras.com\/site\/\",\"logo\":{\"@type\":\"ImageObject\",\"inLanguage\":\"pt-BR\",\"@id\":\"https:\/\/www.notibras.com\/site\/#\/schema\/logo\/image\/\",\"url\":\"https:\/\/www.notibras.com\/site\/wp-content\/uploads\/2023\/01\/notibras23.png\",\"contentUrl\":\"https:\/\/www.notibras.com\/site\/wp-content\/uploads\/2023\/01\/notibras23.png\",\"width\":350,\"height\":87,\"caption\":\"Grupo Notibras de Comunica\u00e7\u00e3o\"},\"image\":{\"@id\":\"https:\/\/www.notibras.com\/site\/#\/schema\/logo\/image\/\"},\"sameAs\":[\"https:\/\/www.facebook.com\/notibras\/\",\"https:\/\/x.com\/Notibras\",\"https:\/\/www.instagram.com\/notibras\/\"]},{\"@type\":\"Person\",\"@id\":\"https:\/\/www.notibras.com\/site\/#\/schema\/person\/5b7fabf2aedc3ada2105f03b22b4d3dd\",\"name\":\"Eduardo Mart\u00ednez\",\"image\":{\"@type\":\"ImageObject\",\"inLanguage\":\"pt-BR\",\"@id\":\"https:\/\/secure.gravatar.com\/avatar\/7902f906289926289cbcda644b5197c796b893c6ffd7b9a536a42d290f7704a0?s=96&d=mm&r=g\",\"url\":\"https:\/\/secure.gravatar.com\/avatar\/7902f906289926289cbcda644b5197c796b893c6ffd7b9a536a42d290f7704a0?s=96&d=mm&r=g\",\"contentUrl\":\"https:\/\/secure.gravatar.com\/avatar\/7902f906289926289cbcda644b5197c796b893c6ffd7b9a536a42d290f7704a0?s=96&d=mm&r=g\",\"caption\":\"Eduardo Mart\u00ednez\"}}]}<\/script>\n<!-- \/ Yoast SEO plugin. -->","yoast_head_json":{"title":"\"A escrita \u00e9 um gesto de responsabilidade\" - Notibras","robots":{"index":"index","follow":"follow","max-snippet":"max-snippet:-1","max-image-preview":"max-image-preview:large","max-video-preview":"max-video-preview:-1"},"canonical":"https:\/\/www.notibras.com\/site\/a-escrita-e-um-gesto-de-responsabilidade\/","og_locale":"pt_BR","og_type":"article","og_title":"\"A escrita \u00e9 um gesto de responsabilidade\" - Notibras","og_description":"Elizandro Todeschini \u00e9 um escritor ga\u00facho que transita entre o direito e a literatura. Com quatro romances publicados, ele explora temas como a mem\u00f3ria, o sil\u00eancio e a viol\u00eancia cotidiana. Em entrevista exclusiva, Elizandro fala sobre sua trajet\u00f3ria, inspira\u00e7\u00f5es e o papel da literatura na sociedade. Fale um pouco sobre voc\u00ea, seu nome, onde nasceu, [&hellip;]","og_url":"https:\/\/www.notibras.com\/site\/a-escrita-e-um-gesto-de-responsabilidade\/","og_site_name":"Notibras","article_publisher":"https:\/\/www.facebook.com\/notibras\/","article_published_time":"2026-01-16T04:15:59+00:00","article_modified_time":"2026-01-16T05:45:17+00:00","og_image":[{"width":1200,"height":1357,"url":"https:\/\/www.notibras.com\/site\/wp-content\/uploads\/2026\/01\/98ce47ba-2bd3-49e7-8884-ef2861087312.jpg","type":"image\/jpeg"}],"author":"Eduardo Mart\u00ednez","twitter_card":"summary_large_image","twitter_creator":"@Notibras","twitter_site":"@Notibras","twitter_misc":{"Escrito por":"Eduardo Mart\u00ednez","Est. tempo de leitura":"5 minutos"},"schema":{"@context":"https:\/\/schema.org","@graph":[{"@type":"Article","@id":"https:\/\/www.notibras.com\/site\/a-escrita-e-um-gesto-de-responsabilidade\/#article","isPartOf":{"@id":"https:\/\/www.notibras.com\/site\/a-escrita-e-um-gesto-de-responsabilidade\/"},"author":{"name":"Eduardo Mart\u00ednez","@id":"https:\/\/www.notibras.com\/site\/#\/schema\/person\/5b7fabf2aedc3ada2105f03b22b4d3dd"},"headline":"&#8220;A escrita \u00e9 um gesto de responsabilidade&#8221;","datePublished":"2026-01-16T04:15:59+00:00","dateModified":"2026-01-16T05:45:17+00:00","mainEntityOfPage":{"@id":"https:\/\/www.notibras.com\/site\/a-escrita-e-um-gesto-de-responsabilidade\/"},"wordCount":740,"publisher":{"@id":"https:\/\/www.notibras.com\/site\/#organization"},"image":{"@id":"https:\/\/www.notibras.com\/site\/a-escrita-e-um-gesto-de-responsabilidade\/#primaryimage"},"thumbnailUrl":"https:\/\/www.notibras.com\/site\/wp-content\/uploads\/2026\/01\/98ce47ba-2bd3-49e7-8884-ef2861087312.jpg","articleSection":["Caf\u00e9 Liter\u00e1rio"],"inLanguage":"pt-BR"},{"@type":"WebPage","@id":"https:\/\/www.notibras.com\/site\/a-escrita-e-um-gesto-de-responsabilidade\/","url":"https:\/\/www.notibras.com\/site\/a-escrita-e-um-gesto-de-responsabilidade\/","name":"\"A escrita \u00e9 um gesto de responsabilidade\" - Notibras","isPartOf":{"@id":"https:\/\/www.notibras.com\/site\/#website"},"primaryImageOfPage":{"@id":"https:\/\/www.notibras.com\/site\/a-escrita-e-um-gesto-de-responsabilidade\/#primaryimage"},"image":{"@id":"https:\/\/www.notibras.com\/site\/a-escrita-e-um-gesto-de-responsabilidade\/#primaryimage"},"thumbnailUrl":"https:\/\/www.notibras.com\/site\/wp-content\/uploads\/2026\/01\/98ce47ba-2bd3-49e7-8884-ef2861087312.jpg","datePublished":"2026-01-16T04:15:59+00:00","dateModified":"2026-01-16T05:45:17+00:00","breadcrumb":{"@id":"https:\/\/www.notibras.com\/site\/a-escrita-e-um-gesto-de-responsabilidade\/#breadcrumb"},"inLanguage":"pt-BR","potentialAction":[{"@type":"ReadAction","target":["https:\/\/www.notibras.com\/site\/a-escrita-e-um-gesto-de-responsabilidade\/"]}]},{"@type":"ImageObject","inLanguage":"pt-BR","@id":"https:\/\/www.notibras.com\/site\/a-escrita-e-um-gesto-de-responsabilidade\/#primaryimage","url":"https:\/\/www.notibras.com\/site\/wp-content\/uploads\/2026\/01\/98ce47ba-2bd3-49e7-8884-ef2861087312.jpg","contentUrl":"https:\/\/www.notibras.com\/site\/wp-content\/uploads\/2026\/01\/98ce47ba-2bd3-49e7-8884-ef2861087312.jpg","width":1200,"height":1357},{"@type":"BreadcrumbList","@id":"https:\/\/www.notibras.com\/site\/a-escrita-e-um-gesto-de-responsabilidade\/#breadcrumb","itemListElement":[{"@type":"ListItem","position":1,"name":"In\u00edcio","item":"https:\/\/www.notibras.com\/site\/"},{"@type":"ListItem","position":2,"name":"&#8220;A escrita \u00e9 um gesto de responsabilidade&#8221;"}]},{"@type":"WebSite","@id":"https:\/\/www.notibras.com\/site\/#website","url":"https:\/\/www.notibras.com\/site\/","name":"Notibras","description":"Not\u00edcias de Bras\u00edlia, do Brasil e do Mundo","publisher":{"@id":"https:\/\/www.notibras.com\/site\/#organization"},"potentialAction":[{"@type":"SearchAction","target":{"@type":"EntryPoint","urlTemplate":"https:\/\/www.notibras.com\/site\/?s={search_term_string}"},"query-input":{"@type":"PropertyValueSpecification","valueRequired":true,"valueName":"search_term_string"}}],"inLanguage":"pt-BR"},{"@type":"Organization","@id":"https:\/\/www.notibras.com\/site\/#organization","name":"Grupo Notibras de Comunica\u00e7\u00e3o","url":"https:\/\/www.notibras.com\/site\/","logo":{"@type":"ImageObject","inLanguage":"pt-BR","@id":"https:\/\/www.notibras.com\/site\/#\/schema\/logo\/image\/","url":"https:\/\/www.notibras.com\/site\/wp-content\/uploads\/2023\/01\/notibras23.png","contentUrl":"https:\/\/www.notibras.com\/site\/wp-content\/uploads\/2023\/01\/notibras23.png","width":350,"height":87,"caption":"Grupo Notibras de Comunica\u00e7\u00e3o"},"image":{"@id":"https:\/\/www.notibras.com\/site\/#\/schema\/logo\/image\/"},"sameAs":["https:\/\/www.facebook.com\/notibras\/","https:\/\/x.com\/Notibras","https:\/\/www.instagram.com\/notibras\/"]},{"@type":"Person","@id":"https:\/\/www.notibras.com\/site\/#\/schema\/person\/5b7fabf2aedc3ada2105f03b22b4d3dd","name":"Eduardo Mart\u00ednez","image":{"@type":"ImageObject","inLanguage":"pt-BR","@id":"https:\/\/secure.gravatar.com\/avatar\/7902f906289926289cbcda644b5197c796b893c6ffd7b9a536a42d290f7704a0?s=96&d=mm&r=g","url":"https:\/\/secure.gravatar.com\/avatar\/7902f906289926289cbcda644b5197c796b893c6ffd7b9a536a42d290f7704a0?s=96&d=mm&r=g","contentUrl":"https:\/\/secure.gravatar.com\/avatar\/7902f906289926289cbcda644b5197c796b893c6ffd7b9a536a42d290f7704a0?s=96&d=mm&r=g","caption":"Eduardo Mart\u00ednez"}}]}},"amp_enabled":true,"_links":{"self":[{"href":"https:\/\/www.notibras.com\/site\/wp-json\/wp\/v2\/posts\/378785","targetHints":{"allow":["GET"]}}],"collection":[{"href":"https:\/\/www.notibras.com\/site\/wp-json\/wp\/v2\/posts"}],"about":[{"href":"https:\/\/www.notibras.com\/site\/wp-json\/wp\/v2\/types\/post"}],"author":[{"embeddable":true,"href":"https:\/\/www.notibras.com\/site\/wp-json\/wp\/v2\/users\/21"}],"replies":[{"embeddable":true,"href":"https:\/\/www.notibras.com\/site\/wp-json\/wp\/v2\/comments?post=378785"}],"version-history":[{"count":4,"href":"https:\/\/www.notibras.com\/site\/wp-json\/wp\/v2\/posts\/378785\/revisions"}],"predecessor-version":[{"id":379253,"href":"https:\/\/www.notibras.com\/site\/wp-json\/wp\/v2\/posts\/378785\/revisions\/379253"}],"wp:featuredmedia":[{"embeddable":true,"href":"https:\/\/www.notibras.com\/site\/wp-json\/wp\/v2\/media\/378788"}],"wp:attachment":[{"href":"https:\/\/www.notibras.com\/site\/wp-json\/wp\/v2\/media?parent=378785"}],"wp:term":[{"taxonomy":"category","embeddable":true,"href":"https:\/\/www.notibras.com\/site\/wp-json\/wp\/v2\/categories?post=378785"},{"taxonomy":"post_tag","embeddable":true,"href":"https:\/\/www.notibras.com\/site\/wp-json\/wp\/v2\/tags?post=378785"}],"curies":[{"name":"wp","href":"https:\/\/api.w.org\/{rel}","templated":true}]}}