{"id":378791,"date":"2026-01-17T01:15:22","date_gmt":"2026-01-17T04:15:22","guid":{"rendered":"https:\/\/www.notibras.com\/site\/?p=378791"},"modified":"2026-01-13T02:45:15","modified_gmt":"2026-01-13T05:45:15","slug":"guilherme-fernando-scandelai-sou-apenas-um-contador-de-historias","status":"publish","type":"post","link":"https:\/\/www.notibras.com\/site\/guilherme-fernando-scandelai-sou-apenas-um-contador-de-historias\/","title":{"rendered":"Guilherme Fernando Scandelai: &#8220;Sou apenas um contador de hist\u00f3rias&#8221;"},"content":{"rendered":"<p>Guilherme Fernando Scandelai \u00e9 um escritor que encontrou na literatura uma forma de reviver mem\u00f3rias e compartilhar experi\u00eancias. Nascido em Bebedouro-SP, mas com ra\u00edzes em Pirangi-SP, ele traz em seus textos a ess\u00eancia da vida no interior e as aventuras de sua inf\u00e2ncia. Aposentado como Auditor-Fiscal da Receita Federal, Guilherme agora se dedica a contar hist\u00f3rias e a trabalhar em seu segundo livro de cr\u00f4nicas.<\/p>\n<p><strong>Fale um pouco sobre voc\u00ea, seu nome (se quiser, pode falar apenas o art\u00edstico), onde nasceu, onde mora, sobre sua trajet\u00f3ria como escritor.<\/strong><\/p>\n<p>Guilherme Fernando Scandelai, nasci em Bebedouro-SP, mas considero-me pirangiense. Como n\u00e3o havia hospitais em Pirangi-SP, meus pais recorreram \u00e0 maternidade em Bebedouro. Vivi at\u00e9 os 15 anos na ro\u00e7a, em meio \u00e0s lavouras de caf\u00e9, arroz, milho e feij\u00e3o, depois lim\u00e3o e laranja. Ali vivi a maior parte das aventuras contadas no livro. Hoje moro em Juiz de Fora, rec\u00e9m-aposentado como Auditor-Fiscal da Receitas Federal do Brasil, depois de passar por in\u00fameras outras atividades.<\/p>\n<p><strong>Como a escrita surgiu na sua vida?<\/strong><\/p>\n<p>Durante a pandemia, eu exercia o cargo de Delegado-Adjunto da Receita Federal em Juiz de Fora. Como respons\u00e1vel pela log\u00edstica da unidade, ia todo dia trabalhar presencialmente. Comecei a transformar alguns textos que escrevia no Facebook em cr\u00f4nicas que enviava aos funcion\u00e1rios. Muitos elogios recebidos e pedidos para que publicasse um livro come\u00e7aram a chegar.<\/p>\n<p><strong>De onde vem a inspira\u00e7\u00e3o para a constru\u00e7\u00e3o dos seus textos?<\/strong><\/p>\n<p>Mem\u00f3rias apenas. N\u00e3o invento nada, apenas transcrevo minhas lembran\u00e7as, algumas com nostalgia, mas a maioria com agrad\u00e1veis recorda\u00e7\u00f5es recheadas de saudades.<\/p>\n<p><strong>Como a sua forma\u00e7\u00e3o ou sua hist\u00f3ria de vida interferem no seu processo de escrita?<\/strong><\/p>\n<p>A minha hist\u00f3ria de vida tem tudo a ver com o que escrevo. \u00c9 dela que tiro todas as cr\u00f4nicas.<\/p>\n<p><strong>Quais s\u00e3o os seus livros favoritos?<\/strong><\/p>\n<p>Gosto de livros que abordam aventuras, civiliza\u00e7\u00f5es antigas e extraterrestres, al\u00e9m de fic\u00e7\u00e3o cient\u00edfica.<\/p>\n<p><strong>Quais s\u00e3o seus autores favoritos?<\/strong><\/p>\n<p>Zecharia Sitchin, sem d\u00favidas, e diversos atores esp\u00edritas.<\/p>\n<p style=\"text-align: center;\"><img loading=\"lazy\" decoding=\"async\" class=\"alignnone size-medium wp-image-378794\" src=\"https:\/\/www.notibras.com\/site\/wp-content\/uploads\/2026\/01\/ca8c2125-7bf7-45e5-94d6-3365ef044608-238x300.jpg\" alt=\"\" width=\"238\" height=\"300\" srcset=\"https:\/\/www.notibras.com\/site\/wp-content\/uploads\/2026\/01\/ca8c2125-7bf7-45e5-94d6-3365ef044608-238x300.jpg 238w, https:\/\/www.notibras.com\/site\/wp-content\/uploads\/2026\/01\/ca8c2125-7bf7-45e5-94d6-3365ef044608-812x1024.jpg 812w, https:\/\/www.notibras.com\/site\/wp-content\/uploads\/2026\/01\/ca8c2125-7bf7-45e5-94d6-3365ef044608-768x969.jpg 768w, https:\/\/www.notibras.com\/site\/wp-content\/uploads\/2026\/01\/ca8c2125-7bf7-45e5-94d6-3365ef044608.jpg 899w\" sizes=\"auto, (max-width: 238px) 100vw, 238px\" \/><\/p>\n<p><strong>O que \u00e9 mais importante no seu processo de escrita? A inspira\u00e7\u00e3o ou a concentra\u00e7\u00e3o? Precisa esperar pela inspira\u00e7\u00e3o chegar ou a escrita \u00e9 um h\u00e1bito constante?<\/strong><\/p>\n<p>Inspira\u00e7\u00e3o. Algum cheiro ou lembran\u00e7a me traz a necessidade de relatar.<\/p>\n<p><strong>Qual \u00e9 o tema mais presente nos seus escritos? E por que voc\u00ea escolheu esse assunto?<\/strong><\/p>\n<p>Recorda\u00e7\u00f5es da minha inf\u00e2ncia, adolesc\u00eancia e juventude sem sombra de d\u00favidas. Ali est\u00e1 minha ess\u00eancia.<\/p>\n<p><strong>Para voc\u00ea, qual \u00e9 o objetivo da literatura?<\/strong><\/p>\n<p>Imortalizar hist\u00f3rias e conhecimento.<\/p>\n<p><strong>Voc\u00ea est\u00e1 trabalhando em algum projeto neste momento?<\/strong><\/p>\n<p>O segundo livro de cr\u00f4nicas com o mesmo tema.<\/p>\n<p><strong>Como voc\u00ea gostaria que seus leitores enxergassem sua obra?<\/strong><\/p>\n<p>Como um contador de hist\u00f3rias, n\u00e3o me considero escritor.<\/p>\n<p><strong>Como \u00e9 ser escritor hoje em dia?<\/strong><\/p>\n<p>Muito complicado. Para a publica\u00e7\u00e3o do livro tive que investir. Felizmente consegui pelo menos recuperar o investimento, o que j\u00e1 me deixou orgulhoso.<\/p>\n<p><strong>Qual a sua avalia\u00e7\u00e3o sobre o Caf\u00e9 Liter\u00e1rio do Notibras?<\/strong><\/p>\n<p>Sinceramente conheci h\u00e1 poucos dias. Estou me familiarizando, mas fiquei impressionado com a disposi\u00e7\u00e3o na divulga\u00e7\u00e3o.<\/p>\n<p><strong>Tem alguma coisa que eu n\u00e3o perguntei e voc\u00ea gostaria de falar?<\/strong><\/p>\n<p>S\u00f3 acrescentar que a corre\u00e7\u00e3o ortogr\u00e1fica do meu livro foi realizado por mim mesmo, o que gerou alguns erros de digita\u00e7\u00e3o que n\u00e3o consegui averiguar na ocasi\u00e3o.<\/p>\n","protected":false},"excerpt":{"rendered":"<p>Guilherme Fernando Scandelai \u00e9 um escritor que encontrou na literatura uma forma de reviver mem\u00f3rias e compartilhar experi\u00eancias. Nascido em Bebedouro-SP, mas com ra\u00edzes em Pirangi-SP, ele traz em seus textos a ess\u00eancia da vida no interior e as aventuras de sua inf\u00e2ncia. Aposentado como Auditor-Fiscal da Receita Federal, Guilherme agora se dedica a contar [&hellip;]<\/p>\n","protected":false},"author":21,"featured_media":378793,"comment_status":"closed","ping_status":"closed","sticky":false,"template":"","format":"standard","meta":{"_acf_changed":false,"footnotes":""},"categories":[234],"tags":[],"class_list":["post-378791","post","type-post","status-publish","format-standard","has-post-thumbnail","hentry","category-cafe-literario"],"acf":[],"yoast_head":"<!-- This site is optimized with the Yoast SEO plugin v27.2 - https:\/\/yoast.com\/product\/yoast-seo-wordpress\/ -->\n<title>Guilherme Fernando Scandelai: &quot;Sou apenas um contador de hist\u00f3rias&quot; - Notibras<\/title>\n<meta name=\"robots\" content=\"index, follow, max-snippet:-1, max-image-preview:large, max-video-preview:-1\" \/>\n<link rel=\"canonical\" href=\"https:\/\/www.notibras.com\/site\/guilherme-fernando-scandelai-sou-apenas-um-contador-de-historias\/\" \/>\n<meta property=\"og:locale\" content=\"pt_BR\" \/>\n<meta property=\"og:type\" content=\"article\" \/>\n<meta property=\"og:title\" content=\"Guilherme Fernando Scandelai: &quot;Sou apenas um contador de hist\u00f3rias&quot; - Notibras\" \/>\n<meta property=\"og:description\" content=\"Guilherme Fernando Scandelai \u00e9 um escritor que encontrou na literatura uma forma de reviver mem\u00f3rias e compartilhar experi\u00eancias. Nascido em Bebedouro-SP, mas com ra\u00edzes em Pirangi-SP, ele traz em seus textos a ess\u00eancia da vida no interior e as aventuras de sua inf\u00e2ncia. Aposentado como Auditor-Fiscal da Receita Federal, Guilherme agora se dedica a contar [&hellip;]\" \/>\n<meta property=\"og:url\" content=\"https:\/\/www.notibras.com\/site\/guilherme-fernando-scandelai-sou-apenas-um-contador-de-historias\/\" \/>\n<meta property=\"og:site_name\" content=\"Notibras\" \/>\n<meta property=\"article:publisher\" content=\"https:\/\/www.facebook.com\/notibras\/\" \/>\n<meta property=\"article:published_time\" content=\"2026-01-17T04:15:22+00:00\" \/>\n<meta property=\"og:image\" content=\"https:\/\/www.notibras.com\/site\/wp-content\/uploads\/2026\/01\/70327cd0-3c3c-47af-be44-093f95a782e2.jpg\" \/>\n\t<meta property=\"og:image:width\" content=\"538\" \/>\n\t<meta property=\"og:image:height\" content=\"569\" \/>\n\t<meta property=\"og:image:type\" content=\"image\/jpeg\" \/>\n<meta name=\"author\" content=\"Eduardo Mart\u00ednez\" \/>\n<meta name=\"twitter:card\" content=\"summary_large_image\" \/>\n<meta name=\"twitter:creator\" content=\"@Notibras\" \/>\n<meta name=\"twitter:site\" content=\"@Notibras\" \/>\n<meta name=\"twitter:label1\" content=\"Escrito por\" \/>\n\t<meta name=\"twitter:data1\" content=\"Eduardo Mart\u00ednez\" \/>\n\t<meta name=\"twitter:label2\" content=\"Est. tempo de leitura\" \/>\n\t<meta name=\"twitter:data2\" content=\"4 minutos\" \/>\n<script type=\"application\/ld+json\" class=\"yoast-schema-graph\">{\"@context\":\"https:\/\/schema.org\",\"@graph\":[{\"@type\":\"Article\",\"@id\":\"https:\/\/www.notibras.com\/site\/guilherme-fernando-scandelai-sou-apenas-um-contador-de-historias\/#article\",\"isPartOf\":{\"@id\":\"https:\/\/www.notibras.com\/site\/guilherme-fernando-scandelai-sou-apenas-um-contador-de-historias\/\"},\"author\":{\"name\":\"Eduardo Mart\u00ednez\",\"@id\":\"https:\/\/www.notibras.com\/site\/#\/schema\/person\/5b7fabf2aedc3ada2105f03b22b4d3dd\"},\"headline\":\"Guilherme Fernando Scandelai: &#8220;Sou apenas um contador de hist\u00f3rias&#8221;\",\"datePublished\":\"2026-01-17T04:15:22+00:00\",\"mainEntityOfPage\":{\"@id\":\"https:\/\/www.notibras.com\/site\/guilherme-fernando-scandelai-sou-apenas-um-contador-de-historias\/\"},\"wordCount\":601,\"publisher\":{\"@id\":\"https:\/\/www.notibras.com\/site\/#organization\"},\"image\":{\"@id\":\"https:\/\/www.notibras.com\/site\/guilherme-fernando-scandelai-sou-apenas-um-contador-de-historias\/#primaryimage\"},\"thumbnailUrl\":\"https:\/\/www.notibras.com\/site\/wp-content\/uploads\/2026\/01\/70327cd0-3c3c-47af-be44-093f95a782e2.jpg\",\"articleSection\":[\"Caf\u00e9 Liter\u00e1rio\"],\"inLanguage\":\"pt-BR\"},{\"@type\":\"WebPage\",\"@id\":\"https:\/\/www.notibras.com\/site\/guilherme-fernando-scandelai-sou-apenas-um-contador-de-historias\/\",\"url\":\"https:\/\/www.notibras.com\/site\/guilherme-fernando-scandelai-sou-apenas-um-contador-de-historias\/\",\"name\":\"Guilherme Fernando Scandelai: \\\"Sou apenas um contador de hist\u00f3rias\\\" - Notibras\",\"isPartOf\":{\"@id\":\"https:\/\/www.notibras.com\/site\/#website\"},\"primaryImageOfPage\":{\"@id\":\"https:\/\/www.notibras.com\/site\/guilherme-fernando-scandelai-sou-apenas-um-contador-de-historias\/#primaryimage\"},\"image\":{\"@id\":\"https:\/\/www.notibras.com\/site\/guilherme-fernando-scandelai-sou-apenas-um-contador-de-historias\/#primaryimage\"},\"thumbnailUrl\":\"https:\/\/www.notibras.com\/site\/wp-content\/uploads\/2026\/01\/70327cd0-3c3c-47af-be44-093f95a782e2.jpg\",\"datePublished\":\"2026-01-17T04:15:22+00:00\",\"breadcrumb\":{\"@id\":\"https:\/\/www.notibras.com\/site\/guilherme-fernando-scandelai-sou-apenas-um-contador-de-historias\/#breadcrumb\"},\"inLanguage\":\"pt-BR\",\"potentialAction\":[{\"@type\":\"ReadAction\",\"target\":[\"https:\/\/www.notibras.com\/site\/guilherme-fernando-scandelai-sou-apenas-um-contador-de-historias\/\"]}]},{\"@type\":\"ImageObject\",\"inLanguage\":\"pt-BR\",\"@id\":\"https:\/\/www.notibras.com\/site\/guilherme-fernando-scandelai-sou-apenas-um-contador-de-historias\/#primaryimage\",\"url\":\"https:\/\/www.notibras.com\/site\/wp-content\/uploads\/2026\/01\/70327cd0-3c3c-47af-be44-093f95a782e2.jpg\",\"contentUrl\":\"https:\/\/www.notibras.com\/site\/wp-content\/uploads\/2026\/01\/70327cd0-3c3c-47af-be44-093f95a782e2.jpg\",\"width\":538,\"height\":569},{\"@type\":\"BreadcrumbList\",\"@id\":\"https:\/\/www.notibras.com\/site\/guilherme-fernando-scandelai-sou-apenas-um-contador-de-historias\/#breadcrumb\",\"itemListElement\":[{\"@type\":\"ListItem\",\"position\":1,\"name\":\"In\u00edcio\",\"item\":\"https:\/\/www.notibras.com\/site\/\"},{\"@type\":\"ListItem\",\"position\":2,\"name\":\"Guilherme Fernando Scandelai: &#8220;Sou apenas um contador de hist\u00f3rias&#8221;\"}]},{\"@type\":\"WebSite\",\"@id\":\"https:\/\/www.notibras.com\/site\/#website\",\"url\":\"https:\/\/www.notibras.com\/site\/\",\"name\":\"Notibras\",\"description\":\"Not\u00edcias de Bras\u00edlia, do Brasil e do Mundo\",\"publisher\":{\"@id\":\"https:\/\/www.notibras.com\/site\/#organization\"},\"potentialAction\":[{\"@type\":\"SearchAction\",\"target\":{\"@type\":\"EntryPoint\",\"urlTemplate\":\"https:\/\/www.notibras.com\/site\/?s={search_term_string}\"},\"query-input\":{\"@type\":\"PropertyValueSpecification\",\"valueRequired\":true,\"valueName\":\"search_term_string\"}}],\"inLanguage\":\"pt-BR\"},{\"@type\":\"Organization\",\"@id\":\"https:\/\/www.notibras.com\/site\/#organization\",\"name\":\"Grupo Notibras de Comunica\u00e7\u00e3o\",\"url\":\"https:\/\/www.notibras.com\/site\/\",\"logo\":{\"@type\":\"ImageObject\",\"inLanguage\":\"pt-BR\",\"@id\":\"https:\/\/www.notibras.com\/site\/#\/schema\/logo\/image\/\",\"url\":\"https:\/\/www.notibras.com\/site\/wp-content\/uploads\/2023\/01\/notibras23.png\",\"contentUrl\":\"https:\/\/www.notibras.com\/site\/wp-content\/uploads\/2023\/01\/notibras23.png\",\"width\":350,\"height\":87,\"caption\":\"Grupo Notibras de Comunica\u00e7\u00e3o\"},\"image\":{\"@id\":\"https:\/\/www.notibras.com\/site\/#\/schema\/logo\/image\/\"},\"sameAs\":[\"https:\/\/www.facebook.com\/notibras\/\",\"https:\/\/x.com\/Notibras\",\"https:\/\/www.instagram.com\/notibras\/\"]},{\"@type\":\"Person\",\"@id\":\"https:\/\/www.notibras.com\/site\/#\/schema\/person\/5b7fabf2aedc3ada2105f03b22b4d3dd\",\"name\":\"Eduardo Mart\u00ednez\",\"image\":{\"@type\":\"ImageObject\",\"inLanguage\":\"pt-BR\",\"@id\":\"https:\/\/secure.gravatar.com\/avatar\/7902f906289926289cbcda644b5197c796b893c6ffd7b9a536a42d290f7704a0?s=96&d=mm&r=g\",\"url\":\"https:\/\/secure.gravatar.com\/avatar\/7902f906289926289cbcda644b5197c796b893c6ffd7b9a536a42d290f7704a0?s=96&d=mm&r=g\",\"contentUrl\":\"https:\/\/secure.gravatar.com\/avatar\/7902f906289926289cbcda644b5197c796b893c6ffd7b9a536a42d290f7704a0?s=96&d=mm&r=g\",\"caption\":\"Eduardo Mart\u00ednez\"}}]}<\/script>\n<!-- \/ Yoast SEO plugin. -->","yoast_head_json":{"title":"Guilherme Fernando Scandelai: \"Sou apenas um contador de hist\u00f3rias\" - Notibras","robots":{"index":"index","follow":"follow","max-snippet":"max-snippet:-1","max-image-preview":"max-image-preview:large","max-video-preview":"max-video-preview:-1"},"canonical":"https:\/\/www.notibras.com\/site\/guilherme-fernando-scandelai-sou-apenas-um-contador-de-historias\/","og_locale":"pt_BR","og_type":"article","og_title":"Guilherme Fernando Scandelai: \"Sou apenas um contador de hist\u00f3rias\" - Notibras","og_description":"Guilherme Fernando Scandelai \u00e9 um escritor que encontrou na literatura uma forma de reviver mem\u00f3rias e compartilhar experi\u00eancias. Nascido em Bebedouro-SP, mas com ra\u00edzes em Pirangi-SP, ele traz em seus textos a ess\u00eancia da vida no interior e as aventuras de sua inf\u00e2ncia. Aposentado como Auditor-Fiscal da Receita Federal, Guilherme agora se dedica a contar [&hellip;]","og_url":"https:\/\/www.notibras.com\/site\/guilherme-fernando-scandelai-sou-apenas-um-contador-de-historias\/","og_site_name":"Notibras","article_publisher":"https:\/\/www.facebook.com\/notibras\/","article_published_time":"2026-01-17T04:15:22+00:00","og_image":[{"width":538,"height":569,"url":"https:\/\/www.notibras.com\/site\/wp-content\/uploads\/2026\/01\/70327cd0-3c3c-47af-be44-093f95a782e2.jpg","type":"image\/jpeg"}],"author":"Eduardo Mart\u00ednez","twitter_card":"summary_large_image","twitter_creator":"@Notibras","twitter_site":"@Notibras","twitter_misc":{"Escrito por":"Eduardo Mart\u00ednez","Est. tempo de leitura":"4 minutos"},"schema":{"@context":"https:\/\/schema.org","@graph":[{"@type":"Article","@id":"https:\/\/www.notibras.com\/site\/guilherme-fernando-scandelai-sou-apenas-um-contador-de-historias\/#article","isPartOf":{"@id":"https:\/\/www.notibras.com\/site\/guilherme-fernando-scandelai-sou-apenas-um-contador-de-historias\/"},"author":{"name":"Eduardo Mart\u00ednez","@id":"https:\/\/www.notibras.com\/site\/#\/schema\/person\/5b7fabf2aedc3ada2105f03b22b4d3dd"},"headline":"Guilherme Fernando Scandelai: &#8220;Sou apenas um contador de hist\u00f3rias&#8221;","datePublished":"2026-01-17T04:15:22+00:00","mainEntityOfPage":{"@id":"https:\/\/www.notibras.com\/site\/guilherme-fernando-scandelai-sou-apenas-um-contador-de-historias\/"},"wordCount":601,"publisher":{"@id":"https:\/\/www.notibras.com\/site\/#organization"},"image":{"@id":"https:\/\/www.notibras.com\/site\/guilherme-fernando-scandelai-sou-apenas-um-contador-de-historias\/#primaryimage"},"thumbnailUrl":"https:\/\/www.notibras.com\/site\/wp-content\/uploads\/2026\/01\/70327cd0-3c3c-47af-be44-093f95a782e2.jpg","articleSection":["Caf\u00e9 Liter\u00e1rio"],"inLanguage":"pt-BR"},{"@type":"WebPage","@id":"https:\/\/www.notibras.com\/site\/guilherme-fernando-scandelai-sou-apenas-um-contador-de-historias\/","url":"https:\/\/www.notibras.com\/site\/guilherme-fernando-scandelai-sou-apenas-um-contador-de-historias\/","name":"Guilherme Fernando Scandelai: \"Sou apenas um contador de hist\u00f3rias\" - Notibras","isPartOf":{"@id":"https:\/\/www.notibras.com\/site\/#website"},"primaryImageOfPage":{"@id":"https:\/\/www.notibras.com\/site\/guilherme-fernando-scandelai-sou-apenas-um-contador-de-historias\/#primaryimage"},"image":{"@id":"https:\/\/www.notibras.com\/site\/guilherme-fernando-scandelai-sou-apenas-um-contador-de-historias\/#primaryimage"},"thumbnailUrl":"https:\/\/www.notibras.com\/site\/wp-content\/uploads\/2026\/01\/70327cd0-3c3c-47af-be44-093f95a782e2.jpg","datePublished":"2026-01-17T04:15:22+00:00","breadcrumb":{"@id":"https:\/\/www.notibras.com\/site\/guilherme-fernando-scandelai-sou-apenas-um-contador-de-historias\/#breadcrumb"},"inLanguage":"pt-BR","potentialAction":[{"@type":"ReadAction","target":["https:\/\/www.notibras.com\/site\/guilherme-fernando-scandelai-sou-apenas-um-contador-de-historias\/"]}]},{"@type":"ImageObject","inLanguage":"pt-BR","@id":"https:\/\/www.notibras.com\/site\/guilherme-fernando-scandelai-sou-apenas-um-contador-de-historias\/#primaryimage","url":"https:\/\/www.notibras.com\/site\/wp-content\/uploads\/2026\/01\/70327cd0-3c3c-47af-be44-093f95a782e2.jpg","contentUrl":"https:\/\/www.notibras.com\/site\/wp-content\/uploads\/2026\/01\/70327cd0-3c3c-47af-be44-093f95a782e2.jpg","width":538,"height":569},{"@type":"BreadcrumbList","@id":"https:\/\/www.notibras.com\/site\/guilherme-fernando-scandelai-sou-apenas-um-contador-de-historias\/#breadcrumb","itemListElement":[{"@type":"ListItem","position":1,"name":"In\u00edcio","item":"https:\/\/www.notibras.com\/site\/"},{"@type":"ListItem","position":2,"name":"Guilherme Fernando Scandelai: &#8220;Sou apenas um contador de hist\u00f3rias&#8221;"}]},{"@type":"WebSite","@id":"https:\/\/www.notibras.com\/site\/#website","url":"https:\/\/www.notibras.com\/site\/","name":"Notibras","description":"Not\u00edcias de Bras\u00edlia, do Brasil e do Mundo","publisher":{"@id":"https:\/\/www.notibras.com\/site\/#organization"},"potentialAction":[{"@type":"SearchAction","target":{"@type":"EntryPoint","urlTemplate":"https:\/\/www.notibras.com\/site\/?s={search_term_string}"},"query-input":{"@type":"PropertyValueSpecification","valueRequired":true,"valueName":"search_term_string"}}],"inLanguage":"pt-BR"},{"@type":"Organization","@id":"https:\/\/www.notibras.com\/site\/#organization","name":"Grupo Notibras de Comunica\u00e7\u00e3o","url":"https:\/\/www.notibras.com\/site\/","logo":{"@type":"ImageObject","inLanguage":"pt-BR","@id":"https:\/\/www.notibras.com\/site\/#\/schema\/logo\/image\/","url":"https:\/\/www.notibras.com\/site\/wp-content\/uploads\/2023\/01\/notibras23.png","contentUrl":"https:\/\/www.notibras.com\/site\/wp-content\/uploads\/2023\/01\/notibras23.png","width":350,"height":87,"caption":"Grupo Notibras de Comunica\u00e7\u00e3o"},"image":{"@id":"https:\/\/www.notibras.com\/site\/#\/schema\/logo\/image\/"},"sameAs":["https:\/\/www.facebook.com\/notibras\/","https:\/\/x.com\/Notibras","https:\/\/www.instagram.com\/notibras\/"]},{"@type":"Person","@id":"https:\/\/www.notibras.com\/site\/#\/schema\/person\/5b7fabf2aedc3ada2105f03b22b4d3dd","name":"Eduardo Mart\u00ednez","image":{"@type":"ImageObject","inLanguage":"pt-BR","@id":"https:\/\/secure.gravatar.com\/avatar\/7902f906289926289cbcda644b5197c796b893c6ffd7b9a536a42d290f7704a0?s=96&d=mm&r=g","url":"https:\/\/secure.gravatar.com\/avatar\/7902f906289926289cbcda644b5197c796b893c6ffd7b9a536a42d290f7704a0?s=96&d=mm&r=g","contentUrl":"https:\/\/secure.gravatar.com\/avatar\/7902f906289926289cbcda644b5197c796b893c6ffd7b9a536a42d290f7704a0?s=96&d=mm&r=g","caption":"Eduardo Mart\u00ednez"}}]}},"amp_enabled":true,"_links":{"self":[{"href":"https:\/\/www.notibras.com\/site\/wp-json\/wp\/v2\/posts\/378791","targetHints":{"allow":["GET"]}}],"collection":[{"href":"https:\/\/www.notibras.com\/site\/wp-json\/wp\/v2\/posts"}],"about":[{"href":"https:\/\/www.notibras.com\/site\/wp-json\/wp\/v2\/types\/post"}],"author":[{"embeddable":true,"href":"https:\/\/www.notibras.com\/site\/wp-json\/wp\/v2\/users\/21"}],"replies":[{"embeddable":true,"href":"https:\/\/www.notibras.com\/site\/wp-json\/wp\/v2\/comments?post=378791"}],"version-history":[{"count":3,"href":"https:\/\/www.notibras.com\/site\/wp-json\/wp\/v2\/posts\/378791\/revisions"}],"predecessor-version":[{"id":378796,"href":"https:\/\/www.notibras.com\/site\/wp-json\/wp\/v2\/posts\/378791\/revisions\/378796"}],"wp:featuredmedia":[{"embeddable":true,"href":"https:\/\/www.notibras.com\/site\/wp-json\/wp\/v2\/media\/378793"}],"wp:attachment":[{"href":"https:\/\/www.notibras.com\/site\/wp-json\/wp\/v2\/media?parent=378791"}],"wp:term":[{"taxonomy":"category","embeddable":true,"href":"https:\/\/www.notibras.com\/site\/wp-json\/wp\/v2\/categories?post=378791"},{"taxonomy":"post_tag","embeddable":true,"href":"https:\/\/www.notibras.com\/site\/wp-json\/wp\/v2\/tags?post=378791"}],"curies":[{"name":"wp","href":"https:\/\/api.w.org\/{rel}","templated":true}]}}