{"id":378797,"date":"2026-01-16T00:00:32","date_gmt":"2026-01-16T03:00:32","guid":{"rendered":"https:\/\/www.notibras.com\/site\/?p=378797"},"modified":"2026-01-13T03:27:42","modified_gmt":"2026-01-13T06:27:42","slug":"prova-teste-sobre-igualdade-antirracismo-e-humanidade","status":"publish","type":"post","link":"https:\/\/www.notibras.com\/site\/prova-teste-sobre-igualdade-antirracismo-e-humanidade\/","title":{"rendered":"Prova-teste sobre igualdade, antirracismo e humanidade"},"content":{"rendered":"<p>Como todos sabemos, \u00e9 dever dos professores promover a\u00e7\u00f5es de conscientiza\u00e7\u00e3o da diversidade, do contido na Constitui\u00e7\u00e3o Federal sobre a igualdade e do consequente rep\u00fadio ao racismo.<\/p>\n<p>Mas um deputado preto fez um pronunciamento contra o que ele chama de pauta antirracista na escola. Disse que as aulas de cidadania e cumprimento dos deveres democr\u00e1ticos e, por \u00f3bvio, contra o racismo s\u00e3o descabidas.<\/p>\n<p>\u2014 Quanta incoer\u00eancia! Ser\u00e1 que ele entende o que est\u00e1 falando? &#8211; perguntou a Professora que havia divulgado a fala do deputado.<\/p>\n<p>\u2014 Acho que n\u00e3o \u00e9 pra divulgar esses comportamentos contra a lei e as institui\u00e7\u00f5es como o desse deputado. Porque d\u00e1 mais visibilidade \u00e0 Extrema Direita. &#8211; disse a diretora da escola.<\/p>\n<p>\u2014 O que ele n\u00e3o entende \u00e9 o risco geopol\u00edtico que a pol\u00edtica partid\u00e1ria &#8220;suja&#8221; exp\u00f5e o pa\u00eds. &#8211; disse a cidad\u00e3.<\/p>\n<p>\u2014 Quando se olha no espelho quem esse deputado enxerga? &#8211; perguntou o Professor.<\/p>\n<p>\u2014 Esse deputado age como um rob\u00f4. \u00c9 um estere\u00f3tipo, portanto, seu fen\u00f3tipo n\u00e3o vai ao caso. &#8211; disse a antrop\u00f3loga.<\/p>\n<p>\u2014 Ele \u00e9 um boneco do Ventr\u00edloquo Extrema Direita Entreguista Pr\u00f3 Imperialismo. &#8211; disse a escritora.<\/p>\n<p>Enquanto o deputado usufru\u00eda de todos os descabidos direitos de seu cargo, uma poeta escrevia corajosamente em seu canto.<\/p>\n<p><strong>&#8230;&#8230;&#8230;&#8230;&#8230;&#8230;&#8230;&#8230;&#8230;&#8230;&#8230;<\/strong><\/p>\n<p><strong>Edna Domenica \u00e9 cronista e poetisa. Seus escritos pretendem interferir na guerra semi\u00f3tica pela conscientiza\u00e7\u00e3o de determinados voc\u00e1bulos expostos em redes sociais e TV, principalmente, daqueles que se referem ao racismo, \u00e0 misoginia, ao negacionismo, ao machismo e outras express\u00f5es do autoritarismo e do pensamento hegem\u00f4nico.<\/strong><\/p>\n","protected":false},"excerpt":{"rendered":"<p>Como todos sabemos, \u00e9 dever dos professores promover a\u00e7\u00f5es de conscientiza\u00e7\u00e3o da diversidade, do contido na Constitui\u00e7\u00e3o Federal sobre a igualdade e do consequente rep\u00fadio ao racismo. Mas um deputado preto fez um pronunciamento contra o que ele chama de pauta antirracista na escola. Disse que as aulas de cidadania e cumprimento dos deveres democr\u00e1ticos [&hellip;]<\/p>\n","protected":false},"author":21,"featured_media":378798,"comment_status":"closed","ping_status":"closed","sticky":false,"template":"","format":"standard","meta":{"_acf_changed":false,"footnotes":""},"categories":[234],"tags":[],"class_list":["post-378797","post","type-post","status-publish","format-standard","has-post-thumbnail","hentry","category-cafe-literario"],"acf":[],"yoast_head":"<!-- This site is optimized with the Yoast SEO plugin v27.2 - https:\/\/yoast.com\/product\/yoast-seo-wordpress\/ -->\n<title>Prova-teste sobre igualdade, antirracismo e humanidade - Notibras<\/title>\n<meta name=\"robots\" content=\"index, follow, max-snippet:-1, max-image-preview:large, max-video-preview:-1\" \/>\n<link rel=\"canonical\" href=\"https:\/\/www.notibras.com\/site\/prova-teste-sobre-igualdade-antirracismo-e-humanidade\/\" \/>\n<meta property=\"og:locale\" content=\"pt_BR\" \/>\n<meta property=\"og:type\" content=\"article\" \/>\n<meta property=\"og:title\" content=\"Prova-teste sobre igualdade, antirracismo e humanidade - Notibras\" \/>\n<meta property=\"og:description\" content=\"Como todos sabemos, \u00e9 dever dos professores promover a\u00e7\u00f5es de conscientiza\u00e7\u00e3o da diversidade, do contido na Constitui\u00e7\u00e3o Federal sobre a igualdade e do consequente rep\u00fadio ao racismo. Mas um deputado preto fez um pronunciamento contra o que ele chama de pauta antirracista na escola. Disse que as aulas de cidadania e cumprimento dos deveres democr\u00e1ticos [&hellip;]\" \/>\n<meta property=\"og:url\" content=\"https:\/\/www.notibras.com\/site\/prova-teste-sobre-igualdade-antirracismo-e-humanidade\/\" \/>\n<meta property=\"og:site_name\" content=\"Notibras\" \/>\n<meta property=\"article:publisher\" content=\"https:\/\/www.facebook.com\/notibras\/\" \/>\n<meta property=\"article:published_time\" content=\"2026-01-16T03:00:32+00:00\" \/>\n<meta property=\"og:image\" content=\"https:\/\/www.notibras.com\/site\/wp-content\/uploads\/2026\/01\/IMG_0293.jpg\" \/>\n\t<meta property=\"og:image:width\" content=\"1023\" \/>\n\t<meta property=\"og:image:height\" content=\"926\" \/>\n\t<meta property=\"og:image:type\" content=\"image\/jpeg\" \/>\n<meta name=\"author\" content=\"Eduardo Mart\u00ednez\" \/>\n<meta name=\"twitter:card\" content=\"summary_large_image\" \/>\n<meta name=\"twitter:creator\" content=\"@Notibras\" \/>\n<meta name=\"twitter:site\" content=\"@Notibras\" \/>\n<meta name=\"twitter:label1\" content=\"Escrito por\" \/>\n\t<meta name=\"twitter:data1\" content=\"Eduardo Mart\u00ednez\" \/>\n\t<meta name=\"twitter:label2\" content=\"Est. tempo de leitura\" \/>\n\t<meta name=\"twitter:data2\" content=\"2 minutos\" \/>\n<script type=\"application\/ld+json\" class=\"yoast-schema-graph\">{\"@context\":\"https:\/\/schema.org\",\"@graph\":[{\"@type\":\"Article\",\"@id\":\"https:\/\/www.notibras.com\/site\/prova-teste-sobre-igualdade-antirracismo-e-humanidade\/#article\",\"isPartOf\":{\"@id\":\"https:\/\/www.notibras.com\/site\/prova-teste-sobre-igualdade-antirracismo-e-humanidade\/\"},\"author\":{\"name\":\"Eduardo Mart\u00ednez\",\"@id\":\"https:\/\/www.notibras.com\/site\/#\/schema\/person\/5b7fabf2aedc3ada2105f03b22b4d3dd\"},\"headline\":\"Prova-teste sobre igualdade, antirracismo e humanidade\",\"datePublished\":\"2026-01-16T03:00:32+00:00\",\"mainEntityOfPage\":{\"@id\":\"https:\/\/www.notibras.com\/site\/prova-teste-sobre-igualdade-antirracismo-e-humanidade\/\"},\"wordCount\":273,\"publisher\":{\"@id\":\"https:\/\/www.notibras.com\/site\/#organization\"},\"image\":{\"@id\":\"https:\/\/www.notibras.com\/site\/prova-teste-sobre-igualdade-antirracismo-e-humanidade\/#primaryimage\"},\"thumbnailUrl\":\"https:\/\/www.notibras.com\/site\/wp-content\/uploads\/2026\/01\/IMG_0293.jpg\",\"articleSection\":[\"Caf\u00e9 Liter\u00e1rio\"],\"inLanguage\":\"pt-BR\"},{\"@type\":\"WebPage\",\"@id\":\"https:\/\/www.notibras.com\/site\/prova-teste-sobre-igualdade-antirracismo-e-humanidade\/\",\"url\":\"https:\/\/www.notibras.com\/site\/prova-teste-sobre-igualdade-antirracismo-e-humanidade\/\",\"name\":\"Prova-teste sobre igualdade, antirracismo e humanidade - Notibras\",\"isPartOf\":{\"@id\":\"https:\/\/www.notibras.com\/site\/#website\"},\"primaryImageOfPage\":{\"@id\":\"https:\/\/www.notibras.com\/site\/prova-teste-sobre-igualdade-antirracismo-e-humanidade\/#primaryimage\"},\"image\":{\"@id\":\"https:\/\/www.notibras.com\/site\/prova-teste-sobre-igualdade-antirracismo-e-humanidade\/#primaryimage\"},\"thumbnailUrl\":\"https:\/\/www.notibras.com\/site\/wp-content\/uploads\/2026\/01\/IMG_0293.jpg\",\"datePublished\":\"2026-01-16T03:00:32+00:00\",\"breadcrumb\":{\"@id\":\"https:\/\/www.notibras.com\/site\/prova-teste-sobre-igualdade-antirracismo-e-humanidade\/#breadcrumb\"},\"inLanguage\":\"pt-BR\",\"potentialAction\":[{\"@type\":\"ReadAction\",\"target\":[\"https:\/\/www.notibras.com\/site\/prova-teste-sobre-igualdade-antirracismo-e-humanidade\/\"]}]},{\"@type\":\"ImageObject\",\"inLanguage\":\"pt-BR\",\"@id\":\"https:\/\/www.notibras.com\/site\/prova-teste-sobre-igualdade-antirracismo-e-humanidade\/#primaryimage\",\"url\":\"https:\/\/www.notibras.com\/site\/wp-content\/uploads\/2026\/01\/IMG_0293.jpg\",\"contentUrl\":\"https:\/\/www.notibras.com\/site\/wp-content\/uploads\/2026\/01\/IMG_0293.jpg\",\"width\":1023,\"height\":926},{\"@type\":\"BreadcrumbList\",\"@id\":\"https:\/\/www.notibras.com\/site\/prova-teste-sobre-igualdade-antirracismo-e-humanidade\/#breadcrumb\",\"itemListElement\":[{\"@type\":\"ListItem\",\"position\":1,\"name\":\"In\u00edcio\",\"item\":\"https:\/\/www.notibras.com\/site\/\"},{\"@type\":\"ListItem\",\"position\":2,\"name\":\"Prova-teste sobre igualdade, antirracismo e humanidade\"}]},{\"@type\":\"WebSite\",\"@id\":\"https:\/\/www.notibras.com\/site\/#website\",\"url\":\"https:\/\/www.notibras.com\/site\/\",\"name\":\"Notibras\",\"description\":\"Not\u00edcias de Bras\u00edlia, do Brasil e do Mundo\",\"publisher\":{\"@id\":\"https:\/\/www.notibras.com\/site\/#organization\"},\"potentialAction\":[{\"@type\":\"SearchAction\",\"target\":{\"@type\":\"EntryPoint\",\"urlTemplate\":\"https:\/\/www.notibras.com\/site\/?s={search_term_string}\"},\"query-input\":{\"@type\":\"PropertyValueSpecification\",\"valueRequired\":true,\"valueName\":\"search_term_string\"}}],\"inLanguage\":\"pt-BR\"},{\"@type\":\"Organization\",\"@id\":\"https:\/\/www.notibras.com\/site\/#organization\",\"name\":\"Grupo Notibras de Comunica\u00e7\u00e3o\",\"url\":\"https:\/\/www.notibras.com\/site\/\",\"logo\":{\"@type\":\"ImageObject\",\"inLanguage\":\"pt-BR\",\"@id\":\"https:\/\/www.notibras.com\/site\/#\/schema\/logo\/image\/\",\"url\":\"https:\/\/www.notibras.com\/site\/wp-content\/uploads\/2023\/01\/notibras23.png\",\"contentUrl\":\"https:\/\/www.notibras.com\/site\/wp-content\/uploads\/2023\/01\/notibras23.png\",\"width\":350,\"height\":87,\"caption\":\"Grupo Notibras de Comunica\u00e7\u00e3o\"},\"image\":{\"@id\":\"https:\/\/www.notibras.com\/site\/#\/schema\/logo\/image\/\"},\"sameAs\":[\"https:\/\/www.facebook.com\/notibras\/\",\"https:\/\/x.com\/Notibras\",\"https:\/\/www.instagram.com\/notibras\/\"]},{\"@type\":\"Person\",\"@id\":\"https:\/\/www.notibras.com\/site\/#\/schema\/person\/5b7fabf2aedc3ada2105f03b22b4d3dd\",\"name\":\"Eduardo Mart\u00ednez\",\"image\":{\"@type\":\"ImageObject\",\"inLanguage\":\"pt-BR\",\"@id\":\"https:\/\/secure.gravatar.com\/avatar\/7902f906289926289cbcda644b5197c796b893c6ffd7b9a536a42d290f7704a0?s=96&d=mm&r=g\",\"url\":\"https:\/\/secure.gravatar.com\/avatar\/7902f906289926289cbcda644b5197c796b893c6ffd7b9a536a42d290f7704a0?s=96&d=mm&r=g\",\"contentUrl\":\"https:\/\/secure.gravatar.com\/avatar\/7902f906289926289cbcda644b5197c796b893c6ffd7b9a536a42d290f7704a0?s=96&d=mm&r=g\",\"caption\":\"Eduardo Mart\u00ednez\"}}]}<\/script>\n<!-- \/ Yoast SEO plugin. -->","yoast_head_json":{"title":"Prova-teste sobre igualdade, antirracismo e humanidade - Notibras","robots":{"index":"index","follow":"follow","max-snippet":"max-snippet:-1","max-image-preview":"max-image-preview:large","max-video-preview":"max-video-preview:-1"},"canonical":"https:\/\/www.notibras.com\/site\/prova-teste-sobre-igualdade-antirracismo-e-humanidade\/","og_locale":"pt_BR","og_type":"article","og_title":"Prova-teste sobre igualdade, antirracismo e humanidade - Notibras","og_description":"Como todos sabemos, \u00e9 dever dos professores promover a\u00e7\u00f5es de conscientiza\u00e7\u00e3o da diversidade, do contido na Constitui\u00e7\u00e3o Federal sobre a igualdade e do consequente rep\u00fadio ao racismo. Mas um deputado preto fez um pronunciamento contra o que ele chama de pauta antirracista na escola. Disse que as aulas de cidadania e cumprimento dos deveres democr\u00e1ticos [&hellip;]","og_url":"https:\/\/www.notibras.com\/site\/prova-teste-sobre-igualdade-antirracismo-e-humanidade\/","og_site_name":"Notibras","article_publisher":"https:\/\/www.facebook.com\/notibras\/","article_published_time":"2026-01-16T03:00:32+00:00","og_image":[{"width":1023,"height":926,"url":"https:\/\/www.notibras.com\/site\/wp-content\/uploads\/2026\/01\/IMG_0293.jpg","type":"image\/jpeg"}],"author":"Eduardo Mart\u00ednez","twitter_card":"summary_large_image","twitter_creator":"@Notibras","twitter_site":"@Notibras","twitter_misc":{"Escrito por":"Eduardo Mart\u00ednez","Est. tempo de leitura":"2 minutos"},"schema":{"@context":"https:\/\/schema.org","@graph":[{"@type":"Article","@id":"https:\/\/www.notibras.com\/site\/prova-teste-sobre-igualdade-antirracismo-e-humanidade\/#article","isPartOf":{"@id":"https:\/\/www.notibras.com\/site\/prova-teste-sobre-igualdade-antirracismo-e-humanidade\/"},"author":{"name":"Eduardo Mart\u00ednez","@id":"https:\/\/www.notibras.com\/site\/#\/schema\/person\/5b7fabf2aedc3ada2105f03b22b4d3dd"},"headline":"Prova-teste sobre igualdade, antirracismo e humanidade","datePublished":"2026-01-16T03:00:32+00:00","mainEntityOfPage":{"@id":"https:\/\/www.notibras.com\/site\/prova-teste-sobre-igualdade-antirracismo-e-humanidade\/"},"wordCount":273,"publisher":{"@id":"https:\/\/www.notibras.com\/site\/#organization"},"image":{"@id":"https:\/\/www.notibras.com\/site\/prova-teste-sobre-igualdade-antirracismo-e-humanidade\/#primaryimage"},"thumbnailUrl":"https:\/\/www.notibras.com\/site\/wp-content\/uploads\/2026\/01\/IMG_0293.jpg","articleSection":["Caf\u00e9 Liter\u00e1rio"],"inLanguage":"pt-BR"},{"@type":"WebPage","@id":"https:\/\/www.notibras.com\/site\/prova-teste-sobre-igualdade-antirracismo-e-humanidade\/","url":"https:\/\/www.notibras.com\/site\/prova-teste-sobre-igualdade-antirracismo-e-humanidade\/","name":"Prova-teste sobre igualdade, antirracismo e humanidade - Notibras","isPartOf":{"@id":"https:\/\/www.notibras.com\/site\/#website"},"primaryImageOfPage":{"@id":"https:\/\/www.notibras.com\/site\/prova-teste-sobre-igualdade-antirracismo-e-humanidade\/#primaryimage"},"image":{"@id":"https:\/\/www.notibras.com\/site\/prova-teste-sobre-igualdade-antirracismo-e-humanidade\/#primaryimage"},"thumbnailUrl":"https:\/\/www.notibras.com\/site\/wp-content\/uploads\/2026\/01\/IMG_0293.jpg","datePublished":"2026-01-16T03:00:32+00:00","breadcrumb":{"@id":"https:\/\/www.notibras.com\/site\/prova-teste-sobre-igualdade-antirracismo-e-humanidade\/#breadcrumb"},"inLanguage":"pt-BR","potentialAction":[{"@type":"ReadAction","target":["https:\/\/www.notibras.com\/site\/prova-teste-sobre-igualdade-antirracismo-e-humanidade\/"]}]},{"@type":"ImageObject","inLanguage":"pt-BR","@id":"https:\/\/www.notibras.com\/site\/prova-teste-sobre-igualdade-antirracismo-e-humanidade\/#primaryimage","url":"https:\/\/www.notibras.com\/site\/wp-content\/uploads\/2026\/01\/IMG_0293.jpg","contentUrl":"https:\/\/www.notibras.com\/site\/wp-content\/uploads\/2026\/01\/IMG_0293.jpg","width":1023,"height":926},{"@type":"BreadcrumbList","@id":"https:\/\/www.notibras.com\/site\/prova-teste-sobre-igualdade-antirracismo-e-humanidade\/#breadcrumb","itemListElement":[{"@type":"ListItem","position":1,"name":"In\u00edcio","item":"https:\/\/www.notibras.com\/site\/"},{"@type":"ListItem","position":2,"name":"Prova-teste sobre igualdade, antirracismo e humanidade"}]},{"@type":"WebSite","@id":"https:\/\/www.notibras.com\/site\/#website","url":"https:\/\/www.notibras.com\/site\/","name":"Notibras","description":"Not\u00edcias de Bras\u00edlia, do Brasil e do Mundo","publisher":{"@id":"https:\/\/www.notibras.com\/site\/#organization"},"potentialAction":[{"@type":"SearchAction","target":{"@type":"EntryPoint","urlTemplate":"https:\/\/www.notibras.com\/site\/?s={search_term_string}"},"query-input":{"@type":"PropertyValueSpecification","valueRequired":true,"valueName":"search_term_string"}}],"inLanguage":"pt-BR"},{"@type":"Organization","@id":"https:\/\/www.notibras.com\/site\/#organization","name":"Grupo Notibras de Comunica\u00e7\u00e3o","url":"https:\/\/www.notibras.com\/site\/","logo":{"@type":"ImageObject","inLanguage":"pt-BR","@id":"https:\/\/www.notibras.com\/site\/#\/schema\/logo\/image\/","url":"https:\/\/www.notibras.com\/site\/wp-content\/uploads\/2023\/01\/notibras23.png","contentUrl":"https:\/\/www.notibras.com\/site\/wp-content\/uploads\/2023\/01\/notibras23.png","width":350,"height":87,"caption":"Grupo Notibras de Comunica\u00e7\u00e3o"},"image":{"@id":"https:\/\/www.notibras.com\/site\/#\/schema\/logo\/image\/"},"sameAs":["https:\/\/www.facebook.com\/notibras\/","https:\/\/x.com\/Notibras","https:\/\/www.instagram.com\/notibras\/"]},{"@type":"Person","@id":"https:\/\/www.notibras.com\/site\/#\/schema\/person\/5b7fabf2aedc3ada2105f03b22b4d3dd","name":"Eduardo Mart\u00ednez","image":{"@type":"ImageObject","inLanguage":"pt-BR","@id":"https:\/\/secure.gravatar.com\/avatar\/7902f906289926289cbcda644b5197c796b893c6ffd7b9a536a42d290f7704a0?s=96&d=mm&r=g","url":"https:\/\/secure.gravatar.com\/avatar\/7902f906289926289cbcda644b5197c796b893c6ffd7b9a536a42d290f7704a0?s=96&d=mm&r=g","contentUrl":"https:\/\/secure.gravatar.com\/avatar\/7902f906289926289cbcda644b5197c796b893c6ffd7b9a536a42d290f7704a0?s=96&d=mm&r=g","caption":"Eduardo Mart\u00ednez"}}]}},"amp_enabled":true,"_links":{"self":[{"href":"https:\/\/www.notibras.com\/site\/wp-json\/wp\/v2\/posts\/378797","targetHints":{"allow":["GET"]}}],"collection":[{"href":"https:\/\/www.notibras.com\/site\/wp-json\/wp\/v2\/posts"}],"about":[{"href":"https:\/\/www.notibras.com\/site\/wp-json\/wp\/v2\/types\/post"}],"author":[{"embeddable":true,"href":"https:\/\/www.notibras.com\/site\/wp-json\/wp\/v2\/users\/21"}],"replies":[{"embeddable":true,"href":"https:\/\/www.notibras.com\/site\/wp-json\/wp\/v2\/comments?post=378797"}],"version-history":[{"count":2,"href":"https:\/\/www.notibras.com\/site\/wp-json\/wp\/v2\/posts\/378797\/revisions"}],"predecessor-version":[{"id":378800,"href":"https:\/\/www.notibras.com\/site\/wp-json\/wp\/v2\/posts\/378797\/revisions\/378800"}],"wp:featuredmedia":[{"embeddable":true,"href":"https:\/\/www.notibras.com\/site\/wp-json\/wp\/v2\/media\/378798"}],"wp:attachment":[{"href":"https:\/\/www.notibras.com\/site\/wp-json\/wp\/v2\/media?parent=378797"}],"wp:term":[{"taxonomy":"category","embeddable":true,"href":"https:\/\/www.notibras.com\/site\/wp-json\/wp\/v2\/categories?post=378797"},{"taxonomy":"post_tag","embeddable":true,"href":"https:\/\/www.notibras.com\/site\/wp-json\/wp\/v2\/tags?post=378797"}],"curies":[{"name":"wp","href":"https:\/\/api.w.org\/{rel}","templated":true}]}}