{"id":378801,"date":"2026-01-17T00:00:24","date_gmt":"2026-01-17T03:00:24","guid":{"rendered":"https:\/\/www.notibras.com\/site\/?p=378801"},"modified":"2026-01-13T04:25:00","modified_gmt":"2026-01-13T07:25:00","slug":"indicado-versus-indiciado","status":"publish","type":"post","link":"https:\/\/www.notibras.com\/site\/indicado-versus-indiciado\/","title":{"rendered":"Indicado versus indiciado"},"content":{"rendered":"<p>Lendo not\u00edcias sobre pedido de assist\u00eancia espiritual na pris\u00e3o para o presidente da gest\u00e3o 2019-2022, andei preparando aulas de vocabul\u00e1rio.<\/p>\n<p>A primeira que me ocorreu foi sobre a diferen\u00e7a entre bispo indicado e bispo indiciado.<\/p>\n<p>O bispo indicado seria um especialista para atender &#8220;mimizentos&#8221;: um ouvinte de plant\u00e3o para lam\u00farias, queixas, dores de corno, acusa\u00e7\u00f5es estapaf\u00fardias e cal\u00fanias em geral.<\/p>\n<p>As visitas do bispo \u00e0 cela do Mimizento gerariam manchetes de jornais tais como:<br \/>\n(Edna Domenica)<\/p>\n<p>&#8220;Bispo indicado socorrer\u00e1 Bolsonaro na pris\u00e3o&#8221;<\/p>\n<p>&#8220;Bispo quer fortalecer valores de ex-presidente&#8221;<\/p>\n<p>&#8220;Bispo para exorcizar dem\u00f4nios de Jair&#8221;<\/p>\n<p>&#8220;Bolsonaro, terminal, pede socorro espiritual&#8221;<\/p>\n<p>As palavras e os sentidos! \u00c9 preciso dar o nome exato e a palavra correta aos fatos reais.<\/p>\n<p>Tracemos um paralelo recente com o epis\u00f3dio Trump-Venezuela.<\/p>\n<p>A grande m\u00eddia logo tratou de qualificar a INVAS\u00c3O ILEGAL como &#8220;gerenciamento policial para prender o Ditador Maduro&#8221;. N\u00e3o. Houve, sim, a invas\u00e3o de um pa\u00eds com soberania plena; a\u00e7\u00e3o autorit\u00e1ria de interven\u00e7\u00e3o armada \u2013 e estrangulamento econ\u00f4mico \u2013 dos EUA determinada por Trump para SEQUESTRAR o presidente da Venezuela.<\/p>\n<p>A grande m\u00eddia estampou manchetes do tipo &#8220;A\u00e7\u00e3o para CAPTURAR Ditador&#8221;. A palavra \u00e9 SEQUESTRAR.<\/p>\n<p>De fato, n\u00e3o existe &#8220;indiciamento e a\u00e7\u00e3o de captura de um cidad\u00e3o estrangeiro em seu pr\u00f3prio pa\u00eds&#8221;.<\/p>\n<p>Voltemos, pois, \u00e0 quest\u00e3o do bispo indicado e\/ou o bispo indiciado no atual imbr\u00f3glio Bolsonaro cumprindo 27 anos de cana dura na Papudinha federal, em Bras\u00edlia.<br \/>\n(Gilberto Motta)<\/p>\n<p>\u2014 Sr bispo Fulano de Tal, o que vai orientar ao filho que fotografou o pai s\u00f3 de cueca?<\/p>\n<p>\u2014 Eleitores e eleitoras ir\u00e3o votar no bumbum mais presidenci\u00e1vel?<\/p>\n<p>\u2014 Leitores e leitoras, consideram as quest\u00f5es aqui indicadas como ind\u00edcios de que o personalismo destr\u00f3i a capacidade cognitiva dos cidad\u00e3os?<br \/>\n(Edna Domenica)<\/p>\n<p><strong>&#8230;&#8230;&#8230;&#8230;&#8230;&#8230;&#8230;&#8230;&#8230;&#8230;..<\/strong><\/p>\n<p><strong>Edna Domenica \u00e9 cronista e poetisa. Seus escritos perpassam por interferir na guerra semi\u00f3tica pela conscientiza\u00e7\u00e3o de determinados voc\u00e1bulos expostos em redes sociais e TV, principalmente, daqueles que se referem ao racismo, \u00e0 misoginia, ao negacionismo, ao machismo e outras express\u00f5es do autoritarismo e do pensamento hegem\u00f4nico.<\/strong><\/p>\n<p><strong>Gilberto Motta \u00e9 escritor, jornalista, professor\/pesquisador documentarista audiovisual e de redes sociais. Criador da coluna digital &#8220;Deu no poste e na internet&#8221;. Escreve diariamente no Caf\u00e9 Liter\u00e1rio Notibras. Vive na Guarda do Emba\u00fa, litoral de SC.<\/strong><\/p>\n","protected":false},"excerpt":{"rendered":"<p>Lendo not\u00edcias sobre pedido de assist\u00eancia espiritual na pris\u00e3o para o presidente da gest\u00e3o 2019-2022, andei preparando aulas de vocabul\u00e1rio. A primeira que me ocorreu foi sobre a diferen\u00e7a entre bispo indicado e bispo indiciado. O bispo indicado seria um especialista para atender &#8220;mimizentos&#8221;: um ouvinte de plant\u00e3o para lam\u00farias, queixas, dores de corno, acusa\u00e7\u00f5es [&hellip;]<\/p>\n","protected":false},"author":21,"featured_media":378802,"comment_status":"closed","ping_status":"closed","sticky":false,"template":"","format":"standard","meta":{"_acf_changed":false,"footnotes":""},"categories":[234],"tags":[],"class_list":["post-378801","post","type-post","status-publish","format-standard","has-post-thumbnail","hentry","category-cafe-literario"],"acf":[],"yoast_head":"<!-- This site is optimized with the Yoast SEO plugin v27.2 - https:\/\/yoast.com\/product\/yoast-seo-wordpress\/ -->\n<title>Indicado versus indiciado - Notibras<\/title>\n<meta name=\"robots\" content=\"index, follow, max-snippet:-1, max-image-preview:large, max-video-preview:-1\" \/>\n<link rel=\"canonical\" href=\"https:\/\/www.notibras.com\/site\/indicado-versus-indiciado\/\" \/>\n<meta property=\"og:locale\" content=\"pt_BR\" \/>\n<meta property=\"og:type\" content=\"article\" \/>\n<meta property=\"og:title\" content=\"Indicado versus indiciado - Notibras\" \/>\n<meta property=\"og:description\" content=\"Lendo not\u00edcias sobre pedido de assist\u00eancia espiritual na pris\u00e3o para o presidente da gest\u00e3o 2019-2022, andei preparando aulas de vocabul\u00e1rio. A primeira que me ocorreu foi sobre a diferen\u00e7a entre bispo indicado e bispo indiciado. O bispo indicado seria um especialista para atender &#8220;mimizentos&#8221;: um ouvinte de plant\u00e3o para lam\u00farias, queixas, dores de corno, acusa\u00e7\u00f5es [&hellip;]\" \/>\n<meta property=\"og:url\" content=\"https:\/\/www.notibras.com\/site\/indicado-versus-indiciado\/\" \/>\n<meta property=\"og:site_name\" content=\"Notibras\" \/>\n<meta property=\"article:publisher\" content=\"https:\/\/www.facebook.com\/notibras\/\" \/>\n<meta property=\"article:published_time\" content=\"2026-01-17T03:00:24+00:00\" \/>\n<meta property=\"og:image\" content=\"https:\/\/www.notibras.com\/site\/wp-content\/uploads\/2026\/01\/IMG_0294.jpg\" \/>\n\t<meta property=\"og:image:width\" content=\"1023\" \/>\n\t<meta property=\"og:image:height\" content=\"937\" \/>\n\t<meta property=\"og:image:type\" content=\"image\/jpeg\" \/>\n<meta name=\"author\" content=\"Eduardo Mart\u00ednez\" \/>\n<meta name=\"twitter:card\" content=\"summary_large_image\" \/>\n<meta name=\"twitter:creator\" content=\"@Notibras\" \/>\n<meta name=\"twitter:site\" content=\"@Notibras\" \/>\n<meta name=\"twitter:label1\" content=\"Escrito por\" \/>\n\t<meta name=\"twitter:data1\" content=\"Eduardo Mart\u00ednez\" \/>\n\t<meta name=\"twitter:label2\" content=\"Est. tempo de leitura\" \/>\n\t<meta name=\"twitter:data2\" content=\"3 minutos\" \/>\n<script type=\"application\/ld+json\" class=\"yoast-schema-graph\">{\"@context\":\"https:\/\/schema.org\",\"@graph\":[{\"@type\":\"Article\",\"@id\":\"https:\/\/www.notibras.com\/site\/indicado-versus-indiciado\/#article\",\"isPartOf\":{\"@id\":\"https:\/\/www.notibras.com\/site\/indicado-versus-indiciado\/\"},\"author\":{\"name\":\"Eduardo Mart\u00ednez\",\"@id\":\"https:\/\/www.notibras.com\/site\/#\/schema\/person\/5b7fabf2aedc3ada2105f03b22b4d3dd\"},\"headline\":\"Indicado versus indiciado\",\"datePublished\":\"2026-01-17T03:00:24+00:00\",\"mainEntityOfPage\":{\"@id\":\"https:\/\/www.notibras.com\/site\/indicado-versus-indiciado\/\"},\"wordCount\":407,\"publisher\":{\"@id\":\"https:\/\/www.notibras.com\/site\/#organization\"},\"image\":{\"@id\":\"https:\/\/www.notibras.com\/site\/indicado-versus-indiciado\/#primaryimage\"},\"thumbnailUrl\":\"https:\/\/www.notibras.com\/site\/wp-content\/uploads\/2026\/01\/IMG_0294.jpg\",\"articleSection\":[\"Caf\u00e9 Liter\u00e1rio\"],\"inLanguage\":\"pt-BR\"},{\"@type\":\"WebPage\",\"@id\":\"https:\/\/www.notibras.com\/site\/indicado-versus-indiciado\/\",\"url\":\"https:\/\/www.notibras.com\/site\/indicado-versus-indiciado\/\",\"name\":\"Indicado versus indiciado - Notibras\",\"isPartOf\":{\"@id\":\"https:\/\/www.notibras.com\/site\/#website\"},\"primaryImageOfPage\":{\"@id\":\"https:\/\/www.notibras.com\/site\/indicado-versus-indiciado\/#primaryimage\"},\"image\":{\"@id\":\"https:\/\/www.notibras.com\/site\/indicado-versus-indiciado\/#primaryimage\"},\"thumbnailUrl\":\"https:\/\/www.notibras.com\/site\/wp-content\/uploads\/2026\/01\/IMG_0294.jpg\",\"datePublished\":\"2026-01-17T03:00:24+00:00\",\"breadcrumb\":{\"@id\":\"https:\/\/www.notibras.com\/site\/indicado-versus-indiciado\/#breadcrumb\"},\"inLanguage\":\"pt-BR\",\"potentialAction\":[{\"@type\":\"ReadAction\",\"target\":[\"https:\/\/www.notibras.com\/site\/indicado-versus-indiciado\/\"]}]},{\"@type\":\"ImageObject\",\"inLanguage\":\"pt-BR\",\"@id\":\"https:\/\/www.notibras.com\/site\/indicado-versus-indiciado\/#primaryimage\",\"url\":\"https:\/\/www.notibras.com\/site\/wp-content\/uploads\/2026\/01\/IMG_0294.jpg\",\"contentUrl\":\"https:\/\/www.notibras.com\/site\/wp-content\/uploads\/2026\/01\/IMG_0294.jpg\",\"width\":1023,\"height\":937},{\"@type\":\"BreadcrumbList\",\"@id\":\"https:\/\/www.notibras.com\/site\/indicado-versus-indiciado\/#breadcrumb\",\"itemListElement\":[{\"@type\":\"ListItem\",\"position\":1,\"name\":\"In\u00edcio\",\"item\":\"https:\/\/www.notibras.com\/site\/\"},{\"@type\":\"ListItem\",\"position\":2,\"name\":\"Indicado versus indiciado\"}]},{\"@type\":\"WebSite\",\"@id\":\"https:\/\/www.notibras.com\/site\/#website\",\"url\":\"https:\/\/www.notibras.com\/site\/\",\"name\":\"Notibras\",\"description\":\"Not\u00edcias de Bras\u00edlia, do Brasil e do Mundo\",\"publisher\":{\"@id\":\"https:\/\/www.notibras.com\/site\/#organization\"},\"potentialAction\":[{\"@type\":\"SearchAction\",\"target\":{\"@type\":\"EntryPoint\",\"urlTemplate\":\"https:\/\/www.notibras.com\/site\/?s={search_term_string}\"},\"query-input\":{\"@type\":\"PropertyValueSpecification\",\"valueRequired\":true,\"valueName\":\"search_term_string\"}}],\"inLanguage\":\"pt-BR\"},{\"@type\":\"Organization\",\"@id\":\"https:\/\/www.notibras.com\/site\/#organization\",\"name\":\"Grupo Notibras de Comunica\u00e7\u00e3o\",\"url\":\"https:\/\/www.notibras.com\/site\/\",\"logo\":{\"@type\":\"ImageObject\",\"inLanguage\":\"pt-BR\",\"@id\":\"https:\/\/www.notibras.com\/site\/#\/schema\/logo\/image\/\",\"url\":\"https:\/\/www.notibras.com\/site\/wp-content\/uploads\/2023\/01\/notibras23.png\",\"contentUrl\":\"https:\/\/www.notibras.com\/site\/wp-content\/uploads\/2023\/01\/notibras23.png\",\"width\":350,\"height\":87,\"caption\":\"Grupo Notibras de Comunica\u00e7\u00e3o\"},\"image\":{\"@id\":\"https:\/\/www.notibras.com\/site\/#\/schema\/logo\/image\/\"},\"sameAs\":[\"https:\/\/www.facebook.com\/notibras\/\",\"https:\/\/x.com\/Notibras\",\"https:\/\/www.instagram.com\/notibras\/\"]},{\"@type\":\"Person\",\"@id\":\"https:\/\/www.notibras.com\/site\/#\/schema\/person\/5b7fabf2aedc3ada2105f03b22b4d3dd\",\"name\":\"Eduardo Mart\u00ednez\",\"image\":{\"@type\":\"ImageObject\",\"inLanguage\":\"pt-BR\",\"@id\":\"https:\/\/secure.gravatar.com\/avatar\/7902f906289926289cbcda644b5197c796b893c6ffd7b9a536a42d290f7704a0?s=96&d=mm&r=g\",\"url\":\"https:\/\/secure.gravatar.com\/avatar\/7902f906289926289cbcda644b5197c796b893c6ffd7b9a536a42d290f7704a0?s=96&d=mm&r=g\",\"contentUrl\":\"https:\/\/secure.gravatar.com\/avatar\/7902f906289926289cbcda644b5197c796b893c6ffd7b9a536a42d290f7704a0?s=96&d=mm&r=g\",\"caption\":\"Eduardo Mart\u00ednez\"}}]}<\/script>\n<!-- \/ Yoast SEO plugin. -->","yoast_head_json":{"title":"Indicado versus indiciado - Notibras","robots":{"index":"index","follow":"follow","max-snippet":"max-snippet:-1","max-image-preview":"max-image-preview:large","max-video-preview":"max-video-preview:-1"},"canonical":"https:\/\/www.notibras.com\/site\/indicado-versus-indiciado\/","og_locale":"pt_BR","og_type":"article","og_title":"Indicado versus indiciado - Notibras","og_description":"Lendo not\u00edcias sobre pedido de assist\u00eancia espiritual na pris\u00e3o para o presidente da gest\u00e3o 2019-2022, andei preparando aulas de vocabul\u00e1rio. A primeira que me ocorreu foi sobre a diferen\u00e7a entre bispo indicado e bispo indiciado. O bispo indicado seria um especialista para atender &#8220;mimizentos&#8221;: um ouvinte de plant\u00e3o para lam\u00farias, queixas, dores de corno, acusa\u00e7\u00f5es [&hellip;]","og_url":"https:\/\/www.notibras.com\/site\/indicado-versus-indiciado\/","og_site_name":"Notibras","article_publisher":"https:\/\/www.facebook.com\/notibras\/","article_published_time":"2026-01-17T03:00:24+00:00","og_image":[{"width":1023,"height":937,"url":"https:\/\/www.notibras.com\/site\/wp-content\/uploads\/2026\/01\/IMG_0294.jpg","type":"image\/jpeg"}],"author":"Eduardo Mart\u00ednez","twitter_card":"summary_large_image","twitter_creator":"@Notibras","twitter_site":"@Notibras","twitter_misc":{"Escrito por":"Eduardo Mart\u00ednez","Est. tempo de leitura":"3 minutos"},"schema":{"@context":"https:\/\/schema.org","@graph":[{"@type":"Article","@id":"https:\/\/www.notibras.com\/site\/indicado-versus-indiciado\/#article","isPartOf":{"@id":"https:\/\/www.notibras.com\/site\/indicado-versus-indiciado\/"},"author":{"name":"Eduardo Mart\u00ednez","@id":"https:\/\/www.notibras.com\/site\/#\/schema\/person\/5b7fabf2aedc3ada2105f03b22b4d3dd"},"headline":"Indicado versus indiciado","datePublished":"2026-01-17T03:00:24+00:00","mainEntityOfPage":{"@id":"https:\/\/www.notibras.com\/site\/indicado-versus-indiciado\/"},"wordCount":407,"publisher":{"@id":"https:\/\/www.notibras.com\/site\/#organization"},"image":{"@id":"https:\/\/www.notibras.com\/site\/indicado-versus-indiciado\/#primaryimage"},"thumbnailUrl":"https:\/\/www.notibras.com\/site\/wp-content\/uploads\/2026\/01\/IMG_0294.jpg","articleSection":["Caf\u00e9 Liter\u00e1rio"],"inLanguage":"pt-BR"},{"@type":"WebPage","@id":"https:\/\/www.notibras.com\/site\/indicado-versus-indiciado\/","url":"https:\/\/www.notibras.com\/site\/indicado-versus-indiciado\/","name":"Indicado versus indiciado - Notibras","isPartOf":{"@id":"https:\/\/www.notibras.com\/site\/#website"},"primaryImageOfPage":{"@id":"https:\/\/www.notibras.com\/site\/indicado-versus-indiciado\/#primaryimage"},"image":{"@id":"https:\/\/www.notibras.com\/site\/indicado-versus-indiciado\/#primaryimage"},"thumbnailUrl":"https:\/\/www.notibras.com\/site\/wp-content\/uploads\/2026\/01\/IMG_0294.jpg","datePublished":"2026-01-17T03:00:24+00:00","breadcrumb":{"@id":"https:\/\/www.notibras.com\/site\/indicado-versus-indiciado\/#breadcrumb"},"inLanguage":"pt-BR","potentialAction":[{"@type":"ReadAction","target":["https:\/\/www.notibras.com\/site\/indicado-versus-indiciado\/"]}]},{"@type":"ImageObject","inLanguage":"pt-BR","@id":"https:\/\/www.notibras.com\/site\/indicado-versus-indiciado\/#primaryimage","url":"https:\/\/www.notibras.com\/site\/wp-content\/uploads\/2026\/01\/IMG_0294.jpg","contentUrl":"https:\/\/www.notibras.com\/site\/wp-content\/uploads\/2026\/01\/IMG_0294.jpg","width":1023,"height":937},{"@type":"BreadcrumbList","@id":"https:\/\/www.notibras.com\/site\/indicado-versus-indiciado\/#breadcrumb","itemListElement":[{"@type":"ListItem","position":1,"name":"In\u00edcio","item":"https:\/\/www.notibras.com\/site\/"},{"@type":"ListItem","position":2,"name":"Indicado versus indiciado"}]},{"@type":"WebSite","@id":"https:\/\/www.notibras.com\/site\/#website","url":"https:\/\/www.notibras.com\/site\/","name":"Notibras","description":"Not\u00edcias de Bras\u00edlia, do Brasil e do Mundo","publisher":{"@id":"https:\/\/www.notibras.com\/site\/#organization"},"potentialAction":[{"@type":"SearchAction","target":{"@type":"EntryPoint","urlTemplate":"https:\/\/www.notibras.com\/site\/?s={search_term_string}"},"query-input":{"@type":"PropertyValueSpecification","valueRequired":true,"valueName":"search_term_string"}}],"inLanguage":"pt-BR"},{"@type":"Organization","@id":"https:\/\/www.notibras.com\/site\/#organization","name":"Grupo Notibras de Comunica\u00e7\u00e3o","url":"https:\/\/www.notibras.com\/site\/","logo":{"@type":"ImageObject","inLanguage":"pt-BR","@id":"https:\/\/www.notibras.com\/site\/#\/schema\/logo\/image\/","url":"https:\/\/www.notibras.com\/site\/wp-content\/uploads\/2023\/01\/notibras23.png","contentUrl":"https:\/\/www.notibras.com\/site\/wp-content\/uploads\/2023\/01\/notibras23.png","width":350,"height":87,"caption":"Grupo Notibras de Comunica\u00e7\u00e3o"},"image":{"@id":"https:\/\/www.notibras.com\/site\/#\/schema\/logo\/image\/"},"sameAs":["https:\/\/www.facebook.com\/notibras\/","https:\/\/x.com\/Notibras","https:\/\/www.instagram.com\/notibras\/"]},{"@type":"Person","@id":"https:\/\/www.notibras.com\/site\/#\/schema\/person\/5b7fabf2aedc3ada2105f03b22b4d3dd","name":"Eduardo Mart\u00ednez","image":{"@type":"ImageObject","inLanguage":"pt-BR","@id":"https:\/\/secure.gravatar.com\/avatar\/7902f906289926289cbcda644b5197c796b893c6ffd7b9a536a42d290f7704a0?s=96&d=mm&r=g","url":"https:\/\/secure.gravatar.com\/avatar\/7902f906289926289cbcda644b5197c796b893c6ffd7b9a536a42d290f7704a0?s=96&d=mm&r=g","contentUrl":"https:\/\/secure.gravatar.com\/avatar\/7902f906289926289cbcda644b5197c796b893c6ffd7b9a536a42d290f7704a0?s=96&d=mm&r=g","caption":"Eduardo Mart\u00ednez"}}]}},"amp_enabled":true,"_links":{"self":[{"href":"https:\/\/www.notibras.com\/site\/wp-json\/wp\/v2\/posts\/378801","targetHints":{"allow":["GET"]}}],"collection":[{"href":"https:\/\/www.notibras.com\/site\/wp-json\/wp\/v2\/posts"}],"about":[{"href":"https:\/\/www.notibras.com\/site\/wp-json\/wp\/v2\/types\/post"}],"author":[{"embeddable":true,"href":"https:\/\/www.notibras.com\/site\/wp-json\/wp\/v2\/users\/21"}],"replies":[{"embeddable":true,"href":"https:\/\/www.notibras.com\/site\/wp-json\/wp\/v2\/comments?post=378801"}],"version-history":[{"count":2,"href":"https:\/\/www.notibras.com\/site\/wp-json\/wp\/v2\/posts\/378801\/revisions"}],"predecessor-version":[{"id":378804,"href":"https:\/\/www.notibras.com\/site\/wp-json\/wp\/v2\/posts\/378801\/revisions\/378804"}],"wp:featuredmedia":[{"embeddable":true,"href":"https:\/\/www.notibras.com\/site\/wp-json\/wp\/v2\/media\/378802"}],"wp:attachment":[{"href":"https:\/\/www.notibras.com\/site\/wp-json\/wp\/v2\/media?parent=378801"}],"wp:term":[{"taxonomy":"category","embeddable":true,"href":"https:\/\/www.notibras.com\/site\/wp-json\/wp\/v2\/categories?post=378801"},{"taxonomy":"post_tag","embeddable":true,"href":"https:\/\/www.notibras.com\/site\/wp-json\/wp\/v2\/tags?post=378801"}],"curies":[{"name":"wp","href":"https:\/\/api.w.org\/{rel}","templated":true}]}}