{"id":378806,"date":"2026-01-15T00:00:32","date_gmt":"2026-01-15T03:00:32","guid":{"rendered":"https:\/\/www.notibras.com\/site\/?p=378806"},"modified":"2026-01-13T04:48:35","modified_gmt":"2026-01-13T07:48:35","slug":"parnasianismo-em-tres-poemas","status":"publish","type":"post","link":"https:\/\/www.notibras.com\/site\/parnasianismo-em-tres-poemas\/","title":{"rendered":"PARNASIANISMO EM TR\u00caS POEMAS"},"content":{"rendered":"<p>Alberto de Oliveira, consagrado como um dos l\u00edderes do Parnasianismo brasileiro, construiu uma reputa\u00e7\u00e3o assentada na disciplina do verso, no apuro t\u00e9cnico e na paci\u00eancia de quem trata a linguagem como mat\u00e9ria concreta. Farmac\u00eautico e professor, exerceu a dire\u00e7\u00e3o da Instru\u00e7\u00e3o P\u00fablica no antigo Estado do Rio de Janeiro, fun\u00e7\u00e3o equivalente, em termos contempor\u00e2neos, \u00e0 de secret\u00e1rio estadual de Educa\u00e7\u00e3o, por duas administra\u00e7\u00f5es, e foi tamb\u00e9m fundador da Academia Brasileira de Letras. Sua obra, marcada pela arquitetura do soneto e por t\u00edtulos como Meridionais e Sonetos e Poemas, ajuda a compreender por que, no fim do s\u00e9culo XIX, a forma ganhou entre n\u00f3s o estatuto de consci\u00eancia est\u00e9tica.<\/p>\n<p>Conta-se que Augusto Frederico Schmidt, amigo de Alberto, subiu a Petr\u00f3polis, onde o poeta ent\u00e3o morava, levando consigo um candidato \u00e0 ABL em busca de voto. Numa tarde fresca da serra, ouviram o velho vate recitar versos de sua lavra com voz ainda firme, enquanto a cabeleira branca se movia ao vento. Schmidt abriu a pasta e puxou um volume pesado de suas poesias reunidas, pedindo ao anfitri\u00e3o que o autografasse. Alberto, com uma frase que mistura ironia e doutrina, deixou o aforismo: \u201clivro que n\u00e3o fica em p\u00e9 na estante, n\u00e3o fica em p\u00e9 na eternidade.\u201d<\/p>\n<p>A JANELA E O SOL<\/p>\n<p>\u201cDeixa-me entrar, &#8211; dizia o sol &#8211; suspende<br \/>\nA cortina, soabre-te! Preciso<br \/>\nO \u00edris tr\u00eamulo ver que o sonho acende<br \/>\nEm seu sereno virginal sorriso.<\/p>\n<p>D\u00e1-me uma fresta s\u00f3 do para\u00edso<br \/>\nVedado, se o ser nele inteiro ofende&#8230;<br \/>\nE eu, como o eunuco, est\u00fapido, indeciso,<br \/>\nVer-lhe-ei o rosto que na sombra esplende.\u201d<\/p>\n<p>E, fechando-se mais, zelosa e firme,<br \/>\nRespondia a janela: \u201cTem-te, ousado!<br \/>\nN\u00e3o te deixo passar! Eu, n\u00e9scia, abrir-me!<\/p>\n<p>E esta que dorme, sol, que n\u00e3o diria<br \/>\nAo ver-te o olhar por tr\u00e1s do cortinado,<br \/>\nE ao ver-se a um tempo desnudada e fria?!\u201d<\/p>\n<p>A ALMA DOS VINTE ANOS<\/p>\n<p>A alma dos meus vinte anos noutro dia<br \/>\nSenti volver-me ao peito, e pondo fora<br \/>\nA outra, a enferma, que l\u00e1 dentro mora,<br \/>\nRia em meus l\u00e1bios, em meus olhos ria.<\/p>\n<p>Achava-me ao teu lado ent\u00e3o, Luzia,<br \/>\nE da idade que tens na mesma aurora;<br \/>\nA tudo o que j\u00e1 fui, tornava agora,<br \/>\nTudo o que ora n\u00e3o sou, me renascia.<\/p>\n<p>Ressenti da paix\u00e3o primeira e ardente<br \/>\nA febre, ressurgiu-me o amor antigo<br \/>\nCom os seus desvairos e com os seus enganos&#8230;<\/p>\n<p>Mas ah! quando te foste, novamente<br \/>\nA alma de hoje tornou a ser comigo,<br \/>\nE foi contigo a alma dos meus vinte anos.<\/p>\n<p>O \u00cdDOLO<\/p>\n<p>Sobre um trono de m\u00e1rmore sombrio,<br \/>\nEm templo escuro, h\u00e1 muito abandonado,<br \/>\nEm seu grande sil\u00eancio, austero e frio<br \/>\nUm \u00eddolo de gesso est\u00e1 sentado.<\/p>\n<p>E como \u00e0 estranha m\u00e3o, a paz silente<br \/>\nQuebrando em torno \u00e0s funer\u00e1rias urnas,<br \/>\nRessoa um \u00f3rg\u00e3o compassadamente<br \/>\nPelas amplas ab\u00f3badas soturnas.<\/p>\n<p>Cai fora a noite &#8211; mar que se retrata<br \/>\nEm outro mar &#8211; dois p\u00e9lagos azuis;<br \/>\nNum as ondas &#8211; alc\u00edones de prata,<br \/>\nNo outro os astros &#8211; alc\u00edones de luz.<\/p>\n<p>E de seu negro m\u00e1rmore no trono<br \/>\nO \u00eddolo de gesso est\u00e1 sentado.<br \/>\nAssim um cora\u00e7\u00e3o repousa em sono&#8230;<br \/>\nAssim meu cora\u00e7\u00e3o vive fechado.<\/p>\n<p><strong>&#8230;&#8230;&#8230;&#8230;&#8230;&#8230;&#8230;<\/strong><\/p>\n<p><strong>Ant\u00f4nio Mariano Alberto de Oliveira nasceu em Saquarema, a 28 de abril de 1857, e morreu em Niter\u00f3i a 19 de Janeiro de 1937.<\/strong><\/p>\n","protected":false},"excerpt":{"rendered":"<p>Alberto de Oliveira, consagrado como um dos l\u00edderes do Parnasianismo brasileiro, construiu uma reputa\u00e7\u00e3o assentada na disciplina do verso, no apuro t\u00e9cnico e na paci\u00eancia de quem trata a linguagem como mat\u00e9ria concreta. Farmac\u00eautico e professor, exerceu a dire\u00e7\u00e3o da Instru\u00e7\u00e3o P\u00fablica no antigo Estado do Rio de Janeiro, fun\u00e7\u00e3o equivalente, em termos contempor\u00e2neos, \u00e0 [&hellip;]<\/p>\n","protected":false},"author":21,"featured_media":378807,"comment_status":"closed","ping_status":"closed","sticky":false,"template":"","format":"standard","meta":{"_acf_changed":false,"footnotes":""},"categories":[234],"tags":[],"class_list":["post-378806","post","type-post","status-publish","format-standard","has-post-thumbnail","hentry","category-cafe-literario"],"acf":[],"yoast_head":"<!-- This site is optimized with the Yoast SEO plugin v27.2 - https:\/\/yoast.com\/product\/yoast-seo-wordpress\/ -->\n<title>PARNASIANISMO EM TR\u00caS POEMAS - Notibras<\/title>\n<meta name=\"robots\" content=\"index, follow, max-snippet:-1, max-image-preview:large, max-video-preview:-1\" \/>\n<link rel=\"canonical\" href=\"https:\/\/www.notibras.com\/site\/parnasianismo-em-tres-poemas\/\" \/>\n<meta property=\"og:locale\" content=\"pt_BR\" \/>\n<meta property=\"og:type\" content=\"article\" \/>\n<meta property=\"og:title\" content=\"PARNASIANISMO EM TR\u00caS POEMAS - Notibras\" \/>\n<meta property=\"og:description\" content=\"Alberto de Oliveira, consagrado como um dos l\u00edderes do Parnasianismo brasileiro, construiu uma reputa\u00e7\u00e3o assentada na disciplina do verso, no apuro t\u00e9cnico e na paci\u00eancia de quem trata a linguagem como mat\u00e9ria concreta. Farmac\u00eautico e professor, exerceu a dire\u00e7\u00e3o da Instru\u00e7\u00e3o P\u00fablica no antigo Estado do Rio de Janeiro, fun\u00e7\u00e3o equivalente, em termos contempor\u00e2neos, \u00e0 [&hellip;]\" \/>\n<meta property=\"og:url\" content=\"https:\/\/www.notibras.com\/site\/parnasianismo-em-tres-poemas\/\" \/>\n<meta property=\"og:site_name\" content=\"Notibras\" \/>\n<meta property=\"article:publisher\" content=\"https:\/\/www.facebook.com\/notibras\/\" \/>\n<meta property=\"article:published_time\" content=\"2026-01-15T03:00:32+00:00\" \/>\n<meta property=\"og:image\" content=\"https:\/\/www.notibras.com\/site\/wp-content\/uploads\/2026\/01\/ChatGPT-Image-13_01_2026-04_47_01-1024x683.png\" \/>\n\t<meta property=\"og:image:width\" content=\"1024\" \/>\n\t<meta property=\"og:image:height\" content=\"683\" \/>\n\t<meta property=\"og:image:type\" content=\"image\/png\" \/>\n<meta name=\"author\" content=\"Eduardo Mart\u00ednez\" \/>\n<meta name=\"twitter:card\" content=\"summary_large_image\" \/>\n<meta name=\"twitter:creator\" content=\"@Notibras\" \/>\n<meta name=\"twitter:site\" content=\"@Notibras\" \/>\n<meta name=\"twitter:label1\" content=\"Escrito por\" \/>\n\t<meta name=\"twitter:data1\" content=\"Eduardo Mart\u00ednez\" \/>\n\t<meta name=\"twitter:label2\" content=\"Est. tempo de leitura\" \/>\n\t<meta name=\"twitter:data2\" content=\"4 minutos\" \/>\n<script type=\"application\/ld+json\" class=\"yoast-schema-graph\">{\"@context\":\"https:\/\/schema.org\",\"@graph\":[{\"@type\":\"Article\",\"@id\":\"https:\/\/www.notibras.com\/site\/parnasianismo-em-tres-poemas\/#article\",\"isPartOf\":{\"@id\":\"https:\/\/www.notibras.com\/site\/parnasianismo-em-tres-poemas\/\"},\"author\":{\"name\":\"Eduardo Mart\u00ednez\",\"@id\":\"https:\/\/www.notibras.com\/site\/#\/schema\/person\/5b7fabf2aedc3ada2105f03b22b4d3dd\"},\"headline\":\"PARNASIANISMO EM TR\u00caS POEMAS\",\"datePublished\":\"2026-01-15T03:00:32+00:00\",\"mainEntityOfPage\":{\"@id\":\"https:\/\/www.notibras.com\/site\/parnasianismo-em-tres-poemas\/\"},\"wordCount\":592,\"publisher\":{\"@id\":\"https:\/\/www.notibras.com\/site\/#organization\"},\"image\":{\"@id\":\"https:\/\/www.notibras.com\/site\/parnasianismo-em-tres-poemas\/#primaryimage\"},\"thumbnailUrl\":\"https:\/\/www.notibras.com\/site\/wp-content\/uploads\/2026\/01\/ChatGPT-Image-13_01_2026-04_47_01.png\",\"articleSection\":[\"Caf\u00e9 Liter\u00e1rio\"],\"inLanguage\":\"pt-BR\"},{\"@type\":\"WebPage\",\"@id\":\"https:\/\/www.notibras.com\/site\/parnasianismo-em-tres-poemas\/\",\"url\":\"https:\/\/www.notibras.com\/site\/parnasianismo-em-tres-poemas\/\",\"name\":\"PARNASIANISMO EM TR\u00caS POEMAS - Notibras\",\"isPartOf\":{\"@id\":\"https:\/\/www.notibras.com\/site\/#website\"},\"primaryImageOfPage\":{\"@id\":\"https:\/\/www.notibras.com\/site\/parnasianismo-em-tres-poemas\/#primaryimage\"},\"image\":{\"@id\":\"https:\/\/www.notibras.com\/site\/parnasianismo-em-tres-poemas\/#primaryimage\"},\"thumbnailUrl\":\"https:\/\/www.notibras.com\/site\/wp-content\/uploads\/2026\/01\/ChatGPT-Image-13_01_2026-04_47_01.png\",\"datePublished\":\"2026-01-15T03:00:32+00:00\",\"breadcrumb\":{\"@id\":\"https:\/\/www.notibras.com\/site\/parnasianismo-em-tres-poemas\/#breadcrumb\"},\"inLanguage\":\"pt-BR\",\"potentialAction\":[{\"@type\":\"ReadAction\",\"target\":[\"https:\/\/www.notibras.com\/site\/parnasianismo-em-tres-poemas\/\"]}]},{\"@type\":\"ImageObject\",\"inLanguage\":\"pt-BR\",\"@id\":\"https:\/\/www.notibras.com\/site\/parnasianismo-em-tres-poemas\/#primaryimage\",\"url\":\"https:\/\/www.notibras.com\/site\/wp-content\/uploads\/2026\/01\/ChatGPT-Image-13_01_2026-04_47_01.png\",\"contentUrl\":\"https:\/\/www.notibras.com\/site\/wp-content\/uploads\/2026\/01\/ChatGPT-Image-13_01_2026-04_47_01.png\",\"width\":1536,\"height\":1024},{\"@type\":\"BreadcrumbList\",\"@id\":\"https:\/\/www.notibras.com\/site\/parnasianismo-em-tres-poemas\/#breadcrumb\",\"itemListElement\":[{\"@type\":\"ListItem\",\"position\":1,\"name\":\"In\u00edcio\",\"item\":\"https:\/\/www.notibras.com\/site\/\"},{\"@type\":\"ListItem\",\"position\":2,\"name\":\"PARNASIANISMO EM TR\u00caS POEMAS\"}]},{\"@type\":\"WebSite\",\"@id\":\"https:\/\/www.notibras.com\/site\/#website\",\"url\":\"https:\/\/www.notibras.com\/site\/\",\"name\":\"Notibras\",\"description\":\"Not\u00edcias de Bras\u00edlia, do Brasil e do Mundo\",\"publisher\":{\"@id\":\"https:\/\/www.notibras.com\/site\/#organization\"},\"potentialAction\":[{\"@type\":\"SearchAction\",\"target\":{\"@type\":\"EntryPoint\",\"urlTemplate\":\"https:\/\/www.notibras.com\/site\/?s={search_term_string}\"},\"query-input\":{\"@type\":\"PropertyValueSpecification\",\"valueRequired\":true,\"valueName\":\"search_term_string\"}}],\"inLanguage\":\"pt-BR\"},{\"@type\":\"Organization\",\"@id\":\"https:\/\/www.notibras.com\/site\/#organization\",\"name\":\"Grupo Notibras de Comunica\u00e7\u00e3o\",\"url\":\"https:\/\/www.notibras.com\/site\/\",\"logo\":{\"@type\":\"ImageObject\",\"inLanguage\":\"pt-BR\",\"@id\":\"https:\/\/www.notibras.com\/site\/#\/schema\/logo\/image\/\",\"url\":\"https:\/\/www.notibras.com\/site\/wp-content\/uploads\/2023\/01\/notibras23.png\",\"contentUrl\":\"https:\/\/www.notibras.com\/site\/wp-content\/uploads\/2023\/01\/notibras23.png\",\"width\":350,\"height\":87,\"caption\":\"Grupo Notibras de Comunica\u00e7\u00e3o\"},\"image\":{\"@id\":\"https:\/\/www.notibras.com\/site\/#\/schema\/logo\/image\/\"},\"sameAs\":[\"https:\/\/www.facebook.com\/notibras\/\",\"https:\/\/x.com\/Notibras\",\"https:\/\/www.instagram.com\/notibras\/\"]},{\"@type\":\"Person\",\"@id\":\"https:\/\/www.notibras.com\/site\/#\/schema\/person\/5b7fabf2aedc3ada2105f03b22b4d3dd\",\"name\":\"Eduardo Mart\u00ednez\",\"image\":{\"@type\":\"ImageObject\",\"inLanguage\":\"pt-BR\",\"@id\":\"https:\/\/secure.gravatar.com\/avatar\/7902f906289926289cbcda644b5197c796b893c6ffd7b9a536a42d290f7704a0?s=96&d=mm&r=g\",\"url\":\"https:\/\/secure.gravatar.com\/avatar\/7902f906289926289cbcda644b5197c796b893c6ffd7b9a536a42d290f7704a0?s=96&d=mm&r=g\",\"contentUrl\":\"https:\/\/secure.gravatar.com\/avatar\/7902f906289926289cbcda644b5197c796b893c6ffd7b9a536a42d290f7704a0?s=96&d=mm&r=g\",\"caption\":\"Eduardo Mart\u00ednez\"}}]}<\/script>\n<!-- \/ Yoast SEO plugin. -->","yoast_head_json":{"title":"PARNASIANISMO EM TR\u00caS POEMAS - Notibras","robots":{"index":"index","follow":"follow","max-snippet":"max-snippet:-1","max-image-preview":"max-image-preview:large","max-video-preview":"max-video-preview:-1"},"canonical":"https:\/\/www.notibras.com\/site\/parnasianismo-em-tres-poemas\/","og_locale":"pt_BR","og_type":"article","og_title":"PARNASIANISMO EM TR\u00caS POEMAS - Notibras","og_description":"Alberto de Oliveira, consagrado como um dos l\u00edderes do Parnasianismo brasileiro, construiu uma reputa\u00e7\u00e3o assentada na disciplina do verso, no apuro t\u00e9cnico e na paci\u00eancia de quem trata a linguagem como mat\u00e9ria concreta. Farmac\u00eautico e professor, exerceu a dire\u00e7\u00e3o da Instru\u00e7\u00e3o P\u00fablica no antigo Estado do Rio de Janeiro, fun\u00e7\u00e3o equivalente, em termos contempor\u00e2neos, \u00e0 [&hellip;]","og_url":"https:\/\/www.notibras.com\/site\/parnasianismo-em-tres-poemas\/","og_site_name":"Notibras","article_publisher":"https:\/\/www.facebook.com\/notibras\/","article_published_time":"2026-01-15T03:00:32+00:00","og_image":[{"width":1024,"height":683,"url":"https:\/\/www.notibras.com\/site\/wp-content\/uploads\/2026\/01\/ChatGPT-Image-13_01_2026-04_47_01-1024x683.png","type":"image\/png"}],"author":"Eduardo Mart\u00ednez","twitter_card":"summary_large_image","twitter_creator":"@Notibras","twitter_site":"@Notibras","twitter_misc":{"Escrito por":"Eduardo Mart\u00ednez","Est. tempo de leitura":"4 minutos"},"schema":{"@context":"https:\/\/schema.org","@graph":[{"@type":"Article","@id":"https:\/\/www.notibras.com\/site\/parnasianismo-em-tres-poemas\/#article","isPartOf":{"@id":"https:\/\/www.notibras.com\/site\/parnasianismo-em-tres-poemas\/"},"author":{"name":"Eduardo Mart\u00ednez","@id":"https:\/\/www.notibras.com\/site\/#\/schema\/person\/5b7fabf2aedc3ada2105f03b22b4d3dd"},"headline":"PARNASIANISMO EM TR\u00caS POEMAS","datePublished":"2026-01-15T03:00:32+00:00","mainEntityOfPage":{"@id":"https:\/\/www.notibras.com\/site\/parnasianismo-em-tres-poemas\/"},"wordCount":592,"publisher":{"@id":"https:\/\/www.notibras.com\/site\/#organization"},"image":{"@id":"https:\/\/www.notibras.com\/site\/parnasianismo-em-tres-poemas\/#primaryimage"},"thumbnailUrl":"https:\/\/www.notibras.com\/site\/wp-content\/uploads\/2026\/01\/ChatGPT-Image-13_01_2026-04_47_01.png","articleSection":["Caf\u00e9 Liter\u00e1rio"],"inLanguage":"pt-BR"},{"@type":"WebPage","@id":"https:\/\/www.notibras.com\/site\/parnasianismo-em-tres-poemas\/","url":"https:\/\/www.notibras.com\/site\/parnasianismo-em-tres-poemas\/","name":"PARNASIANISMO EM TR\u00caS POEMAS - Notibras","isPartOf":{"@id":"https:\/\/www.notibras.com\/site\/#website"},"primaryImageOfPage":{"@id":"https:\/\/www.notibras.com\/site\/parnasianismo-em-tres-poemas\/#primaryimage"},"image":{"@id":"https:\/\/www.notibras.com\/site\/parnasianismo-em-tres-poemas\/#primaryimage"},"thumbnailUrl":"https:\/\/www.notibras.com\/site\/wp-content\/uploads\/2026\/01\/ChatGPT-Image-13_01_2026-04_47_01.png","datePublished":"2026-01-15T03:00:32+00:00","breadcrumb":{"@id":"https:\/\/www.notibras.com\/site\/parnasianismo-em-tres-poemas\/#breadcrumb"},"inLanguage":"pt-BR","potentialAction":[{"@type":"ReadAction","target":["https:\/\/www.notibras.com\/site\/parnasianismo-em-tres-poemas\/"]}]},{"@type":"ImageObject","inLanguage":"pt-BR","@id":"https:\/\/www.notibras.com\/site\/parnasianismo-em-tres-poemas\/#primaryimage","url":"https:\/\/www.notibras.com\/site\/wp-content\/uploads\/2026\/01\/ChatGPT-Image-13_01_2026-04_47_01.png","contentUrl":"https:\/\/www.notibras.com\/site\/wp-content\/uploads\/2026\/01\/ChatGPT-Image-13_01_2026-04_47_01.png","width":1536,"height":1024},{"@type":"BreadcrumbList","@id":"https:\/\/www.notibras.com\/site\/parnasianismo-em-tres-poemas\/#breadcrumb","itemListElement":[{"@type":"ListItem","position":1,"name":"In\u00edcio","item":"https:\/\/www.notibras.com\/site\/"},{"@type":"ListItem","position":2,"name":"PARNASIANISMO EM TR\u00caS POEMAS"}]},{"@type":"WebSite","@id":"https:\/\/www.notibras.com\/site\/#website","url":"https:\/\/www.notibras.com\/site\/","name":"Notibras","description":"Not\u00edcias de Bras\u00edlia, do Brasil e do Mundo","publisher":{"@id":"https:\/\/www.notibras.com\/site\/#organization"},"potentialAction":[{"@type":"SearchAction","target":{"@type":"EntryPoint","urlTemplate":"https:\/\/www.notibras.com\/site\/?s={search_term_string}"},"query-input":{"@type":"PropertyValueSpecification","valueRequired":true,"valueName":"search_term_string"}}],"inLanguage":"pt-BR"},{"@type":"Organization","@id":"https:\/\/www.notibras.com\/site\/#organization","name":"Grupo Notibras de Comunica\u00e7\u00e3o","url":"https:\/\/www.notibras.com\/site\/","logo":{"@type":"ImageObject","inLanguage":"pt-BR","@id":"https:\/\/www.notibras.com\/site\/#\/schema\/logo\/image\/","url":"https:\/\/www.notibras.com\/site\/wp-content\/uploads\/2023\/01\/notibras23.png","contentUrl":"https:\/\/www.notibras.com\/site\/wp-content\/uploads\/2023\/01\/notibras23.png","width":350,"height":87,"caption":"Grupo Notibras de Comunica\u00e7\u00e3o"},"image":{"@id":"https:\/\/www.notibras.com\/site\/#\/schema\/logo\/image\/"},"sameAs":["https:\/\/www.facebook.com\/notibras\/","https:\/\/x.com\/Notibras","https:\/\/www.instagram.com\/notibras\/"]},{"@type":"Person","@id":"https:\/\/www.notibras.com\/site\/#\/schema\/person\/5b7fabf2aedc3ada2105f03b22b4d3dd","name":"Eduardo Mart\u00ednez","image":{"@type":"ImageObject","inLanguage":"pt-BR","@id":"https:\/\/secure.gravatar.com\/avatar\/7902f906289926289cbcda644b5197c796b893c6ffd7b9a536a42d290f7704a0?s=96&d=mm&r=g","url":"https:\/\/secure.gravatar.com\/avatar\/7902f906289926289cbcda644b5197c796b893c6ffd7b9a536a42d290f7704a0?s=96&d=mm&r=g","contentUrl":"https:\/\/secure.gravatar.com\/avatar\/7902f906289926289cbcda644b5197c796b893c6ffd7b9a536a42d290f7704a0?s=96&d=mm&r=g","caption":"Eduardo Mart\u00ednez"}}]}},"amp_enabled":true,"_links":{"self":[{"href":"https:\/\/www.notibras.com\/site\/wp-json\/wp\/v2\/posts\/378806","targetHints":{"allow":["GET"]}}],"collection":[{"href":"https:\/\/www.notibras.com\/site\/wp-json\/wp\/v2\/posts"}],"about":[{"href":"https:\/\/www.notibras.com\/site\/wp-json\/wp\/v2\/types\/post"}],"author":[{"embeddable":true,"href":"https:\/\/www.notibras.com\/site\/wp-json\/wp\/v2\/users\/21"}],"replies":[{"embeddable":true,"href":"https:\/\/www.notibras.com\/site\/wp-json\/wp\/v2\/comments?post=378806"}],"version-history":[{"count":2,"href":"https:\/\/www.notibras.com\/site\/wp-json\/wp\/v2\/posts\/378806\/revisions"}],"predecessor-version":[{"id":378809,"href":"https:\/\/www.notibras.com\/site\/wp-json\/wp\/v2\/posts\/378806\/revisions\/378809"}],"wp:featuredmedia":[{"embeddable":true,"href":"https:\/\/www.notibras.com\/site\/wp-json\/wp\/v2\/media\/378807"}],"wp:attachment":[{"href":"https:\/\/www.notibras.com\/site\/wp-json\/wp\/v2\/media?parent=378806"}],"wp:term":[{"taxonomy":"category","embeddable":true,"href":"https:\/\/www.notibras.com\/site\/wp-json\/wp\/v2\/categories?post=378806"},{"taxonomy":"post_tag","embeddable":true,"href":"https:\/\/www.notibras.com\/site\/wp-json\/wp\/v2\/tags?post=378806"}],"curies":[{"name":"wp","href":"https:\/\/api.w.org\/{rel}","templated":true}]}}