{"id":378810,"date":"2026-01-14T02:00:16","date_gmt":"2026-01-14T05:00:16","guid":{"rendered":"https:\/\/www.notibras.com\/site\/?p=378810"},"modified":"2026-01-13T05:54:06","modified_gmt":"2026-01-13T08:54:06","slug":"o-imbroglio-das-primas","status":"publish","type":"post","link":"https:\/\/www.notibras.com\/site\/o-imbroglio-das-primas\/","title":{"rendered":"O imbr\u00f3glio das primas"},"content":{"rendered":"<p>Quando me perguntam de onde tiro tantas ideias para meus afamados causos nos convescotes com amigos e parentes, respondo que nem preciso ir muito longe, que as hist\u00f3rias me s\u00e3o apresentadas por personagens dignos de novelas mexicanas. Para falar a real, digo at\u00e9 que nem sei como seriam essas tais figuras, pois a \u00faltima novela que vi, caso a mem\u00f3ria n\u00e3o tenha me roubado a raz\u00e3o, foi <em>Est\u00fapido Cupido<\/em>, em 1976, aos p\u00e9s da minha av\u00f3 Maria Stella.<\/p>\n<p>Mas voltemos aos corridos dias de agora, quando j\u00e1 estou beirando a casa dos 60 anos. Pois fui testemunha quase ocular de uma desaven\u00e7a familiar, no m\u00ednimo, curiosa. Isso para n\u00e3o dizer algo que se encaixaria perfeitamente em uma com\u00e9dia-pastel\u00e3o. Todavia, at\u00e9 para tornar o ocorrido mais suave, eis que resolvi inici\u00e1-lo como nas f\u00e1bulas que vov\u00f3 costumava me contar antes de dormir.<\/p>\n<p>Era uma vez uma jovem, n\u00e3o t\u00e3o princesa assim, chamada Salete, que vivia a sonhar com seu pr\u00edncipe desencantado Ronaldo. E, numa segunda-feira, dentro do \u00f4nibus carregado de desesperan\u00e7a \u00e0s 6h da manh\u00e3, eis que os olhares daqueles dois se cruzaram pela primeira vez. Bem, n\u00e3o foi amor \u00e0 primeira vista, mas finjamos que tenha sido, mesmo porque este \u00e9 um conto, n\u00e3o uma novela e, muito menos, um romance.<\/p>\n<p>Ainda na fase de namoro, Salete confidenciou que desejava ser m\u00e3e assim que os la\u00e7os estivessem bem-atados logo ap\u00f3s as palavras do padre. E que, caso fosse menina, se chamaria Marina. O nome mais belo, que evoca beleza, tranquilidade e possui forte liga\u00e7\u00e3o com a natureza e o oceano. Isso sem contar que est\u00e1 associado a sensibilidade, intui\u00e7\u00e3o e carisma.<\/p>\n<p>J\u00e1 imaginou tudo isso reunido em um nome? Pois Salete n\u00e3o somente imaginou, como espalhou para todos os parentes e amigos. Afinal, a mulher acreditava que, caso todos pensassem positivamente, a sua primog\u00eanita seria uma linda garotinha chamada Marina.<\/p>\n<p>Sem dinheiro para casar, Salete e Ronaldo foram adiando a cerim\u00f4nia at\u00e9 que Neide, prima da mulher, embara\u00e7ada que estava com Fabr\u00edcio, resolveu fazer os votos diante do padre. O problema \u00e9 que os dois estavam com pressa por conta de atraso na menstrua\u00e7\u00e3o. Entretanto, o que \u00e9 contratempo para alguns, pode servir de empurr\u00e3ozinho para outros.<\/p>\n<p>\u2014 Neide, minha prima querida, bem que a gente poderia se casar no mesmo dia.<\/p>\n<p>\u2014 O qu\u00ea? E por que isso, Salete?<\/p>\n<p>\u2014 Ih, mulher, \u00e9 que o dinheiro do lado de c\u00e1 t\u00e1 mais curto do que coice de porco.<\/p>\n<p>\u2014 E eu com isso?<\/p>\n<p>\u2014 E a gente n\u00e3o \u00e9 prima, n\u00e3o?<\/p>\n<p>\u2014 T\u00e1 bom! Vou pensar e te falo.<\/p>\n<p>\u2014 Mas n\u00e3o demore, que periga do seu beb\u00ea nascer na hora que o padre estiver casando voc\u00ea mais o Fabr\u00edcio.<\/p>\n<p>\u2014 Hum! Pois vamos marcar logo isso, que j\u00e1 t\u00f4 ficando com gastura.<\/p>\n<p>O cas\u00f3rio duplo aconteceu duas semanas depois. E a felicidade reinou por alguns m\u00edseros meses nos respectivos lares dos mais novos casais da regi\u00e3o de Sobradinho II, no Distrito Federal. Pois \u00e9, alegria de pobre dura pouco, ainda que seja estragada por meras bobices ou, dependendo do olhar de quem v\u00ea ou enxerga, coisa s\u00e9ria.<\/p>\n<p>N\u00e3o se sabe por que aconteceu, mas o fato \u00e9 que a Neide resolveu colocar o nome da filha de Marina. Ih, pra qu\u00ea? Antes tivessem jogado uma bomba at\u00f4mica na buc\u00f3lica cidade serrana.<\/p>\n<p>Salete ficou possessa com a trai\u00e7\u00e3o da prima. E agora? Como \u00e9 que iria ser? Furiosa, n\u00e3o se conformava de ter sido roubada daquele jeito. E, para piorar a situa\u00e7\u00e3o, acabara de descobrir que estava gr\u00e1vida. E se fosse menina? Precisaria escolher outro nome.<\/p>\n<p>Ah, mas aquilo n\u00e3o ficaria assim mesmo! Resolvida a dizer umas poucas e boas para Neide, Salete saiu de casa com a l\u00edngua afiada. Ronaldo at\u00e9 tentou dissuadi-la, mas n\u00e3o aguentou nem mesmo encarar a mulher, cujos olhos faiscavam.<\/p>\n<p>Mal chegou ao p\u00e9 da porta da casa da prima, Salete apertou com for\u00e7a a campainha. Neide n\u00e3o teve d\u00favida de quem era e, querendo resolver aquela pendenga de uma vez por todas, foi l\u00e1 atend\u00ea-la.<\/p>\n<p>\u2014 O que foi, Salete?<\/p>\n<p>\u2014 O que foi? E voc\u00ea ainda tem coragem de me falar uma coisa dessas? Pois tu roubou o nome da minha filha!<\/p>\n<p>\u2014 E agora nome tem dona, \u00e9?<\/p>\n<p>\u2014 Claro que tem! Na fam\u00edlia tem sim, senhora!<\/p>\n<p>\u2014 Que bobagem, Salete!<\/p>\n<p>\u2014 Bobagem? Pois desprimamos!<\/p>\n<p>\u2014 O que voc\u00ea disse, mulher?<\/p>\n<p>\u2014 Pois tu \u00e9 surda, \u00e9? Des-pri-ma-mos!<\/p>\n<p>A pendenga durou quase dois meses, at\u00e9 que o cora\u00e7\u00e3o da Salete amoleceu que nem manteiga fora da geladeira. \u00c9 que a Neide telefonou para a prima a fim de fazer um convite irrecus\u00e1vel.<\/p>\n<p>\u2014 Salete, tu quer ser madrinha da Marina?<\/p>\n<p>\u00c9 \u00f3bvio que a mulher aceitou. As duas voltaram a ser primas novamente. Ah, e a Salete ganhou uma menina alguns meses ap\u00f3s. Quer saber o nome? Voc\u00ea n\u00e3o imagina como esse povo de Sobradinho II \u00e9 criativo: Aniram.<\/p>\n<p><strong>\u2026\u2026\u2026\u2026\u2026\u2026\u2026\u2026<\/strong><\/p>\n<p><strong>Eduardo Mart\u00ednez \u00e9 autor do livro \u201957 Contos e Cr\u00f4nicas por um Autor Muito Velho\u2019 (Vencedor do Pr\u00eamio Liter\u00e1rio Clarice Lispector \u2013 2025 na categoria livro de contos).<\/strong><\/p>\n<p><strong>Compre aqui<\/strong><\/p>\n<p><a href=\"https:\/\/www.joanineditora.com.br\/57-contos-e-cronicas-por-um-autor-muito-velho\"><strong>https:\/\/www.joanineditora.com.br\/57-contos-e-cronicas-por-um-autor-muito-velho<\/strong><\/a><\/p>\n","protected":false},"excerpt":{"rendered":"<p>Quando me perguntam de onde tiro tantas ideias para meus afamados causos nos convescotes com amigos e parentes, respondo que nem preciso ir muito longe, que as hist\u00f3rias me s\u00e3o apresentadas por personagens dignos de novelas mexicanas. Para falar a real, digo at\u00e9 que nem sei como seriam essas tais figuras, pois a \u00faltima novela [&hellip;]<\/p>\n","protected":false},"author":21,"featured_media":378811,"comment_status":"closed","ping_status":"closed","sticky":false,"template":"","format":"standard","meta":{"_acf_changed":false,"footnotes":""},"categories":[161],"tags":[],"class_list":["post-378810","post","type-post","status-publish","format-standard","has-post-thumbnail","hentry","category-quadradinho-em-foco"],"acf":[],"yoast_head":"<!-- This site is optimized with the Yoast SEO plugin v27.2 - https:\/\/yoast.com\/product\/yoast-seo-wordpress\/ -->\n<title>O imbr\u00f3glio das primas - Notibras<\/title>\n<meta name=\"robots\" content=\"index, follow, max-snippet:-1, max-image-preview:large, max-video-preview:-1\" \/>\n<link rel=\"canonical\" href=\"https:\/\/www.notibras.com\/site\/o-imbroglio-das-primas\/\" \/>\n<meta property=\"og:locale\" content=\"pt_BR\" \/>\n<meta property=\"og:type\" content=\"article\" \/>\n<meta property=\"og:title\" content=\"O imbr\u00f3glio das primas - Notibras\" \/>\n<meta property=\"og:description\" content=\"Quando me perguntam de onde tiro tantas ideias para meus afamados causos nos convescotes com amigos e parentes, respondo que nem preciso ir muito longe, que as hist\u00f3rias me s\u00e3o apresentadas por personagens dignos de novelas mexicanas. Para falar a real, digo at\u00e9 que nem sei como seriam essas tais figuras, pois a \u00faltima novela [&hellip;]\" \/>\n<meta property=\"og:url\" content=\"https:\/\/www.notibras.com\/site\/o-imbroglio-das-primas\/\" \/>\n<meta property=\"og:site_name\" content=\"Notibras\" \/>\n<meta property=\"article:publisher\" content=\"https:\/\/www.facebook.com\/notibras\/\" \/>\n<meta property=\"article:published_time\" content=\"2026-01-14T05:00:16+00:00\" \/>\n<meta property=\"og:image\" content=\"https:\/\/www.notibras.com\/site\/wp-content\/uploads\/2026\/01\/IMG_0295.jpg\" \/>\n\t<meta property=\"og:image:width\" content=\"1023\" \/>\n\t<meta property=\"og:image:height\" content=\"921\" \/>\n\t<meta property=\"og:image:type\" content=\"image\/jpeg\" \/>\n<meta name=\"author\" content=\"Eduardo Mart\u00ednez\" \/>\n<meta name=\"twitter:card\" content=\"summary_large_image\" \/>\n<meta name=\"twitter:creator\" content=\"@Notibras\" \/>\n<meta name=\"twitter:site\" content=\"@Notibras\" \/>\n<meta name=\"twitter:label1\" content=\"Escrito por\" \/>\n\t<meta name=\"twitter:data1\" content=\"Eduardo Mart\u00ednez\" \/>\n\t<meta name=\"twitter:label2\" content=\"Est. tempo de leitura\" \/>\n\t<meta name=\"twitter:data2\" content=\"5 minutos\" \/>\n<script type=\"application\/ld+json\" class=\"yoast-schema-graph\">{\"@context\":\"https:\/\/schema.org\",\"@graph\":[{\"@type\":\"Article\",\"@id\":\"https:\/\/www.notibras.com\/site\/o-imbroglio-das-primas\/#article\",\"isPartOf\":{\"@id\":\"https:\/\/www.notibras.com\/site\/o-imbroglio-das-primas\/\"},\"author\":{\"name\":\"Eduardo Mart\u00ednez\",\"@id\":\"https:\/\/www.notibras.com\/site\/#\/schema\/person\/5b7fabf2aedc3ada2105f03b22b4d3dd\"},\"headline\":\"O imbr\u00f3glio das primas\",\"datePublished\":\"2026-01-14T05:00:16+00:00\",\"mainEntityOfPage\":{\"@id\":\"https:\/\/www.notibras.com\/site\/o-imbroglio-das-primas\/\"},\"wordCount\":884,\"publisher\":{\"@id\":\"https:\/\/www.notibras.com\/site\/#organization\"},\"image\":{\"@id\":\"https:\/\/www.notibras.com\/site\/o-imbroglio-das-primas\/#primaryimage\"},\"thumbnailUrl\":\"https:\/\/www.notibras.com\/site\/wp-content\/uploads\/2026\/01\/IMG_0295.jpg\",\"articleSection\":[\"Quadradinho em Foco\"],\"inLanguage\":\"pt-BR\"},{\"@type\":\"WebPage\",\"@id\":\"https:\/\/www.notibras.com\/site\/o-imbroglio-das-primas\/\",\"url\":\"https:\/\/www.notibras.com\/site\/o-imbroglio-das-primas\/\",\"name\":\"O imbr\u00f3glio das primas - Notibras\",\"isPartOf\":{\"@id\":\"https:\/\/www.notibras.com\/site\/#website\"},\"primaryImageOfPage\":{\"@id\":\"https:\/\/www.notibras.com\/site\/o-imbroglio-das-primas\/#primaryimage\"},\"image\":{\"@id\":\"https:\/\/www.notibras.com\/site\/o-imbroglio-das-primas\/#primaryimage\"},\"thumbnailUrl\":\"https:\/\/www.notibras.com\/site\/wp-content\/uploads\/2026\/01\/IMG_0295.jpg\",\"datePublished\":\"2026-01-14T05:00:16+00:00\",\"breadcrumb\":{\"@id\":\"https:\/\/www.notibras.com\/site\/o-imbroglio-das-primas\/#breadcrumb\"},\"inLanguage\":\"pt-BR\",\"potentialAction\":[{\"@type\":\"ReadAction\",\"target\":[\"https:\/\/www.notibras.com\/site\/o-imbroglio-das-primas\/\"]}]},{\"@type\":\"ImageObject\",\"inLanguage\":\"pt-BR\",\"@id\":\"https:\/\/www.notibras.com\/site\/o-imbroglio-das-primas\/#primaryimage\",\"url\":\"https:\/\/www.notibras.com\/site\/wp-content\/uploads\/2026\/01\/IMG_0295.jpg\",\"contentUrl\":\"https:\/\/www.notibras.com\/site\/wp-content\/uploads\/2026\/01\/IMG_0295.jpg\",\"width\":1023,\"height\":921},{\"@type\":\"BreadcrumbList\",\"@id\":\"https:\/\/www.notibras.com\/site\/o-imbroglio-das-primas\/#breadcrumb\",\"itemListElement\":[{\"@type\":\"ListItem\",\"position\":1,\"name\":\"In\u00edcio\",\"item\":\"https:\/\/www.notibras.com\/site\/\"},{\"@type\":\"ListItem\",\"position\":2,\"name\":\"O imbr\u00f3glio das primas\"}]},{\"@type\":\"WebSite\",\"@id\":\"https:\/\/www.notibras.com\/site\/#website\",\"url\":\"https:\/\/www.notibras.com\/site\/\",\"name\":\"Notibras\",\"description\":\"Not\u00edcias de Bras\u00edlia, do Brasil e do Mundo\",\"publisher\":{\"@id\":\"https:\/\/www.notibras.com\/site\/#organization\"},\"potentialAction\":[{\"@type\":\"SearchAction\",\"target\":{\"@type\":\"EntryPoint\",\"urlTemplate\":\"https:\/\/www.notibras.com\/site\/?s={search_term_string}\"},\"query-input\":{\"@type\":\"PropertyValueSpecification\",\"valueRequired\":true,\"valueName\":\"search_term_string\"}}],\"inLanguage\":\"pt-BR\"},{\"@type\":\"Organization\",\"@id\":\"https:\/\/www.notibras.com\/site\/#organization\",\"name\":\"Grupo Notibras de Comunica\u00e7\u00e3o\",\"url\":\"https:\/\/www.notibras.com\/site\/\",\"logo\":{\"@type\":\"ImageObject\",\"inLanguage\":\"pt-BR\",\"@id\":\"https:\/\/www.notibras.com\/site\/#\/schema\/logo\/image\/\",\"url\":\"https:\/\/www.notibras.com\/site\/wp-content\/uploads\/2023\/01\/notibras23.png\",\"contentUrl\":\"https:\/\/www.notibras.com\/site\/wp-content\/uploads\/2023\/01\/notibras23.png\",\"width\":350,\"height\":87,\"caption\":\"Grupo Notibras de Comunica\u00e7\u00e3o\"},\"image\":{\"@id\":\"https:\/\/www.notibras.com\/site\/#\/schema\/logo\/image\/\"},\"sameAs\":[\"https:\/\/www.facebook.com\/notibras\/\",\"https:\/\/x.com\/Notibras\",\"https:\/\/www.instagram.com\/notibras\/\"]},{\"@type\":\"Person\",\"@id\":\"https:\/\/www.notibras.com\/site\/#\/schema\/person\/5b7fabf2aedc3ada2105f03b22b4d3dd\",\"name\":\"Eduardo Mart\u00ednez\",\"image\":{\"@type\":\"ImageObject\",\"inLanguage\":\"pt-BR\",\"@id\":\"https:\/\/secure.gravatar.com\/avatar\/7902f906289926289cbcda644b5197c796b893c6ffd7b9a536a42d290f7704a0?s=96&d=mm&r=g\",\"url\":\"https:\/\/secure.gravatar.com\/avatar\/7902f906289926289cbcda644b5197c796b893c6ffd7b9a536a42d290f7704a0?s=96&d=mm&r=g\",\"contentUrl\":\"https:\/\/secure.gravatar.com\/avatar\/7902f906289926289cbcda644b5197c796b893c6ffd7b9a536a42d290f7704a0?s=96&d=mm&r=g\",\"caption\":\"Eduardo Mart\u00ednez\"}}]}<\/script>\n<!-- \/ Yoast SEO plugin. -->","yoast_head_json":{"title":"O imbr\u00f3glio das primas - Notibras","robots":{"index":"index","follow":"follow","max-snippet":"max-snippet:-1","max-image-preview":"max-image-preview:large","max-video-preview":"max-video-preview:-1"},"canonical":"https:\/\/www.notibras.com\/site\/o-imbroglio-das-primas\/","og_locale":"pt_BR","og_type":"article","og_title":"O imbr\u00f3glio das primas - Notibras","og_description":"Quando me perguntam de onde tiro tantas ideias para meus afamados causos nos convescotes com amigos e parentes, respondo que nem preciso ir muito longe, que as hist\u00f3rias me s\u00e3o apresentadas por personagens dignos de novelas mexicanas. Para falar a real, digo at\u00e9 que nem sei como seriam essas tais figuras, pois a \u00faltima novela [&hellip;]","og_url":"https:\/\/www.notibras.com\/site\/o-imbroglio-das-primas\/","og_site_name":"Notibras","article_publisher":"https:\/\/www.facebook.com\/notibras\/","article_published_time":"2026-01-14T05:00:16+00:00","og_image":[{"width":1023,"height":921,"url":"https:\/\/www.notibras.com\/site\/wp-content\/uploads\/2026\/01\/IMG_0295.jpg","type":"image\/jpeg"}],"author":"Eduardo Mart\u00ednez","twitter_card":"summary_large_image","twitter_creator":"@Notibras","twitter_site":"@Notibras","twitter_misc":{"Escrito por":"Eduardo Mart\u00ednez","Est. tempo de leitura":"5 minutos"},"schema":{"@context":"https:\/\/schema.org","@graph":[{"@type":"Article","@id":"https:\/\/www.notibras.com\/site\/o-imbroglio-das-primas\/#article","isPartOf":{"@id":"https:\/\/www.notibras.com\/site\/o-imbroglio-das-primas\/"},"author":{"name":"Eduardo Mart\u00ednez","@id":"https:\/\/www.notibras.com\/site\/#\/schema\/person\/5b7fabf2aedc3ada2105f03b22b4d3dd"},"headline":"O imbr\u00f3glio das primas","datePublished":"2026-01-14T05:00:16+00:00","mainEntityOfPage":{"@id":"https:\/\/www.notibras.com\/site\/o-imbroglio-das-primas\/"},"wordCount":884,"publisher":{"@id":"https:\/\/www.notibras.com\/site\/#organization"},"image":{"@id":"https:\/\/www.notibras.com\/site\/o-imbroglio-das-primas\/#primaryimage"},"thumbnailUrl":"https:\/\/www.notibras.com\/site\/wp-content\/uploads\/2026\/01\/IMG_0295.jpg","articleSection":["Quadradinho em Foco"],"inLanguage":"pt-BR"},{"@type":"WebPage","@id":"https:\/\/www.notibras.com\/site\/o-imbroglio-das-primas\/","url":"https:\/\/www.notibras.com\/site\/o-imbroglio-das-primas\/","name":"O imbr\u00f3glio das primas - Notibras","isPartOf":{"@id":"https:\/\/www.notibras.com\/site\/#website"},"primaryImageOfPage":{"@id":"https:\/\/www.notibras.com\/site\/o-imbroglio-das-primas\/#primaryimage"},"image":{"@id":"https:\/\/www.notibras.com\/site\/o-imbroglio-das-primas\/#primaryimage"},"thumbnailUrl":"https:\/\/www.notibras.com\/site\/wp-content\/uploads\/2026\/01\/IMG_0295.jpg","datePublished":"2026-01-14T05:00:16+00:00","breadcrumb":{"@id":"https:\/\/www.notibras.com\/site\/o-imbroglio-das-primas\/#breadcrumb"},"inLanguage":"pt-BR","potentialAction":[{"@type":"ReadAction","target":["https:\/\/www.notibras.com\/site\/o-imbroglio-das-primas\/"]}]},{"@type":"ImageObject","inLanguage":"pt-BR","@id":"https:\/\/www.notibras.com\/site\/o-imbroglio-das-primas\/#primaryimage","url":"https:\/\/www.notibras.com\/site\/wp-content\/uploads\/2026\/01\/IMG_0295.jpg","contentUrl":"https:\/\/www.notibras.com\/site\/wp-content\/uploads\/2026\/01\/IMG_0295.jpg","width":1023,"height":921},{"@type":"BreadcrumbList","@id":"https:\/\/www.notibras.com\/site\/o-imbroglio-das-primas\/#breadcrumb","itemListElement":[{"@type":"ListItem","position":1,"name":"In\u00edcio","item":"https:\/\/www.notibras.com\/site\/"},{"@type":"ListItem","position":2,"name":"O imbr\u00f3glio das primas"}]},{"@type":"WebSite","@id":"https:\/\/www.notibras.com\/site\/#website","url":"https:\/\/www.notibras.com\/site\/","name":"Notibras","description":"Not\u00edcias de Bras\u00edlia, do Brasil e do Mundo","publisher":{"@id":"https:\/\/www.notibras.com\/site\/#organization"},"potentialAction":[{"@type":"SearchAction","target":{"@type":"EntryPoint","urlTemplate":"https:\/\/www.notibras.com\/site\/?s={search_term_string}"},"query-input":{"@type":"PropertyValueSpecification","valueRequired":true,"valueName":"search_term_string"}}],"inLanguage":"pt-BR"},{"@type":"Organization","@id":"https:\/\/www.notibras.com\/site\/#organization","name":"Grupo Notibras de Comunica\u00e7\u00e3o","url":"https:\/\/www.notibras.com\/site\/","logo":{"@type":"ImageObject","inLanguage":"pt-BR","@id":"https:\/\/www.notibras.com\/site\/#\/schema\/logo\/image\/","url":"https:\/\/www.notibras.com\/site\/wp-content\/uploads\/2023\/01\/notibras23.png","contentUrl":"https:\/\/www.notibras.com\/site\/wp-content\/uploads\/2023\/01\/notibras23.png","width":350,"height":87,"caption":"Grupo Notibras de Comunica\u00e7\u00e3o"},"image":{"@id":"https:\/\/www.notibras.com\/site\/#\/schema\/logo\/image\/"},"sameAs":["https:\/\/www.facebook.com\/notibras\/","https:\/\/x.com\/Notibras","https:\/\/www.instagram.com\/notibras\/"]},{"@type":"Person","@id":"https:\/\/www.notibras.com\/site\/#\/schema\/person\/5b7fabf2aedc3ada2105f03b22b4d3dd","name":"Eduardo Mart\u00ednez","image":{"@type":"ImageObject","inLanguage":"pt-BR","@id":"https:\/\/secure.gravatar.com\/avatar\/7902f906289926289cbcda644b5197c796b893c6ffd7b9a536a42d290f7704a0?s=96&d=mm&r=g","url":"https:\/\/secure.gravatar.com\/avatar\/7902f906289926289cbcda644b5197c796b893c6ffd7b9a536a42d290f7704a0?s=96&d=mm&r=g","contentUrl":"https:\/\/secure.gravatar.com\/avatar\/7902f906289926289cbcda644b5197c796b893c6ffd7b9a536a42d290f7704a0?s=96&d=mm&r=g","caption":"Eduardo Mart\u00ednez"}}]}},"amp_enabled":true,"_links":{"self":[{"href":"https:\/\/www.notibras.com\/site\/wp-json\/wp\/v2\/posts\/378810","targetHints":{"allow":["GET"]}}],"collection":[{"href":"https:\/\/www.notibras.com\/site\/wp-json\/wp\/v2\/posts"}],"about":[{"href":"https:\/\/www.notibras.com\/site\/wp-json\/wp\/v2\/types\/post"}],"author":[{"embeddable":true,"href":"https:\/\/www.notibras.com\/site\/wp-json\/wp\/v2\/users\/21"}],"replies":[{"embeddable":true,"href":"https:\/\/www.notibras.com\/site\/wp-json\/wp\/v2\/comments?post=378810"}],"version-history":[{"count":2,"href":"https:\/\/www.notibras.com\/site\/wp-json\/wp\/v2\/posts\/378810\/revisions"}],"predecessor-version":[{"id":378813,"href":"https:\/\/www.notibras.com\/site\/wp-json\/wp\/v2\/posts\/378810\/revisions\/378813"}],"wp:featuredmedia":[{"embeddable":true,"href":"https:\/\/www.notibras.com\/site\/wp-json\/wp\/v2\/media\/378811"}],"wp:attachment":[{"href":"https:\/\/www.notibras.com\/site\/wp-json\/wp\/v2\/media?parent=378810"}],"wp:term":[{"taxonomy":"category","embeddable":true,"href":"https:\/\/www.notibras.com\/site\/wp-json\/wp\/v2\/categories?post=378810"},{"taxonomy":"post_tag","embeddable":true,"href":"https:\/\/www.notibras.com\/site\/wp-json\/wp\/v2\/tags?post=378810"}],"curies":[{"name":"wp","href":"https:\/\/api.w.org\/{rel}","templated":true}]}}