{"id":378820,"date":"2026-01-13T07:15:57","date_gmt":"2026-01-13T10:15:57","guid":{"rendered":"https:\/\/www.notibras.com\/site\/?p=378820"},"modified":"2026-01-13T07:17:04","modified_gmt":"2026-01-13T10:17:04","slug":"sorte-talento-e-o-pe-quente-de-lula-tambem-no-cinema","status":"publish","type":"post","link":"https:\/\/www.notibras.com\/site\/sorte-talento-e-o-pe-quente-de-lula-tambem-no-cinema\/","title":{"rendered":"Sorte, talento e o p\u00e9 quente de Lula tamb\u00e9m no cinema"},"content":{"rendered":"<p>Com todo respeito aos c\u00e9ticos, aos hereges, aos invejosos e aos antipatriotas, mas, nos \u00faltimos tr\u00eas anos, nada no Brasil \u00e9 t\u00e3o bom que n\u00e3o possa melhorar. Ap\u00f3s enterrar o des\u00e2nimo, o mau humor, o rancor e o ego\u00edsmo, o brasileiro de f\u00e9, da verdade, do trabalho e da paz interior recuperou o otimismo e o sorriso, considerado em qualquer tempo a principal obra de arte da alma. Popularizada pelo Bar\u00e3o de Itarar\u00e9, a frase \u201cTriste do pa\u00eds e do povo que n\u00e3o t\u00eam ideias para mudar\u201d \u00e9 do s\u00e9culo passado, mas parece ter sido cunhada pelo jornalista Appar\u00edcio Torelly em janeiro de 2023 ou, na melhor das hip\u00f3teses, em janeiro de 2026.<\/p>\n<p>A express\u00e3o sugere que n\u00e3o existe vergonha no fato de mudar de ideia, reconhecer um erro ou adaptar-se a novas informa\u00e7\u00f5es ou circunst\u00e2ncias. A verdadeira tristeza \u00e9 ficar preso a um pensamento, caminho ou situa\u00e7\u00e3o que n\u00e3o funciona e n\u00e3o ter capacidade ou criatividade para buscar alternativas. Tudo na vida seria f\u00e1cil n\u00e3o fossem as dificuldades. Todos com um m\u00ednimo de racioc\u00ednio e de pudor h\u00e3o de se lembrar que vivemos dois pares de anos para serem lembrados como os piores de nossas vidas.<\/p>\n<p>Digo das vidas como refer\u00eancia expl\u00edcita \u00e0queles que preferem guardar na mem\u00f3ria momentos, sentimentos, pessoas, experi\u00eancias, sensa\u00e7\u00f5es e aprendizados que geram alegria, saudade ou reflex\u00e3o. No meu ba\u00fa de boas lembran\u00e7as, h\u00e1 o antes e o depois da antiga ditadura e do recente golpismo. Como qualquer brasileiro com ideias para mudar, estou convencido de que correr atr\u00e1s de maluco \u00e9 assumir a maluquice cong\u00eanita. Ideologicamente n\u00e3o mudei, mas, escandalizado com a sandice ideol\u00f3gica de alguns, decidi apostar em quem j\u00e1 teve o caos dentro de si, mas, ainda que tardiamente, percebeu que tem pouco valor tudo aquilo que tem pre\u00e7o.<\/p>\n<p>Mais importante do que os valores \u00e9 a consci\u00eancia. Mais uma vez pedindo perd\u00e3o aos fariseus, o presidente Lula \u00e9 hoje o pol\u00edtico que melhor se associa ao sucesso interno e externo do Brasil. Come\u00e7amos 2026 com o p\u00e9 direito pisando \u00e0 esquerda. O passo inicial foi recuperar o respeito do governo norte-americano, cujo presidente descobriu rapidamente que o diabo pintado de vermelho \u00e9 infinitamente mais correto e mais competente do que os cinzentos e falsificados profetas que rogaram por sua interven\u00e7\u00e3o econ\u00f4mica e jur\u00eddica no pa\u00eds que sonhavam chamar de seu. Encolhida e insatisfeita com a leveza da democracia, a torcida para que o governo entrasse em transe buscou ref\u00fagio nos EUA e na Argentina de Javier Milei.<\/p>\n<p>Enfim, apesar dos duvidosos faniquitos, as pessoas desnecess\u00e1rias \u00e0 na\u00e7\u00e3o est\u00e3o devidamente recolhidas. Enquanto isso, do lado de fora tudo \u00e9 festa. Faz sete anos que o futebol brasileiro domina o continente sul-americano. Ap\u00f3s 27 anos de negocia\u00e7\u00f5es, finalmente foi assinado o acordo que prev\u00ea a redu\u00e7\u00e3o gradual de tarifas sobre a maior parte de bens e servi\u00e7os produzidos pelos pa\u00edses do Mercosul e da Europa. Nessa segunda-feira (12), o Brasil amanheceu ainda mais feliz com a noite hist\u00f3rica do cinema nacional. Contestado pelos simpatizantes da ditadura, o filme O Agente Secreto, de Kleber Mendon\u00e7a Filho, ganhou as estatuetas de Melhor Filme em L\u00edngua N\u00e3o Inglesa e de Melhor Ator em Filme de Drama.<\/p>\n<p>Antes de Wagner Moura, Fernanda Torres tamb\u00e9m havia sido premiada como Melhor Atriz em Filme de Drama por sua atua\u00e7\u00e3o no filme Ainda Estou Aqui. Curiosamente, os dois filmes t\u00eam como refer\u00eancia os anos de chumbo, foram vencedores justamente durante a gest\u00e3o do democrata Lula da Silva e a premia\u00e7\u00e3o ocorreu nos EUA. Sorte ou talento do cineasta, dos atores e do presidente da Rep\u00fablica? Acho que, al\u00e9m do p\u00e9 quente, as duas coisas, pois a sorte de ter talento n\u00e3o basta. Tamb\u00e9m \u00e9 preciso ter talento para a sorte. Os fatos e as fotos indicam que Fernanda, Kleber, Wagner e Lula t\u00eam de sobra. Orgulho para milh\u00f5es de brasileiros, a gest\u00e3o e os pr\u00eamios deixaram alguns \u00e0 beira de um ataque de nervos.<\/p>\n<p>&#8230;&#8230;&#8230;<\/p>\n<p><strong>Misael Igreja \u00e9 analista de Notibras para assuntos pol\u00edticos, econ\u00f4micos e sociais<\/strong><\/p>\n","protected":false},"excerpt":{"rendered":"<p>Com todo respeito aos c\u00e9ticos, aos hereges, aos invejosos e aos antipatriotas, mas, nos \u00faltimos tr\u00eas anos, nada no Brasil \u00e9 t\u00e3o bom que n\u00e3o possa melhorar. Ap\u00f3s enterrar o des\u00e2nimo, o mau humor, o rancor e o ego\u00edsmo, o brasileiro de f\u00e9, da verdade, do trabalho e da paz interior recuperou o otimismo e [&hellip;]<\/p>\n","protected":false},"author":2,"featured_media":378821,"comment_status":"closed","ping_status":"closed","sticky":false,"template":"","format":"standard","meta":{"_acf_changed":false,"footnotes":""},"categories":[16],"tags":[],"class_list":["post-378820","post","type-post","status-publish","format-standard","has-post-thumbnail","hentry","category-brasil"],"acf":[],"yoast_head":"<!-- This site is optimized with the Yoast SEO plugin v27.2 - https:\/\/yoast.com\/product\/yoast-seo-wordpress\/ -->\n<title>Sorte, talento e o p\u00e9 quente de Lula tamb\u00e9m no cinema - Notibras<\/title>\n<meta name=\"robots\" content=\"index, follow, max-snippet:-1, max-image-preview:large, max-video-preview:-1\" \/>\n<link rel=\"canonical\" href=\"https:\/\/www.notibras.com\/site\/sorte-talento-e-o-pe-quente-de-lula-tambem-no-cinema\/\" \/>\n<meta property=\"og:locale\" content=\"pt_BR\" \/>\n<meta property=\"og:type\" content=\"article\" \/>\n<meta property=\"og:title\" content=\"Sorte, talento e o p\u00e9 quente de Lula tamb\u00e9m no cinema - Notibras\" \/>\n<meta property=\"og:description\" content=\"Com todo respeito aos c\u00e9ticos, aos hereges, aos invejosos e aos antipatriotas, mas, nos \u00faltimos tr\u00eas anos, nada no Brasil \u00e9 t\u00e3o bom que n\u00e3o possa melhorar. Ap\u00f3s enterrar o des\u00e2nimo, o mau humor, o rancor e o ego\u00edsmo, o brasileiro de f\u00e9, da verdade, do trabalho e da paz interior recuperou o otimismo e [&hellip;]\" \/>\n<meta property=\"og:url\" content=\"https:\/\/www.notibras.com\/site\/sorte-talento-e-o-pe-quente-de-lula-tambem-no-cinema\/\" \/>\n<meta property=\"og:site_name\" content=\"Notibras\" \/>\n<meta property=\"article:publisher\" content=\"https:\/\/www.facebook.com\/notibras\/\" \/>\n<meta property=\"article:published_time\" content=\"2026-01-13T10:15:57+00:00\" \/>\n<meta property=\"article:modified_time\" content=\"2026-01-13T10:17:04+00:00\" \/>\n<meta property=\"og:image\" content=\"https:\/\/www.notibras.com\/site\/wp-content\/uploads\/2026\/01\/foto_o_agente_secreto_credito_victorjuca.webp\" \/>\n\t<meta property=\"og:image:width\" content=\"1170\" \/>\n\t<meta property=\"og:image:height\" content=\"700\" \/>\n\t<meta property=\"og:image:type\" content=\"image\/webp\" \/>\n<meta name=\"author\" content=\"Reda\u00e7\u00e3o\" \/>\n<meta name=\"twitter:card\" content=\"summary_large_image\" \/>\n<meta name=\"twitter:creator\" content=\"@Notibras\" \/>\n<meta name=\"twitter:site\" content=\"@Notibras\" \/>\n<meta name=\"twitter:label1\" content=\"Escrito por\" \/>\n\t<meta name=\"twitter:data1\" content=\"Reda\u00e7\u00e3o\" \/>\n\t<meta name=\"twitter:label2\" content=\"Est. tempo de leitura\" \/>\n\t<meta name=\"twitter:data2\" content=\"4 minutos\" \/>\n<script type=\"application\/ld+json\" class=\"yoast-schema-graph\">{\"@context\":\"https:\/\/schema.org\",\"@graph\":[{\"@type\":\"Article\",\"@id\":\"https:\/\/www.notibras.com\/site\/sorte-talento-e-o-pe-quente-de-lula-tambem-no-cinema\/#article\",\"isPartOf\":{\"@id\":\"https:\/\/www.notibras.com\/site\/sorte-talento-e-o-pe-quente-de-lula-tambem-no-cinema\/\"},\"author\":{\"name\":\"Reda\u00e7\u00e3o\",\"@id\":\"https:\/\/www.notibras.com\/site\/#\/schema\/person\/36ab0979449956132d3e5b517ea76ac8\"},\"headline\":\"Sorte, talento e o p\u00e9 quente de Lula tamb\u00e9m no cinema\",\"datePublished\":\"2026-01-13T10:15:57+00:00\",\"dateModified\":\"2026-01-13T10:17:04+00:00\",\"mainEntityOfPage\":{\"@id\":\"https:\/\/www.notibras.com\/site\/sorte-talento-e-o-pe-quente-de-lula-tambem-no-cinema\/\"},\"wordCount\":735,\"publisher\":{\"@id\":\"https:\/\/www.notibras.com\/site\/#organization\"},\"image\":{\"@id\":\"https:\/\/www.notibras.com\/site\/sorte-talento-e-o-pe-quente-de-lula-tambem-no-cinema\/#primaryimage\"},\"thumbnailUrl\":\"https:\/\/www.notibras.com\/site\/wp-content\/uploads\/2026\/01\/foto_o_agente_secreto_credito_victorjuca.webp\",\"articleSection\":[\"Brasil\"],\"inLanguage\":\"pt-BR\"},{\"@type\":\"WebPage\",\"@id\":\"https:\/\/www.notibras.com\/site\/sorte-talento-e-o-pe-quente-de-lula-tambem-no-cinema\/\",\"url\":\"https:\/\/www.notibras.com\/site\/sorte-talento-e-o-pe-quente-de-lula-tambem-no-cinema\/\",\"name\":\"Sorte, talento e o p\u00e9 quente de Lula tamb\u00e9m no cinema - Notibras\",\"isPartOf\":{\"@id\":\"https:\/\/www.notibras.com\/site\/#website\"},\"primaryImageOfPage\":{\"@id\":\"https:\/\/www.notibras.com\/site\/sorte-talento-e-o-pe-quente-de-lula-tambem-no-cinema\/#primaryimage\"},\"image\":{\"@id\":\"https:\/\/www.notibras.com\/site\/sorte-talento-e-o-pe-quente-de-lula-tambem-no-cinema\/#primaryimage\"},\"thumbnailUrl\":\"https:\/\/www.notibras.com\/site\/wp-content\/uploads\/2026\/01\/foto_o_agente_secreto_credito_victorjuca.webp\",\"datePublished\":\"2026-01-13T10:15:57+00:00\",\"dateModified\":\"2026-01-13T10:17:04+00:00\",\"breadcrumb\":{\"@id\":\"https:\/\/www.notibras.com\/site\/sorte-talento-e-o-pe-quente-de-lula-tambem-no-cinema\/#breadcrumb\"},\"inLanguage\":\"pt-BR\",\"potentialAction\":[{\"@type\":\"ReadAction\",\"target\":[\"https:\/\/www.notibras.com\/site\/sorte-talento-e-o-pe-quente-de-lula-tambem-no-cinema\/\"]}]},{\"@type\":\"ImageObject\",\"inLanguage\":\"pt-BR\",\"@id\":\"https:\/\/www.notibras.com\/site\/sorte-talento-e-o-pe-quente-de-lula-tambem-no-cinema\/#primaryimage\",\"url\":\"https:\/\/www.notibras.com\/site\/wp-content\/uploads\/2026\/01\/foto_o_agente_secreto_credito_victorjuca.webp\",\"contentUrl\":\"https:\/\/www.notibras.com\/site\/wp-content\/uploads\/2026\/01\/foto_o_agente_secreto_credito_victorjuca.webp\",\"width\":1170,\"height\":700},{\"@type\":\"BreadcrumbList\",\"@id\":\"https:\/\/www.notibras.com\/site\/sorte-talento-e-o-pe-quente-de-lula-tambem-no-cinema\/#breadcrumb\",\"itemListElement\":[{\"@type\":\"ListItem\",\"position\":1,\"name\":\"In\u00edcio\",\"item\":\"https:\/\/www.notibras.com\/site\/\"},{\"@type\":\"ListItem\",\"position\":2,\"name\":\"Sorte, talento e o p\u00e9 quente de Lula tamb\u00e9m no cinema\"}]},{\"@type\":\"WebSite\",\"@id\":\"https:\/\/www.notibras.com\/site\/#website\",\"url\":\"https:\/\/www.notibras.com\/site\/\",\"name\":\"Notibras\",\"description\":\"Not\u00edcias de Bras\u00edlia, do Brasil e do Mundo\",\"publisher\":{\"@id\":\"https:\/\/www.notibras.com\/site\/#organization\"},\"potentialAction\":[{\"@type\":\"SearchAction\",\"target\":{\"@type\":\"EntryPoint\",\"urlTemplate\":\"https:\/\/www.notibras.com\/site\/?s={search_term_string}\"},\"query-input\":{\"@type\":\"PropertyValueSpecification\",\"valueRequired\":true,\"valueName\":\"search_term_string\"}}],\"inLanguage\":\"pt-BR\"},{\"@type\":\"Organization\",\"@id\":\"https:\/\/www.notibras.com\/site\/#organization\",\"name\":\"Grupo Notibras de Comunica\u00e7\u00e3o\",\"url\":\"https:\/\/www.notibras.com\/site\/\",\"logo\":{\"@type\":\"ImageObject\",\"inLanguage\":\"pt-BR\",\"@id\":\"https:\/\/www.notibras.com\/site\/#\/schema\/logo\/image\/\",\"url\":\"https:\/\/www.notibras.com\/site\/wp-content\/uploads\/2023\/01\/notibras23.png\",\"contentUrl\":\"https:\/\/www.notibras.com\/site\/wp-content\/uploads\/2023\/01\/notibras23.png\",\"width\":350,\"height\":87,\"caption\":\"Grupo Notibras de Comunica\u00e7\u00e3o\"},\"image\":{\"@id\":\"https:\/\/www.notibras.com\/site\/#\/schema\/logo\/image\/\"},\"sameAs\":[\"https:\/\/www.facebook.com\/notibras\/\",\"https:\/\/x.com\/Notibras\",\"https:\/\/www.instagram.com\/notibras\/\"]},{\"@type\":\"Person\",\"@id\":\"https:\/\/www.notibras.com\/site\/#\/schema\/person\/36ab0979449956132d3e5b517ea76ac8\",\"name\":\"Reda\u00e7\u00e3o\",\"image\":{\"@type\":\"ImageObject\",\"inLanguage\":\"pt-BR\",\"@id\":\"https:\/\/secure.gravatar.com\/avatar\/e0a867bdedb85fd243eadf09663511f96fc81e0720a4a42581f334ad4303aa6b?s=96&d=mm&r=g\",\"url\":\"https:\/\/secure.gravatar.com\/avatar\/e0a867bdedb85fd243eadf09663511f96fc81e0720a4a42581f334ad4303aa6b?s=96&d=mm&r=g\",\"contentUrl\":\"https:\/\/secure.gravatar.com\/avatar\/e0a867bdedb85fd243eadf09663511f96fc81e0720a4a42581f334ad4303aa6b?s=96&d=mm&r=g\",\"caption\":\"Reda\u00e7\u00e3o\"}}]}<\/script>\n<!-- \/ Yoast SEO plugin. -->","yoast_head_json":{"title":"Sorte, talento e o p\u00e9 quente de Lula tamb\u00e9m no cinema - Notibras","robots":{"index":"index","follow":"follow","max-snippet":"max-snippet:-1","max-image-preview":"max-image-preview:large","max-video-preview":"max-video-preview:-1"},"canonical":"https:\/\/www.notibras.com\/site\/sorte-talento-e-o-pe-quente-de-lula-tambem-no-cinema\/","og_locale":"pt_BR","og_type":"article","og_title":"Sorte, talento e o p\u00e9 quente de Lula tamb\u00e9m no cinema - Notibras","og_description":"Com todo respeito aos c\u00e9ticos, aos hereges, aos invejosos e aos antipatriotas, mas, nos \u00faltimos tr\u00eas anos, nada no Brasil \u00e9 t\u00e3o bom que n\u00e3o possa melhorar. Ap\u00f3s enterrar o des\u00e2nimo, o mau humor, o rancor e o ego\u00edsmo, o brasileiro de f\u00e9, da verdade, do trabalho e da paz interior recuperou o otimismo e [&hellip;]","og_url":"https:\/\/www.notibras.com\/site\/sorte-talento-e-o-pe-quente-de-lula-tambem-no-cinema\/","og_site_name":"Notibras","article_publisher":"https:\/\/www.facebook.com\/notibras\/","article_published_time":"2026-01-13T10:15:57+00:00","article_modified_time":"2026-01-13T10:17:04+00:00","og_image":[{"width":1170,"height":700,"url":"https:\/\/www.notibras.com\/site\/wp-content\/uploads\/2026\/01\/foto_o_agente_secreto_credito_victorjuca.webp","type":"image\/webp"}],"author":"Reda\u00e7\u00e3o","twitter_card":"summary_large_image","twitter_creator":"@Notibras","twitter_site":"@Notibras","twitter_misc":{"Escrito por":"Reda\u00e7\u00e3o","Est. tempo de leitura":"4 minutos"},"schema":{"@context":"https:\/\/schema.org","@graph":[{"@type":"Article","@id":"https:\/\/www.notibras.com\/site\/sorte-talento-e-o-pe-quente-de-lula-tambem-no-cinema\/#article","isPartOf":{"@id":"https:\/\/www.notibras.com\/site\/sorte-talento-e-o-pe-quente-de-lula-tambem-no-cinema\/"},"author":{"name":"Reda\u00e7\u00e3o","@id":"https:\/\/www.notibras.com\/site\/#\/schema\/person\/36ab0979449956132d3e5b517ea76ac8"},"headline":"Sorte, talento e o p\u00e9 quente de Lula tamb\u00e9m no cinema","datePublished":"2026-01-13T10:15:57+00:00","dateModified":"2026-01-13T10:17:04+00:00","mainEntityOfPage":{"@id":"https:\/\/www.notibras.com\/site\/sorte-talento-e-o-pe-quente-de-lula-tambem-no-cinema\/"},"wordCount":735,"publisher":{"@id":"https:\/\/www.notibras.com\/site\/#organization"},"image":{"@id":"https:\/\/www.notibras.com\/site\/sorte-talento-e-o-pe-quente-de-lula-tambem-no-cinema\/#primaryimage"},"thumbnailUrl":"https:\/\/www.notibras.com\/site\/wp-content\/uploads\/2026\/01\/foto_o_agente_secreto_credito_victorjuca.webp","articleSection":["Brasil"],"inLanguage":"pt-BR"},{"@type":"WebPage","@id":"https:\/\/www.notibras.com\/site\/sorte-talento-e-o-pe-quente-de-lula-tambem-no-cinema\/","url":"https:\/\/www.notibras.com\/site\/sorte-talento-e-o-pe-quente-de-lula-tambem-no-cinema\/","name":"Sorte, talento e o p\u00e9 quente de Lula tamb\u00e9m no cinema - Notibras","isPartOf":{"@id":"https:\/\/www.notibras.com\/site\/#website"},"primaryImageOfPage":{"@id":"https:\/\/www.notibras.com\/site\/sorte-talento-e-o-pe-quente-de-lula-tambem-no-cinema\/#primaryimage"},"image":{"@id":"https:\/\/www.notibras.com\/site\/sorte-talento-e-o-pe-quente-de-lula-tambem-no-cinema\/#primaryimage"},"thumbnailUrl":"https:\/\/www.notibras.com\/site\/wp-content\/uploads\/2026\/01\/foto_o_agente_secreto_credito_victorjuca.webp","datePublished":"2026-01-13T10:15:57+00:00","dateModified":"2026-01-13T10:17:04+00:00","breadcrumb":{"@id":"https:\/\/www.notibras.com\/site\/sorte-talento-e-o-pe-quente-de-lula-tambem-no-cinema\/#breadcrumb"},"inLanguage":"pt-BR","potentialAction":[{"@type":"ReadAction","target":["https:\/\/www.notibras.com\/site\/sorte-talento-e-o-pe-quente-de-lula-tambem-no-cinema\/"]}]},{"@type":"ImageObject","inLanguage":"pt-BR","@id":"https:\/\/www.notibras.com\/site\/sorte-talento-e-o-pe-quente-de-lula-tambem-no-cinema\/#primaryimage","url":"https:\/\/www.notibras.com\/site\/wp-content\/uploads\/2026\/01\/foto_o_agente_secreto_credito_victorjuca.webp","contentUrl":"https:\/\/www.notibras.com\/site\/wp-content\/uploads\/2026\/01\/foto_o_agente_secreto_credito_victorjuca.webp","width":1170,"height":700},{"@type":"BreadcrumbList","@id":"https:\/\/www.notibras.com\/site\/sorte-talento-e-o-pe-quente-de-lula-tambem-no-cinema\/#breadcrumb","itemListElement":[{"@type":"ListItem","position":1,"name":"In\u00edcio","item":"https:\/\/www.notibras.com\/site\/"},{"@type":"ListItem","position":2,"name":"Sorte, talento e o p\u00e9 quente de Lula tamb\u00e9m no cinema"}]},{"@type":"WebSite","@id":"https:\/\/www.notibras.com\/site\/#website","url":"https:\/\/www.notibras.com\/site\/","name":"Notibras","description":"Not\u00edcias de Bras\u00edlia, do Brasil e do Mundo","publisher":{"@id":"https:\/\/www.notibras.com\/site\/#organization"},"potentialAction":[{"@type":"SearchAction","target":{"@type":"EntryPoint","urlTemplate":"https:\/\/www.notibras.com\/site\/?s={search_term_string}"},"query-input":{"@type":"PropertyValueSpecification","valueRequired":true,"valueName":"search_term_string"}}],"inLanguage":"pt-BR"},{"@type":"Organization","@id":"https:\/\/www.notibras.com\/site\/#organization","name":"Grupo Notibras de Comunica\u00e7\u00e3o","url":"https:\/\/www.notibras.com\/site\/","logo":{"@type":"ImageObject","inLanguage":"pt-BR","@id":"https:\/\/www.notibras.com\/site\/#\/schema\/logo\/image\/","url":"https:\/\/www.notibras.com\/site\/wp-content\/uploads\/2023\/01\/notibras23.png","contentUrl":"https:\/\/www.notibras.com\/site\/wp-content\/uploads\/2023\/01\/notibras23.png","width":350,"height":87,"caption":"Grupo Notibras de Comunica\u00e7\u00e3o"},"image":{"@id":"https:\/\/www.notibras.com\/site\/#\/schema\/logo\/image\/"},"sameAs":["https:\/\/www.facebook.com\/notibras\/","https:\/\/x.com\/Notibras","https:\/\/www.instagram.com\/notibras\/"]},{"@type":"Person","@id":"https:\/\/www.notibras.com\/site\/#\/schema\/person\/36ab0979449956132d3e5b517ea76ac8","name":"Reda\u00e7\u00e3o","image":{"@type":"ImageObject","inLanguage":"pt-BR","@id":"https:\/\/secure.gravatar.com\/avatar\/e0a867bdedb85fd243eadf09663511f96fc81e0720a4a42581f334ad4303aa6b?s=96&d=mm&r=g","url":"https:\/\/secure.gravatar.com\/avatar\/e0a867bdedb85fd243eadf09663511f96fc81e0720a4a42581f334ad4303aa6b?s=96&d=mm&r=g","contentUrl":"https:\/\/secure.gravatar.com\/avatar\/e0a867bdedb85fd243eadf09663511f96fc81e0720a4a42581f334ad4303aa6b?s=96&d=mm&r=g","caption":"Reda\u00e7\u00e3o"}}]}},"amp_enabled":true,"_links":{"self":[{"href":"https:\/\/www.notibras.com\/site\/wp-json\/wp\/v2\/posts\/378820","targetHints":{"allow":["GET"]}}],"collection":[{"href":"https:\/\/www.notibras.com\/site\/wp-json\/wp\/v2\/posts"}],"about":[{"href":"https:\/\/www.notibras.com\/site\/wp-json\/wp\/v2\/types\/post"}],"author":[{"embeddable":true,"href":"https:\/\/www.notibras.com\/site\/wp-json\/wp\/v2\/users\/2"}],"replies":[{"embeddable":true,"href":"https:\/\/www.notibras.com\/site\/wp-json\/wp\/v2\/comments?post=378820"}],"version-history":[{"count":2,"href":"https:\/\/www.notibras.com\/site\/wp-json\/wp\/v2\/posts\/378820\/revisions"}],"predecessor-version":[{"id":378823,"href":"https:\/\/www.notibras.com\/site\/wp-json\/wp\/v2\/posts\/378820\/revisions\/378823"}],"wp:featuredmedia":[{"embeddable":true,"href":"https:\/\/www.notibras.com\/site\/wp-json\/wp\/v2\/media\/378821"}],"wp:attachment":[{"href":"https:\/\/www.notibras.com\/site\/wp-json\/wp\/v2\/media?parent=378820"}],"wp:term":[{"taxonomy":"category","embeddable":true,"href":"https:\/\/www.notibras.com\/site\/wp-json\/wp\/v2\/categories?post=378820"},{"taxonomy":"post_tag","embeddable":true,"href":"https:\/\/www.notibras.com\/site\/wp-json\/wp\/v2\/tags?post=378820"}],"curies":[{"name":"wp","href":"https:\/\/api.w.org\/{rel}","templated":true}]}}