{"id":378824,"date":"2026-01-13T07:24:45","date_gmt":"2026-01-13T10:24:45","guid":{"rendered":"https:\/\/www.notibras.com\/site\/?p=378824"},"modified":"2026-01-13T07:24:45","modified_gmt":"2026-01-13T10:24:45","slug":"romantismo-do-idioma-ajuda-o-brasileiro-a-recriar-o-portugues","status":"publish","type":"post","link":"https:\/\/www.notibras.com\/site\/romantismo-do-idioma-ajuda-o-brasileiro-a-recriar-o-portugues\/","title":{"rendered":"Romantismo do idioma ajuda o brasileiro a recriar o portugu\u00eas"},"content":{"rendered":"<p>Pr\u00f3pria, independente, a l\u00edngua portuguesa \u00e9 formada da mistura de muito latim vulgar com o \u00e1rabe. Originada no galego-portugu\u00eas falado no Reino da Galiza e no Norte de Portugal, o idioma \u00e9 usado, al\u00e9m de Portugal e do Brasil, em outros sete pa\u00edses africanos. Rica e com enorme variedade de sons, \u00e9 comum encontrar palavras que embolam a l\u00edngua e produzem ecos interessantes. Considerado um idioma rom\u00e2ntico, o portugu\u00eas certamente j\u00e1 provocou risadas em muitos dos quase 300 milh\u00f5es de falantes, inclusive os 213 milh\u00f5es de brasileiros. Usadas no cotidiano, palavras incomuns com fon\u00e9tica estranha podem dar origem a engra\u00e7adas com\u00e9dias, principalmente se faladas com \u00eanfase.<\/p>\n<p>As nuances lingu\u00edsticas dos pa\u00edses de l\u00edngua portuguesa s\u00e3o interessantes. No entanto, nada se compara \u00e0 facilidade do brasileiro para diariamente criar palavras ou express\u00f5es novas para designar um novo conceito ou objeto. S\u00e3o os chamados neologismos. E n\u00e3o importa que os \u201ccriadores\u201d n\u00e3o tenham cultura ou conhecimento de l\u00e9xica, sem\u00e2ntica ou sintaxe. Importante \u00e9 e ter criatividade. Googlar, shippar, deletar, linkar, escanear, debo\u00edsmo, internet\u00eas, empoderar, zebrar, kd, tbm e hj n\u00e3o s\u00e3o termos do meu tempo. Na minha inf\u00e2ncia e juventude, \u00e9ramos mais pragm\u00e1ticos e muito menos americanizados. Por isso, levei meses (acho que anos) para assimil\u00e1-los e internaliz\u00e1-los. Ainda hoje apanho quando os ou\u00e7o nas ruas.<\/p>\n<p>E \u00e9 nas ruas onde a gente aprende o verdadeiro portugu\u00eas usual. Na academia, tomamos conhecimento da l\u00edngua para concursos, reda\u00e7\u00f5es, discursos e embates entre pol\u00edticos, artistas e intelectuais. \u00c9 claro que nem todos alcan\u00e7am o estrelato. N\u00e3o sei o que significa o termo nos sal\u00f5es religiosos, mas, desde menino, aprendi, por exemplo, que pirocar nada tem a ver com a sali\u00eancia, com fornicar, com obscenidade ou vulgarismo. Trata-se de um verbo transitivo direto, que quer dizer t\u00e3o somente perder a casca, o pelo ou o cabelo, isto \u00e9, encalvecer. Obviamente que o contexto \u00e9 que define se determinada palavra \u00e9 uma profanidade, um xingamento ou palavr\u00e3o, tamb\u00e9m conhecido nos lares mais conservadores como baixo cal\u00e3o.<\/p>\n<p>O melhor do portugu\u00eas do Brasil s\u00e3o as express\u00f5es seculares com roupagens e sentidos populares e atualizados de acordo com a regi\u00e3o. Sem nove horas, aperreios e longe de pensar na morte da bezerra, qual de n\u00f3s nunca encheu o boga de cana antes de enfrentar a pororoca, apelidada pelas dirigentes das boas casas do ramo por Judite, Aranha, Perseguida ou Passarinha. Melhor \u00e9 eufemisticamente alcunhar o sujeito reprodutor de Calabreso, Mussarelo, Til\u00e1pio, Ludmilo, Madonno ou Panqueco. Seja l\u00e1 o nome que queiram dar ao que quiserem, bonito \u00e9 a forma encontrada pelo brasileiro para minimizar a m\u00e1 sorte, a pouca valia, o feiti\u00e7o, a fal\u00eancia, a comida malfeita, os exageros, os chiliques e a comida ruim, entre outros.<\/p>\n<p>N\u00e3o necessariamente nessa ordem, essas express\u00f5es podem ser substitu\u00eddas pelos termos mequetrefe, salamaleque, piripaque, serelepe, bugiganga, quinquilharia, belel\u00e9u, balacobaco, faniquito, quiproqu\u00f3, ziquizira, zunzunzum, chumbrega, tribufu, bulhufas, espelunca, gororoba, mixiruca, pinda\u00edba, sacripanta, songamonga, urucubaca, xexelento, bufarinha, espiroqueta, estramb\u00f3tico e estrogon\u00f3fico. Apesar de toda a riqueza lingu\u00edstica, curiosamente o portugu\u00eas n\u00e3o faz parte dos idiomas oficiais da Unesco. Dizem as m\u00e1s l\u00ednguas que \u00e9 tudo culpa do portugu\u00eas da terra de Cam\u00f5es, onde a fila \u00e9 bicha, o entendido \u00e9 paneleiro, a calcinha \u00e9 cueca, o pedestre \u00e9 pe\u00e3o, o cafezinho \u00e9 bica, o xaveco (cantada) \u00e9 piropo, bater as botas \u00e9 dar o peido mestre, crian\u00e7a \u00e9 puto e, o pior deles, inje\u00e7\u00e3o nas n\u00e1degas \u00e9 pica no toba. A turma da Unesco se sentiu ofendida. Curioso \u00e9 que a sede da entidade \u00e9 em Paris, onde chamam pesco\u00e7o de cou.<\/p>\n<p>&#8230;&#8230;&#8230;..<\/p>\n<p><strong>Wenceslau Ara\u00fajo \u00e9 Editor-Chefe de Notibras<\/strong><\/p>\n","protected":false},"excerpt":{"rendered":"<p>Pr\u00f3pria, independente, a l\u00edngua portuguesa \u00e9 formada da mistura de muito latim vulgar com o \u00e1rabe. Originada no galego-portugu\u00eas falado no Reino da Galiza e no Norte de Portugal, o idioma \u00e9 usado, al\u00e9m de Portugal e do Brasil, em outros sete pa\u00edses africanos. Rica e com enorme variedade de sons, \u00e9 comum encontrar palavras [&hellip;]<\/p>\n","protected":false},"author":2,"featured_media":378825,"comment_status":"closed","ping_status":"closed","sticky":false,"template":"","format":"standard","meta":{"_acf_changed":false,"footnotes":""},"categories":[155],"tags":[],"class_list":["post-378824","post","type-post","status-publish","format-standard","has-post-thumbnail","hentry","category-leitura-vip"],"acf":[],"yoast_head":"<!-- This site is optimized with the Yoast SEO plugin v27.2 - https:\/\/yoast.com\/product\/yoast-seo-wordpress\/ -->\n<title>Romantismo do idioma ajuda o brasileiro a recriar o portugu\u00eas - Notibras<\/title>\n<meta name=\"robots\" content=\"index, follow, max-snippet:-1, max-image-preview:large, max-video-preview:-1\" \/>\n<link rel=\"canonical\" href=\"https:\/\/www.notibras.com\/site\/romantismo-do-idioma-ajuda-o-brasileiro-a-recriar-o-portugues\/\" \/>\n<meta property=\"og:locale\" content=\"pt_BR\" \/>\n<meta property=\"og:type\" content=\"article\" \/>\n<meta property=\"og:title\" content=\"Romantismo do idioma ajuda o brasileiro a recriar o portugu\u00eas - Notibras\" \/>\n<meta property=\"og:description\" content=\"Pr\u00f3pria, independente, a l\u00edngua portuguesa \u00e9 formada da mistura de muito latim vulgar com o \u00e1rabe. Originada no galego-portugu\u00eas falado no Reino da Galiza e no Norte de Portugal, o idioma \u00e9 usado, al\u00e9m de Portugal e do Brasil, em outros sete pa\u00edses africanos. Rica e com enorme variedade de sons, \u00e9 comum encontrar palavras [&hellip;]\" \/>\n<meta property=\"og:url\" content=\"https:\/\/www.notibras.com\/site\/romantismo-do-idioma-ajuda-o-brasileiro-a-recriar-o-portugues\/\" \/>\n<meta property=\"og:site_name\" content=\"Notibras\" \/>\n<meta property=\"article:publisher\" content=\"https:\/\/www.facebook.com\/notibras\/\" \/>\n<meta property=\"article:published_time\" content=\"2026-01-13T10:24:45+00:00\" \/>\n<meta property=\"og:image\" content=\"https:\/\/www.notibras.com\/site\/wp-content\/uploads\/2026\/01\/1154e016-f75e-4fef-b5d4-0fd4f2e3bb0a-683x1024.png\" \/>\n\t<meta property=\"og:image:width\" content=\"683\" \/>\n\t<meta property=\"og:image:height\" content=\"1024\" \/>\n\t<meta property=\"og:image:type\" content=\"image\/png\" \/>\n<meta name=\"author\" content=\"Reda\u00e7\u00e3o\" \/>\n<meta name=\"twitter:card\" content=\"summary_large_image\" \/>\n<meta name=\"twitter:creator\" content=\"@Notibras\" \/>\n<meta name=\"twitter:site\" content=\"@Notibras\" \/>\n<meta name=\"twitter:label1\" content=\"Escrito por\" \/>\n\t<meta name=\"twitter:data1\" content=\"Reda\u00e7\u00e3o\" \/>\n\t<meta name=\"twitter:label2\" content=\"Est. tempo de leitura\" \/>\n\t<meta name=\"twitter:data2\" content=\"4 minutos\" \/>\n<script type=\"application\/ld+json\" class=\"yoast-schema-graph\">{\"@context\":\"https:\/\/schema.org\",\"@graph\":[{\"@type\":\"Article\",\"@id\":\"https:\/\/www.notibras.com\/site\/romantismo-do-idioma-ajuda-o-brasileiro-a-recriar-o-portugues\/#article\",\"isPartOf\":{\"@id\":\"https:\/\/www.notibras.com\/site\/romantismo-do-idioma-ajuda-o-brasileiro-a-recriar-o-portugues\/\"},\"author\":{\"name\":\"Reda\u00e7\u00e3o\",\"@id\":\"https:\/\/www.notibras.com\/site\/#\/schema\/person\/36ab0979449956132d3e5b517ea76ac8\"},\"headline\":\"Romantismo do idioma ajuda o brasileiro a recriar o portugu\u00eas\",\"datePublished\":\"2026-01-13T10:24:45+00:00\",\"mainEntityOfPage\":{\"@id\":\"https:\/\/www.notibras.com\/site\/romantismo-do-idioma-ajuda-o-brasileiro-a-recriar-o-portugues\/\"},\"wordCount\":651,\"publisher\":{\"@id\":\"https:\/\/www.notibras.com\/site\/#organization\"},\"image\":{\"@id\":\"https:\/\/www.notibras.com\/site\/romantismo-do-idioma-ajuda-o-brasileiro-a-recriar-o-portugues\/#primaryimage\"},\"thumbnailUrl\":\"https:\/\/www.notibras.com\/site\/wp-content\/uploads\/2026\/01\/1154e016-f75e-4fef-b5d4-0fd4f2e3bb0a.png\",\"articleSection\":[\"Leitura Vip\"],\"inLanguage\":\"pt-BR\"},{\"@type\":\"WebPage\",\"@id\":\"https:\/\/www.notibras.com\/site\/romantismo-do-idioma-ajuda-o-brasileiro-a-recriar-o-portugues\/\",\"url\":\"https:\/\/www.notibras.com\/site\/romantismo-do-idioma-ajuda-o-brasileiro-a-recriar-o-portugues\/\",\"name\":\"Romantismo do idioma ajuda o brasileiro a recriar o portugu\u00eas - Notibras\",\"isPartOf\":{\"@id\":\"https:\/\/www.notibras.com\/site\/#website\"},\"primaryImageOfPage\":{\"@id\":\"https:\/\/www.notibras.com\/site\/romantismo-do-idioma-ajuda-o-brasileiro-a-recriar-o-portugues\/#primaryimage\"},\"image\":{\"@id\":\"https:\/\/www.notibras.com\/site\/romantismo-do-idioma-ajuda-o-brasileiro-a-recriar-o-portugues\/#primaryimage\"},\"thumbnailUrl\":\"https:\/\/www.notibras.com\/site\/wp-content\/uploads\/2026\/01\/1154e016-f75e-4fef-b5d4-0fd4f2e3bb0a.png\",\"datePublished\":\"2026-01-13T10:24:45+00:00\",\"breadcrumb\":{\"@id\":\"https:\/\/www.notibras.com\/site\/romantismo-do-idioma-ajuda-o-brasileiro-a-recriar-o-portugues\/#breadcrumb\"},\"inLanguage\":\"pt-BR\",\"potentialAction\":[{\"@type\":\"ReadAction\",\"target\":[\"https:\/\/www.notibras.com\/site\/romantismo-do-idioma-ajuda-o-brasileiro-a-recriar-o-portugues\/\"]}]},{\"@type\":\"ImageObject\",\"inLanguage\":\"pt-BR\",\"@id\":\"https:\/\/www.notibras.com\/site\/romantismo-do-idioma-ajuda-o-brasileiro-a-recriar-o-portugues\/#primaryimage\",\"url\":\"https:\/\/www.notibras.com\/site\/wp-content\/uploads\/2026\/01\/1154e016-f75e-4fef-b5d4-0fd4f2e3bb0a.png\",\"contentUrl\":\"https:\/\/www.notibras.com\/site\/wp-content\/uploads\/2026\/01\/1154e016-f75e-4fef-b5d4-0fd4f2e3bb0a.png\",\"width\":1024,\"height\":1536},{\"@type\":\"BreadcrumbList\",\"@id\":\"https:\/\/www.notibras.com\/site\/romantismo-do-idioma-ajuda-o-brasileiro-a-recriar-o-portugues\/#breadcrumb\",\"itemListElement\":[{\"@type\":\"ListItem\",\"position\":1,\"name\":\"In\u00edcio\",\"item\":\"https:\/\/www.notibras.com\/site\/\"},{\"@type\":\"ListItem\",\"position\":2,\"name\":\"Romantismo do idioma ajuda o brasileiro a recriar o portugu\u00eas\"}]},{\"@type\":\"WebSite\",\"@id\":\"https:\/\/www.notibras.com\/site\/#website\",\"url\":\"https:\/\/www.notibras.com\/site\/\",\"name\":\"Notibras\",\"description\":\"Not\u00edcias de Bras\u00edlia, do Brasil e do Mundo\",\"publisher\":{\"@id\":\"https:\/\/www.notibras.com\/site\/#organization\"},\"potentialAction\":[{\"@type\":\"SearchAction\",\"target\":{\"@type\":\"EntryPoint\",\"urlTemplate\":\"https:\/\/www.notibras.com\/site\/?s={search_term_string}\"},\"query-input\":{\"@type\":\"PropertyValueSpecification\",\"valueRequired\":true,\"valueName\":\"search_term_string\"}}],\"inLanguage\":\"pt-BR\"},{\"@type\":\"Organization\",\"@id\":\"https:\/\/www.notibras.com\/site\/#organization\",\"name\":\"Grupo Notibras de Comunica\u00e7\u00e3o\",\"url\":\"https:\/\/www.notibras.com\/site\/\",\"logo\":{\"@type\":\"ImageObject\",\"inLanguage\":\"pt-BR\",\"@id\":\"https:\/\/www.notibras.com\/site\/#\/schema\/logo\/image\/\",\"url\":\"https:\/\/www.notibras.com\/site\/wp-content\/uploads\/2023\/01\/notibras23.png\",\"contentUrl\":\"https:\/\/www.notibras.com\/site\/wp-content\/uploads\/2023\/01\/notibras23.png\",\"width\":350,\"height\":87,\"caption\":\"Grupo Notibras de Comunica\u00e7\u00e3o\"},\"image\":{\"@id\":\"https:\/\/www.notibras.com\/site\/#\/schema\/logo\/image\/\"},\"sameAs\":[\"https:\/\/www.facebook.com\/notibras\/\",\"https:\/\/x.com\/Notibras\",\"https:\/\/www.instagram.com\/notibras\/\"]},{\"@type\":\"Person\",\"@id\":\"https:\/\/www.notibras.com\/site\/#\/schema\/person\/36ab0979449956132d3e5b517ea76ac8\",\"name\":\"Reda\u00e7\u00e3o\",\"image\":{\"@type\":\"ImageObject\",\"inLanguage\":\"pt-BR\",\"@id\":\"https:\/\/secure.gravatar.com\/avatar\/e0a867bdedb85fd243eadf09663511f96fc81e0720a4a42581f334ad4303aa6b?s=96&d=mm&r=g\",\"url\":\"https:\/\/secure.gravatar.com\/avatar\/e0a867bdedb85fd243eadf09663511f96fc81e0720a4a42581f334ad4303aa6b?s=96&d=mm&r=g\",\"contentUrl\":\"https:\/\/secure.gravatar.com\/avatar\/e0a867bdedb85fd243eadf09663511f96fc81e0720a4a42581f334ad4303aa6b?s=96&d=mm&r=g\",\"caption\":\"Reda\u00e7\u00e3o\"}}]}<\/script>\n<!-- \/ Yoast SEO plugin. -->","yoast_head_json":{"title":"Romantismo do idioma ajuda o brasileiro a recriar o portugu\u00eas - Notibras","robots":{"index":"index","follow":"follow","max-snippet":"max-snippet:-1","max-image-preview":"max-image-preview:large","max-video-preview":"max-video-preview:-1"},"canonical":"https:\/\/www.notibras.com\/site\/romantismo-do-idioma-ajuda-o-brasileiro-a-recriar-o-portugues\/","og_locale":"pt_BR","og_type":"article","og_title":"Romantismo do idioma ajuda o brasileiro a recriar o portugu\u00eas - Notibras","og_description":"Pr\u00f3pria, independente, a l\u00edngua portuguesa \u00e9 formada da mistura de muito latim vulgar com o \u00e1rabe. Originada no galego-portugu\u00eas falado no Reino da Galiza e no Norte de Portugal, o idioma \u00e9 usado, al\u00e9m de Portugal e do Brasil, em outros sete pa\u00edses africanos. Rica e com enorme variedade de sons, \u00e9 comum encontrar palavras [&hellip;]","og_url":"https:\/\/www.notibras.com\/site\/romantismo-do-idioma-ajuda-o-brasileiro-a-recriar-o-portugues\/","og_site_name":"Notibras","article_publisher":"https:\/\/www.facebook.com\/notibras\/","article_published_time":"2026-01-13T10:24:45+00:00","og_image":[{"width":683,"height":1024,"url":"https:\/\/www.notibras.com\/site\/wp-content\/uploads\/2026\/01\/1154e016-f75e-4fef-b5d4-0fd4f2e3bb0a-683x1024.png","type":"image\/png"}],"author":"Reda\u00e7\u00e3o","twitter_card":"summary_large_image","twitter_creator":"@Notibras","twitter_site":"@Notibras","twitter_misc":{"Escrito por":"Reda\u00e7\u00e3o","Est. tempo de leitura":"4 minutos"},"schema":{"@context":"https:\/\/schema.org","@graph":[{"@type":"Article","@id":"https:\/\/www.notibras.com\/site\/romantismo-do-idioma-ajuda-o-brasileiro-a-recriar-o-portugues\/#article","isPartOf":{"@id":"https:\/\/www.notibras.com\/site\/romantismo-do-idioma-ajuda-o-brasileiro-a-recriar-o-portugues\/"},"author":{"name":"Reda\u00e7\u00e3o","@id":"https:\/\/www.notibras.com\/site\/#\/schema\/person\/36ab0979449956132d3e5b517ea76ac8"},"headline":"Romantismo do idioma ajuda o brasileiro a recriar o portugu\u00eas","datePublished":"2026-01-13T10:24:45+00:00","mainEntityOfPage":{"@id":"https:\/\/www.notibras.com\/site\/romantismo-do-idioma-ajuda-o-brasileiro-a-recriar-o-portugues\/"},"wordCount":651,"publisher":{"@id":"https:\/\/www.notibras.com\/site\/#organization"},"image":{"@id":"https:\/\/www.notibras.com\/site\/romantismo-do-idioma-ajuda-o-brasileiro-a-recriar-o-portugues\/#primaryimage"},"thumbnailUrl":"https:\/\/www.notibras.com\/site\/wp-content\/uploads\/2026\/01\/1154e016-f75e-4fef-b5d4-0fd4f2e3bb0a.png","articleSection":["Leitura Vip"],"inLanguage":"pt-BR"},{"@type":"WebPage","@id":"https:\/\/www.notibras.com\/site\/romantismo-do-idioma-ajuda-o-brasileiro-a-recriar-o-portugues\/","url":"https:\/\/www.notibras.com\/site\/romantismo-do-idioma-ajuda-o-brasileiro-a-recriar-o-portugues\/","name":"Romantismo do idioma ajuda o brasileiro a recriar o portugu\u00eas - Notibras","isPartOf":{"@id":"https:\/\/www.notibras.com\/site\/#website"},"primaryImageOfPage":{"@id":"https:\/\/www.notibras.com\/site\/romantismo-do-idioma-ajuda-o-brasileiro-a-recriar-o-portugues\/#primaryimage"},"image":{"@id":"https:\/\/www.notibras.com\/site\/romantismo-do-idioma-ajuda-o-brasileiro-a-recriar-o-portugues\/#primaryimage"},"thumbnailUrl":"https:\/\/www.notibras.com\/site\/wp-content\/uploads\/2026\/01\/1154e016-f75e-4fef-b5d4-0fd4f2e3bb0a.png","datePublished":"2026-01-13T10:24:45+00:00","breadcrumb":{"@id":"https:\/\/www.notibras.com\/site\/romantismo-do-idioma-ajuda-o-brasileiro-a-recriar-o-portugues\/#breadcrumb"},"inLanguage":"pt-BR","potentialAction":[{"@type":"ReadAction","target":["https:\/\/www.notibras.com\/site\/romantismo-do-idioma-ajuda-o-brasileiro-a-recriar-o-portugues\/"]}]},{"@type":"ImageObject","inLanguage":"pt-BR","@id":"https:\/\/www.notibras.com\/site\/romantismo-do-idioma-ajuda-o-brasileiro-a-recriar-o-portugues\/#primaryimage","url":"https:\/\/www.notibras.com\/site\/wp-content\/uploads\/2026\/01\/1154e016-f75e-4fef-b5d4-0fd4f2e3bb0a.png","contentUrl":"https:\/\/www.notibras.com\/site\/wp-content\/uploads\/2026\/01\/1154e016-f75e-4fef-b5d4-0fd4f2e3bb0a.png","width":1024,"height":1536},{"@type":"BreadcrumbList","@id":"https:\/\/www.notibras.com\/site\/romantismo-do-idioma-ajuda-o-brasileiro-a-recriar-o-portugues\/#breadcrumb","itemListElement":[{"@type":"ListItem","position":1,"name":"In\u00edcio","item":"https:\/\/www.notibras.com\/site\/"},{"@type":"ListItem","position":2,"name":"Romantismo do idioma ajuda o brasileiro a recriar o portugu\u00eas"}]},{"@type":"WebSite","@id":"https:\/\/www.notibras.com\/site\/#website","url":"https:\/\/www.notibras.com\/site\/","name":"Notibras","description":"Not\u00edcias de Bras\u00edlia, do Brasil e do Mundo","publisher":{"@id":"https:\/\/www.notibras.com\/site\/#organization"},"potentialAction":[{"@type":"SearchAction","target":{"@type":"EntryPoint","urlTemplate":"https:\/\/www.notibras.com\/site\/?s={search_term_string}"},"query-input":{"@type":"PropertyValueSpecification","valueRequired":true,"valueName":"search_term_string"}}],"inLanguage":"pt-BR"},{"@type":"Organization","@id":"https:\/\/www.notibras.com\/site\/#organization","name":"Grupo Notibras de Comunica\u00e7\u00e3o","url":"https:\/\/www.notibras.com\/site\/","logo":{"@type":"ImageObject","inLanguage":"pt-BR","@id":"https:\/\/www.notibras.com\/site\/#\/schema\/logo\/image\/","url":"https:\/\/www.notibras.com\/site\/wp-content\/uploads\/2023\/01\/notibras23.png","contentUrl":"https:\/\/www.notibras.com\/site\/wp-content\/uploads\/2023\/01\/notibras23.png","width":350,"height":87,"caption":"Grupo Notibras de Comunica\u00e7\u00e3o"},"image":{"@id":"https:\/\/www.notibras.com\/site\/#\/schema\/logo\/image\/"},"sameAs":["https:\/\/www.facebook.com\/notibras\/","https:\/\/x.com\/Notibras","https:\/\/www.instagram.com\/notibras\/"]},{"@type":"Person","@id":"https:\/\/www.notibras.com\/site\/#\/schema\/person\/36ab0979449956132d3e5b517ea76ac8","name":"Reda\u00e7\u00e3o","image":{"@type":"ImageObject","inLanguage":"pt-BR","@id":"https:\/\/secure.gravatar.com\/avatar\/e0a867bdedb85fd243eadf09663511f96fc81e0720a4a42581f334ad4303aa6b?s=96&d=mm&r=g","url":"https:\/\/secure.gravatar.com\/avatar\/e0a867bdedb85fd243eadf09663511f96fc81e0720a4a42581f334ad4303aa6b?s=96&d=mm&r=g","contentUrl":"https:\/\/secure.gravatar.com\/avatar\/e0a867bdedb85fd243eadf09663511f96fc81e0720a4a42581f334ad4303aa6b?s=96&d=mm&r=g","caption":"Reda\u00e7\u00e3o"}}]}},"amp_enabled":true,"_links":{"self":[{"href":"https:\/\/www.notibras.com\/site\/wp-json\/wp\/v2\/posts\/378824","targetHints":{"allow":["GET"]}}],"collection":[{"href":"https:\/\/www.notibras.com\/site\/wp-json\/wp\/v2\/posts"}],"about":[{"href":"https:\/\/www.notibras.com\/site\/wp-json\/wp\/v2\/types\/post"}],"author":[{"embeddable":true,"href":"https:\/\/www.notibras.com\/site\/wp-json\/wp\/v2\/users\/2"}],"replies":[{"embeddable":true,"href":"https:\/\/www.notibras.com\/site\/wp-json\/wp\/v2\/comments?post=378824"}],"version-history":[{"count":1,"href":"https:\/\/www.notibras.com\/site\/wp-json\/wp\/v2\/posts\/378824\/revisions"}],"predecessor-version":[{"id":378826,"href":"https:\/\/www.notibras.com\/site\/wp-json\/wp\/v2\/posts\/378824\/revisions\/378826"}],"wp:featuredmedia":[{"embeddable":true,"href":"https:\/\/www.notibras.com\/site\/wp-json\/wp\/v2\/media\/378825"}],"wp:attachment":[{"href":"https:\/\/www.notibras.com\/site\/wp-json\/wp\/v2\/media?parent=378824"}],"wp:term":[{"taxonomy":"category","embeddable":true,"href":"https:\/\/www.notibras.com\/site\/wp-json\/wp\/v2\/categories?post=378824"},{"taxonomy":"post_tag","embeddable":true,"href":"https:\/\/www.notibras.com\/site\/wp-json\/wp\/v2\/tags?post=378824"}],"curies":[{"name":"wp","href":"https:\/\/api.w.org\/{rel}","templated":true}]}}