{"id":378827,"date":"2026-01-13T00:00:04","date_gmt":"2026-01-13T03:00:04","guid":{"rendered":"https:\/\/www.notibras.com\/site\/?p=378827"},"modified":"2026-01-13T07:32:24","modified_gmt":"2026-01-13T10:32:24","slug":"teto-do-seguro-desemprego-sobe-para-2-mil-518-reais","status":"publish","type":"post","link":"https:\/\/www.notibras.com\/site\/teto-do-seguro-desemprego-sobe-para-2-mil-518-reais\/","title":{"rendered":"Teto do seguro-desemprego sobe para 2 mil 518 reais"},"content":{"rendered":"<p>O trabalhador demitido sem justa causa est\u00e1 recebendo mais seguro-desemprego. A tabela das faixas salariais usadas para calcular o valor da parcela seguiu o \u00cdndice Nacional de Pre\u00e7os ao Consumidor (INPC) e foi reajustada em 3,9%.<\/p>\n<p>Com a corre\u00e7\u00e3o, o valor m\u00e1ximo do seguro-desemprego subir\u00e1 de R$ 2.424,11 para R$ 2.518,65, diferen\u00e7a de R$ 94,54. O piso segue a varia\u00e7\u00e3o do sal\u00e1rio m\u00ednimo e aumenta de R$ 1.518 para R$ 1.621. Os novos montantes valem tanto para quem recebe o seguro-desemprego como para quem ainda dar\u00e1 entrada no pedido.<\/p>\n<p>A parcela do seguro-desemprego \u00e9 calculada com base na m\u00e9dia das tr\u00eas \u00faltimas remunera\u00e7\u00f5es do trabalhador antes da demiss\u00e3o. Ap\u00f3s a corre\u00e7\u00e3o das faixas salariais, o benef\u00edcio ser\u00e1 definido da seguinte forma:<\/p>\n<p><strong>Direitos<\/strong><br \/>\nPago ao trabalhador com carteira assinada dispensado sem justa causa, o seguro-desemprego tem de tr\u00eas a cinco parcelas, que dependem do n\u00famero de meses trabalhados no emprego anterior e do n\u00famero de pedidos do benef\u00edcio. O benef\u00edcio pode ser requerido por meio do Portal Emprega Brasil, do Minist\u00e9rio do Trabalho e Emprego.<\/p>\n<p>Para ter direito ao seguro-desemprego, o trabalhador deve cumprir os seguintes requisitos:<\/p>\n<p>\u2022 Ter sido dispensado sem justa causa;<\/p>\n<p>\u2022 Estar desempregado, quando do requerimento do benef\u00edcio;<\/p>\n<p>\u2022 Ter recebido sal\u00e1rios de pessoa jur\u00eddica ou pessoa f\u00edsica equiparada \u00e0 jur\u00eddica (inscrita em cadastro espec\u00edfico da Previd\u00eancia Social) relativos a:<br \/>\n\u2013 pelo menos 12 meses nos \u00faltimos 18 meses imediatamente anteriores \u00e0 data de dispensa, no primeiro pedido;<br \/>\n\u2013 pelo menos nove meses nos \u00faltimos 12 meses imediatamente anteriores \u00e0 data de dispensa, no segundo pedido; e<br \/>\n\u2013 cada um dos seis meses imediatamente anteriores \u00e0 data de dispensa, nos demais pedidos;<\/p>\n<p>\u2022 N\u00e3o ter renda pr\u00f3pria para o seu sustento e de sua fam\u00edlia;<\/p>\n<p>\u2022 N\u00e3o estar recebendo benef\u00edcio de presta\u00e7\u00e3o continuada da Previd\u00eancia Social, exceto pens\u00e3o por morte ou aux\u00edlio-acidente.<\/p>\n<p>O trabalhador n\u00e3o pode ter outro v\u00ednculo empregat\u00edcio. O prazo para fazer o pedido varia entre o s\u00e9timo e o 120\u00ba dia da demiss\u00e3o, para trabalhadores formais, e entre o s\u00e9timo e o 90\u00ba dia, para empregados dom\u00e9sticos.<\/p>\n","protected":false},"excerpt":{"rendered":"<p>O trabalhador demitido sem justa causa est\u00e1 recebendo mais seguro-desemprego. A tabela das faixas salariais usadas para calcular o valor da parcela seguiu o \u00cdndice Nacional de Pre\u00e7os ao Consumidor (INPC) e foi reajustada em 3,9%. Com a corre\u00e7\u00e3o, o valor m\u00e1ximo do seguro-desemprego subir\u00e1 de R$ 2.424,11 para R$ 2.518,65, diferen\u00e7a de R$ 94,54. [&hellip;]<\/p>\n","protected":false},"author":2,"featured_media":378828,"comment_status":"closed","ping_status":"closed","sticky":false,"template":"","format":"standard","meta":{"_acf_changed":false,"footnotes":""},"categories":[16],"tags":[],"class_list":["post-378827","post","type-post","status-publish","format-standard","has-post-thumbnail","hentry","category-brasil"],"acf":[],"yoast_head":"<!-- This site is optimized with the Yoast SEO plugin v27.2 - https:\/\/yoast.com\/product\/yoast-seo-wordpress\/ -->\n<title>Teto do seguro-desemprego sobe para 2 mil 518 reais - Notibras<\/title>\n<meta name=\"robots\" content=\"index, follow, max-snippet:-1, max-image-preview:large, max-video-preview:-1\" \/>\n<link rel=\"canonical\" href=\"https:\/\/www.notibras.com\/site\/teto-do-seguro-desemprego-sobe-para-2-mil-518-reais\/\" \/>\n<meta property=\"og:locale\" content=\"pt_BR\" \/>\n<meta property=\"og:type\" content=\"article\" \/>\n<meta property=\"og:title\" content=\"Teto do seguro-desemprego sobe para 2 mil 518 reais - Notibras\" \/>\n<meta property=\"og:description\" content=\"O trabalhador demitido sem justa causa est\u00e1 recebendo mais seguro-desemprego. A tabela das faixas salariais usadas para calcular o valor da parcela seguiu o \u00cdndice Nacional de Pre\u00e7os ao Consumidor (INPC) e foi reajustada em 3,9%. Com a corre\u00e7\u00e3o, o valor m\u00e1ximo do seguro-desemprego subir\u00e1 de R$ 2.424,11 para R$ 2.518,65, diferen\u00e7a de R$ 94,54. [&hellip;]\" \/>\n<meta property=\"og:url\" content=\"https:\/\/www.notibras.com\/site\/teto-do-seguro-desemprego-sobe-para-2-mil-518-reais\/\" \/>\n<meta property=\"og:site_name\" content=\"Notibras\" \/>\n<meta property=\"article:publisher\" content=\"https:\/\/www.facebook.com\/notibras\/\" \/>\n<meta property=\"article:published_time\" content=\"2026-01-13T03:00:04+00:00\" \/>\n<meta property=\"article:modified_time\" content=\"2026-01-13T10:32:24+00:00\" \/>\n<meta property=\"og:image\" content=\"https:\/\/www.notibras.com\/site\/wp-content\/uploads\/2026\/01\/real_moeda_dinheiro_mcajr_2904223667-1.webp\" \/>\n\t<meta property=\"og:image:width\" content=\"1170\" \/>\n\t<meta property=\"og:image:height\" content=\"700\" \/>\n\t<meta property=\"og:image:type\" content=\"image\/webp\" \/>\n<meta name=\"author\" content=\"Reda\u00e7\u00e3o\" \/>\n<meta name=\"twitter:card\" content=\"summary_large_image\" \/>\n<meta name=\"twitter:creator\" content=\"@Notibras\" \/>\n<meta name=\"twitter:site\" content=\"@Notibras\" \/>\n<meta name=\"twitter:label1\" content=\"Escrito por\" \/>\n\t<meta name=\"twitter:data1\" content=\"Reda\u00e7\u00e3o\" \/>\n\t<meta name=\"twitter:label2\" content=\"Est. tempo de leitura\" \/>\n\t<meta name=\"twitter:data2\" content=\"3 minutos\" \/>\n<script type=\"application\/ld+json\" class=\"yoast-schema-graph\">{\"@context\":\"https:\/\/schema.org\",\"@graph\":[{\"@type\":\"Article\",\"@id\":\"https:\/\/www.notibras.com\/site\/teto-do-seguro-desemprego-sobe-para-2-mil-518-reais\/#article\",\"isPartOf\":{\"@id\":\"https:\/\/www.notibras.com\/site\/teto-do-seguro-desemprego-sobe-para-2-mil-518-reais\/\"},\"author\":{\"name\":\"Reda\u00e7\u00e3o\",\"@id\":\"https:\/\/www.notibras.com\/site\/#\/schema\/person\/36ab0979449956132d3e5b517ea76ac8\"},\"headline\":\"Teto do seguro-desemprego sobe para 2 mil 518 reais\",\"datePublished\":\"2026-01-13T03:00:04+00:00\",\"dateModified\":\"2026-01-13T10:32:24+00:00\",\"mainEntityOfPage\":{\"@id\":\"https:\/\/www.notibras.com\/site\/teto-do-seguro-desemprego-sobe-para-2-mil-518-reais\/\"},\"wordCount\":369,\"publisher\":{\"@id\":\"https:\/\/www.notibras.com\/site\/#organization\"},\"image\":{\"@id\":\"https:\/\/www.notibras.com\/site\/teto-do-seguro-desemprego-sobe-para-2-mil-518-reais\/#primaryimage\"},\"thumbnailUrl\":\"https:\/\/www.notibras.com\/site\/wp-content\/uploads\/2026\/01\/real_moeda_dinheiro_mcajr_2904223667-1.webp\",\"articleSection\":[\"Brasil\"],\"inLanguage\":\"pt-BR\"},{\"@type\":\"WebPage\",\"@id\":\"https:\/\/www.notibras.com\/site\/teto-do-seguro-desemprego-sobe-para-2-mil-518-reais\/\",\"url\":\"https:\/\/www.notibras.com\/site\/teto-do-seguro-desemprego-sobe-para-2-mil-518-reais\/\",\"name\":\"Teto do seguro-desemprego sobe para 2 mil 518 reais - Notibras\",\"isPartOf\":{\"@id\":\"https:\/\/www.notibras.com\/site\/#website\"},\"primaryImageOfPage\":{\"@id\":\"https:\/\/www.notibras.com\/site\/teto-do-seguro-desemprego-sobe-para-2-mil-518-reais\/#primaryimage\"},\"image\":{\"@id\":\"https:\/\/www.notibras.com\/site\/teto-do-seguro-desemprego-sobe-para-2-mil-518-reais\/#primaryimage\"},\"thumbnailUrl\":\"https:\/\/www.notibras.com\/site\/wp-content\/uploads\/2026\/01\/real_moeda_dinheiro_mcajr_2904223667-1.webp\",\"datePublished\":\"2026-01-13T03:00:04+00:00\",\"dateModified\":\"2026-01-13T10:32:24+00:00\",\"breadcrumb\":{\"@id\":\"https:\/\/www.notibras.com\/site\/teto-do-seguro-desemprego-sobe-para-2-mil-518-reais\/#breadcrumb\"},\"inLanguage\":\"pt-BR\",\"potentialAction\":[{\"@type\":\"ReadAction\",\"target\":[\"https:\/\/www.notibras.com\/site\/teto-do-seguro-desemprego-sobe-para-2-mil-518-reais\/\"]}]},{\"@type\":\"ImageObject\",\"inLanguage\":\"pt-BR\",\"@id\":\"https:\/\/www.notibras.com\/site\/teto-do-seguro-desemprego-sobe-para-2-mil-518-reais\/#primaryimage\",\"url\":\"https:\/\/www.notibras.com\/site\/wp-content\/uploads\/2026\/01\/real_moeda_dinheiro_mcajr_2904223667-1.webp\",\"contentUrl\":\"https:\/\/www.notibras.com\/site\/wp-content\/uploads\/2026\/01\/real_moeda_dinheiro_mcajr_2904223667-1.webp\",\"width\":1170,\"height\":700},{\"@type\":\"BreadcrumbList\",\"@id\":\"https:\/\/www.notibras.com\/site\/teto-do-seguro-desemprego-sobe-para-2-mil-518-reais\/#breadcrumb\",\"itemListElement\":[{\"@type\":\"ListItem\",\"position\":1,\"name\":\"In\u00edcio\",\"item\":\"https:\/\/www.notibras.com\/site\/\"},{\"@type\":\"ListItem\",\"position\":2,\"name\":\"Teto do seguro-desemprego sobe para 2 mil 518 reais\"}]},{\"@type\":\"WebSite\",\"@id\":\"https:\/\/www.notibras.com\/site\/#website\",\"url\":\"https:\/\/www.notibras.com\/site\/\",\"name\":\"Notibras\",\"description\":\"Not\u00edcias de Bras\u00edlia, do Brasil e do Mundo\",\"publisher\":{\"@id\":\"https:\/\/www.notibras.com\/site\/#organization\"},\"potentialAction\":[{\"@type\":\"SearchAction\",\"target\":{\"@type\":\"EntryPoint\",\"urlTemplate\":\"https:\/\/www.notibras.com\/site\/?s={search_term_string}\"},\"query-input\":{\"@type\":\"PropertyValueSpecification\",\"valueRequired\":true,\"valueName\":\"search_term_string\"}}],\"inLanguage\":\"pt-BR\"},{\"@type\":\"Organization\",\"@id\":\"https:\/\/www.notibras.com\/site\/#organization\",\"name\":\"Grupo Notibras de Comunica\u00e7\u00e3o\",\"url\":\"https:\/\/www.notibras.com\/site\/\",\"logo\":{\"@type\":\"ImageObject\",\"inLanguage\":\"pt-BR\",\"@id\":\"https:\/\/www.notibras.com\/site\/#\/schema\/logo\/image\/\",\"url\":\"https:\/\/www.notibras.com\/site\/wp-content\/uploads\/2023\/01\/notibras23.png\",\"contentUrl\":\"https:\/\/www.notibras.com\/site\/wp-content\/uploads\/2023\/01\/notibras23.png\",\"width\":350,\"height\":87,\"caption\":\"Grupo Notibras de Comunica\u00e7\u00e3o\"},\"image\":{\"@id\":\"https:\/\/www.notibras.com\/site\/#\/schema\/logo\/image\/\"},\"sameAs\":[\"https:\/\/www.facebook.com\/notibras\/\",\"https:\/\/x.com\/Notibras\",\"https:\/\/www.instagram.com\/notibras\/\"]},{\"@type\":\"Person\",\"@id\":\"https:\/\/www.notibras.com\/site\/#\/schema\/person\/36ab0979449956132d3e5b517ea76ac8\",\"name\":\"Reda\u00e7\u00e3o\",\"image\":{\"@type\":\"ImageObject\",\"inLanguage\":\"pt-BR\",\"@id\":\"https:\/\/secure.gravatar.com\/avatar\/e0a867bdedb85fd243eadf09663511f96fc81e0720a4a42581f334ad4303aa6b?s=96&d=mm&r=g\",\"url\":\"https:\/\/secure.gravatar.com\/avatar\/e0a867bdedb85fd243eadf09663511f96fc81e0720a4a42581f334ad4303aa6b?s=96&d=mm&r=g\",\"contentUrl\":\"https:\/\/secure.gravatar.com\/avatar\/e0a867bdedb85fd243eadf09663511f96fc81e0720a4a42581f334ad4303aa6b?s=96&d=mm&r=g\",\"caption\":\"Reda\u00e7\u00e3o\"}}]}<\/script>\n<!-- \/ Yoast SEO plugin. -->","yoast_head_json":{"title":"Teto do seguro-desemprego sobe para 2 mil 518 reais - Notibras","robots":{"index":"index","follow":"follow","max-snippet":"max-snippet:-1","max-image-preview":"max-image-preview:large","max-video-preview":"max-video-preview:-1"},"canonical":"https:\/\/www.notibras.com\/site\/teto-do-seguro-desemprego-sobe-para-2-mil-518-reais\/","og_locale":"pt_BR","og_type":"article","og_title":"Teto do seguro-desemprego sobe para 2 mil 518 reais - Notibras","og_description":"O trabalhador demitido sem justa causa est\u00e1 recebendo mais seguro-desemprego. A tabela das faixas salariais usadas para calcular o valor da parcela seguiu o \u00cdndice Nacional de Pre\u00e7os ao Consumidor (INPC) e foi reajustada em 3,9%. Com a corre\u00e7\u00e3o, o valor m\u00e1ximo do seguro-desemprego subir\u00e1 de R$ 2.424,11 para R$ 2.518,65, diferen\u00e7a de R$ 94,54. [&hellip;]","og_url":"https:\/\/www.notibras.com\/site\/teto-do-seguro-desemprego-sobe-para-2-mil-518-reais\/","og_site_name":"Notibras","article_publisher":"https:\/\/www.facebook.com\/notibras\/","article_published_time":"2026-01-13T03:00:04+00:00","article_modified_time":"2026-01-13T10:32:24+00:00","og_image":[{"width":1170,"height":700,"url":"https:\/\/www.notibras.com\/site\/wp-content\/uploads\/2026\/01\/real_moeda_dinheiro_mcajr_2904223667-1.webp","type":"image\/webp"}],"author":"Reda\u00e7\u00e3o","twitter_card":"summary_large_image","twitter_creator":"@Notibras","twitter_site":"@Notibras","twitter_misc":{"Escrito por":"Reda\u00e7\u00e3o","Est. tempo de leitura":"3 minutos"},"schema":{"@context":"https:\/\/schema.org","@graph":[{"@type":"Article","@id":"https:\/\/www.notibras.com\/site\/teto-do-seguro-desemprego-sobe-para-2-mil-518-reais\/#article","isPartOf":{"@id":"https:\/\/www.notibras.com\/site\/teto-do-seguro-desemprego-sobe-para-2-mil-518-reais\/"},"author":{"name":"Reda\u00e7\u00e3o","@id":"https:\/\/www.notibras.com\/site\/#\/schema\/person\/36ab0979449956132d3e5b517ea76ac8"},"headline":"Teto do seguro-desemprego sobe para 2 mil 518 reais","datePublished":"2026-01-13T03:00:04+00:00","dateModified":"2026-01-13T10:32:24+00:00","mainEntityOfPage":{"@id":"https:\/\/www.notibras.com\/site\/teto-do-seguro-desemprego-sobe-para-2-mil-518-reais\/"},"wordCount":369,"publisher":{"@id":"https:\/\/www.notibras.com\/site\/#organization"},"image":{"@id":"https:\/\/www.notibras.com\/site\/teto-do-seguro-desemprego-sobe-para-2-mil-518-reais\/#primaryimage"},"thumbnailUrl":"https:\/\/www.notibras.com\/site\/wp-content\/uploads\/2026\/01\/real_moeda_dinheiro_mcajr_2904223667-1.webp","articleSection":["Brasil"],"inLanguage":"pt-BR"},{"@type":"WebPage","@id":"https:\/\/www.notibras.com\/site\/teto-do-seguro-desemprego-sobe-para-2-mil-518-reais\/","url":"https:\/\/www.notibras.com\/site\/teto-do-seguro-desemprego-sobe-para-2-mil-518-reais\/","name":"Teto do seguro-desemprego sobe para 2 mil 518 reais - Notibras","isPartOf":{"@id":"https:\/\/www.notibras.com\/site\/#website"},"primaryImageOfPage":{"@id":"https:\/\/www.notibras.com\/site\/teto-do-seguro-desemprego-sobe-para-2-mil-518-reais\/#primaryimage"},"image":{"@id":"https:\/\/www.notibras.com\/site\/teto-do-seguro-desemprego-sobe-para-2-mil-518-reais\/#primaryimage"},"thumbnailUrl":"https:\/\/www.notibras.com\/site\/wp-content\/uploads\/2026\/01\/real_moeda_dinheiro_mcajr_2904223667-1.webp","datePublished":"2026-01-13T03:00:04+00:00","dateModified":"2026-01-13T10:32:24+00:00","breadcrumb":{"@id":"https:\/\/www.notibras.com\/site\/teto-do-seguro-desemprego-sobe-para-2-mil-518-reais\/#breadcrumb"},"inLanguage":"pt-BR","potentialAction":[{"@type":"ReadAction","target":["https:\/\/www.notibras.com\/site\/teto-do-seguro-desemprego-sobe-para-2-mil-518-reais\/"]}]},{"@type":"ImageObject","inLanguage":"pt-BR","@id":"https:\/\/www.notibras.com\/site\/teto-do-seguro-desemprego-sobe-para-2-mil-518-reais\/#primaryimage","url":"https:\/\/www.notibras.com\/site\/wp-content\/uploads\/2026\/01\/real_moeda_dinheiro_mcajr_2904223667-1.webp","contentUrl":"https:\/\/www.notibras.com\/site\/wp-content\/uploads\/2026\/01\/real_moeda_dinheiro_mcajr_2904223667-1.webp","width":1170,"height":700},{"@type":"BreadcrumbList","@id":"https:\/\/www.notibras.com\/site\/teto-do-seguro-desemprego-sobe-para-2-mil-518-reais\/#breadcrumb","itemListElement":[{"@type":"ListItem","position":1,"name":"In\u00edcio","item":"https:\/\/www.notibras.com\/site\/"},{"@type":"ListItem","position":2,"name":"Teto do seguro-desemprego sobe para 2 mil 518 reais"}]},{"@type":"WebSite","@id":"https:\/\/www.notibras.com\/site\/#website","url":"https:\/\/www.notibras.com\/site\/","name":"Notibras","description":"Not\u00edcias de Bras\u00edlia, do Brasil e do Mundo","publisher":{"@id":"https:\/\/www.notibras.com\/site\/#organization"},"potentialAction":[{"@type":"SearchAction","target":{"@type":"EntryPoint","urlTemplate":"https:\/\/www.notibras.com\/site\/?s={search_term_string}"},"query-input":{"@type":"PropertyValueSpecification","valueRequired":true,"valueName":"search_term_string"}}],"inLanguage":"pt-BR"},{"@type":"Organization","@id":"https:\/\/www.notibras.com\/site\/#organization","name":"Grupo Notibras de Comunica\u00e7\u00e3o","url":"https:\/\/www.notibras.com\/site\/","logo":{"@type":"ImageObject","inLanguage":"pt-BR","@id":"https:\/\/www.notibras.com\/site\/#\/schema\/logo\/image\/","url":"https:\/\/www.notibras.com\/site\/wp-content\/uploads\/2023\/01\/notibras23.png","contentUrl":"https:\/\/www.notibras.com\/site\/wp-content\/uploads\/2023\/01\/notibras23.png","width":350,"height":87,"caption":"Grupo Notibras de Comunica\u00e7\u00e3o"},"image":{"@id":"https:\/\/www.notibras.com\/site\/#\/schema\/logo\/image\/"},"sameAs":["https:\/\/www.facebook.com\/notibras\/","https:\/\/x.com\/Notibras","https:\/\/www.instagram.com\/notibras\/"]},{"@type":"Person","@id":"https:\/\/www.notibras.com\/site\/#\/schema\/person\/36ab0979449956132d3e5b517ea76ac8","name":"Reda\u00e7\u00e3o","image":{"@type":"ImageObject","inLanguage":"pt-BR","@id":"https:\/\/secure.gravatar.com\/avatar\/e0a867bdedb85fd243eadf09663511f96fc81e0720a4a42581f334ad4303aa6b?s=96&d=mm&r=g","url":"https:\/\/secure.gravatar.com\/avatar\/e0a867bdedb85fd243eadf09663511f96fc81e0720a4a42581f334ad4303aa6b?s=96&d=mm&r=g","contentUrl":"https:\/\/secure.gravatar.com\/avatar\/e0a867bdedb85fd243eadf09663511f96fc81e0720a4a42581f334ad4303aa6b?s=96&d=mm&r=g","caption":"Reda\u00e7\u00e3o"}}]}},"amp_enabled":true,"_links":{"self":[{"href":"https:\/\/www.notibras.com\/site\/wp-json\/wp\/v2\/posts\/378827","targetHints":{"allow":["GET"]}}],"collection":[{"href":"https:\/\/www.notibras.com\/site\/wp-json\/wp\/v2\/posts"}],"about":[{"href":"https:\/\/www.notibras.com\/site\/wp-json\/wp\/v2\/types\/post"}],"author":[{"embeddable":true,"href":"https:\/\/www.notibras.com\/site\/wp-json\/wp\/v2\/users\/2"}],"replies":[{"embeddable":true,"href":"https:\/\/www.notibras.com\/site\/wp-json\/wp\/v2\/comments?post=378827"}],"version-history":[{"count":1,"href":"https:\/\/www.notibras.com\/site\/wp-json\/wp\/v2\/posts\/378827\/revisions"}],"predecessor-version":[{"id":378829,"href":"https:\/\/www.notibras.com\/site\/wp-json\/wp\/v2\/posts\/378827\/revisions\/378829"}],"wp:featuredmedia":[{"embeddable":true,"href":"https:\/\/www.notibras.com\/site\/wp-json\/wp\/v2\/media\/378828"}],"wp:attachment":[{"href":"https:\/\/www.notibras.com\/site\/wp-json\/wp\/v2\/media?parent=378827"}],"wp:term":[{"taxonomy":"category","embeddable":true,"href":"https:\/\/www.notibras.com\/site\/wp-json\/wp\/v2\/categories?post=378827"},{"taxonomy":"post_tag","embeddable":true,"href":"https:\/\/www.notibras.com\/site\/wp-json\/wp\/v2\/tags?post=378827"}],"curies":[{"name":"wp","href":"https:\/\/api.w.org\/{rel}","templated":true}]}}