{"id":378832,"date":"2026-01-13T00:00:08","date_gmt":"2026-01-13T03:00:08","guid":{"rendered":"https:\/\/www.notibras.com\/site\/?p=378832"},"modified":"2026-01-13T08:26:34","modified_gmt":"2026-01-13T11:26:34","slug":"anvisa-aprova-novo-farmaco-para-prevencao-do-hiv","status":"publish","type":"post","link":"https:\/\/www.notibras.com\/site\/anvisa-aprova-novo-farmaco-para-prevencao-do-hiv\/","title":{"rendered":"Anvisa aprova novo f\u00e1rmaco para preven\u00e7\u00e3o do HIV"},"content":{"rendered":"<p>A Ag\u00eancia Nacional de Vigil\u00e2ncia Sanit\u00e1ria (Anvisa) aprovou nesta segunda-feira (12) o uso do medicamento Sunlenca (lenacapavir) para preven\u00e7\u00e3o do HIV-1, como profilaxia pr\u00e9-exposi\u00e7\u00e3o (PrEP). O f\u00e1rmaco tem alta efic\u00e1cia contra o v\u00edrus e, al\u00e9m da apresenta\u00e7\u00e3o em compromido, para uso oral, est\u00e1 dispon\u00edvel como inje\u00e7\u00e3o subcut\u00e2nea que s\u00f3 precisa ser administrada a cada seis meses, o que facilita a ades\u00e3o.<\/p>\n<p>A indica\u00e7\u00e3o \u00e9 destinada a adultos e adolescentes a partir de 12 anos, com peso m\u00ednimo de 35 kg, que estejam sob risco de contrair o v\u00edrus. Antes de iniciar o tratamento, \u00e9 obrigat\u00f3rio realizar teste com resultado negativo para HIV-1.<\/p>\n<p>Os estudos cl\u00ednicos apresentados demonstraram 100% de efic\u00e1cia do Sunlenca na redu\u00e7\u00e3o da incid\u00eancia de HIV-1 em mulheres cisg\u00eanero; al\u00e9m de 96% de efic\u00e1cia em compara\u00e7\u00e3o com a incid\u00eancia de HIV de base e 89% superior \u00e0 PrEP oral di\u00e1ria.<\/p>\n<p>O regime de inje\u00e7\u00f5es semestrais mostrou boa ades\u00e3o e persist\u00eancia, superando desafios comuns em esquemas di\u00e1rios, informou a Anvisa, por meio de sua assessoria de imprensa.<\/p>\n<p>De acordo com a Anvisa, a Sunlenca \u00e9 um antirretroviral inovador composto por lenacapavir, f\u00e1rmaco de primeira classe que atua inibindo m\u00faltiplos est\u00e1gios da fun\u00e7\u00e3o do caps\u00eddeo do HIV-1.<\/p>\n<p>Essa a\u00e7\u00e3o impede a replica\u00e7\u00e3o do v\u00edrus, tornando-o incapaz de sustentar a transcri\u00e7\u00e3o reversa, processo em necess\u00e1rio para que use as c\u00e9lulas do hospedeiro para se multiplicar.<\/p>\n<p>A ag\u00eancia advertiu que, embora o registro tenha sido concedido, o medicamento depende ainda da defini\u00e7\u00e3o do pre\u00e7o m\u00e1ximo pela C\u00e2mara de Regula\u00e7\u00e3o do Mercado de Medicamentos (CMED).<\/p>\n<p>J\u00e1 sua disponibiliza\u00e7\u00e3o no Sistema \u00danico de Sa\u00fade (SUS) ser\u00e1 avaliada pela Comiss\u00e3o Nacional de Incorpora\u00e7\u00e3o de Tecnologias no Sistema \u00danico de Sa\u00fade (Conitec) e pelo Minist\u00e9rio da Sa\u00fade.<\/p>\n<p><strong>Preven\u00e7\u00e3o<\/strong><br \/>\nA profilaxia pr\u00e9-exposi\u00e7\u00e3o (PrEP) \u00e9 uma estrat\u00e9gia essencial para prevenir a infec\u00e7\u00e3o pelo HIV. Ela envolve o uso de medicamentos antirretrovirais por pessoas que n\u00e3o t\u00eam o v\u00edrus, mas est\u00e3o sob risco de contrair a doen\u00e7a, reduzindo significativamente as chances de transmiss\u00e3o.<\/p>\n<p>A PrEP faz parte da chamada \u201cpreven\u00e7\u00e3o combinada\u201d, que inclui outras medidas, como testagem regular para HIV, uso de preservativos, tratamento antirretroviral (TARV), profilaxia p\u00f3s-exposi\u00e7\u00e3o (PEP) e cuidados espec\u00edficos para gestantes soropositivas, esclareceu a Ag\u00eancia.<\/p>\n<p>O lenacapavir passou a ser recomendado pela Organiza\u00e7\u00e3o Mundial da Sa\u00fade (OMS) em julho de 2025 como op\u00e7\u00e3o adicional para PrEP, classificando-o como a melhor alternativa ap\u00f3s uma vacina, recurso que ainda n\u00e3o est\u00e1 dispon\u00edvel no caso da preven\u00e7\u00e3o do HIV.<\/p>\n","protected":false},"excerpt":{"rendered":"<p>A Ag\u00eancia Nacional de Vigil\u00e2ncia Sanit\u00e1ria (Anvisa) aprovou nesta segunda-feira (12) o uso do medicamento Sunlenca (lenacapavir) para preven\u00e7\u00e3o do HIV-1, como profilaxia pr\u00e9-exposi\u00e7\u00e3o (PrEP). O f\u00e1rmaco tem alta efic\u00e1cia contra o v\u00edrus e, al\u00e9m da apresenta\u00e7\u00e3o em compromido, para uso oral, est\u00e1 dispon\u00edvel como inje\u00e7\u00e3o subcut\u00e2nea que s\u00f3 precisa ser administrada a cada seis [&hellip;]<\/p>\n","protected":false},"author":2,"featured_media":378833,"comment_status":"closed","ping_status":"closed","sticky":false,"template":"","format":"standard","meta":{"_acf_changed":false,"footnotes":""},"categories":[16],"tags":[],"class_list":["post-378832","post","type-post","status-publish","format-standard","has-post-thumbnail","hentry","category-brasil"],"acf":[],"yoast_head":"<!-- This site is optimized with the Yoast SEO plugin v27.2 - https:\/\/yoast.com\/product\/yoast-seo-wordpress\/ -->\n<title>Anvisa aprova novo f\u00e1rmaco para preven\u00e7\u00e3o do HIV - Notibras<\/title>\n<meta name=\"robots\" content=\"index, follow, max-snippet:-1, max-image-preview:large, max-video-preview:-1\" \/>\n<link rel=\"canonical\" href=\"https:\/\/www.notibras.com\/site\/anvisa-aprova-novo-farmaco-para-prevencao-do-hiv\/\" \/>\n<meta property=\"og:locale\" content=\"pt_BR\" \/>\n<meta property=\"og:type\" content=\"article\" \/>\n<meta property=\"og:title\" content=\"Anvisa aprova novo f\u00e1rmaco para preven\u00e7\u00e3o do HIV - Notibras\" \/>\n<meta property=\"og:description\" content=\"A Ag\u00eancia Nacional de Vigil\u00e2ncia Sanit\u00e1ria (Anvisa) aprovou nesta segunda-feira (12) o uso do medicamento Sunlenca (lenacapavir) para preven\u00e7\u00e3o do HIV-1, como profilaxia pr\u00e9-exposi\u00e7\u00e3o (PrEP). O f\u00e1rmaco tem alta efic\u00e1cia contra o v\u00edrus e, al\u00e9m da apresenta\u00e7\u00e3o em compromido, para uso oral, est\u00e1 dispon\u00edvel como inje\u00e7\u00e3o subcut\u00e2nea que s\u00f3 precisa ser administrada a cada seis [&hellip;]\" \/>\n<meta property=\"og:url\" content=\"https:\/\/www.notibras.com\/site\/anvisa-aprova-novo-farmaco-para-prevencao-do-hiv\/\" \/>\n<meta property=\"og:site_name\" content=\"Notibras\" \/>\n<meta property=\"article:publisher\" content=\"https:\/\/www.facebook.com\/notibras\/\" \/>\n<meta property=\"article:published_time\" content=\"2026-01-13T03:00:08+00:00\" \/>\n<meta property=\"article:modified_time\" content=\"2026-01-13T11:26:34+00:00\" \/>\n<meta property=\"og:image\" content=\"https:\/\/www.notibras.com\/site\/wp-content\/uploads\/2026\/01\/82d111c0-9501-4f4e-8793-1f35f12f0cd3-1.webp\" \/>\n\t<meta property=\"og:image:width\" content=\"1170\" \/>\n\t<meta property=\"og:image:height\" content=\"700\" \/>\n\t<meta property=\"og:image:type\" content=\"image\/webp\" \/>\n<meta name=\"author\" content=\"Reda\u00e7\u00e3o\" \/>\n<meta name=\"twitter:card\" content=\"summary_large_image\" \/>\n<meta name=\"twitter:creator\" content=\"@Notibras\" \/>\n<meta name=\"twitter:site\" content=\"@Notibras\" \/>\n<meta name=\"twitter:label1\" content=\"Escrito por\" \/>\n\t<meta name=\"twitter:data1\" content=\"Reda\u00e7\u00e3o\" \/>\n\t<meta name=\"twitter:label2\" content=\"Est. tempo de leitura\" \/>\n\t<meta name=\"twitter:data2\" content=\"3 minutos\" \/>\n<script type=\"application\/ld+json\" class=\"yoast-schema-graph\">{\"@context\":\"https:\/\/schema.org\",\"@graph\":[{\"@type\":\"Article\",\"@id\":\"https:\/\/www.notibras.com\/site\/anvisa-aprova-novo-farmaco-para-prevencao-do-hiv\/#article\",\"isPartOf\":{\"@id\":\"https:\/\/www.notibras.com\/site\/anvisa-aprova-novo-farmaco-para-prevencao-do-hiv\/\"},\"author\":{\"name\":\"Reda\u00e7\u00e3o\",\"@id\":\"https:\/\/www.notibras.com\/site\/#\/schema\/person\/36ab0979449956132d3e5b517ea76ac8\"},\"headline\":\"Anvisa aprova novo f\u00e1rmaco para preven\u00e7\u00e3o do HIV\",\"datePublished\":\"2026-01-13T03:00:08+00:00\",\"dateModified\":\"2026-01-13T11:26:34+00:00\",\"mainEntityOfPage\":{\"@id\":\"https:\/\/www.notibras.com\/site\/anvisa-aprova-novo-farmaco-para-prevencao-do-hiv\/\"},\"wordCount\":478,\"publisher\":{\"@id\":\"https:\/\/www.notibras.com\/site\/#organization\"},\"image\":{\"@id\":\"https:\/\/www.notibras.com\/site\/anvisa-aprova-novo-farmaco-para-prevencao-do-hiv\/#primaryimage\"},\"thumbnailUrl\":\"https:\/\/www.notibras.com\/site\/wp-content\/uploads\/2026\/01\/82d111c0-9501-4f4e-8793-1f35f12f0cd3-1.webp\",\"articleSection\":[\"Brasil\"],\"inLanguage\":\"pt-BR\"},{\"@type\":\"WebPage\",\"@id\":\"https:\/\/www.notibras.com\/site\/anvisa-aprova-novo-farmaco-para-prevencao-do-hiv\/\",\"url\":\"https:\/\/www.notibras.com\/site\/anvisa-aprova-novo-farmaco-para-prevencao-do-hiv\/\",\"name\":\"Anvisa aprova novo f\u00e1rmaco para preven\u00e7\u00e3o do HIV - Notibras\",\"isPartOf\":{\"@id\":\"https:\/\/www.notibras.com\/site\/#website\"},\"primaryImageOfPage\":{\"@id\":\"https:\/\/www.notibras.com\/site\/anvisa-aprova-novo-farmaco-para-prevencao-do-hiv\/#primaryimage\"},\"image\":{\"@id\":\"https:\/\/www.notibras.com\/site\/anvisa-aprova-novo-farmaco-para-prevencao-do-hiv\/#primaryimage\"},\"thumbnailUrl\":\"https:\/\/www.notibras.com\/site\/wp-content\/uploads\/2026\/01\/82d111c0-9501-4f4e-8793-1f35f12f0cd3-1.webp\",\"datePublished\":\"2026-01-13T03:00:08+00:00\",\"dateModified\":\"2026-01-13T11:26:34+00:00\",\"breadcrumb\":{\"@id\":\"https:\/\/www.notibras.com\/site\/anvisa-aprova-novo-farmaco-para-prevencao-do-hiv\/#breadcrumb\"},\"inLanguage\":\"pt-BR\",\"potentialAction\":[{\"@type\":\"ReadAction\",\"target\":[\"https:\/\/www.notibras.com\/site\/anvisa-aprova-novo-farmaco-para-prevencao-do-hiv\/\"]}]},{\"@type\":\"ImageObject\",\"inLanguage\":\"pt-BR\",\"@id\":\"https:\/\/www.notibras.com\/site\/anvisa-aprova-novo-farmaco-para-prevencao-do-hiv\/#primaryimage\",\"url\":\"https:\/\/www.notibras.com\/site\/wp-content\/uploads\/2026\/01\/82d111c0-9501-4f4e-8793-1f35f12f0cd3-1.webp\",\"contentUrl\":\"https:\/\/www.notibras.com\/site\/wp-content\/uploads\/2026\/01\/82d111c0-9501-4f4e-8793-1f35f12f0cd3-1.webp\",\"width\":1170,\"height\":700},{\"@type\":\"BreadcrumbList\",\"@id\":\"https:\/\/www.notibras.com\/site\/anvisa-aprova-novo-farmaco-para-prevencao-do-hiv\/#breadcrumb\",\"itemListElement\":[{\"@type\":\"ListItem\",\"position\":1,\"name\":\"In\u00edcio\",\"item\":\"https:\/\/www.notibras.com\/site\/\"},{\"@type\":\"ListItem\",\"position\":2,\"name\":\"Anvisa aprova novo f\u00e1rmaco para preven\u00e7\u00e3o do HIV\"}]},{\"@type\":\"WebSite\",\"@id\":\"https:\/\/www.notibras.com\/site\/#website\",\"url\":\"https:\/\/www.notibras.com\/site\/\",\"name\":\"Notibras\",\"description\":\"Not\u00edcias de Bras\u00edlia, do Brasil e do Mundo\",\"publisher\":{\"@id\":\"https:\/\/www.notibras.com\/site\/#organization\"},\"potentialAction\":[{\"@type\":\"SearchAction\",\"target\":{\"@type\":\"EntryPoint\",\"urlTemplate\":\"https:\/\/www.notibras.com\/site\/?s={search_term_string}\"},\"query-input\":{\"@type\":\"PropertyValueSpecification\",\"valueRequired\":true,\"valueName\":\"search_term_string\"}}],\"inLanguage\":\"pt-BR\"},{\"@type\":\"Organization\",\"@id\":\"https:\/\/www.notibras.com\/site\/#organization\",\"name\":\"Grupo Notibras de Comunica\u00e7\u00e3o\",\"url\":\"https:\/\/www.notibras.com\/site\/\",\"logo\":{\"@type\":\"ImageObject\",\"inLanguage\":\"pt-BR\",\"@id\":\"https:\/\/www.notibras.com\/site\/#\/schema\/logo\/image\/\",\"url\":\"https:\/\/www.notibras.com\/site\/wp-content\/uploads\/2023\/01\/notibras23.png\",\"contentUrl\":\"https:\/\/www.notibras.com\/site\/wp-content\/uploads\/2023\/01\/notibras23.png\",\"width\":350,\"height\":87,\"caption\":\"Grupo Notibras de Comunica\u00e7\u00e3o\"},\"image\":{\"@id\":\"https:\/\/www.notibras.com\/site\/#\/schema\/logo\/image\/\"},\"sameAs\":[\"https:\/\/www.facebook.com\/notibras\/\",\"https:\/\/x.com\/Notibras\",\"https:\/\/www.instagram.com\/notibras\/\"]},{\"@type\":\"Person\",\"@id\":\"https:\/\/www.notibras.com\/site\/#\/schema\/person\/36ab0979449956132d3e5b517ea76ac8\",\"name\":\"Reda\u00e7\u00e3o\",\"image\":{\"@type\":\"ImageObject\",\"inLanguage\":\"pt-BR\",\"@id\":\"https:\/\/secure.gravatar.com\/avatar\/e0a867bdedb85fd243eadf09663511f96fc81e0720a4a42581f334ad4303aa6b?s=96&d=mm&r=g\",\"url\":\"https:\/\/secure.gravatar.com\/avatar\/e0a867bdedb85fd243eadf09663511f96fc81e0720a4a42581f334ad4303aa6b?s=96&d=mm&r=g\",\"contentUrl\":\"https:\/\/secure.gravatar.com\/avatar\/e0a867bdedb85fd243eadf09663511f96fc81e0720a4a42581f334ad4303aa6b?s=96&d=mm&r=g\",\"caption\":\"Reda\u00e7\u00e3o\"}}]}<\/script>\n<!-- \/ Yoast SEO plugin. -->","yoast_head_json":{"title":"Anvisa aprova novo f\u00e1rmaco para preven\u00e7\u00e3o do HIV - Notibras","robots":{"index":"index","follow":"follow","max-snippet":"max-snippet:-1","max-image-preview":"max-image-preview:large","max-video-preview":"max-video-preview:-1"},"canonical":"https:\/\/www.notibras.com\/site\/anvisa-aprova-novo-farmaco-para-prevencao-do-hiv\/","og_locale":"pt_BR","og_type":"article","og_title":"Anvisa aprova novo f\u00e1rmaco para preven\u00e7\u00e3o do HIV - Notibras","og_description":"A Ag\u00eancia Nacional de Vigil\u00e2ncia Sanit\u00e1ria (Anvisa) aprovou nesta segunda-feira (12) o uso do medicamento Sunlenca (lenacapavir) para preven\u00e7\u00e3o do HIV-1, como profilaxia pr\u00e9-exposi\u00e7\u00e3o (PrEP). O f\u00e1rmaco tem alta efic\u00e1cia contra o v\u00edrus e, al\u00e9m da apresenta\u00e7\u00e3o em compromido, para uso oral, est\u00e1 dispon\u00edvel como inje\u00e7\u00e3o subcut\u00e2nea que s\u00f3 precisa ser administrada a cada seis [&hellip;]","og_url":"https:\/\/www.notibras.com\/site\/anvisa-aprova-novo-farmaco-para-prevencao-do-hiv\/","og_site_name":"Notibras","article_publisher":"https:\/\/www.facebook.com\/notibras\/","article_published_time":"2026-01-13T03:00:08+00:00","article_modified_time":"2026-01-13T11:26:34+00:00","og_image":[{"width":1170,"height":700,"url":"https:\/\/www.notibras.com\/site\/wp-content\/uploads\/2026\/01\/82d111c0-9501-4f4e-8793-1f35f12f0cd3-1.webp","type":"image\/webp"}],"author":"Reda\u00e7\u00e3o","twitter_card":"summary_large_image","twitter_creator":"@Notibras","twitter_site":"@Notibras","twitter_misc":{"Escrito por":"Reda\u00e7\u00e3o","Est. tempo de leitura":"3 minutos"},"schema":{"@context":"https:\/\/schema.org","@graph":[{"@type":"Article","@id":"https:\/\/www.notibras.com\/site\/anvisa-aprova-novo-farmaco-para-prevencao-do-hiv\/#article","isPartOf":{"@id":"https:\/\/www.notibras.com\/site\/anvisa-aprova-novo-farmaco-para-prevencao-do-hiv\/"},"author":{"name":"Reda\u00e7\u00e3o","@id":"https:\/\/www.notibras.com\/site\/#\/schema\/person\/36ab0979449956132d3e5b517ea76ac8"},"headline":"Anvisa aprova novo f\u00e1rmaco para preven\u00e7\u00e3o do HIV","datePublished":"2026-01-13T03:00:08+00:00","dateModified":"2026-01-13T11:26:34+00:00","mainEntityOfPage":{"@id":"https:\/\/www.notibras.com\/site\/anvisa-aprova-novo-farmaco-para-prevencao-do-hiv\/"},"wordCount":478,"publisher":{"@id":"https:\/\/www.notibras.com\/site\/#organization"},"image":{"@id":"https:\/\/www.notibras.com\/site\/anvisa-aprova-novo-farmaco-para-prevencao-do-hiv\/#primaryimage"},"thumbnailUrl":"https:\/\/www.notibras.com\/site\/wp-content\/uploads\/2026\/01\/82d111c0-9501-4f4e-8793-1f35f12f0cd3-1.webp","articleSection":["Brasil"],"inLanguage":"pt-BR"},{"@type":"WebPage","@id":"https:\/\/www.notibras.com\/site\/anvisa-aprova-novo-farmaco-para-prevencao-do-hiv\/","url":"https:\/\/www.notibras.com\/site\/anvisa-aprova-novo-farmaco-para-prevencao-do-hiv\/","name":"Anvisa aprova novo f\u00e1rmaco para preven\u00e7\u00e3o do HIV - Notibras","isPartOf":{"@id":"https:\/\/www.notibras.com\/site\/#website"},"primaryImageOfPage":{"@id":"https:\/\/www.notibras.com\/site\/anvisa-aprova-novo-farmaco-para-prevencao-do-hiv\/#primaryimage"},"image":{"@id":"https:\/\/www.notibras.com\/site\/anvisa-aprova-novo-farmaco-para-prevencao-do-hiv\/#primaryimage"},"thumbnailUrl":"https:\/\/www.notibras.com\/site\/wp-content\/uploads\/2026\/01\/82d111c0-9501-4f4e-8793-1f35f12f0cd3-1.webp","datePublished":"2026-01-13T03:00:08+00:00","dateModified":"2026-01-13T11:26:34+00:00","breadcrumb":{"@id":"https:\/\/www.notibras.com\/site\/anvisa-aprova-novo-farmaco-para-prevencao-do-hiv\/#breadcrumb"},"inLanguage":"pt-BR","potentialAction":[{"@type":"ReadAction","target":["https:\/\/www.notibras.com\/site\/anvisa-aprova-novo-farmaco-para-prevencao-do-hiv\/"]}]},{"@type":"ImageObject","inLanguage":"pt-BR","@id":"https:\/\/www.notibras.com\/site\/anvisa-aprova-novo-farmaco-para-prevencao-do-hiv\/#primaryimage","url":"https:\/\/www.notibras.com\/site\/wp-content\/uploads\/2026\/01\/82d111c0-9501-4f4e-8793-1f35f12f0cd3-1.webp","contentUrl":"https:\/\/www.notibras.com\/site\/wp-content\/uploads\/2026\/01\/82d111c0-9501-4f4e-8793-1f35f12f0cd3-1.webp","width":1170,"height":700},{"@type":"BreadcrumbList","@id":"https:\/\/www.notibras.com\/site\/anvisa-aprova-novo-farmaco-para-prevencao-do-hiv\/#breadcrumb","itemListElement":[{"@type":"ListItem","position":1,"name":"In\u00edcio","item":"https:\/\/www.notibras.com\/site\/"},{"@type":"ListItem","position":2,"name":"Anvisa aprova novo f\u00e1rmaco para preven\u00e7\u00e3o do HIV"}]},{"@type":"WebSite","@id":"https:\/\/www.notibras.com\/site\/#website","url":"https:\/\/www.notibras.com\/site\/","name":"Notibras","description":"Not\u00edcias de Bras\u00edlia, do Brasil e do Mundo","publisher":{"@id":"https:\/\/www.notibras.com\/site\/#organization"},"potentialAction":[{"@type":"SearchAction","target":{"@type":"EntryPoint","urlTemplate":"https:\/\/www.notibras.com\/site\/?s={search_term_string}"},"query-input":{"@type":"PropertyValueSpecification","valueRequired":true,"valueName":"search_term_string"}}],"inLanguage":"pt-BR"},{"@type":"Organization","@id":"https:\/\/www.notibras.com\/site\/#organization","name":"Grupo Notibras de Comunica\u00e7\u00e3o","url":"https:\/\/www.notibras.com\/site\/","logo":{"@type":"ImageObject","inLanguage":"pt-BR","@id":"https:\/\/www.notibras.com\/site\/#\/schema\/logo\/image\/","url":"https:\/\/www.notibras.com\/site\/wp-content\/uploads\/2023\/01\/notibras23.png","contentUrl":"https:\/\/www.notibras.com\/site\/wp-content\/uploads\/2023\/01\/notibras23.png","width":350,"height":87,"caption":"Grupo Notibras de Comunica\u00e7\u00e3o"},"image":{"@id":"https:\/\/www.notibras.com\/site\/#\/schema\/logo\/image\/"},"sameAs":["https:\/\/www.facebook.com\/notibras\/","https:\/\/x.com\/Notibras","https:\/\/www.instagram.com\/notibras\/"]},{"@type":"Person","@id":"https:\/\/www.notibras.com\/site\/#\/schema\/person\/36ab0979449956132d3e5b517ea76ac8","name":"Reda\u00e7\u00e3o","image":{"@type":"ImageObject","inLanguage":"pt-BR","@id":"https:\/\/secure.gravatar.com\/avatar\/e0a867bdedb85fd243eadf09663511f96fc81e0720a4a42581f334ad4303aa6b?s=96&d=mm&r=g","url":"https:\/\/secure.gravatar.com\/avatar\/e0a867bdedb85fd243eadf09663511f96fc81e0720a4a42581f334ad4303aa6b?s=96&d=mm&r=g","contentUrl":"https:\/\/secure.gravatar.com\/avatar\/e0a867bdedb85fd243eadf09663511f96fc81e0720a4a42581f334ad4303aa6b?s=96&d=mm&r=g","caption":"Reda\u00e7\u00e3o"}}]}},"amp_enabled":true,"_links":{"self":[{"href":"https:\/\/www.notibras.com\/site\/wp-json\/wp\/v2\/posts\/378832","targetHints":{"allow":["GET"]}}],"collection":[{"href":"https:\/\/www.notibras.com\/site\/wp-json\/wp\/v2\/posts"}],"about":[{"href":"https:\/\/www.notibras.com\/site\/wp-json\/wp\/v2\/types\/post"}],"author":[{"embeddable":true,"href":"https:\/\/www.notibras.com\/site\/wp-json\/wp\/v2\/users\/2"}],"replies":[{"embeddable":true,"href":"https:\/\/www.notibras.com\/site\/wp-json\/wp\/v2\/comments?post=378832"}],"version-history":[{"count":1,"href":"https:\/\/www.notibras.com\/site\/wp-json\/wp\/v2\/posts\/378832\/revisions"}],"predecessor-version":[{"id":378834,"href":"https:\/\/www.notibras.com\/site\/wp-json\/wp\/v2\/posts\/378832\/revisions\/378834"}],"wp:featuredmedia":[{"embeddable":true,"href":"https:\/\/www.notibras.com\/site\/wp-json\/wp\/v2\/media\/378833"}],"wp:attachment":[{"href":"https:\/\/www.notibras.com\/site\/wp-json\/wp\/v2\/media?parent=378832"}],"wp:term":[{"taxonomy":"category","embeddable":true,"href":"https:\/\/www.notibras.com\/site\/wp-json\/wp\/v2\/categories?post=378832"},{"taxonomy":"post_tag","embeddable":true,"href":"https:\/\/www.notibras.com\/site\/wp-json\/wp\/v2\/tags?post=378832"}],"curies":[{"name":"wp","href":"https:\/\/api.w.org\/{rel}","templated":true}]}}