{"id":378835,"date":"2026-01-13T00:00:59","date_gmt":"2026-01-13T03:00:59","guid":{"rendered":"https:\/\/www.notibras.com\/site\/?p=378835"},"modified":"2026-01-13T08:31:17","modified_gmt":"2026-01-13T11:31:17","slug":"comercio-e-servicos-contratam-mais-pessoas-acima-dos-50-anos","status":"publish","type":"post","link":"https:\/\/www.notibras.com\/site\/comercio-e-servicos-contratam-mais-pessoas-acima-dos-50-anos\/","title":{"rendered":"Com\u00e9rcio e servi\u00e7os contratam mais pessoas acima dos 50 anos"},"content":{"rendered":"<p>A participa\u00e7\u00e3o de profissionais com mais de 50 anos na for\u00e7a laboral teve um aumento gradual entre janeiro e novembro de 2025, segundo um levantamento das admiss\u00f5es nos setores de com\u00e9rcio e servi\u00e7os realizado pela Federa\u00e7\u00e3o do Com\u00e9rcio de Bens, Servi\u00e7os e Turismo do Estado de S\u00e3o Paulo (FecomercioSP).<\/p>\n<p>Entre as 5,88 milh\u00f5es de admiss\u00f5es formais no per\u00edodo, segundo dados do Cadastro Geral de Empregados e Desempregados (Caged), a participa\u00e7\u00e3o desses trabalhadores foi de 9%. Em 2021, o percentual era menor, de 7%.<\/p>\n<p>A maior parte, de 48%, correspondeu a trabalhadores de at\u00e9 29 anos; e 43%, a pessoas entre 30 e 49 anos.<\/p>\n<p>Segundo a FecomercioSP, o setor de servi\u00e7os \u00e9 o que concentra o maior porcentual de trabalhadores com esse perfil et\u00e1rio, sendo 10% das contrata\u00e7\u00f5es no acumulado at\u00e9 novembro, ante 8% no com\u00e9rcio atacadista.<\/p>\n<p>J\u00e1 o com\u00e9rcio varejista tem maior concentra\u00e7\u00e3o de trabalhadores mais jovens, com 57% das contrata\u00e7\u00f5es composta por pessoas de at\u00e9 29 anos.<\/p>\n<p>Mesmo assim, a participa\u00e7\u00e3o de trabalhadores com mais de 50 anos no com\u00e9rcio varejista passou de 5% para 8%, se comparados os meses de novembro de 2021 e 2025. Entre os mais jovens houve recuo de 60% para 56%.<\/p>\n<p>\u201cO aumento da presen\u00e7a de profissionais com mais de 50 anos nas admiss\u00f5es est\u00e1 associado ao envelhecimento da popula\u00e7\u00e3o economicamente ativa, \u00e0 maior perman\u00eancia dessas pessoas no mercado e \u00e0 valoriza\u00e7\u00e3o, por parte das empresas, de atributos como experi\u00eancia, estabilidade e menor rotatividade. Esses fatores s\u00e3o particularmente importantes nos setores de Com\u00e9rcio e Servi\u00e7os, que enfrentam elevados custos associados ao turnover\u201d, diz a FecomercioSP.<\/p>\n<p><strong>Participa\u00e7\u00e3o feminina<\/strong><br \/>\nO estudo revelou ainda que, entre janeiro e novembro de 2025, nos setores de com\u00e9rcio e servi\u00e7os, foram contratadas 3,15 milh\u00f5es de mulheres e 2,73 milh\u00f5es de homens.<\/p>\n<p>Na compara\u00e7\u00e3o com o mesmo per\u00edodo de 2021, a participa\u00e7\u00e3o feminina avan\u00e7ou 3 pontos porcentuais (p.p.), passando a representar 54% das admiss\u00f5es.<\/p>\n<p>No com\u00e9rcio, o varejo tem 55% das contrata\u00e7\u00f5es ocupadas por mulheres. J\u00e1 no atacado, os homens ainda lideram, com 60%. Nos servi\u00e7os, as mulheres s\u00e3o 54% do total contratado.<\/p>\n<p>\u201cA maior participa\u00e7\u00e3o feminina reflete transforma\u00e7\u00f5es estruturais no mercado de trabalho e na sociedade brasileira, como a expans\u00e3o de atividades intensivas em atendimento, vendas e servi\u00e7os administrativos, al\u00e9m do avan\u00e7o da escolaridade m\u00e9dia das mulheres e de mudan\u00e7as nos arranjos familiares e sociais\u201d, explica a FecomercioSP.<\/p>\n<p><strong>Escolaridade<\/strong><br \/>\nDe acordo com os dados, o ensino m\u00e9dio completo \u00e9 o n\u00edvel de forma\u00e7\u00e3o mais frequente entre as admiss\u00f5es do com\u00e9rcio e dos servi\u00e7os, concentrando 68% das contrata\u00e7\u00f5es realizadas entre janeiro e novembro de 2025.<\/p>\n<p>Os profissionais que estudaram at\u00e9 o ensino m\u00e9dio representam 15% das admiss\u00f5es, enquanto aqueles com ensino superior somam 17%. A maior propor\u00e7\u00e3o de profissionais com n\u00edvel superior (20%) est\u00e1 no setor de Servi\u00e7os.<\/p>\n<p>\u201cApesar de um leve aumento da participa\u00e7\u00e3o de pessoas com menor n\u00edvel de escolaridade e estabilidade do contingente com n\u00edvel superior, os n\u00fameros apontam para uma consolida\u00e7\u00e3o do ensino m\u00e9dio como o principal n\u00edvel de escolaridade exigido pelo mercado&#8221;.<\/p>\n<p>&#8220;Esse comportamento evidencia que o crescimento do emprego ocorre, majoritariamente, em fun\u00e7\u00f5es de m\u00e9dia qualifica\u00e7\u00e3o, refor\u00e7ando a import\u00e2ncia de pol\u00edticas de forma\u00e7\u00e3o t\u00e9cnica e qualifica\u00e7\u00e3o profissional alinhadas com as necessidades dos setores\u201d, destaca a entidade.<\/p>\n<p><strong>Impactos, tend\u00eancias e desafios<\/strong><br \/>\nPara a FecomercioSP, a transi\u00e7\u00e3o do perfil das contrata\u00e7\u00f5es traz reflexos significativos para os setores, exigindo adapta\u00e7\u00e3o das pol\u00edticas de gest\u00e3o de pessoas, ambientes de trabalho mais inclusivos e estrat\u00e9gias de atualiza\u00e7\u00e3o cont\u00ednua de compet\u00eancias.<\/p>\n<p>Esse movimento tamb\u00e9m est\u00e1 associado a um contexto de escassez relativa de m\u00e3o de obra, especialmente em ocupa\u00e7\u00f5es operacionais e de m\u00e9dia qualifica\u00e7\u00e3o, o que tem levado as empresas a ampliarem o p\u00fablico potencial de contrata\u00e7\u00e3o, com mais valoriza\u00e7\u00e3o de trabalhadores mais experientes e manuten\u00e7\u00e3o do ensino m\u00e9dio completo como principal patamar de escolaridade exigido.<\/p>\n<p>\u201cAl\u00e9m disso, as mudan\u00e7as estruturais da sociedade brasileira, marcadas pela maior participa\u00e7\u00e3o das mulheres no mercado de trabalho, pelo avan\u00e7o da autonomia econ\u00f4mica feminina e por transforma\u00e7\u00f5es nos arranjos sociais e familiares, contribuem de forma substancial para a amplia\u00e7\u00e3o da presen\u00e7a dessa parcela da popula\u00e7\u00e3o nas admiss\u00f5es, principalmente no com\u00e9rcio e no servi\u00e7os&#8221;.<\/p>\n","protected":false},"excerpt":{"rendered":"<p>A participa\u00e7\u00e3o de profissionais com mais de 50 anos na for\u00e7a laboral teve um aumento gradual entre janeiro e novembro de 2025, segundo um levantamento das admiss\u00f5es nos setores de com\u00e9rcio e servi\u00e7os realizado pela Federa\u00e7\u00e3o do Com\u00e9rcio de Bens, Servi\u00e7os e Turismo do Estado de S\u00e3o Paulo (FecomercioSP). Entre as 5,88 milh\u00f5es de admiss\u00f5es [&hellip;]<\/p>\n","protected":false},"author":2,"featured_media":378836,"comment_status":"closed","ping_status":"closed","sticky":false,"template":"","format":"standard","meta":{"_acf_changed":false,"footnotes":""},"categories":[16],"tags":[],"class_list":["post-378835","post","type-post","status-publish","format-standard","has-post-thumbnail","hentry","category-brasil"],"acf":[],"yoast_head":"<!-- This site is optimized with the Yoast SEO plugin v27.2 - https:\/\/yoast.com\/product\/yoast-seo-wordpress\/ -->\n<title>Com\u00e9rcio e servi\u00e7os contratam mais pessoas acima dos 50 anos - Notibras<\/title>\n<meta name=\"robots\" content=\"index, follow, max-snippet:-1, max-image-preview:large, max-video-preview:-1\" \/>\n<link rel=\"canonical\" href=\"https:\/\/www.notibras.com\/site\/comercio-e-servicos-contratam-mais-pessoas-acima-dos-50-anos\/\" \/>\n<meta property=\"og:locale\" content=\"pt_BR\" \/>\n<meta property=\"og:type\" content=\"article\" \/>\n<meta property=\"og:title\" content=\"Com\u00e9rcio e servi\u00e7os contratam mais pessoas acima dos 50 anos - Notibras\" \/>\n<meta property=\"og:description\" content=\"A participa\u00e7\u00e3o de profissionais com mais de 50 anos na for\u00e7a laboral teve um aumento gradual entre janeiro e novembro de 2025, segundo um levantamento das admiss\u00f5es nos setores de com\u00e9rcio e servi\u00e7os realizado pela Federa\u00e7\u00e3o do Com\u00e9rcio de Bens, Servi\u00e7os e Turismo do Estado de S\u00e3o Paulo (FecomercioSP). Entre as 5,88 milh\u00f5es de admiss\u00f5es [&hellip;]\" \/>\n<meta property=\"og:url\" content=\"https:\/\/www.notibras.com\/site\/comercio-e-servicos-contratam-mais-pessoas-acima-dos-50-anos\/\" \/>\n<meta property=\"og:site_name\" content=\"Notibras\" \/>\n<meta property=\"article:publisher\" content=\"https:\/\/www.facebook.com\/notibras\/\" \/>\n<meta property=\"article:published_time\" content=\"2026-01-13T03:00:59+00:00\" \/>\n<meta property=\"article:modified_time\" content=\"2026-01-13T11:31:17+00:00\" \/>\n<meta property=\"og:image\" content=\"https:\/\/www.notibras.com\/site\/wp-content\/uploads\/2026\/01\/feira-da-ceilandia-taguatinga_mcamgo_abr_130420221818-17.webp\" \/>\n\t<meta property=\"og:image:width\" content=\"1170\" \/>\n\t<meta property=\"og:image:height\" content=\"700\" \/>\n\t<meta property=\"og:image:type\" content=\"image\/webp\" \/>\n<meta name=\"author\" content=\"Reda\u00e7\u00e3o\" \/>\n<meta name=\"twitter:card\" content=\"summary_large_image\" \/>\n<meta name=\"twitter:creator\" content=\"@Notibras\" \/>\n<meta name=\"twitter:site\" content=\"@Notibras\" \/>\n<meta name=\"twitter:label1\" content=\"Escrito por\" \/>\n\t<meta name=\"twitter:data1\" content=\"Reda\u00e7\u00e3o\" \/>\n\t<meta name=\"twitter:label2\" content=\"Est. tempo de leitura\" \/>\n\t<meta name=\"twitter:data2\" content=\"4 minutos\" \/>\n<script type=\"application\/ld+json\" class=\"yoast-schema-graph\">{\"@context\":\"https:\/\/schema.org\",\"@graph\":[{\"@type\":\"Article\",\"@id\":\"https:\/\/www.notibras.com\/site\/comercio-e-servicos-contratam-mais-pessoas-acima-dos-50-anos\/#article\",\"isPartOf\":{\"@id\":\"https:\/\/www.notibras.com\/site\/comercio-e-servicos-contratam-mais-pessoas-acima-dos-50-anos\/\"},\"author\":{\"name\":\"Reda\u00e7\u00e3o\",\"@id\":\"https:\/\/www.notibras.com\/site\/#\/schema\/person\/36ab0979449956132d3e5b517ea76ac8\"},\"headline\":\"Com\u00e9rcio e servi\u00e7os contratam mais pessoas acima dos 50 anos\",\"datePublished\":\"2026-01-13T03:00:59+00:00\",\"dateModified\":\"2026-01-13T11:31:17+00:00\",\"mainEntityOfPage\":{\"@id\":\"https:\/\/www.notibras.com\/site\/comercio-e-servicos-contratam-mais-pessoas-acima-dos-50-anos\/\"},\"wordCount\":763,\"publisher\":{\"@id\":\"https:\/\/www.notibras.com\/site\/#organization\"},\"image\":{\"@id\":\"https:\/\/www.notibras.com\/site\/comercio-e-servicos-contratam-mais-pessoas-acima-dos-50-anos\/#primaryimage\"},\"thumbnailUrl\":\"https:\/\/www.notibras.com\/site\/wp-content\/uploads\/2026\/01\/feira-da-ceilandia-taguatinga_mcamgo_abr_130420221818-17.webp\",\"articleSection\":[\"Brasil\"],\"inLanguage\":\"pt-BR\"},{\"@type\":\"WebPage\",\"@id\":\"https:\/\/www.notibras.com\/site\/comercio-e-servicos-contratam-mais-pessoas-acima-dos-50-anos\/\",\"url\":\"https:\/\/www.notibras.com\/site\/comercio-e-servicos-contratam-mais-pessoas-acima-dos-50-anos\/\",\"name\":\"Com\u00e9rcio e servi\u00e7os contratam mais pessoas acima dos 50 anos - Notibras\",\"isPartOf\":{\"@id\":\"https:\/\/www.notibras.com\/site\/#website\"},\"primaryImageOfPage\":{\"@id\":\"https:\/\/www.notibras.com\/site\/comercio-e-servicos-contratam-mais-pessoas-acima-dos-50-anos\/#primaryimage\"},\"image\":{\"@id\":\"https:\/\/www.notibras.com\/site\/comercio-e-servicos-contratam-mais-pessoas-acima-dos-50-anos\/#primaryimage\"},\"thumbnailUrl\":\"https:\/\/www.notibras.com\/site\/wp-content\/uploads\/2026\/01\/feira-da-ceilandia-taguatinga_mcamgo_abr_130420221818-17.webp\",\"datePublished\":\"2026-01-13T03:00:59+00:00\",\"dateModified\":\"2026-01-13T11:31:17+00:00\",\"breadcrumb\":{\"@id\":\"https:\/\/www.notibras.com\/site\/comercio-e-servicos-contratam-mais-pessoas-acima-dos-50-anos\/#breadcrumb\"},\"inLanguage\":\"pt-BR\",\"potentialAction\":[{\"@type\":\"ReadAction\",\"target\":[\"https:\/\/www.notibras.com\/site\/comercio-e-servicos-contratam-mais-pessoas-acima-dos-50-anos\/\"]}]},{\"@type\":\"ImageObject\",\"inLanguage\":\"pt-BR\",\"@id\":\"https:\/\/www.notibras.com\/site\/comercio-e-servicos-contratam-mais-pessoas-acima-dos-50-anos\/#primaryimage\",\"url\":\"https:\/\/www.notibras.com\/site\/wp-content\/uploads\/2026\/01\/feira-da-ceilandia-taguatinga_mcamgo_abr_130420221818-17.webp\",\"contentUrl\":\"https:\/\/www.notibras.com\/site\/wp-content\/uploads\/2026\/01\/feira-da-ceilandia-taguatinga_mcamgo_abr_130420221818-17.webp\",\"width\":1170,\"height\":700},{\"@type\":\"BreadcrumbList\",\"@id\":\"https:\/\/www.notibras.com\/site\/comercio-e-servicos-contratam-mais-pessoas-acima-dos-50-anos\/#breadcrumb\",\"itemListElement\":[{\"@type\":\"ListItem\",\"position\":1,\"name\":\"In\u00edcio\",\"item\":\"https:\/\/www.notibras.com\/site\/\"},{\"@type\":\"ListItem\",\"position\":2,\"name\":\"Com\u00e9rcio e servi\u00e7os contratam mais pessoas acima dos 50 anos\"}]},{\"@type\":\"WebSite\",\"@id\":\"https:\/\/www.notibras.com\/site\/#website\",\"url\":\"https:\/\/www.notibras.com\/site\/\",\"name\":\"Notibras\",\"description\":\"Not\u00edcias de Bras\u00edlia, do Brasil e do Mundo\",\"publisher\":{\"@id\":\"https:\/\/www.notibras.com\/site\/#organization\"},\"potentialAction\":[{\"@type\":\"SearchAction\",\"target\":{\"@type\":\"EntryPoint\",\"urlTemplate\":\"https:\/\/www.notibras.com\/site\/?s={search_term_string}\"},\"query-input\":{\"@type\":\"PropertyValueSpecification\",\"valueRequired\":true,\"valueName\":\"search_term_string\"}}],\"inLanguage\":\"pt-BR\"},{\"@type\":\"Organization\",\"@id\":\"https:\/\/www.notibras.com\/site\/#organization\",\"name\":\"Grupo Notibras de Comunica\u00e7\u00e3o\",\"url\":\"https:\/\/www.notibras.com\/site\/\",\"logo\":{\"@type\":\"ImageObject\",\"inLanguage\":\"pt-BR\",\"@id\":\"https:\/\/www.notibras.com\/site\/#\/schema\/logo\/image\/\",\"url\":\"https:\/\/www.notibras.com\/site\/wp-content\/uploads\/2023\/01\/notibras23.png\",\"contentUrl\":\"https:\/\/www.notibras.com\/site\/wp-content\/uploads\/2023\/01\/notibras23.png\",\"width\":350,\"height\":87,\"caption\":\"Grupo Notibras de Comunica\u00e7\u00e3o\"},\"image\":{\"@id\":\"https:\/\/www.notibras.com\/site\/#\/schema\/logo\/image\/\"},\"sameAs\":[\"https:\/\/www.facebook.com\/notibras\/\",\"https:\/\/x.com\/Notibras\",\"https:\/\/www.instagram.com\/notibras\/\"]},{\"@type\":\"Person\",\"@id\":\"https:\/\/www.notibras.com\/site\/#\/schema\/person\/36ab0979449956132d3e5b517ea76ac8\",\"name\":\"Reda\u00e7\u00e3o\",\"image\":{\"@type\":\"ImageObject\",\"inLanguage\":\"pt-BR\",\"@id\":\"https:\/\/secure.gravatar.com\/avatar\/e0a867bdedb85fd243eadf09663511f96fc81e0720a4a42581f334ad4303aa6b?s=96&d=mm&r=g\",\"url\":\"https:\/\/secure.gravatar.com\/avatar\/e0a867bdedb85fd243eadf09663511f96fc81e0720a4a42581f334ad4303aa6b?s=96&d=mm&r=g\",\"contentUrl\":\"https:\/\/secure.gravatar.com\/avatar\/e0a867bdedb85fd243eadf09663511f96fc81e0720a4a42581f334ad4303aa6b?s=96&d=mm&r=g\",\"caption\":\"Reda\u00e7\u00e3o\"}}]}<\/script>\n<!-- \/ Yoast SEO plugin. -->","yoast_head_json":{"title":"Com\u00e9rcio e servi\u00e7os contratam mais pessoas acima dos 50 anos - Notibras","robots":{"index":"index","follow":"follow","max-snippet":"max-snippet:-1","max-image-preview":"max-image-preview:large","max-video-preview":"max-video-preview:-1"},"canonical":"https:\/\/www.notibras.com\/site\/comercio-e-servicos-contratam-mais-pessoas-acima-dos-50-anos\/","og_locale":"pt_BR","og_type":"article","og_title":"Com\u00e9rcio e servi\u00e7os contratam mais pessoas acima dos 50 anos - Notibras","og_description":"A participa\u00e7\u00e3o de profissionais com mais de 50 anos na for\u00e7a laboral teve um aumento gradual entre janeiro e novembro de 2025, segundo um levantamento das admiss\u00f5es nos setores de com\u00e9rcio e servi\u00e7os realizado pela Federa\u00e7\u00e3o do Com\u00e9rcio de Bens, Servi\u00e7os e Turismo do Estado de S\u00e3o Paulo (FecomercioSP). Entre as 5,88 milh\u00f5es de admiss\u00f5es [&hellip;]","og_url":"https:\/\/www.notibras.com\/site\/comercio-e-servicos-contratam-mais-pessoas-acima-dos-50-anos\/","og_site_name":"Notibras","article_publisher":"https:\/\/www.facebook.com\/notibras\/","article_published_time":"2026-01-13T03:00:59+00:00","article_modified_time":"2026-01-13T11:31:17+00:00","og_image":[{"width":1170,"height":700,"url":"https:\/\/www.notibras.com\/site\/wp-content\/uploads\/2026\/01\/feira-da-ceilandia-taguatinga_mcamgo_abr_130420221818-17.webp","type":"image\/webp"}],"author":"Reda\u00e7\u00e3o","twitter_card":"summary_large_image","twitter_creator":"@Notibras","twitter_site":"@Notibras","twitter_misc":{"Escrito por":"Reda\u00e7\u00e3o","Est. tempo de leitura":"4 minutos"},"schema":{"@context":"https:\/\/schema.org","@graph":[{"@type":"Article","@id":"https:\/\/www.notibras.com\/site\/comercio-e-servicos-contratam-mais-pessoas-acima-dos-50-anos\/#article","isPartOf":{"@id":"https:\/\/www.notibras.com\/site\/comercio-e-servicos-contratam-mais-pessoas-acima-dos-50-anos\/"},"author":{"name":"Reda\u00e7\u00e3o","@id":"https:\/\/www.notibras.com\/site\/#\/schema\/person\/36ab0979449956132d3e5b517ea76ac8"},"headline":"Com\u00e9rcio e servi\u00e7os contratam mais pessoas acima dos 50 anos","datePublished":"2026-01-13T03:00:59+00:00","dateModified":"2026-01-13T11:31:17+00:00","mainEntityOfPage":{"@id":"https:\/\/www.notibras.com\/site\/comercio-e-servicos-contratam-mais-pessoas-acima-dos-50-anos\/"},"wordCount":763,"publisher":{"@id":"https:\/\/www.notibras.com\/site\/#organization"},"image":{"@id":"https:\/\/www.notibras.com\/site\/comercio-e-servicos-contratam-mais-pessoas-acima-dos-50-anos\/#primaryimage"},"thumbnailUrl":"https:\/\/www.notibras.com\/site\/wp-content\/uploads\/2026\/01\/feira-da-ceilandia-taguatinga_mcamgo_abr_130420221818-17.webp","articleSection":["Brasil"],"inLanguage":"pt-BR"},{"@type":"WebPage","@id":"https:\/\/www.notibras.com\/site\/comercio-e-servicos-contratam-mais-pessoas-acima-dos-50-anos\/","url":"https:\/\/www.notibras.com\/site\/comercio-e-servicos-contratam-mais-pessoas-acima-dos-50-anos\/","name":"Com\u00e9rcio e servi\u00e7os contratam mais pessoas acima dos 50 anos - Notibras","isPartOf":{"@id":"https:\/\/www.notibras.com\/site\/#website"},"primaryImageOfPage":{"@id":"https:\/\/www.notibras.com\/site\/comercio-e-servicos-contratam-mais-pessoas-acima-dos-50-anos\/#primaryimage"},"image":{"@id":"https:\/\/www.notibras.com\/site\/comercio-e-servicos-contratam-mais-pessoas-acima-dos-50-anos\/#primaryimage"},"thumbnailUrl":"https:\/\/www.notibras.com\/site\/wp-content\/uploads\/2026\/01\/feira-da-ceilandia-taguatinga_mcamgo_abr_130420221818-17.webp","datePublished":"2026-01-13T03:00:59+00:00","dateModified":"2026-01-13T11:31:17+00:00","breadcrumb":{"@id":"https:\/\/www.notibras.com\/site\/comercio-e-servicos-contratam-mais-pessoas-acima-dos-50-anos\/#breadcrumb"},"inLanguage":"pt-BR","potentialAction":[{"@type":"ReadAction","target":["https:\/\/www.notibras.com\/site\/comercio-e-servicos-contratam-mais-pessoas-acima-dos-50-anos\/"]}]},{"@type":"ImageObject","inLanguage":"pt-BR","@id":"https:\/\/www.notibras.com\/site\/comercio-e-servicos-contratam-mais-pessoas-acima-dos-50-anos\/#primaryimage","url":"https:\/\/www.notibras.com\/site\/wp-content\/uploads\/2026\/01\/feira-da-ceilandia-taguatinga_mcamgo_abr_130420221818-17.webp","contentUrl":"https:\/\/www.notibras.com\/site\/wp-content\/uploads\/2026\/01\/feira-da-ceilandia-taguatinga_mcamgo_abr_130420221818-17.webp","width":1170,"height":700},{"@type":"BreadcrumbList","@id":"https:\/\/www.notibras.com\/site\/comercio-e-servicos-contratam-mais-pessoas-acima-dos-50-anos\/#breadcrumb","itemListElement":[{"@type":"ListItem","position":1,"name":"In\u00edcio","item":"https:\/\/www.notibras.com\/site\/"},{"@type":"ListItem","position":2,"name":"Com\u00e9rcio e servi\u00e7os contratam mais pessoas acima dos 50 anos"}]},{"@type":"WebSite","@id":"https:\/\/www.notibras.com\/site\/#website","url":"https:\/\/www.notibras.com\/site\/","name":"Notibras","description":"Not\u00edcias de Bras\u00edlia, do Brasil e do Mundo","publisher":{"@id":"https:\/\/www.notibras.com\/site\/#organization"},"potentialAction":[{"@type":"SearchAction","target":{"@type":"EntryPoint","urlTemplate":"https:\/\/www.notibras.com\/site\/?s={search_term_string}"},"query-input":{"@type":"PropertyValueSpecification","valueRequired":true,"valueName":"search_term_string"}}],"inLanguage":"pt-BR"},{"@type":"Organization","@id":"https:\/\/www.notibras.com\/site\/#organization","name":"Grupo Notibras de Comunica\u00e7\u00e3o","url":"https:\/\/www.notibras.com\/site\/","logo":{"@type":"ImageObject","inLanguage":"pt-BR","@id":"https:\/\/www.notibras.com\/site\/#\/schema\/logo\/image\/","url":"https:\/\/www.notibras.com\/site\/wp-content\/uploads\/2023\/01\/notibras23.png","contentUrl":"https:\/\/www.notibras.com\/site\/wp-content\/uploads\/2023\/01\/notibras23.png","width":350,"height":87,"caption":"Grupo Notibras de Comunica\u00e7\u00e3o"},"image":{"@id":"https:\/\/www.notibras.com\/site\/#\/schema\/logo\/image\/"},"sameAs":["https:\/\/www.facebook.com\/notibras\/","https:\/\/x.com\/Notibras","https:\/\/www.instagram.com\/notibras\/"]},{"@type":"Person","@id":"https:\/\/www.notibras.com\/site\/#\/schema\/person\/36ab0979449956132d3e5b517ea76ac8","name":"Reda\u00e7\u00e3o","image":{"@type":"ImageObject","inLanguage":"pt-BR","@id":"https:\/\/secure.gravatar.com\/avatar\/e0a867bdedb85fd243eadf09663511f96fc81e0720a4a42581f334ad4303aa6b?s=96&d=mm&r=g","url":"https:\/\/secure.gravatar.com\/avatar\/e0a867bdedb85fd243eadf09663511f96fc81e0720a4a42581f334ad4303aa6b?s=96&d=mm&r=g","contentUrl":"https:\/\/secure.gravatar.com\/avatar\/e0a867bdedb85fd243eadf09663511f96fc81e0720a4a42581f334ad4303aa6b?s=96&d=mm&r=g","caption":"Reda\u00e7\u00e3o"}}]}},"amp_enabled":true,"_links":{"self":[{"href":"https:\/\/www.notibras.com\/site\/wp-json\/wp\/v2\/posts\/378835","targetHints":{"allow":["GET"]}}],"collection":[{"href":"https:\/\/www.notibras.com\/site\/wp-json\/wp\/v2\/posts"}],"about":[{"href":"https:\/\/www.notibras.com\/site\/wp-json\/wp\/v2\/types\/post"}],"author":[{"embeddable":true,"href":"https:\/\/www.notibras.com\/site\/wp-json\/wp\/v2\/users\/2"}],"replies":[{"embeddable":true,"href":"https:\/\/www.notibras.com\/site\/wp-json\/wp\/v2\/comments?post=378835"}],"version-history":[{"count":2,"href":"https:\/\/www.notibras.com\/site\/wp-json\/wp\/v2\/posts\/378835\/revisions"}],"predecessor-version":[{"id":378838,"href":"https:\/\/www.notibras.com\/site\/wp-json\/wp\/v2\/posts\/378835\/revisions\/378838"}],"wp:featuredmedia":[{"embeddable":true,"href":"https:\/\/www.notibras.com\/site\/wp-json\/wp\/v2\/media\/378836"}],"wp:attachment":[{"href":"https:\/\/www.notibras.com\/site\/wp-json\/wp\/v2\/media?parent=378835"}],"wp:term":[{"taxonomy":"category","embeddable":true,"href":"https:\/\/www.notibras.com\/site\/wp-json\/wp\/v2\/categories?post=378835"},{"taxonomy":"post_tag","embeddable":true,"href":"https:\/\/www.notibras.com\/site\/wp-json\/wp\/v2\/tags?post=378835"}],"curies":[{"name":"wp","href":"https:\/\/api.w.org\/{rel}","templated":true}]}}