{"id":378839,"date":"2026-01-13T00:00:30","date_gmt":"2026-01-13T03:00:30","guid":{"rendered":"https:\/\/www.notibras.com\/site\/?p=378839"},"modified":"2026-01-13T08:36:58","modified_gmt":"2026-01-13T11:36:58","slug":"foguete-que-levava-satelites-brasileiros-some-apos-lancamento","status":"publish","type":"post","link":"https:\/\/www.notibras.com\/site\/foguete-que-levava-satelites-brasileiros-some-apos-lancamento\/","title":{"rendered":"Foguete que levava sat\u00e9lites brasileiros some ap\u00f3s lan\u00e7amento"},"content":{"rendered":"<p>O lan\u00e7amento do foguete indiano PSLV-C62 nesta segunda, 12, que levava a bordo 15 equipamentos, entre eles o sat\u00e9lite indiano de observa\u00e7\u00e3o da Terra EOS-N1 e cinco sat\u00e9lites brasileiros, apresentou falhas e o ve\u00edculo foi perdido. A Ag\u00eancia Espacial Indiana (Isro, na sigla em ingl\u00eas) ainda n\u00e3o deu informa\u00e7\u00f5es sobre o local onde o foguete pode ter ca\u00eddo.<\/p>\n<p>O lan\u00e7amento ocorreu \u00e0s 10h17, no hor\u00e1rio local da \u00cdndia (1h48, no hor\u00e1rio de Bras\u00edlia), do Centro Espacial Satish Dhawan, na ilha de Sriharikota, na \u00cdndia. Pouco mais de 6 minutos do lan\u00e7amento foi identificada uma falha no terceiro dos quatro est\u00e1gios do foguete, que levou a altera\u00e7\u00e3o na trajet\u00f3ria.<\/p>\n<p>\u201cA miss\u00e3o PSLV-C62 detectou uma anomalia no final do est\u00e1gio PS3. Uma an\u00e1lise detalhada foi iniciada\u201d, informou a Isro em uma rede social.<\/p>\n<p>Era o voo de n\u00famero 64 do foguete. Al\u00e9m do sat\u00e9lite indiano, ele levava a bordo o nanossat\u00e9lite Aldebaran-I e outros quatro nanossat\u00e9lites brasileiros.<\/p>\n<p>Desenvolvido pela Universidade Federal do Maranh\u00e3o (UFMA), com apoio institucional e financeiro da Ag\u00eancia Espacial Brasileira (AEB), o Aldebaran era um prot\u00f3tipo para validar novas tecnologias.<\/p>\n<p>O projeto para a constru\u00e7\u00e3o do sat\u00e9lite teve in\u00edcio h\u00e1 5 anos. O nome Aldebaran-I \u00e9 uma refer\u00eancia \u00e0 estrela mais brilhante da constela\u00e7\u00e3o de Touro, que tem origem \u00e1rabe e significa seguidor. Tecnicamente o nanossat\u00e9lite \u00e9 um cubesat padr\u00e3o 1U, dispositivo com formato c\u00fabico e 10 cent\u00edmetros de lado.<\/p>\n<p>O aparelho ajudaria na localiza\u00e7\u00e3o de queimadas e no aux\u00edlio \u00e0s autoridades costeiras do pa\u00eds em miss\u00f5es de busca e resgate de pequenas embarca\u00e7\u00f5es pesqueiras que enfrentam dificuldades no mar.<\/p>\n<p>O nanossat\u00e9lite \u00e9 uma prova de conceito, ou seja, um prot\u00f3tipo que ser\u00e1 usado para validar uma nova tecnologia espacial.<\/p>\n<p>Al\u00e9m do Aldebaran-I, tamb\u00e9m foram colocados em \u00f3rbita outros quatro sat\u00e9lites brasileiros: Orbital Temple, EduSat-1, Galaxy Explorer e UaiSat. Os equipamentos fazem parte do Programa Nacional de Atividades Espaciais (Pnae) 2022\u20132031, coordenado pela AEB, que estimula o desenvolvimento de nanossat\u00e9lites acad\u00eamicos, de baixo custo e alta relev\u00e2ncia social.<\/p>\n","protected":false},"excerpt":{"rendered":"<p>O lan\u00e7amento do foguete indiano PSLV-C62 nesta segunda, 12, que levava a bordo 15 equipamentos, entre eles o sat\u00e9lite indiano de observa\u00e7\u00e3o da Terra EOS-N1 e cinco sat\u00e9lites brasileiros, apresentou falhas e o ve\u00edculo foi perdido. A Ag\u00eancia Espacial Indiana (Isro, na sigla em ingl\u00eas) ainda n\u00e3o deu informa\u00e7\u00f5es sobre o local onde o foguete [&hellip;]<\/p>\n","protected":false},"author":2,"featured_media":378840,"comment_status":"closed","ping_status":"closed","sticky":false,"template":"","format":"standard","meta":{"_acf_changed":false,"footnotes":""},"categories":[16],"tags":[],"class_list":["post-378839","post","type-post","status-publish","format-standard","has-post-thumbnail","hentry","category-brasil"],"acf":[],"yoast_head":"<!-- This site is optimized with the Yoast SEO plugin v27.2 - https:\/\/yoast.com\/product\/yoast-seo-wordpress\/ -->\n<title>Foguete que levava sat\u00e9lites brasileiros some ap\u00f3s lan\u00e7amento - Notibras<\/title>\n<meta name=\"robots\" content=\"index, follow, max-snippet:-1, max-image-preview:large, max-video-preview:-1\" \/>\n<link rel=\"canonical\" href=\"https:\/\/www.notibras.com\/site\/foguete-que-levava-satelites-brasileiros-some-apos-lancamento\/\" \/>\n<meta property=\"og:locale\" content=\"pt_BR\" \/>\n<meta property=\"og:type\" content=\"article\" \/>\n<meta property=\"og:title\" content=\"Foguete que levava sat\u00e9lites brasileiros some ap\u00f3s lan\u00e7amento - Notibras\" \/>\n<meta property=\"og:description\" content=\"O lan\u00e7amento do foguete indiano PSLV-C62 nesta segunda, 12, que levava a bordo 15 equipamentos, entre eles o sat\u00e9lite indiano de observa\u00e7\u00e3o da Terra EOS-N1 e cinco sat\u00e9lites brasileiros, apresentou falhas e o ve\u00edculo foi perdido. A Ag\u00eancia Espacial Indiana (Isro, na sigla em ingl\u00eas) ainda n\u00e3o deu informa\u00e7\u00f5es sobre o local onde o foguete [&hellip;]\" \/>\n<meta property=\"og:url\" content=\"https:\/\/www.notibras.com\/site\/foguete-que-levava-satelites-brasileiros-some-apos-lancamento\/\" \/>\n<meta property=\"og:site_name\" content=\"Notibras\" \/>\n<meta property=\"article:publisher\" content=\"https:\/\/www.facebook.com\/notibras\/\" \/>\n<meta property=\"article:published_time\" content=\"2026-01-13T03:00:30+00:00\" \/>\n<meta property=\"article:modified_time\" content=\"2026-01-13T11:36:58+00:00\" \/>\n<meta property=\"og:image\" content=\"https:\/\/www.notibras.com\/site\/wp-content\/uploads\/2026\/01\/7b483569-784f-41fa-b28d-a67e10f1abe5_0.webp\" \/>\n\t<meta property=\"og:image:width\" content=\"1170\" \/>\n\t<meta property=\"og:image:height\" content=\"700\" \/>\n\t<meta property=\"og:image:type\" content=\"image\/webp\" \/>\n<meta name=\"author\" content=\"Reda\u00e7\u00e3o\" \/>\n<meta name=\"twitter:card\" content=\"summary_large_image\" \/>\n<meta name=\"twitter:creator\" content=\"@Notibras\" \/>\n<meta name=\"twitter:site\" content=\"@Notibras\" \/>\n<meta name=\"twitter:label1\" content=\"Escrito por\" \/>\n\t<meta name=\"twitter:data1\" content=\"Reda\u00e7\u00e3o\" \/>\n\t<meta name=\"twitter:label2\" content=\"Est. tempo de leitura\" \/>\n\t<meta name=\"twitter:data2\" content=\"3 minutos\" \/>\n<script type=\"application\/ld+json\" class=\"yoast-schema-graph\">{\"@context\":\"https:\/\/schema.org\",\"@graph\":[{\"@type\":\"Article\",\"@id\":\"https:\/\/www.notibras.com\/site\/foguete-que-levava-satelites-brasileiros-some-apos-lancamento\/#article\",\"isPartOf\":{\"@id\":\"https:\/\/www.notibras.com\/site\/foguete-que-levava-satelites-brasileiros-some-apos-lancamento\/\"},\"author\":{\"name\":\"Reda\u00e7\u00e3o\",\"@id\":\"https:\/\/www.notibras.com\/site\/#\/schema\/person\/36ab0979449956132d3e5b517ea76ac8\"},\"headline\":\"Foguete que levava sat\u00e9lites brasileiros some ap\u00f3s lan\u00e7amento\",\"datePublished\":\"2026-01-13T03:00:30+00:00\",\"dateModified\":\"2026-01-13T11:36:58+00:00\",\"mainEntityOfPage\":{\"@id\":\"https:\/\/www.notibras.com\/site\/foguete-que-levava-satelites-brasileiros-some-apos-lancamento\/\"},\"wordCount\":380,\"publisher\":{\"@id\":\"https:\/\/www.notibras.com\/site\/#organization\"},\"image\":{\"@id\":\"https:\/\/www.notibras.com\/site\/foguete-que-levava-satelites-brasileiros-some-apos-lancamento\/#primaryimage\"},\"thumbnailUrl\":\"https:\/\/www.notibras.com\/site\/wp-content\/uploads\/2026\/01\/7b483569-784f-41fa-b28d-a67e10f1abe5_0.webp\",\"articleSection\":[\"Brasil\"],\"inLanguage\":\"pt-BR\"},{\"@type\":\"WebPage\",\"@id\":\"https:\/\/www.notibras.com\/site\/foguete-que-levava-satelites-brasileiros-some-apos-lancamento\/\",\"url\":\"https:\/\/www.notibras.com\/site\/foguete-que-levava-satelites-brasileiros-some-apos-lancamento\/\",\"name\":\"Foguete que levava sat\u00e9lites brasileiros some ap\u00f3s lan\u00e7amento - Notibras\",\"isPartOf\":{\"@id\":\"https:\/\/www.notibras.com\/site\/#website\"},\"primaryImageOfPage\":{\"@id\":\"https:\/\/www.notibras.com\/site\/foguete-que-levava-satelites-brasileiros-some-apos-lancamento\/#primaryimage\"},\"image\":{\"@id\":\"https:\/\/www.notibras.com\/site\/foguete-que-levava-satelites-brasileiros-some-apos-lancamento\/#primaryimage\"},\"thumbnailUrl\":\"https:\/\/www.notibras.com\/site\/wp-content\/uploads\/2026\/01\/7b483569-784f-41fa-b28d-a67e10f1abe5_0.webp\",\"datePublished\":\"2026-01-13T03:00:30+00:00\",\"dateModified\":\"2026-01-13T11:36:58+00:00\",\"breadcrumb\":{\"@id\":\"https:\/\/www.notibras.com\/site\/foguete-que-levava-satelites-brasileiros-some-apos-lancamento\/#breadcrumb\"},\"inLanguage\":\"pt-BR\",\"potentialAction\":[{\"@type\":\"ReadAction\",\"target\":[\"https:\/\/www.notibras.com\/site\/foguete-que-levava-satelites-brasileiros-some-apos-lancamento\/\"]}]},{\"@type\":\"ImageObject\",\"inLanguage\":\"pt-BR\",\"@id\":\"https:\/\/www.notibras.com\/site\/foguete-que-levava-satelites-brasileiros-some-apos-lancamento\/#primaryimage\",\"url\":\"https:\/\/www.notibras.com\/site\/wp-content\/uploads\/2026\/01\/7b483569-784f-41fa-b28d-a67e10f1abe5_0.webp\",\"contentUrl\":\"https:\/\/www.notibras.com\/site\/wp-content\/uploads\/2026\/01\/7b483569-784f-41fa-b28d-a67e10f1abe5_0.webp\",\"width\":1170,\"height\":700},{\"@type\":\"BreadcrumbList\",\"@id\":\"https:\/\/www.notibras.com\/site\/foguete-que-levava-satelites-brasileiros-some-apos-lancamento\/#breadcrumb\",\"itemListElement\":[{\"@type\":\"ListItem\",\"position\":1,\"name\":\"In\u00edcio\",\"item\":\"https:\/\/www.notibras.com\/site\/\"},{\"@type\":\"ListItem\",\"position\":2,\"name\":\"Foguete que levava sat\u00e9lites brasileiros some ap\u00f3s lan\u00e7amento\"}]},{\"@type\":\"WebSite\",\"@id\":\"https:\/\/www.notibras.com\/site\/#website\",\"url\":\"https:\/\/www.notibras.com\/site\/\",\"name\":\"Notibras\",\"description\":\"Not\u00edcias de Bras\u00edlia, do Brasil e do Mundo\",\"publisher\":{\"@id\":\"https:\/\/www.notibras.com\/site\/#organization\"},\"potentialAction\":[{\"@type\":\"SearchAction\",\"target\":{\"@type\":\"EntryPoint\",\"urlTemplate\":\"https:\/\/www.notibras.com\/site\/?s={search_term_string}\"},\"query-input\":{\"@type\":\"PropertyValueSpecification\",\"valueRequired\":true,\"valueName\":\"search_term_string\"}}],\"inLanguage\":\"pt-BR\"},{\"@type\":\"Organization\",\"@id\":\"https:\/\/www.notibras.com\/site\/#organization\",\"name\":\"Grupo Notibras de Comunica\u00e7\u00e3o\",\"url\":\"https:\/\/www.notibras.com\/site\/\",\"logo\":{\"@type\":\"ImageObject\",\"inLanguage\":\"pt-BR\",\"@id\":\"https:\/\/www.notibras.com\/site\/#\/schema\/logo\/image\/\",\"url\":\"https:\/\/www.notibras.com\/site\/wp-content\/uploads\/2023\/01\/notibras23.png\",\"contentUrl\":\"https:\/\/www.notibras.com\/site\/wp-content\/uploads\/2023\/01\/notibras23.png\",\"width\":350,\"height\":87,\"caption\":\"Grupo Notibras de Comunica\u00e7\u00e3o\"},\"image\":{\"@id\":\"https:\/\/www.notibras.com\/site\/#\/schema\/logo\/image\/\"},\"sameAs\":[\"https:\/\/www.facebook.com\/notibras\/\",\"https:\/\/x.com\/Notibras\",\"https:\/\/www.instagram.com\/notibras\/\"]},{\"@type\":\"Person\",\"@id\":\"https:\/\/www.notibras.com\/site\/#\/schema\/person\/36ab0979449956132d3e5b517ea76ac8\",\"name\":\"Reda\u00e7\u00e3o\",\"image\":{\"@type\":\"ImageObject\",\"inLanguage\":\"pt-BR\",\"@id\":\"https:\/\/secure.gravatar.com\/avatar\/e0a867bdedb85fd243eadf09663511f96fc81e0720a4a42581f334ad4303aa6b?s=96&d=mm&r=g\",\"url\":\"https:\/\/secure.gravatar.com\/avatar\/e0a867bdedb85fd243eadf09663511f96fc81e0720a4a42581f334ad4303aa6b?s=96&d=mm&r=g\",\"contentUrl\":\"https:\/\/secure.gravatar.com\/avatar\/e0a867bdedb85fd243eadf09663511f96fc81e0720a4a42581f334ad4303aa6b?s=96&d=mm&r=g\",\"caption\":\"Reda\u00e7\u00e3o\"}}]}<\/script>\n<!-- \/ Yoast SEO plugin. -->","yoast_head_json":{"title":"Foguete que levava sat\u00e9lites brasileiros some ap\u00f3s lan\u00e7amento - Notibras","robots":{"index":"index","follow":"follow","max-snippet":"max-snippet:-1","max-image-preview":"max-image-preview:large","max-video-preview":"max-video-preview:-1"},"canonical":"https:\/\/www.notibras.com\/site\/foguete-que-levava-satelites-brasileiros-some-apos-lancamento\/","og_locale":"pt_BR","og_type":"article","og_title":"Foguete que levava sat\u00e9lites brasileiros some ap\u00f3s lan\u00e7amento - Notibras","og_description":"O lan\u00e7amento do foguete indiano PSLV-C62 nesta segunda, 12, que levava a bordo 15 equipamentos, entre eles o sat\u00e9lite indiano de observa\u00e7\u00e3o da Terra EOS-N1 e cinco sat\u00e9lites brasileiros, apresentou falhas e o ve\u00edculo foi perdido. A Ag\u00eancia Espacial Indiana (Isro, na sigla em ingl\u00eas) ainda n\u00e3o deu informa\u00e7\u00f5es sobre o local onde o foguete [&hellip;]","og_url":"https:\/\/www.notibras.com\/site\/foguete-que-levava-satelites-brasileiros-some-apos-lancamento\/","og_site_name":"Notibras","article_publisher":"https:\/\/www.facebook.com\/notibras\/","article_published_time":"2026-01-13T03:00:30+00:00","article_modified_time":"2026-01-13T11:36:58+00:00","og_image":[{"width":1170,"height":700,"url":"https:\/\/www.notibras.com\/site\/wp-content\/uploads\/2026\/01\/7b483569-784f-41fa-b28d-a67e10f1abe5_0.webp","type":"image\/webp"}],"author":"Reda\u00e7\u00e3o","twitter_card":"summary_large_image","twitter_creator":"@Notibras","twitter_site":"@Notibras","twitter_misc":{"Escrito por":"Reda\u00e7\u00e3o","Est. tempo de leitura":"3 minutos"},"schema":{"@context":"https:\/\/schema.org","@graph":[{"@type":"Article","@id":"https:\/\/www.notibras.com\/site\/foguete-que-levava-satelites-brasileiros-some-apos-lancamento\/#article","isPartOf":{"@id":"https:\/\/www.notibras.com\/site\/foguete-que-levava-satelites-brasileiros-some-apos-lancamento\/"},"author":{"name":"Reda\u00e7\u00e3o","@id":"https:\/\/www.notibras.com\/site\/#\/schema\/person\/36ab0979449956132d3e5b517ea76ac8"},"headline":"Foguete que levava sat\u00e9lites brasileiros some ap\u00f3s lan\u00e7amento","datePublished":"2026-01-13T03:00:30+00:00","dateModified":"2026-01-13T11:36:58+00:00","mainEntityOfPage":{"@id":"https:\/\/www.notibras.com\/site\/foguete-que-levava-satelites-brasileiros-some-apos-lancamento\/"},"wordCount":380,"publisher":{"@id":"https:\/\/www.notibras.com\/site\/#organization"},"image":{"@id":"https:\/\/www.notibras.com\/site\/foguete-que-levava-satelites-brasileiros-some-apos-lancamento\/#primaryimage"},"thumbnailUrl":"https:\/\/www.notibras.com\/site\/wp-content\/uploads\/2026\/01\/7b483569-784f-41fa-b28d-a67e10f1abe5_0.webp","articleSection":["Brasil"],"inLanguage":"pt-BR"},{"@type":"WebPage","@id":"https:\/\/www.notibras.com\/site\/foguete-que-levava-satelites-brasileiros-some-apos-lancamento\/","url":"https:\/\/www.notibras.com\/site\/foguete-que-levava-satelites-brasileiros-some-apos-lancamento\/","name":"Foguete que levava sat\u00e9lites brasileiros some ap\u00f3s lan\u00e7amento - Notibras","isPartOf":{"@id":"https:\/\/www.notibras.com\/site\/#website"},"primaryImageOfPage":{"@id":"https:\/\/www.notibras.com\/site\/foguete-que-levava-satelites-brasileiros-some-apos-lancamento\/#primaryimage"},"image":{"@id":"https:\/\/www.notibras.com\/site\/foguete-que-levava-satelites-brasileiros-some-apos-lancamento\/#primaryimage"},"thumbnailUrl":"https:\/\/www.notibras.com\/site\/wp-content\/uploads\/2026\/01\/7b483569-784f-41fa-b28d-a67e10f1abe5_0.webp","datePublished":"2026-01-13T03:00:30+00:00","dateModified":"2026-01-13T11:36:58+00:00","breadcrumb":{"@id":"https:\/\/www.notibras.com\/site\/foguete-que-levava-satelites-brasileiros-some-apos-lancamento\/#breadcrumb"},"inLanguage":"pt-BR","potentialAction":[{"@type":"ReadAction","target":["https:\/\/www.notibras.com\/site\/foguete-que-levava-satelites-brasileiros-some-apos-lancamento\/"]}]},{"@type":"ImageObject","inLanguage":"pt-BR","@id":"https:\/\/www.notibras.com\/site\/foguete-que-levava-satelites-brasileiros-some-apos-lancamento\/#primaryimage","url":"https:\/\/www.notibras.com\/site\/wp-content\/uploads\/2026\/01\/7b483569-784f-41fa-b28d-a67e10f1abe5_0.webp","contentUrl":"https:\/\/www.notibras.com\/site\/wp-content\/uploads\/2026\/01\/7b483569-784f-41fa-b28d-a67e10f1abe5_0.webp","width":1170,"height":700},{"@type":"BreadcrumbList","@id":"https:\/\/www.notibras.com\/site\/foguete-que-levava-satelites-brasileiros-some-apos-lancamento\/#breadcrumb","itemListElement":[{"@type":"ListItem","position":1,"name":"In\u00edcio","item":"https:\/\/www.notibras.com\/site\/"},{"@type":"ListItem","position":2,"name":"Foguete que levava sat\u00e9lites brasileiros some ap\u00f3s lan\u00e7amento"}]},{"@type":"WebSite","@id":"https:\/\/www.notibras.com\/site\/#website","url":"https:\/\/www.notibras.com\/site\/","name":"Notibras","description":"Not\u00edcias de Bras\u00edlia, do Brasil e do Mundo","publisher":{"@id":"https:\/\/www.notibras.com\/site\/#organization"},"potentialAction":[{"@type":"SearchAction","target":{"@type":"EntryPoint","urlTemplate":"https:\/\/www.notibras.com\/site\/?s={search_term_string}"},"query-input":{"@type":"PropertyValueSpecification","valueRequired":true,"valueName":"search_term_string"}}],"inLanguage":"pt-BR"},{"@type":"Organization","@id":"https:\/\/www.notibras.com\/site\/#organization","name":"Grupo Notibras de Comunica\u00e7\u00e3o","url":"https:\/\/www.notibras.com\/site\/","logo":{"@type":"ImageObject","inLanguage":"pt-BR","@id":"https:\/\/www.notibras.com\/site\/#\/schema\/logo\/image\/","url":"https:\/\/www.notibras.com\/site\/wp-content\/uploads\/2023\/01\/notibras23.png","contentUrl":"https:\/\/www.notibras.com\/site\/wp-content\/uploads\/2023\/01\/notibras23.png","width":350,"height":87,"caption":"Grupo Notibras de Comunica\u00e7\u00e3o"},"image":{"@id":"https:\/\/www.notibras.com\/site\/#\/schema\/logo\/image\/"},"sameAs":["https:\/\/www.facebook.com\/notibras\/","https:\/\/x.com\/Notibras","https:\/\/www.instagram.com\/notibras\/"]},{"@type":"Person","@id":"https:\/\/www.notibras.com\/site\/#\/schema\/person\/36ab0979449956132d3e5b517ea76ac8","name":"Reda\u00e7\u00e3o","image":{"@type":"ImageObject","inLanguage":"pt-BR","@id":"https:\/\/secure.gravatar.com\/avatar\/e0a867bdedb85fd243eadf09663511f96fc81e0720a4a42581f334ad4303aa6b?s=96&d=mm&r=g","url":"https:\/\/secure.gravatar.com\/avatar\/e0a867bdedb85fd243eadf09663511f96fc81e0720a4a42581f334ad4303aa6b?s=96&d=mm&r=g","contentUrl":"https:\/\/secure.gravatar.com\/avatar\/e0a867bdedb85fd243eadf09663511f96fc81e0720a4a42581f334ad4303aa6b?s=96&d=mm&r=g","caption":"Reda\u00e7\u00e3o"}}]}},"amp_enabled":true,"_links":{"self":[{"href":"https:\/\/www.notibras.com\/site\/wp-json\/wp\/v2\/posts\/378839","targetHints":{"allow":["GET"]}}],"collection":[{"href":"https:\/\/www.notibras.com\/site\/wp-json\/wp\/v2\/posts"}],"about":[{"href":"https:\/\/www.notibras.com\/site\/wp-json\/wp\/v2\/types\/post"}],"author":[{"embeddable":true,"href":"https:\/\/www.notibras.com\/site\/wp-json\/wp\/v2\/users\/2"}],"replies":[{"embeddable":true,"href":"https:\/\/www.notibras.com\/site\/wp-json\/wp\/v2\/comments?post=378839"}],"version-history":[{"count":1,"href":"https:\/\/www.notibras.com\/site\/wp-json\/wp\/v2\/posts\/378839\/revisions"}],"predecessor-version":[{"id":378841,"href":"https:\/\/www.notibras.com\/site\/wp-json\/wp\/v2\/posts\/378839\/revisions\/378841"}],"wp:featuredmedia":[{"embeddable":true,"href":"https:\/\/www.notibras.com\/site\/wp-json\/wp\/v2\/media\/378840"}],"wp:attachment":[{"href":"https:\/\/www.notibras.com\/site\/wp-json\/wp\/v2\/media?parent=378839"}],"wp:term":[{"taxonomy":"category","embeddable":true,"href":"https:\/\/www.notibras.com\/site\/wp-json\/wp\/v2\/categories?post=378839"},{"taxonomy":"post_tag","embeddable":true,"href":"https:\/\/www.notibras.com\/site\/wp-json\/wp\/v2\/tags?post=378839"}],"curies":[{"name":"wp","href":"https:\/\/api.w.org\/{rel}","templated":true}]}}