{"id":378845,"date":"2026-01-13T08:00:17","date_gmt":"2026-01-13T11:00:17","guid":{"rendered":"https:\/\/www.notibras.com\/site\/?p=378845"},"modified":"2026-01-13T08:52:30","modified_gmt":"2026-01-13T11:52:30","slug":"economia-nordestina-supera-media-nacional-e-gera-otimismo-para-2026","status":"publish","type":"post","link":"https:\/\/www.notibras.com\/site\/economia-nordestina-supera-media-nacional-e-gera-otimismo-para-2026\/","title":{"rendered":"Economia nordestina supera m\u00e9dia nacional e gera otimismo para 2026"},"content":{"rendered":"<p>\u00c0 medida que o Brasil inicia mais um ano, um dos principais destaques no cen\u00e1rio econ\u00f4mico nacional \u00e9 o desempenho consistente da regi\u00e3o Nordeste. Ap\u00f3s anos de desafios estruturais, dados recentes revelam que a economia nordestina tem registrado crescimento acima da m\u00e9dia do pa\u00eds em diversos indicadores-chave \u2014 gerando um clima de otimismo entre empres\u00e1rios, investidores e a popula\u00e7\u00e3o.<\/p>\n<p>Segundo o Boletim Macro Regional Nordeste, produzido pela Funda\u00e7\u00e3o Getulio Vargas (FGV IBRE), a atividade econ\u00f4mica da regi\u00e3o registrou expans\u00e3o de 4,0% em 2024, superando a m\u00e9dia nacional de 3,8%, consolidando o Nordeste como uma das \u00e1reas com melhor desempenho macroecon\u00f4mico no Brasil.<\/p>\n<p>Dados adicionais da Resenha Regional do Banco do Brasil apontam que essa tend\u00eancia se manteve em 2025, com v\u00e1rios estados nordestinos ultrapassando indicadores nacionais de crescimento.<\/p>\n<p>Especialistas destacam que setores como servi\u00e7os, ind\u00fastria e com\u00e9rcio t\u00eam sido respons\u00e1veis por essa performance \u2014 ainda que com varia\u00e7\u00f5es entre unidades federativas.<\/p>\n<p>A Para\u00edba registrou um crescimento do Produto Interno Bruto (PIB) projetado em 2,7% para 2025, superando tanto a m\u00e9dia nacional (estimada em 2,2%) quanto a regional. O crescimento foi impulsionado pela ind\u00fastria e servi\u00e7os.<\/p>\n<p>Tamb\u00e9m no Rio Grande do Norte, o com\u00e9rcio varejista apresentou um desempenho robusto em 2024, crescendo 6,4%, acima da m\u00e9dia brasileira.<\/p>\n<p>O setor industrial do Cear\u00e1 se destacou em 2025, com expans\u00e3o significativa nos primeiros meses do ano, em alguns per\u00edodos superando o crescimento industrial nacional.<\/p>\n<p>No mesmo estado, o turismo registrou crescimento de 6,9% em julho de 2025, mais do que o dobro da m\u00e9dia nacional de 3,3%, pelo sexto m\u00eas consecutivo.<\/p>\n<p>Um estudo do FGV IBRE mostrou que no in\u00edcio de 2025 houve um aumento real de 8% no rendimento m\u00e9dio real da popula\u00e7\u00e3o nordestina, enquanto a m\u00e9dia nacional cresceu cerca de 4% no mesmo per\u00edodo. Al\u00e9m disso, quase 46 mil novos postos formais de trabalho foram gerados na regi\u00e3o, com destaque para os setores de servi\u00e7os, ind\u00fastria e constru\u00e7\u00e3o civil.<\/p>\n<p>Esse avan\u00e7o na renda e na gera\u00e7\u00e3o de empregos tem impulsionado o consumo e fortalecido o mercado interno. A combina\u00e7\u00e3o desses fatores colabora para a forma\u00e7\u00e3o de um c\u00edrculo virtuoso de crescimento econ\u00f4mico e maior estabilidade social.<\/p>\n<p>O impacto desses indicadores tamb\u00e9m pode ser sentido no \u00e2nimo da popula\u00e7\u00e3o. Pesquisa recente mostrou que 75% dos moradores do Nordeste esperam uma melhora nas condi\u00e7\u00f5es de vida em 2026, uma das maiores taxas de otimismo do pa\u00eds.<\/p>\n<p>Esse sentimento positivo se reflete na confian\u00e7a dos consumidores e das empresas, que t\u00eam ampliado investimentos em \u00e1reas como tecnologia, turismo, energias renov\u00e1veis e infraestrutura.<\/p>\n<p>Apesar dos bons resultados, analistas alertam que desafios persistem. Segundo boletins regionais, a atividade econ\u00f4mica em alguns meses de 2025 mostrou ritmo mais moderado, com indicadores abaixo da m\u00e9dia nacional em componentes espec\u00edficos como ind\u00fastria e servi\u00e7os em certos estados.<\/p>\n<p>Ainda assim, a trajet\u00f3ria geral \u00e9 de crescimento sustent\u00e1vel, apoiada por pol\u00edticas de incentivo regional, investimentos privados crescentes e melhoria das condi\u00e7\u00f5es de cr\u00e9dito.<\/p>\n<p>Com desempenho econ\u00f4mico em evolu\u00e7\u00e3o e superando em muitos aspectos a m\u00e9dia nacional, o Nordeste se firma como protagonista de uma nova fase de desenvolvimento no Brasil. Os n\u00fameros de crescimento do PIB, gera\u00e7\u00e3o de emprego, aumento real de renda e o otimismo da popula\u00e7\u00e3o apontam para um 2026 promissor, em que a regi\u00e3o poder\u00e1 consolidar ainda mais sua contribui\u00e7\u00e3o para o avan\u00e7o econ\u00f4mico do pa\u00eds.<\/p>\n","protected":false},"excerpt":{"rendered":"<p>\u00c0 medida que o Brasil inicia mais um ano, um dos principais destaques no cen\u00e1rio econ\u00f4mico nacional \u00e9 o desempenho consistente da regi\u00e3o Nordeste. Ap\u00f3s anos de desafios estruturais, dados recentes revelam que a economia nordestina tem registrado crescimento acima da m\u00e9dia do pa\u00eds em diversos indicadores-chave \u2014 gerando um clima de otimismo entre empres\u00e1rios, [&hellip;]<\/p>\n","protected":false},"author":2,"featured_media":378846,"comment_status":"closed","ping_status":"closed","sticky":false,"template":"","format":"standard","meta":{"_acf_changed":false,"footnotes":""},"categories":[165],"tags":[],"class_list":["post-378845","post","type-post","status-publish","format-standard","has-post-thumbnail","hentry","category-nordeste"],"acf":[],"yoast_head":"<!-- This site is optimized with the Yoast SEO plugin v27.2 - https:\/\/yoast.com\/product\/yoast-seo-wordpress\/ -->\n<title>Economia nordestina supera m\u00e9dia nacional e gera otimismo para 2026 - Notibras<\/title>\n<meta name=\"robots\" content=\"index, follow, max-snippet:-1, max-image-preview:large, max-video-preview:-1\" \/>\n<link rel=\"canonical\" href=\"https:\/\/www.notibras.com\/site\/economia-nordestina-supera-media-nacional-e-gera-otimismo-para-2026\/\" \/>\n<meta property=\"og:locale\" content=\"pt_BR\" \/>\n<meta property=\"og:type\" content=\"article\" \/>\n<meta property=\"og:title\" content=\"Economia nordestina supera m\u00e9dia nacional e gera otimismo para 2026 - Notibras\" \/>\n<meta property=\"og:description\" content=\"\u00c0 medida que o Brasil inicia mais um ano, um dos principais destaques no cen\u00e1rio econ\u00f4mico nacional \u00e9 o desempenho consistente da regi\u00e3o Nordeste. Ap\u00f3s anos de desafios estruturais, dados recentes revelam que a economia nordestina tem registrado crescimento acima da m\u00e9dia do pa\u00eds em diversos indicadores-chave \u2014 gerando um clima de otimismo entre empres\u00e1rios, [&hellip;]\" \/>\n<meta property=\"og:url\" content=\"https:\/\/www.notibras.com\/site\/economia-nordestina-supera-media-nacional-e-gera-otimismo-para-2026\/\" \/>\n<meta property=\"og:site_name\" content=\"Notibras\" \/>\n<meta property=\"article:publisher\" content=\"https:\/\/www.facebook.com\/notibras\/\" \/>\n<meta property=\"article:published_time\" content=\"2026-01-13T11:00:17+00:00\" \/>\n<meta property=\"article:modified_time\" content=\"2026-01-13T11:52:30+00:00\" \/>\n<meta property=\"og:image\" content=\"https:\/\/www.notibras.com\/site\/wp-content\/uploads\/2026\/01\/7ccb3ff6-0c5a-476f-8f3e-1d1c3e838f32.jpg\" \/>\n\t<meta property=\"og:image:width\" content=\"1008\" \/>\n\t<meta property=\"og:image:height\" content=\"526\" \/>\n\t<meta property=\"og:image:type\" content=\"image\/jpeg\" \/>\n<meta name=\"author\" content=\"Reda\u00e7\u00e3o\" \/>\n<meta name=\"twitter:card\" content=\"summary_large_image\" \/>\n<meta name=\"twitter:creator\" content=\"@Notibras\" \/>\n<meta name=\"twitter:site\" content=\"@Notibras\" \/>\n<meta name=\"twitter:label1\" content=\"Escrito por\" \/>\n\t<meta name=\"twitter:data1\" content=\"Reda\u00e7\u00e3o\" \/>\n\t<meta name=\"twitter:label2\" content=\"Est. tempo de leitura\" \/>\n\t<meta name=\"twitter:data2\" content=\"4 minutos\" \/>\n<script type=\"application\/ld+json\" class=\"yoast-schema-graph\">{\"@context\":\"https:\/\/schema.org\",\"@graph\":[{\"@type\":\"Article\",\"@id\":\"https:\/\/www.notibras.com\/site\/economia-nordestina-supera-media-nacional-e-gera-otimismo-para-2026\/#article\",\"isPartOf\":{\"@id\":\"https:\/\/www.notibras.com\/site\/economia-nordestina-supera-media-nacional-e-gera-otimismo-para-2026\/\"},\"author\":{\"name\":\"Reda\u00e7\u00e3o\",\"@id\":\"https:\/\/www.notibras.com\/site\/#\/schema\/person\/36ab0979449956132d3e5b517ea76ac8\"},\"headline\":\"Economia nordestina supera m\u00e9dia nacional e gera otimismo para 2026\",\"datePublished\":\"2026-01-13T11:00:17+00:00\",\"dateModified\":\"2026-01-13T11:52:30+00:00\",\"mainEntityOfPage\":{\"@id\":\"https:\/\/www.notibras.com\/site\/economia-nordestina-supera-media-nacional-e-gera-otimismo-para-2026\/\"},\"wordCount\":609,\"publisher\":{\"@id\":\"https:\/\/www.notibras.com\/site\/#organization\"},\"image\":{\"@id\":\"https:\/\/www.notibras.com\/site\/economia-nordestina-supera-media-nacional-e-gera-otimismo-para-2026\/#primaryimage\"},\"thumbnailUrl\":\"https:\/\/www.notibras.com\/site\/wp-content\/uploads\/2026\/01\/7ccb3ff6-0c5a-476f-8f3e-1d1c3e838f32.jpg\",\"articleSection\":[\"Nordeste\"],\"inLanguage\":\"pt-BR\"},{\"@type\":\"WebPage\",\"@id\":\"https:\/\/www.notibras.com\/site\/economia-nordestina-supera-media-nacional-e-gera-otimismo-para-2026\/\",\"url\":\"https:\/\/www.notibras.com\/site\/economia-nordestina-supera-media-nacional-e-gera-otimismo-para-2026\/\",\"name\":\"Economia nordestina supera m\u00e9dia nacional e gera otimismo para 2026 - Notibras\",\"isPartOf\":{\"@id\":\"https:\/\/www.notibras.com\/site\/#website\"},\"primaryImageOfPage\":{\"@id\":\"https:\/\/www.notibras.com\/site\/economia-nordestina-supera-media-nacional-e-gera-otimismo-para-2026\/#primaryimage\"},\"image\":{\"@id\":\"https:\/\/www.notibras.com\/site\/economia-nordestina-supera-media-nacional-e-gera-otimismo-para-2026\/#primaryimage\"},\"thumbnailUrl\":\"https:\/\/www.notibras.com\/site\/wp-content\/uploads\/2026\/01\/7ccb3ff6-0c5a-476f-8f3e-1d1c3e838f32.jpg\",\"datePublished\":\"2026-01-13T11:00:17+00:00\",\"dateModified\":\"2026-01-13T11:52:30+00:00\",\"breadcrumb\":{\"@id\":\"https:\/\/www.notibras.com\/site\/economia-nordestina-supera-media-nacional-e-gera-otimismo-para-2026\/#breadcrumb\"},\"inLanguage\":\"pt-BR\",\"potentialAction\":[{\"@type\":\"ReadAction\",\"target\":[\"https:\/\/www.notibras.com\/site\/economia-nordestina-supera-media-nacional-e-gera-otimismo-para-2026\/\"]}]},{\"@type\":\"ImageObject\",\"inLanguage\":\"pt-BR\",\"@id\":\"https:\/\/www.notibras.com\/site\/economia-nordestina-supera-media-nacional-e-gera-otimismo-para-2026\/#primaryimage\",\"url\":\"https:\/\/www.notibras.com\/site\/wp-content\/uploads\/2026\/01\/7ccb3ff6-0c5a-476f-8f3e-1d1c3e838f32.jpg\",\"contentUrl\":\"https:\/\/www.notibras.com\/site\/wp-content\/uploads\/2026\/01\/7ccb3ff6-0c5a-476f-8f3e-1d1c3e838f32.jpg\",\"width\":1008,\"height\":526},{\"@type\":\"BreadcrumbList\",\"@id\":\"https:\/\/www.notibras.com\/site\/economia-nordestina-supera-media-nacional-e-gera-otimismo-para-2026\/#breadcrumb\",\"itemListElement\":[{\"@type\":\"ListItem\",\"position\":1,\"name\":\"In\u00edcio\",\"item\":\"https:\/\/www.notibras.com\/site\/\"},{\"@type\":\"ListItem\",\"position\":2,\"name\":\"Economia nordestina supera m\u00e9dia nacional e gera otimismo para 2026\"}]},{\"@type\":\"WebSite\",\"@id\":\"https:\/\/www.notibras.com\/site\/#website\",\"url\":\"https:\/\/www.notibras.com\/site\/\",\"name\":\"Notibras\",\"description\":\"Not\u00edcias de Bras\u00edlia, do Brasil e do Mundo\",\"publisher\":{\"@id\":\"https:\/\/www.notibras.com\/site\/#organization\"},\"potentialAction\":[{\"@type\":\"SearchAction\",\"target\":{\"@type\":\"EntryPoint\",\"urlTemplate\":\"https:\/\/www.notibras.com\/site\/?s={search_term_string}\"},\"query-input\":{\"@type\":\"PropertyValueSpecification\",\"valueRequired\":true,\"valueName\":\"search_term_string\"}}],\"inLanguage\":\"pt-BR\"},{\"@type\":\"Organization\",\"@id\":\"https:\/\/www.notibras.com\/site\/#organization\",\"name\":\"Grupo Notibras de Comunica\u00e7\u00e3o\",\"url\":\"https:\/\/www.notibras.com\/site\/\",\"logo\":{\"@type\":\"ImageObject\",\"inLanguage\":\"pt-BR\",\"@id\":\"https:\/\/www.notibras.com\/site\/#\/schema\/logo\/image\/\",\"url\":\"https:\/\/www.notibras.com\/site\/wp-content\/uploads\/2023\/01\/notibras23.png\",\"contentUrl\":\"https:\/\/www.notibras.com\/site\/wp-content\/uploads\/2023\/01\/notibras23.png\",\"width\":350,\"height\":87,\"caption\":\"Grupo Notibras de Comunica\u00e7\u00e3o\"},\"image\":{\"@id\":\"https:\/\/www.notibras.com\/site\/#\/schema\/logo\/image\/\"},\"sameAs\":[\"https:\/\/www.facebook.com\/notibras\/\",\"https:\/\/x.com\/Notibras\",\"https:\/\/www.instagram.com\/notibras\/\"]},{\"@type\":\"Person\",\"@id\":\"https:\/\/www.notibras.com\/site\/#\/schema\/person\/36ab0979449956132d3e5b517ea76ac8\",\"name\":\"Reda\u00e7\u00e3o\",\"image\":{\"@type\":\"ImageObject\",\"inLanguage\":\"pt-BR\",\"@id\":\"https:\/\/secure.gravatar.com\/avatar\/e0a867bdedb85fd243eadf09663511f96fc81e0720a4a42581f334ad4303aa6b?s=96&d=mm&r=g\",\"url\":\"https:\/\/secure.gravatar.com\/avatar\/e0a867bdedb85fd243eadf09663511f96fc81e0720a4a42581f334ad4303aa6b?s=96&d=mm&r=g\",\"contentUrl\":\"https:\/\/secure.gravatar.com\/avatar\/e0a867bdedb85fd243eadf09663511f96fc81e0720a4a42581f334ad4303aa6b?s=96&d=mm&r=g\",\"caption\":\"Reda\u00e7\u00e3o\"}}]}<\/script>\n<!-- \/ Yoast SEO plugin. -->","yoast_head_json":{"title":"Economia nordestina supera m\u00e9dia nacional e gera otimismo para 2026 - Notibras","robots":{"index":"index","follow":"follow","max-snippet":"max-snippet:-1","max-image-preview":"max-image-preview:large","max-video-preview":"max-video-preview:-1"},"canonical":"https:\/\/www.notibras.com\/site\/economia-nordestina-supera-media-nacional-e-gera-otimismo-para-2026\/","og_locale":"pt_BR","og_type":"article","og_title":"Economia nordestina supera m\u00e9dia nacional e gera otimismo para 2026 - Notibras","og_description":"\u00c0 medida que o Brasil inicia mais um ano, um dos principais destaques no cen\u00e1rio econ\u00f4mico nacional \u00e9 o desempenho consistente da regi\u00e3o Nordeste. Ap\u00f3s anos de desafios estruturais, dados recentes revelam que a economia nordestina tem registrado crescimento acima da m\u00e9dia do pa\u00eds em diversos indicadores-chave \u2014 gerando um clima de otimismo entre empres\u00e1rios, [&hellip;]","og_url":"https:\/\/www.notibras.com\/site\/economia-nordestina-supera-media-nacional-e-gera-otimismo-para-2026\/","og_site_name":"Notibras","article_publisher":"https:\/\/www.facebook.com\/notibras\/","article_published_time":"2026-01-13T11:00:17+00:00","article_modified_time":"2026-01-13T11:52:30+00:00","og_image":[{"width":1008,"height":526,"url":"https:\/\/www.notibras.com\/site\/wp-content\/uploads\/2026\/01\/7ccb3ff6-0c5a-476f-8f3e-1d1c3e838f32.jpg","type":"image\/jpeg"}],"author":"Reda\u00e7\u00e3o","twitter_card":"summary_large_image","twitter_creator":"@Notibras","twitter_site":"@Notibras","twitter_misc":{"Escrito por":"Reda\u00e7\u00e3o","Est. tempo de leitura":"4 minutos"},"schema":{"@context":"https:\/\/schema.org","@graph":[{"@type":"Article","@id":"https:\/\/www.notibras.com\/site\/economia-nordestina-supera-media-nacional-e-gera-otimismo-para-2026\/#article","isPartOf":{"@id":"https:\/\/www.notibras.com\/site\/economia-nordestina-supera-media-nacional-e-gera-otimismo-para-2026\/"},"author":{"name":"Reda\u00e7\u00e3o","@id":"https:\/\/www.notibras.com\/site\/#\/schema\/person\/36ab0979449956132d3e5b517ea76ac8"},"headline":"Economia nordestina supera m\u00e9dia nacional e gera otimismo para 2026","datePublished":"2026-01-13T11:00:17+00:00","dateModified":"2026-01-13T11:52:30+00:00","mainEntityOfPage":{"@id":"https:\/\/www.notibras.com\/site\/economia-nordestina-supera-media-nacional-e-gera-otimismo-para-2026\/"},"wordCount":609,"publisher":{"@id":"https:\/\/www.notibras.com\/site\/#organization"},"image":{"@id":"https:\/\/www.notibras.com\/site\/economia-nordestina-supera-media-nacional-e-gera-otimismo-para-2026\/#primaryimage"},"thumbnailUrl":"https:\/\/www.notibras.com\/site\/wp-content\/uploads\/2026\/01\/7ccb3ff6-0c5a-476f-8f3e-1d1c3e838f32.jpg","articleSection":["Nordeste"],"inLanguage":"pt-BR"},{"@type":"WebPage","@id":"https:\/\/www.notibras.com\/site\/economia-nordestina-supera-media-nacional-e-gera-otimismo-para-2026\/","url":"https:\/\/www.notibras.com\/site\/economia-nordestina-supera-media-nacional-e-gera-otimismo-para-2026\/","name":"Economia nordestina supera m\u00e9dia nacional e gera otimismo para 2026 - Notibras","isPartOf":{"@id":"https:\/\/www.notibras.com\/site\/#website"},"primaryImageOfPage":{"@id":"https:\/\/www.notibras.com\/site\/economia-nordestina-supera-media-nacional-e-gera-otimismo-para-2026\/#primaryimage"},"image":{"@id":"https:\/\/www.notibras.com\/site\/economia-nordestina-supera-media-nacional-e-gera-otimismo-para-2026\/#primaryimage"},"thumbnailUrl":"https:\/\/www.notibras.com\/site\/wp-content\/uploads\/2026\/01\/7ccb3ff6-0c5a-476f-8f3e-1d1c3e838f32.jpg","datePublished":"2026-01-13T11:00:17+00:00","dateModified":"2026-01-13T11:52:30+00:00","breadcrumb":{"@id":"https:\/\/www.notibras.com\/site\/economia-nordestina-supera-media-nacional-e-gera-otimismo-para-2026\/#breadcrumb"},"inLanguage":"pt-BR","potentialAction":[{"@type":"ReadAction","target":["https:\/\/www.notibras.com\/site\/economia-nordestina-supera-media-nacional-e-gera-otimismo-para-2026\/"]}]},{"@type":"ImageObject","inLanguage":"pt-BR","@id":"https:\/\/www.notibras.com\/site\/economia-nordestina-supera-media-nacional-e-gera-otimismo-para-2026\/#primaryimage","url":"https:\/\/www.notibras.com\/site\/wp-content\/uploads\/2026\/01\/7ccb3ff6-0c5a-476f-8f3e-1d1c3e838f32.jpg","contentUrl":"https:\/\/www.notibras.com\/site\/wp-content\/uploads\/2026\/01\/7ccb3ff6-0c5a-476f-8f3e-1d1c3e838f32.jpg","width":1008,"height":526},{"@type":"BreadcrumbList","@id":"https:\/\/www.notibras.com\/site\/economia-nordestina-supera-media-nacional-e-gera-otimismo-para-2026\/#breadcrumb","itemListElement":[{"@type":"ListItem","position":1,"name":"In\u00edcio","item":"https:\/\/www.notibras.com\/site\/"},{"@type":"ListItem","position":2,"name":"Economia nordestina supera m\u00e9dia nacional e gera otimismo para 2026"}]},{"@type":"WebSite","@id":"https:\/\/www.notibras.com\/site\/#website","url":"https:\/\/www.notibras.com\/site\/","name":"Notibras","description":"Not\u00edcias de Bras\u00edlia, do Brasil e do Mundo","publisher":{"@id":"https:\/\/www.notibras.com\/site\/#organization"},"potentialAction":[{"@type":"SearchAction","target":{"@type":"EntryPoint","urlTemplate":"https:\/\/www.notibras.com\/site\/?s={search_term_string}"},"query-input":{"@type":"PropertyValueSpecification","valueRequired":true,"valueName":"search_term_string"}}],"inLanguage":"pt-BR"},{"@type":"Organization","@id":"https:\/\/www.notibras.com\/site\/#organization","name":"Grupo Notibras de Comunica\u00e7\u00e3o","url":"https:\/\/www.notibras.com\/site\/","logo":{"@type":"ImageObject","inLanguage":"pt-BR","@id":"https:\/\/www.notibras.com\/site\/#\/schema\/logo\/image\/","url":"https:\/\/www.notibras.com\/site\/wp-content\/uploads\/2023\/01\/notibras23.png","contentUrl":"https:\/\/www.notibras.com\/site\/wp-content\/uploads\/2023\/01\/notibras23.png","width":350,"height":87,"caption":"Grupo Notibras de Comunica\u00e7\u00e3o"},"image":{"@id":"https:\/\/www.notibras.com\/site\/#\/schema\/logo\/image\/"},"sameAs":["https:\/\/www.facebook.com\/notibras\/","https:\/\/x.com\/Notibras","https:\/\/www.instagram.com\/notibras\/"]},{"@type":"Person","@id":"https:\/\/www.notibras.com\/site\/#\/schema\/person\/36ab0979449956132d3e5b517ea76ac8","name":"Reda\u00e7\u00e3o","image":{"@type":"ImageObject","inLanguage":"pt-BR","@id":"https:\/\/secure.gravatar.com\/avatar\/e0a867bdedb85fd243eadf09663511f96fc81e0720a4a42581f334ad4303aa6b?s=96&d=mm&r=g","url":"https:\/\/secure.gravatar.com\/avatar\/e0a867bdedb85fd243eadf09663511f96fc81e0720a4a42581f334ad4303aa6b?s=96&d=mm&r=g","contentUrl":"https:\/\/secure.gravatar.com\/avatar\/e0a867bdedb85fd243eadf09663511f96fc81e0720a4a42581f334ad4303aa6b?s=96&d=mm&r=g","caption":"Reda\u00e7\u00e3o"}}]}},"amp_enabled":true,"_links":{"self":[{"href":"https:\/\/www.notibras.com\/site\/wp-json\/wp\/v2\/posts\/378845","targetHints":{"allow":["GET"]}}],"collection":[{"href":"https:\/\/www.notibras.com\/site\/wp-json\/wp\/v2\/posts"}],"about":[{"href":"https:\/\/www.notibras.com\/site\/wp-json\/wp\/v2\/types\/post"}],"author":[{"embeddable":true,"href":"https:\/\/www.notibras.com\/site\/wp-json\/wp\/v2\/users\/2"}],"replies":[{"embeddable":true,"href":"https:\/\/www.notibras.com\/site\/wp-json\/wp\/v2\/comments?post=378845"}],"version-history":[{"count":1,"href":"https:\/\/www.notibras.com\/site\/wp-json\/wp\/v2\/posts\/378845\/revisions"}],"predecessor-version":[{"id":378847,"href":"https:\/\/www.notibras.com\/site\/wp-json\/wp\/v2\/posts\/378845\/revisions\/378847"}],"wp:featuredmedia":[{"embeddable":true,"href":"https:\/\/www.notibras.com\/site\/wp-json\/wp\/v2\/media\/378846"}],"wp:attachment":[{"href":"https:\/\/www.notibras.com\/site\/wp-json\/wp\/v2\/media?parent=378845"}],"wp:term":[{"taxonomy":"category","embeddable":true,"href":"https:\/\/www.notibras.com\/site\/wp-json\/wp\/v2\/categories?post=378845"},{"taxonomy":"post_tag","embeddable":true,"href":"https:\/\/www.notibras.com\/site\/wp-json\/wp\/v2\/tags?post=378845"}],"curies":[{"name":"wp","href":"https:\/\/api.w.org\/{rel}","templated":true}]}}