{"id":378848,"date":"2026-01-13T00:00:44","date_gmt":"2026-01-13T03:00:44","guid":{"rendered":"https:\/\/www.notibras.com\/site\/?p=378848"},"modified":"2026-01-13T08:56:33","modified_gmt":"2026-01-13T11:56:33","slug":"governador-recebe-as-chaves-da-nova-rodoviaria-de-salvador","status":"publish","type":"post","link":"https:\/\/www.notibras.com\/site\/governador-recebe-as-chaves-da-nova-rodoviaria-de-salvador\/","title":{"rendered":"Governador recebe as chaves da nova rodovi\u00e1ria de Salvador"},"content":{"rendered":"<p>O governador da Bahia, Jer\u00f4nimo Rodrigues, recebeu nesta segunda-feira (12) as chaves da nova rodovi\u00e1ria de Salvador. O terminal, por\u00e9m, s\u00f3 passar\u00e1 a funcionar em 20 de janeiro.<\/p>\n<p>A nova rodovi\u00e1ria fica localizada \u00e0s margens da BR-324, no bairro de \u00c1guas Claras. Implantada em uma \u00e1rea de 127 mil m\u00b2, o terminal contar\u00e1 com 41 mil m\u00b2 de \u00e1rea constru\u00edda, estacionamento com capacidade para mais de 800 ve\u00edculos e mais de 230 espa\u00e7os comerciais.<\/p>\n<p>O espa\u00e7o ainda vai reunir estabelecimentos de alimenta\u00e7\u00e3o, lot\u00e9rica, cl\u00ednicas, farm\u00e1cia e uma unidade do SAC, com oferta de emiss\u00e3o de documentos e servi\u00e7os de cidadania.<\/p>\n<p>Segundo o governador da Bahia, a mudan\u00e7a de local da rodovi\u00e1ria est\u00e1 associada ao tr\u00e2nsito. Atualmente em funcionamento na Av. Ant\u00f4nio Carlos Magalh\u00e3es, uma das avenidas mais movimentadas da cidade, os soteropolitanos enfrentam longos congestionamentos ao tentar acessar o espa\u00e7o ou apenas ao passar pelo local.<\/p>\n","protected":false},"excerpt":{"rendered":"<p>O governador da Bahia, Jer\u00f4nimo Rodrigues, recebeu nesta segunda-feira (12) as chaves da nova rodovi\u00e1ria de Salvador. O terminal, por\u00e9m, s\u00f3 passar\u00e1 a funcionar em 20 de janeiro. A nova rodovi\u00e1ria fica localizada \u00e0s margens da BR-324, no bairro de \u00c1guas Claras. Implantada em uma \u00e1rea de 127 mil m\u00b2, o terminal contar\u00e1 com 41 [&hellip;]<\/p>\n","protected":false},"author":2,"featured_media":378849,"comment_status":"closed","ping_status":"closed","sticky":false,"template":"","format":"standard","meta":{"_acf_changed":false,"footnotes":""},"categories":[165],"tags":[],"class_list":["post-378848","post","type-post","status-publish","format-standard","has-post-thumbnail","hentry","category-nordeste"],"acf":[],"yoast_head":"<!-- This site is optimized with the Yoast SEO plugin v27.2 - https:\/\/yoast.com\/product\/yoast-seo-wordpress\/ -->\n<title>Governador recebe as chaves da nova rodovi\u00e1ria de Salvador - Notibras<\/title>\n<meta name=\"robots\" content=\"index, follow, max-snippet:-1, max-image-preview:large, max-video-preview:-1\" \/>\n<link rel=\"canonical\" href=\"https:\/\/www.notibras.com\/site\/governador-recebe-as-chaves-da-nova-rodoviaria-de-salvador\/\" \/>\n<meta property=\"og:locale\" content=\"pt_BR\" \/>\n<meta property=\"og:type\" content=\"article\" \/>\n<meta property=\"og:title\" content=\"Governador recebe as chaves da nova rodovi\u00e1ria de Salvador - Notibras\" \/>\n<meta property=\"og:description\" content=\"O governador da Bahia, Jer\u00f4nimo Rodrigues, recebeu nesta segunda-feira (12) as chaves da nova rodovi\u00e1ria de Salvador. O terminal, por\u00e9m, s\u00f3 passar\u00e1 a funcionar em 20 de janeiro. A nova rodovi\u00e1ria fica localizada \u00e0s margens da BR-324, no bairro de \u00c1guas Claras. Implantada em uma \u00e1rea de 127 mil m\u00b2, o terminal contar\u00e1 com 41 [&hellip;]\" \/>\n<meta property=\"og:url\" content=\"https:\/\/www.notibras.com\/site\/governador-recebe-as-chaves-da-nova-rodoviaria-de-salvador\/\" \/>\n<meta property=\"og:site_name\" content=\"Notibras\" \/>\n<meta property=\"article:publisher\" content=\"https:\/\/www.facebook.com\/notibras\/\" \/>\n<meta property=\"article:published_time\" content=\"2026-01-13T03:00:44+00:00\" \/>\n<meta property=\"article:modified_time\" content=\"2026-01-13T11:56:33+00:00\" \/>\n<meta property=\"og:image\" content=\"https:\/\/www.notibras.com\/site\/wp-content\/uploads\/2026\/01\/a1984e3a-892e-41e6-83d1-a43d1ceb4be8.jpg\" \/>\n\t<meta property=\"og:image:width\" content=\"984\" \/>\n\t<meta property=\"og:image:height\" content=\"554\" \/>\n\t<meta property=\"og:image:type\" content=\"image\/jpeg\" \/>\n<meta name=\"author\" content=\"Reda\u00e7\u00e3o\" \/>\n<meta name=\"twitter:card\" content=\"summary_large_image\" \/>\n<meta name=\"twitter:creator\" content=\"@Notibras\" \/>\n<meta name=\"twitter:site\" content=\"@Notibras\" \/>\n<meta name=\"twitter:label1\" content=\"Escrito por\" \/>\n\t<meta name=\"twitter:data1\" content=\"Reda\u00e7\u00e3o\" \/>\n\t<meta name=\"twitter:label2\" content=\"Est. tempo de leitura\" \/>\n\t<meta name=\"twitter:data2\" content=\"2 minutos\" \/>\n<script type=\"application\/ld+json\" class=\"yoast-schema-graph\">{\"@context\":\"https:\/\/schema.org\",\"@graph\":[{\"@type\":\"Article\",\"@id\":\"https:\/\/www.notibras.com\/site\/governador-recebe-as-chaves-da-nova-rodoviaria-de-salvador\/#article\",\"isPartOf\":{\"@id\":\"https:\/\/www.notibras.com\/site\/governador-recebe-as-chaves-da-nova-rodoviaria-de-salvador\/\"},\"author\":{\"name\":\"Reda\u00e7\u00e3o\",\"@id\":\"https:\/\/www.notibras.com\/site\/#\/schema\/person\/36ab0979449956132d3e5b517ea76ac8\"},\"headline\":\"Governador recebe as chaves da nova rodovi\u00e1ria de Salvador\",\"datePublished\":\"2026-01-13T03:00:44+00:00\",\"dateModified\":\"2026-01-13T11:56:33+00:00\",\"mainEntityOfPage\":{\"@id\":\"https:\/\/www.notibras.com\/site\/governador-recebe-as-chaves-da-nova-rodoviaria-de-salvador\/\"},\"wordCount\":170,\"publisher\":{\"@id\":\"https:\/\/www.notibras.com\/site\/#organization\"},\"image\":{\"@id\":\"https:\/\/www.notibras.com\/site\/governador-recebe-as-chaves-da-nova-rodoviaria-de-salvador\/#primaryimage\"},\"thumbnailUrl\":\"https:\/\/www.notibras.com\/site\/wp-content\/uploads\/2026\/01\/a1984e3a-892e-41e6-83d1-a43d1ceb4be8.jpg\",\"articleSection\":[\"Nordeste\"],\"inLanguage\":\"pt-BR\"},{\"@type\":\"WebPage\",\"@id\":\"https:\/\/www.notibras.com\/site\/governador-recebe-as-chaves-da-nova-rodoviaria-de-salvador\/\",\"url\":\"https:\/\/www.notibras.com\/site\/governador-recebe-as-chaves-da-nova-rodoviaria-de-salvador\/\",\"name\":\"Governador recebe as chaves da nova rodovi\u00e1ria de Salvador - Notibras\",\"isPartOf\":{\"@id\":\"https:\/\/www.notibras.com\/site\/#website\"},\"primaryImageOfPage\":{\"@id\":\"https:\/\/www.notibras.com\/site\/governador-recebe-as-chaves-da-nova-rodoviaria-de-salvador\/#primaryimage\"},\"image\":{\"@id\":\"https:\/\/www.notibras.com\/site\/governador-recebe-as-chaves-da-nova-rodoviaria-de-salvador\/#primaryimage\"},\"thumbnailUrl\":\"https:\/\/www.notibras.com\/site\/wp-content\/uploads\/2026\/01\/a1984e3a-892e-41e6-83d1-a43d1ceb4be8.jpg\",\"datePublished\":\"2026-01-13T03:00:44+00:00\",\"dateModified\":\"2026-01-13T11:56:33+00:00\",\"breadcrumb\":{\"@id\":\"https:\/\/www.notibras.com\/site\/governador-recebe-as-chaves-da-nova-rodoviaria-de-salvador\/#breadcrumb\"},\"inLanguage\":\"pt-BR\",\"potentialAction\":[{\"@type\":\"ReadAction\",\"target\":[\"https:\/\/www.notibras.com\/site\/governador-recebe-as-chaves-da-nova-rodoviaria-de-salvador\/\"]}]},{\"@type\":\"ImageObject\",\"inLanguage\":\"pt-BR\",\"@id\":\"https:\/\/www.notibras.com\/site\/governador-recebe-as-chaves-da-nova-rodoviaria-de-salvador\/#primaryimage\",\"url\":\"https:\/\/www.notibras.com\/site\/wp-content\/uploads\/2026\/01\/a1984e3a-892e-41e6-83d1-a43d1ceb4be8.jpg\",\"contentUrl\":\"https:\/\/www.notibras.com\/site\/wp-content\/uploads\/2026\/01\/a1984e3a-892e-41e6-83d1-a43d1ceb4be8.jpg\",\"width\":984,\"height\":554},{\"@type\":\"BreadcrumbList\",\"@id\":\"https:\/\/www.notibras.com\/site\/governador-recebe-as-chaves-da-nova-rodoviaria-de-salvador\/#breadcrumb\",\"itemListElement\":[{\"@type\":\"ListItem\",\"position\":1,\"name\":\"In\u00edcio\",\"item\":\"https:\/\/www.notibras.com\/site\/\"},{\"@type\":\"ListItem\",\"position\":2,\"name\":\"Governador recebe as chaves da nova rodovi\u00e1ria de Salvador\"}]},{\"@type\":\"WebSite\",\"@id\":\"https:\/\/www.notibras.com\/site\/#website\",\"url\":\"https:\/\/www.notibras.com\/site\/\",\"name\":\"Notibras\",\"description\":\"Not\u00edcias de Bras\u00edlia, do Brasil e do Mundo\",\"publisher\":{\"@id\":\"https:\/\/www.notibras.com\/site\/#organization\"},\"potentialAction\":[{\"@type\":\"SearchAction\",\"target\":{\"@type\":\"EntryPoint\",\"urlTemplate\":\"https:\/\/www.notibras.com\/site\/?s={search_term_string}\"},\"query-input\":{\"@type\":\"PropertyValueSpecification\",\"valueRequired\":true,\"valueName\":\"search_term_string\"}}],\"inLanguage\":\"pt-BR\"},{\"@type\":\"Organization\",\"@id\":\"https:\/\/www.notibras.com\/site\/#organization\",\"name\":\"Grupo Notibras de Comunica\u00e7\u00e3o\",\"url\":\"https:\/\/www.notibras.com\/site\/\",\"logo\":{\"@type\":\"ImageObject\",\"inLanguage\":\"pt-BR\",\"@id\":\"https:\/\/www.notibras.com\/site\/#\/schema\/logo\/image\/\",\"url\":\"https:\/\/www.notibras.com\/site\/wp-content\/uploads\/2023\/01\/notibras23.png\",\"contentUrl\":\"https:\/\/www.notibras.com\/site\/wp-content\/uploads\/2023\/01\/notibras23.png\",\"width\":350,\"height\":87,\"caption\":\"Grupo Notibras de Comunica\u00e7\u00e3o\"},\"image\":{\"@id\":\"https:\/\/www.notibras.com\/site\/#\/schema\/logo\/image\/\"},\"sameAs\":[\"https:\/\/www.facebook.com\/notibras\/\",\"https:\/\/x.com\/Notibras\",\"https:\/\/www.instagram.com\/notibras\/\"]},{\"@type\":\"Person\",\"@id\":\"https:\/\/www.notibras.com\/site\/#\/schema\/person\/36ab0979449956132d3e5b517ea76ac8\",\"name\":\"Reda\u00e7\u00e3o\",\"image\":{\"@type\":\"ImageObject\",\"inLanguage\":\"pt-BR\",\"@id\":\"https:\/\/secure.gravatar.com\/avatar\/e0a867bdedb85fd243eadf09663511f96fc81e0720a4a42581f334ad4303aa6b?s=96&d=mm&r=g\",\"url\":\"https:\/\/secure.gravatar.com\/avatar\/e0a867bdedb85fd243eadf09663511f96fc81e0720a4a42581f334ad4303aa6b?s=96&d=mm&r=g\",\"contentUrl\":\"https:\/\/secure.gravatar.com\/avatar\/e0a867bdedb85fd243eadf09663511f96fc81e0720a4a42581f334ad4303aa6b?s=96&d=mm&r=g\",\"caption\":\"Reda\u00e7\u00e3o\"}}]}<\/script>\n<!-- \/ Yoast SEO plugin. -->","yoast_head_json":{"title":"Governador recebe as chaves da nova rodovi\u00e1ria de Salvador - Notibras","robots":{"index":"index","follow":"follow","max-snippet":"max-snippet:-1","max-image-preview":"max-image-preview:large","max-video-preview":"max-video-preview:-1"},"canonical":"https:\/\/www.notibras.com\/site\/governador-recebe-as-chaves-da-nova-rodoviaria-de-salvador\/","og_locale":"pt_BR","og_type":"article","og_title":"Governador recebe as chaves da nova rodovi\u00e1ria de Salvador - Notibras","og_description":"O governador da Bahia, Jer\u00f4nimo Rodrigues, recebeu nesta segunda-feira (12) as chaves da nova rodovi\u00e1ria de Salvador. O terminal, por\u00e9m, s\u00f3 passar\u00e1 a funcionar em 20 de janeiro. A nova rodovi\u00e1ria fica localizada \u00e0s margens da BR-324, no bairro de \u00c1guas Claras. Implantada em uma \u00e1rea de 127 mil m\u00b2, o terminal contar\u00e1 com 41 [&hellip;]","og_url":"https:\/\/www.notibras.com\/site\/governador-recebe-as-chaves-da-nova-rodoviaria-de-salvador\/","og_site_name":"Notibras","article_publisher":"https:\/\/www.facebook.com\/notibras\/","article_published_time":"2026-01-13T03:00:44+00:00","article_modified_time":"2026-01-13T11:56:33+00:00","og_image":[{"width":984,"height":554,"url":"https:\/\/www.notibras.com\/site\/wp-content\/uploads\/2026\/01\/a1984e3a-892e-41e6-83d1-a43d1ceb4be8.jpg","type":"image\/jpeg"}],"author":"Reda\u00e7\u00e3o","twitter_card":"summary_large_image","twitter_creator":"@Notibras","twitter_site":"@Notibras","twitter_misc":{"Escrito por":"Reda\u00e7\u00e3o","Est. tempo de leitura":"2 minutos"},"schema":{"@context":"https:\/\/schema.org","@graph":[{"@type":"Article","@id":"https:\/\/www.notibras.com\/site\/governador-recebe-as-chaves-da-nova-rodoviaria-de-salvador\/#article","isPartOf":{"@id":"https:\/\/www.notibras.com\/site\/governador-recebe-as-chaves-da-nova-rodoviaria-de-salvador\/"},"author":{"name":"Reda\u00e7\u00e3o","@id":"https:\/\/www.notibras.com\/site\/#\/schema\/person\/36ab0979449956132d3e5b517ea76ac8"},"headline":"Governador recebe as chaves da nova rodovi\u00e1ria de Salvador","datePublished":"2026-01-13T03:00:44+00:00","dateModified":"2026-01-13T11:56:33+00:00","mainEntityOfPage":{"@id":"https:\/\/www.notibras.com\/site\/governador-recebe-as-chaves-da-nova-rodoviaria-de-salvador\/"},"wordCount":170,"publisher":{"@id":"https:\/\/www.notibras.com\/site\/#organization"},"image":{"@id":"https:\/\/www.notibras.com\/site\/governador-recebe-as-chaves-da-nova-rodoviaria-de-salvador\/#primaryimage"},"thumbnailUrl":"https:\/\/www.notibras.com\/site\/wp-content\/uploads\/2026\/01\/a1984e3a-892e-41e6-83d1-a43d1ceb4be8.jpg","articleSection":["Nordeste"],"inLanguage":"pt-BR"},{"@type":"WebPage","@id":"https:\/\/www.notibras.com\/site\/governador-recebe-as-chaves-da-nova-rodoviaria-de-salvador\/","url":"https:\/\/www.notibras.com\/site\/governador-recebe-as-chaves-da-nova-rodoviaria-de-salvador\/","name":"Governador recebe as chaves da nova rodovi\u00e1ria de Salvador - Notibras","isPartOf":{"@id":"https:\/\/www.notibras.com\/site\/#website"},"primaryImageOfPage":{"@id":"https:\/\/www.notibras.com\/site\/governador-recebe-as-chaves-da-nova-rodoviaria-de-salvador\/#primaryimage"},"image":{"@id":"https:\/\/www.notibras.com\/site\/governador-recebe-as-chaves-da-nova-rodoviaria-de-salvador\/#primaryimage"},"thumbnailUrl":"https:\/\/www.notibras.com\/site\/wp-content\/uploads\/2026\/01\/a1984e3a-892e-41e6-83d1-a43d1ceb4be8.jpg","datePublished":"2026-01-13T03:00:44+00:00","dateModified":"2026-01-13T11:56:33+00:00","breadcrumb":{"@id":"https:\/\/www.notibras.com\/site\/governador-recebe-as-chaves-da-nova-rodoviaria-de-salvador\/#breadcrumb"},"inLanguage":"pt-BR","potentialAction":[{"@type":"ReadAction","target":["https:\/\/www.notibras.com\/site\/governador-recebe-as-chaves-da-nova-rodoviaria-de-salvador\/"]}]},{"@type":"ImageObject","inLanguage":"pt-BR","@id":"https:\/\/www.notibras.com\/site\/governador-recebe-as-chaves-da-nova-rodoviaria-de-salvador\/#primaryimage","url":"https:\/\/www.notibras.com\/site\/wp-content\/uploads\/2026\/01\/a1984e3a-892e-41e6-83d1-a43d1ceb4be8.jpg","contentUrl":"https:\/\/www.notibras.com\/site\/wp-content\/uploads\/2026\/01\/a1984e3a-892e-41e6-83d1-a43d1ceb4be8.jpg","width":984,"height":554},{"@type":"BreadcrumbList","@id":"https:\/\/www.notibras.com\/site\/governador-recebe-as-chaves-da-nova-rodoviaria-de-salvador\/#breadcrumb","itemListElement":[{"@type":"ListItem","position":1,"name":"In\u00edcio","item":"https:\/\/www.notibras.com\/site\/"},{"@type":"ListItem","position":2,"name":"Governador recebe as chaves da nova rodovi\u00e1ria de Salvador"}]},{"@type":"WebSite","@id":"https:\/\/www.notibras.com\/site\/#website","url":"https:\/\/www.notibras.com\/site\/","name":"Notibras","description":"Not\u00edcias de Bras\u00edlia, do Brasil e do Mundo","publisher":{"@id":"https:\/\/www.notibras.com\/site\/#organization"},"potentialAction":[{"@type":"SearchAction","target":{"@type":"EntryPoint","urlTemplate":"https:\/\/www.notibras.com\/site\/?s={search_term_string}"},"query-input":{"@type":"PropertyValueSpecification","valueRequired":true,"valueName":"search_term_string"}}],"inLanguage":"pt-BR"},{"@type":"Organization","@id":"https:\/\/www.notibras.com\/site\/#organization","name":"Grupo Notibras de Comunica\u00e7\u00e3o","url":"https:\/\/www.notibras.com\/site\/","logo":{"@type":"ImageObject","inLanguage":"pt-BR","@id":"https:\/\/www.notibras.com\/site\/#\/schema\/logo\/image\/","url":"https:\/\/www.notibras.com\/site\/wp-content\/uploads\/2023\/01\/notibras23.png","contentUrl":"https:\/\/www.notibras.com\/site\/wp-content\/uploads\/2023\/01\/notibras23.png","width":350,"height":87,"caption":"Grupo Notibras de Comunica\u00e7\u00e3o"},"image":{"@id":"https:\/\/www.notibras.com\/site\/#\/schema\/logo\/image\/"},"sameAs":["https:\/\/www.facebook.com\/notibras\/","https:\/\/x.com\/Notibras","https:\/\/www.instagram.com\/notibras\/"]},{"@type":"Person","@id":"https:\/\/www.notibras.com\/site\/#\/schema\/person\/36ab0979449956132d3e5b517ea76ac8","name":"Reda\u00e7\u00e3o","image":{"@type":"ImageObject","inLanguage":"pt-BR","@id":"https:\/\/secure.gravatar.com\/avatar\/e0a867bdedb85fd243eadf09663511f96fc81e0720a4a42581f334ad4303aa6b?s=96&d=mm&r=g","url":"https:\/\/secure.gravatar.com\/avatar\/e0a867bdedb85fd243eadf09663511f96fc81e0720a4a42581f334ad4303aa6b?s=96&d=mm&r=g","contentUrl":"https:\/\/secure.gravatar.com\/avatar\/e0a867bdedb85fd243eadf09663511f96fc81e0720a4a42581f334ad4303aa6b?s=96&d=mm&r=g","caption":"Reda\u00e7\u00e3o"}}]}},"amp_enabled":true,"_links":{"self":[{"href":"https:\/\/www.notibras.com\/site\/wp-json\/wp\/v2\/posts\/378848","targetHints":{"allow":["GET"]}}],"collection":[{"href":"https:\/\/www.notibras.com\/site\/wp-json\/wp\/v2\/posts"}],"about":[{"href":"https:\/\/www.notibras.com\/site\/wp-json\/wp\/v2\/types\/post"}],"author":[{"embeddable":true,"href":"https:\/\/www.notibras.com\/site\/wp-json\/wp\/v2\/users\/2"}],"replies":[{"embeddable":true,"href":"https:\/\/www.notibras.com\/site\/wp-json\/wp\/v2\/comments?post=378848"}],"version-history":[{"count":1,"href":"https:\/\/www.notibras.com\/site\/wp-json\/wp\/v2\/posts\/378848\/revisions"}],"predecessor-version":[{"id":378850,"href":"https:\/\/www.notibras.com\/site\/wp-json\/wp\/v2\/posts\/378848\/revisions\/378850"}],"wp:featuredmedia":[{"embeddable":true,"href":"https:\/\/www.notibras.com\/site\/wp-json\/wp\/v2\/media\/378849"}],"wp:attachment":[{"href":"https:\/\/www.notibras.com\/site\/wp-json\/wp\/v2\/media?parent=378848"}],"wp:term":[{"taxonomy":"category","embeddable":true,"href":"https:\/\/www.notibras.com\/site\/wp-json\/wp\/v2\/categories?post=378848"},{"taxonomy":"post_tag","embeddable":true,"href":"https:\/\/www.notibras.com\/site\/wp-json\/wp\/v2\/tags?post=378848"}],"curies":[{"name":"wp","href":"https:\/\/api.w.org\/{rel}","templated":true}]}}