{"id":378854,"date":"2026-01-13T13:19:34","date_gmt":"2026-01-13T16:19:34","guid":{"rendered":"https:\/\/www.notibras.com\/site\/?p=378854"},"modified":"2026-01-13T13:21:07","modified_gmt":"2026-01-13T16:21:07","slug":"moscou-da-seu-recado-duro-a-washington-sobre-novo-cerco-ao-ira","status":"publish","type":"post","link":"https:\/\/www.notibras.com\/site\/moscou-da-seu-recado-duro-a-washington-sobre-novo-cerco-ao-ira\/","title":{"rendered":"Moscou d\u00e1 seu recado duro a Washington sobre novo cerco ao Ir\u00e3"},"content":{"rendered":"<p>Um recado enviado por Moscou a Washington nesta ter\u00e7a,13, pelos meios diplom\u00e1ticos, foi direto, p\u00fablico e calculadamente duro. N\u00e3o se trata apenas uma defesa protocolar do Ir\u00e3, mas um alerta estrat\u00e9gico. Ao afirmar que \u201co Ir\u00e3 n\u00e3o \u00e9 a Venezuela\u201d, o Kremlin deixou claro que qualquer a\u00e7\u00e3o militar dos Estados Unidos contra Teer\u00e3 pode ultrapassar rapidamente o controle pol\u00edtico e militar, empurrando o mundo para uma escalada sist\u00eamica.<\/p>\n<p>A crise iraniana, vista isoladamente, j\u00e1 \u00e9 grave. Inserida no atual contexto global, ela se transforma em um barril de p\u00f3lvora geopol\u00edtico, cercado por f\u00f3sforos acesos. Os cen\u00e1rios que analistas internacionais desenham s\u00e3o os mais completos = e que beiram a fronteira de uma cat\u00e1strofe mundial. Vamos a eles:<\/p>\n<p>1. Caso Donald Trump opte por um ataque direto \u2014 ainda que \u201ccir\u00fargico\u201d \u2014 contra alvos iranianos, o efeito domin\u00f3 seria quase autom\u00e1tico; Ir\u00e3 responderia n\u00e3o apenas de forma convencional, mas assim\u00e9trica, com revides indiretos por meio de aliados e mil\u00edcias.<\/p>\n<p>Dentro desse quadro, o Hezbollah, no L\u00edbano, poderia abrir uma frente contra Israel, elevando o risco de guerra aberta no Levante. J\u00e1 os Houthis, no I\u00eamen, intensificariam ataques no Mar Vermelho, amea\u00e7ando rotas comerciais vitais.<\/p>\n<p>Ao mesmo tempo, mil\u00edcias xiitas no Iraque e na S\u00edria ampliariam a\u00e7\u00f5es contra bases americanas. Nesse cen\u00e1rio, o conflito deixa de ser EUA x Ir\u00e3 e passa a ser um arco de instabilidade cont\u00ednua, do Mediterr\u00e2neo Oriental ao Golfo P\u00e9rsico.<\/p>\n<p>2 No segundo cen\u00e1rio, Israel entra no tabuleiro. O Estado judeu \u00e9 o ator regional mais sens\u00edvel \u00e0 crise. Um ataque americano poderia ser interpretado em Tel Aviv como sinal verde t\u00e1cito para a\u00e7\u00f5es preventivas contra instala\u00e7\u00f5es iranianas ou contra o Hezbollah.<\/p>\n<p>Isso elevaria o risco de confronto direto Israel\u2013Hezbollah, ataques massivos a infraestruturas civis e press\u00e3o internacional por cessar-fogo \u2014 provavelmente ignorada nos primeiros dias.<\/p>\n<p>A partir desse ponto, a escalada deixa de ser previs\u00edvel. A experi\u00eancia hist\u00f3rica mostra que guerras envolvendo Israel tendem a se expandir rapidamente antes de se estabilizar.<\/p>\n<p>O cen\u00e1rio 3 \u00e9 mais assustador, com R\u00fassia e China prestando apoio estrat\u00e9gico sem guerra direta. Moscou n\u00e3o fala em interven\u00e7\u00e3o militar direta, mas seu posicionamento sugere linhas vermelhas claras, com a R\u00fassia podendo ampliar coopera\u00e7\u00e3o militar, intelig\u00eancia e log\u00edstica com o Ir\u00e3.<\/p>\n<p>Quanto a China, altamente dependente do petr\u00f3leo iraniano, tenderia a atuar diplomaticamente contra os EUA, pressionando em f\u00f3runs multilaterais e refor\u00e7ando la\u00e7os econ\u00f4micos com Teer\u00e3.<\/p>\n<p>Esse quadro n\u00e3o gera uma guerra direta entre pot\u00eancias nucleares, mas cria uma guerra fria regionalizada, com m\u00faltiplos pontos de atrito e alto risco de erro de c\u00e1lculo.<\/p>\n<p>Talvez o mais temido dos desdobramentos est\u00e1 no fato de o Ir\u00e3 controlar, de fato, a capacidade de interditar o Estreito de Ormuz, por onde passa cerca de um quinto do petr\u00f3leo comercializado no mundo.<\/p>\n<p>Uma suposta escalada militar poderia resultar em disparo imediato nos pre\u00e7os do petr\u00f3leo, choques inflacion\u00e1rios globais, instabilidade econ\u00f4mica em pa\u00edses importadores de energia, press\u00e3o social e pol\u00edtica em economias j\u00e1 fragilizadas. Nesse caso, o conflito ultrapassa o campo militar e atinge diretamente o cotidiano das popula\u00e7\u00f5es mundo afora.<\/p>\n<p>O \u00faltimo cen\u00e1rio \u2014 e o menos prov\u00e1vel em momentos de ret\u00f3rica inflamada \u2014 \u00e9 o da conten\u00e7\u00e3o for\u00e7ada, impulsionada por medo m\u00fatuo do colapso global.<\/p>\n<p>Na eventualidade de que isso ocorra, os Estados Unidos sinalizariam um recuo parcial, com R\u00fassia e China intensificando a media\u00e7\u00e3o. Na UE, pa\u00edses europeus tentariam ressuscitar canais diplom\u00e1ticos, o regime iraniano usa a crise para refor\u00e7ar sua legitimidade interna. Mesmo assim, o custo pol\u00edtico j\u00e1 estaria pago: o mundo sairia dessa fase mais inst\u00e1vel, mais armado e mais desconfiado.<\/p>\n<p>Ao condenar as amea\u00e7as de Washington, a R\u00fassia n\u00e3o defende apenas Teer\u00e3 \u2014 defende o princ\u00edpio de que mudan\u00e7as de regime pela for\u00e7a voltaram a ser um risco global real. A mensagem \u00e9 clara: o sistema internacional est\u00e1 fr\u00e1gil, as institui\u00e7\u00f5es multilaterais enfraquecidas e a tenta\u00e7\u00e3o do uso da for\u00e7a voltou a ocupar o centro da pol\u00edtica externa das grandes pot\u00eancias.<\/p>\n<p>Nesse contexto, o Ir\u00e3 n\u00e3o \u00e9 apenas um pa\u00eds em crise. \u00c9 o ponto de igni\u00e7\u00e3o potencial de um conflito que pode redesenhar alian\u00e7as, desorganizar mercados e aprofundar a divis\u00e3o entre blocos globais. O pavio, claro, est\u00e1 \u00e0 vista. A pergunta que permanece \u00e9 sobre quem ousar\u00e1 acend\u00ea-lo e quem conseguir\u00e1 apag\u00e1-lo depois.<\/p>\n","protected":false},"excerpt":{"rendered":"<p>Um recado enviado por Moscou a Washington nesta ter\u00e7a,13, pelos meios diplom\u00e1ticos, foi direto, p\u00fablico e calculadamente duro. N\u00e3o se trata apenas uma defesa protocolar do Ir\u00e3, mas um alerta estrat\u00e9gico. Ao afirmar que \u201co Ir\u00e3 n\u00e3o \u00e9 a Venezuela\u201d, o Kremlin deixou claro que qualquer a\u00e7\u00e3o militar dos Estados Unidos contra Teer\u00e3 pode ultrapassar [&hellip;]<\/p>\n","protected":false},"author":2,"featured_media":378855,"comment_status":"closed","ping_status":"closed","sticky":false,"template":"","format":"standard","meta":{"_acf_changed":false,"footnotes":""},"categories":[159],"tags":[95],"class_list":["post-378854","post","type-post","status-publish","format-standard","has-post-thumbnail","hentry","category-apocalipse","tag-capa"],"acf":[],"yoast_head":"<!-- This site is optimized with the Yoast SEO plugin v27.2 - https:\/\/yoast.com\/product\/yoast-seo-wordpress\/ -->\n<title>Moscou d\u00e1 seu recado duro a Washington sobre novo cerco ao Ir\u00e3 - Notibras<\/title>\n<meta name=\"robots\" content=\"index, follow, max-snippet:-1, max-image-preview:large, max-video-preview:-1\" \/>\n<link rel=\"canonical\" href=\"https:\/\/www.notibras.com\/site\/moscou-da-seu-recado-duro-a-washington-sobre-novo-cerco-ao-ira\/\" \/>\n<meta property=\"og:locale\" content=\"pt_BR\" \/>\n<meta property=\"og:type\" content=\"article\" \/>\n<meta property=\"og:title\" content=\"Moscou d\u00e1 seu recado duro a Washington sobre novo cerco ao Ir\u00e3 - Notibras\" \/>\n<meta property=\"og:description\" content=\"Um recado enviado por Moscou a Washington nesta ter\u00e7a,13, pelos meios diplom\u00e1ticos, foi direto, p\u00fablico e calculadamente duro. N\u00e3o se trata apenas uma defesa protocolar do Ir\u00e3, mas um alerta estrat\u00e9gico. Ao afirmar que \u201co Ir\u00e3 n\u00e3o \u00e9 a Venezuela\u201d, o Kremlin deixou claro que qualquer a\u00e7\u00e3o militar dos Estados Unidos contra Teer\u00e3 pode ultrapassar [&hellip;]\" \/>\n<meta property=\"og:url\" content=\"https:\/\/www.notibras.com\/site\/moscou-da-seu-recado-duro-a-washington-sobre-novo-cerco-ao-ira\/\" \/>\n<meta property=\"og:site_name\" content=\"Notibras\" \/>\n<meta property=\"article:publisher\" content=\"https:\/\/www.facebook.com\/notibras\/\" \/>\n<meta property=\"article:published_time\" content=\"2026-01-13T16:19:34+00:00\" \/>\n<meta property=\"article:modified_time\" content=\"2026-01-13T16:21:07+00:00\" \/>\n<meta property=\"og:image\" content=\"https:\/\/www.notibras.com\/site\/wp-content\/uploads\/2026\/01\/1123458947_0_53_2209_1295_1920x0_80_0_0_3d68f0188f10d2bc6aa67626165ef5af.jpg.webp\" \/>\n\t<meta property=\"og:image:width\" content=\"1920\" \/>\n\t<meta property=\"og:image:height\" content=\"1080\" \/>\n\t<meta property=\"og:image:type\" content=\"image\/webp\" \/>\n<meta name=\"author\" content=\"Reda\u00e7\u00e3o\" \/>\n<meta name=\"twitter:card\" content=\"summary_large_image\" \/>\n<meta name=\"twitter:creator\" content=\"@Notibras\" \/>\n<meta name=\"twitter:site\" content=\"@Notibras\" \/>\n<meta name=\"twitter:label1\" content=\"Escrito por\" \/>\n\t<meta name=\"twitter:data1\" content=\"Reda\u00e7\u00e3o\" \/>\n\t<meta name=\"twitter:label2\" content=\"Est. tempo de leitura\" \/>\n\t<meta name=\"twitter:data2\" content=\"5 minutos\" \/>\n<script type=\"application\/ld+json\" class=\"yoast-schema-graph\">{\"@context\":\"https:\/\/schema.org\",\"@graph\":[{\"@type\":\"Article\",\"@id\":\"https:\/\/www.notibras.com\/site\/moscou-da-seu-recado-duro-a-washington-sobre-novo-cerco-ao-ira\/#article\",\"isPartOf\":{\"@id\":\"https:\/\/www.notibras.com\/site\/moscou-da-seu-recado-duro-a-washington-sobre-novo-cerco-ao-ira\/\"},\"author\":{\"name\":\"Reda\u00e7\u00e3o\",\"@id\":\"https:\/\/www.notibras.com\/site\/#\/schema\/person\/36ab0979449956132d3e5b517ea76ac8\"},\"headline\":\"Moscou d\u00e1 seu recado duro a Washington sobre novo cerco ao Ir\u00e3\",\"datePublished\":\"2026-01-13T16:19:34+00:00\",\"dateModified\":\"2026-01-13T16:21:07+00:00\",\"mainEntityOfPage\":{\"@id\":\"https:\/\/www.notibras.com\/site\/moscou-da-seu-recado-duro-a-washington-sobre-novo-cerco-ao-ira\/\"},\"wordCount\":794,\"publisher\":{\"@id\":\"https:\/\/www.notibras.com\/site\/#organization\"},\"image\":{\"@id\":\"https:\/\/www.notibras.com\/site\/moscou-da-seu-recado-duro-a-washington-sobre-novo-cerco-ao-ira\/#primaryimage\"},\"thumbnailUrl\":\"https:\/\/www.notibras.com\/site\/wp-content\/uploads\/2026\/01\/1123458947_0_53_2209_1295_1920x0_80_0_0_3d68f0188f10d2bc6aa67626165ef5af.jpg.webp\",\"keywords\":[\"capa\"],\"articleSection\":[\"Apocalipse\"],\"inLanguage\":\"pt-BR\"},{\"@type\":\"WebPage\",\"@id\":\"https:\/\/www.notibras.com\/site\/moscou-da-seu-recado-duro-a-washington-sobre-novo-cerco-ao-ira\/\",\"url\":\"https:\/\/www.notibras.com\/site\/moscou-da-seu-recado-duro-a-washington-sobre-novo-cerco-ao-ira\/\",\"name\":\"Moscou d\u00e1 seu recado duro a Washington sobre novo cerco ao Ir\u00e3 - Notibras\",\"isPartOf\":{\"@id\":\"https:\/\/www.notibras.com\/site\/#website\"},\"primaryImageOfPage\":{\"@id\":\"https:\/\/www.notibras.com\/site\/moscou-da-seu-recado-duro-a-washington-sobre-novo-cerco-ao-ira\/#primaryimage\"},\"image\":{\"@id\":\"https:\/\/www.notibras.com\/site\/moscou-da-seu-recado-duro-a-washington-sobre-novo-cerco-ao-ira\/#primaryimage\"},\"thumbnailUrl\":\"https:\/\/www.notibras.com\/site\/wp-content\/uploads\/2026\/01\/1123458947_0_53_2209_1295_1920x0_80_0_0_3d68f0188f10d2bc6aa67626165ef5af.jpg.webp\",\"datePublished\":\"2026-01-13T16:19:34+00:00\",\"dateModified\":\"2026-01-13T16:21:07+00:00\",\"breadcrumb\":{\"@id\":\"https:\/\/www.notibras.com\/site\/moscou-da-seu-recado-duro-a-washington-sobre-novo-cerco-ao-ira\/#breadcrumb\"},\"inLanguage\":\"pt-BR\",\"potentialAction\":[{\"@type\":\"ReadAction\",\"target\":[\"https:\/\/www.notibras.com\/site\/moscou-da-seu-recado-duro-a-washington-sobre-novo-cerco-ao-ira\/\"]}]},{\"@type\":\"ImageObject\",\"inLanguage\":\"pt-BR\",\"@id\":\"https:\/\/www.notibras.com\/site\/moscou-da-seu-recado-duro-a-washington-sobre-novo-cerco-ao-ira\/#primaryimage\",\"url\":\"https:\/\/www.notibras.com\/site\/wp-content\/uploads\/2026\/01\/1123458947_0_53_2209_1295_1920x0_80_0_0_3d68f0188f10d2bc6aa67626165ef5af.jpg.webp\",\"contentUrl\":\"https:\/\/www.notibras.com\/site\/wp-content\/uploads\/2026\/01\/1123458947_0_53_2209_1295_1920x0_80_0_0_3d68f0188f10d2bc6aa67626165ef5af.jpg.webp\",\"width\":1920,\"height\":1080},{\"@type\":\"BreadcrumbList\",\"@id\":\"https:\/\/www.notibras.com\/site\/moscou-da-seu-recado-duro-a-washington-sobre-novo-cerco-ao-ira\/#breadcrumb\",\"itemListElement\":[{\"@type\":\"ListItem\",\"position\":1,\"name\":\"In\u00edcio\",\"item\":\"https:\/\/www.notibras.com\/site\/\"},{\"@type\":\"ListItem\",\"position\":2,\"name\":\"Moscou d\u00e1 seu recado duro a Washington sobre novo cerco ao Ir\u00e3\"}]},{\"@type\":\"WebSite\",\"@id\":\"https:\/\/www.notibras.com\/site\/#website\",\"url\":\"https:\/\/www.notibras.com\/site\/\",\"name\":\"Notibras\",\"description\":\"Not\u00edcias de Bras\u00edlia, do Brasil e do Mundo\",\"publisher\":{\"@id\":\"https:\/\/www.notibras.com\/site\/#organization\"},\"potentialAction\":[{\"@type\":\"SearchAction\",\"target\":{\"@type\":\"EntryPoint\",\"urlTemplate\":\"https:\/\/www.notibras.com\/site\/?s={search_term_string}\"},\"query-input\":{\"@type\":\"PropertyValueSpecification\",\"valueRequired\":true,\"valueName\":\"search_term_string\"}}],\"inLanguage\":\"pt-BR\"},{\"@type\":\"Organization\",\"@id\":\"https:\/\/www.notibras.com\/site\/#organization\",\"name\":\"Grupo Notibras de Comunica\u00e7\u00e3o\",\"url\":\"https:\/\/www.notibras.com\/site\/\",\"logo\":{\"@type\":\"ImageObject\",\"inLanguage\":\"pt-BR\",\"@id\":\"https:\/\/www.notibras.com\/site\/#\/schema\/logo\/image\/\",\"url\":\"https:\/\/www.notibras.com\/site\/wp-content\/uploads\/2023\/01\/notibras23.png\",\"contentUrl\":\"https:\/\/www.notibras.com\/site\/wp-content\/uploads\/2023\/01\/notibras23.png\",\"width\":350,\"height\":87,\"caption\":\"Grupo Notibras de Comunica\u00e7\u00e3o\"},\"image\":{\"@id\":\"https:\/\/www.notibras.com\/site\/#\/schema\/logo\/image\/\"},\"sameAs\":[\"https:\/\/www.facebook.com\/notibras\/\",\"https:\/\/x.com\/Notibras\",\"https:\/\/www.instagram.com\/notibras\/\"]},{\"@type\":\"Person\",\"@id\":\"https:\/\/www.notibras.com\/site\/#\/schema\/person\/36ab0979449956132d3e5b517ea76ac8\",\"name\":\"Reda\u00e7\u00e3o\",\"image\":{\"@type\":\"ImageObject\",\"inLanguage\":\"pt-BR\",\"@id\":\"https:\/\/secure.gravatar.com\/avatar\/e0a867bdedb85fd243eadf09663511f96fc81e0720a4a42581f334ad4303aa6b?s=96&d=mm&r=g\",\"url\":\"https:\/\/secure.gravatar.com\/avatar\/e0a867bdedb85fd243eadf09663511f96fc81e0720a4a42581f334ad4303aa6b?s=96&d=mm&r=g\",\"contentUrl\":\"https:\/\/secure.gravatar.com\/avatar\/e0a867bdedb85fd243eadf09663511f96fc81e0720a4a42581f334ad4303aa6b?s=96&d=mm&r=g\",\"caption\":\"Reda\u00e7\u00e3o\"}}]}<\/script>\n<!-- \/ Yoast SEO plugin. -->","yoast_head_json":{"title":"Moscou d\u00e1 seu recado duro a Washington sobre novo cerco ao Ir\u00e3 - Notibras","robots":{"index":"index","follow":"follow","max-snippet":"max-snippet:-1","max-image-preview":"max-image-preview:large","max-video-preview":"max-video-preview:-1"},"canonical":"https:\/\/www.notibras.com\/site\/moscou-da-seu-recado-duro-a-washington-sobre-novo-cerco-ao-ira\/","og_locale":"pt_BR","og_type":"article","og_title":"Moscou d\u00e1 seu recado duro a Washington sobre novo cerco ao Ir\u00e3 - Notibras","og_description":"Um recado enviado por Moscou a Washington nesta ter\u00e7a,13, pelos meios diplom\u00e1ticos, foi direto, p\u00fablico e calculadamente duro. N\u00e3o se trata apenas uma defesa protocolar do Ir\u00e3, mas um alerta estrat\u00e9gico. Ao afirmar que \u201co Ir\u00e3 n\u00e3o \u00e9 a Venezuela\u201d, o Kremlin deixou claro que qualquer a\u00e7\u00e3o militar dos Estados Unidos contra Teer\u00e3 pode ultrapassar [&hellip;]","og_url":"https:\/\/www.notibras.com\/site\/moscou-da-seu-recado-duro-a-washington-sobre-novo-cerco-ao-ira\/","og_site_name":"Notibras","article_publisher":"https:\/\/www.facebook.com\/notibras\/","article_published_time":"2026-01-13T16:19:34+00:00","article_modified_time":"2026-01-13T16:21:07+00:00","og_image":[{"width":1920,"height":1080,"url":"https:\/\/www.notibras.com\/site\/wp-content\/uploads\/2026\/01\/1123458947_0_53_2209_1295_1920x0_80_0_0_3d68f0188f10d2bc6aa67626165ef5af.jpg.webp","type":"image\/webp"}],"author":"Reda\u00e7\u00e3o","twitter_card":"summary_large_image","twitter_creator":"@Notibras","twitter_site":"@Notibras","twitter_misc":{"Escrito por":"Reda\u00e7\u00e3o","Est. tempo de leitura":"5 minutos"},"schema":{"@context":"https:\/\/schema.org","@graph":[{"@type":"Article","@id":"https:\/\/www.notibras.com\/site\/moscou-da-seu-recado-duro-a-washington-sobre-novo-cerco-ao-ira\/#article","isPartOf":{"@id":"https:\/\/www.notibras.com\/site\/moscou-da-seu-recado-duro-a-washington-sobre-novo-cerco-ao-ira\/"},"author":{"name":"Reda\u00e7\u00e3o","@id":"https:\/\/www.notibras.com\/site\/#\/schema\/person\/36ab0979449956132d3e5b517ea76ac8"},"headline":"Moscou d\u00e1 seu recado duro a Washington sobre novo cerco ao Ir\u00e3","datePublished":"2026-01-13T16:19:34+00:00","dateModified":"2026-01-13T16:21:07+00:00","mainEntityOfPage":{"@id":"https:\/\/www.notibras.com\/site\/moscou-da-seu-recado-duro-a-washington-sobre-novo-cerco-ao-ira\/"},"wordCount":794,"publisher":{"@id":"https:\/\/www.notibras.com\/site\/#organization"},"image":{"@id":"https:\/\/www.notibras.com\/site\/moscou-da-seu-recado-duro-a-washington-sobre-novo-cerco-ao-ira\/#primaryimage"},"thumbnailUrl":"https:\/\/www.notibras.com\/site\/wp-content\/uploads\/2026\/01\/1123458947_0_53_2209_1295_1920x0_80_0_0_3d68f0188f10d2bc6aa67626165ef5af.jpg.webp","keywords":["capa"],"articleSection":["Apocalipse"],"inLanguage":"pt-BR"},{"@type":"WebPage","@id":"https:\/\/www.notibras.com\/site\/moscou-da-seu-recado-duro-a-washington-sobre-novo-cerco-ao-ira\/","url":"https:\/\/www.notibras.com\/site\/moscou-da-seu-recado-duro-a-washington-sobre-novo-cerco-ao-ira\/","name":"Moscou d\u00e1 seu recado duro a Washington sobre novo cerco ao Ir\u00e3 - Notibras","isPartOf":{"@id":"https:\/\/www.notibras.com\/site\/#website"},"primaryImageOfPage":{"@id":"https:\/\/www.notibras.com\/site\/moscou-da-seu-recado-duro-a-washington-sobre-novo-cerco-ao-ira\/#primaryimage"},"image":{"@id":"https:\/\/www.notibras.com\/site\/moscou-da-seu-recado-duro-a-washington-sobre-novo-cerco-ao-ira\/#primaryimage"},"thumbnailUrl":"https:\/\/www.notibras.com\/site\/wp-content\/uploads\/2026\/01\/1123458947_0_53_2209_1295_1920x0_80_0_0_3d68f0188f10d2bc6aa67626165ef5af.jpg.webp","datePublished":"2026-01-13T16:19:34+00:00","dateModified":"2026-01-13T16:21:07+00:00","breadcrumb":{"@id":"https:\/\/www.notibras.com\/site\/moscou-da-seu-recado-duro-a-washington-sobre-novo-cerco-ao-ira\/#breadcrumb"},"inLanguage":"pt-BR","potentialAction":[{"@type":"ReadAction","target":["https:\/\/www.notibras.com\/site\/moscou-da-seu-recado-duro-a-washington-sobre-novo-cerco-ao-ira\/"]}]},{"@type":"ImageObject","inLanguage":"pt-BR","@id":"https:\/\/www.notibras.com\/site\/moscou-da-seu-recado-duro-a-washington-sobre-novo-cerco-ao-ira\/#primaryimage","url":"https:\/\/www.notibras.com\/site\/wp-content\/uploads\/2026\/01\/1123458947_0_53_2209_1295_1920x0_80_0_0_3d68f0188f10d2bc6aa67626165ef5af.jpg.webp","contentUrl":"https:\/\/www.notibras.com\/site\/wp-content\/uploads\/2026\/01\/1123458947_0_53_2209_1295_1920x0_80_0_0_3d68f0188f10d2bc6aa67626165ef5af.jpg.webp","width":1920,"height":1080},{"@type":"BreadcrumbList","@id":"https:\/\/www.notibras.com\/site\/moscou-da-seu-recado-duro-a-washington-sobre-novo-cerco-ao-ira\/#breadcrumb","itemListElement":[{"@type":"ListItem","position":1,"name":"In\u00edcio","item":"https:\/\/www.notibras.com\/site\/"},{"@type":"ListItem","position":2,"name":"Moscou d\u00e1 seu recado duro a Washington sobre novo cerco ao Ir\u00e3"}]},{"@type":"WebSite","@id":"https:\/\/www.notibras.com\/site\/#website","url":"https:\/\/www.notibras.com\/site\/","name":"Notibras","description":"Not\u00edcias de Bras\u00edlia, do Brasil e do Mundo","publisher":{"@id":"https:\/\/www.notibras.com\/site\/#organization"},"potentialAction":[{"@type":"SearchAction","target":{"@type":"EntryPoint","urlTemplate":"https:\/\/www.notibras.com\/site\/?s={search_term_string}"},"query-input":{"@type":"PropertyValueSpecification","valueRequired":true,"valueName":"search_term_string"}}],"inLanguage":"pt-BR"},{"@type":"Organization","@id":"https:\/\/www.notibras.com\/site\/#organization","name":"Grupo Notibras de Comunica\u00e7\u00e3o","url":"https:\/\/www.notibras.com\/site\/","logo":{"@type":"ImageObject","inLanguage":"pt-BR","@id":"https:\/\/www.notibras.com\/site\/#\/schema\/logo\/image\/","url":"https:\/\/www.notibras.com\/site\/wp-content\/uploads\/2023\/01\/notibras23.png","contentUrl":"https:\/\/www.notibras.com\/site\/wp-content\/uploads\/2023\/01\/notibras23.png","width":350,"height":87,"caption":"Grupo Notibras de Comunica\u00e7\u00e3o"},"image":{"@id":"https:\/\/www.notibras.com\/site\/#\/schema\/logo\/image\/"},"sameAs":["https:\/\/www.facebook.com\/notibras\/","https:\/\/x.com\/Notibras","https:\/\/www.instagram.com\/notibras\/"]},{"@type":"Person","@id":"https:\/\/www.notibras.com\/site\/#\/schema\/person\/36ab0979449956132d3e5b517ea76ac8","name":"Reda\u00e7\u00e3o","image":{"@type":"ImageObject","inLanguage":"pt-BR","@id":"https:\/\/secure.gravatar.com\/avatar\/e0a867bdedb85fd243eadf09663511f96fc81e0720a4a42581f334ad4303aa6b?s=96&d=mm&r=g","url":"https:\/\/secure.gravatar.com\/avatar\/e0a867bdedb85fd243eadf09663511f96fc81e0720a4a42581f334ad4303aa6b?s=96&d=mm&r=g","contentUrl":"https:\/\/secure.gravatar.com\/avatar\/e0a867bdedb85fd243eadf09663511f96fc81e0720a4a42581f334ad4303aa6b?s=96&d=mm&r=g","caption":"Reda\u00e7\u00e3o"}}]}},"amp_enabled":true,"_links":{"self":[{"href":"https:\/\/www.notibras.com\/site\/wp-json\/wp\/v2\/posts\/378854","targetHints":{"allow":["GET"]}}],"collection":[{"href":"https:\/\/www.notibras.com\/site\/wp-json\/wp\/v2\/posts"}],"about":[{"href":"https:\/\/www.notibras.com\/site\/wp-json\/wp\/v2\/types\/post"}],"author":[{"embeddable":true,"href":"https:\/\/www.notibras.com\/site\/wp-json\/wp\/v2\/users\/2"}],"replies":[{"embeddable":true,"href":"https:\/\/www.notibras.com\/site\/wp-json\/wp\/v2\/comments?post=378854"}],"version-history":[{"count":2,"href":"https:\/\/www.notibras.com\/site\/wp-json\/wp\/v2\/posts\/378854\/revisions"}],"predecessor-version":[{"id":378857,"href":"https:\/\/www.notibras.com\/site\/wp-json\/wp\/v2\/posts\/378854\/revisions\/378857"}],"wp:featuredmedia":[{"embeddable":true,"href":"https:\/\/www.notibras.com\/site\/wp-json\/wp\/v2\/media\/378855"}],"wp:attachment":[{"href":"https:\/\/www.notibras.com\/site\/wp-json\/wp\/v2\/media?parent=378854"}],"wp:term":[{"taxonomy":"category","embeddable":true,"href":"https:\/\/www.notibras.com\/site\/wp-json\/wp\/v2\/categories?post=378854"},{"taxonomy":"post_tag","embeddable":true,"href":"https:\/\/www.notibras.com\/site\/wp-json\/wp\/v2\/tags?post=378854"}],"curies":[{"name":"wp","href":"https:\/\/api.w.org\/{rel}","templated":true}]}}