{"id":378859,"date":"2026-01-14T00:15:16","date_gmt":"2026-01-14T03:15:16","guid":{"rendered":"https:\/\/www.notibras.com\/site\/?p=378859"},"modified":"2026-01-14T04:32:34","modified_gmt":"2026-01-14T07:32:34","slug":"ceilandia-registra-marco-historico-com-100-km-de-calcadas","status":"publish","type":"post","link":"https:\/\/www.notibras.com\/site\/ceilandia-registra-marco-historico-com-100-km-de-calcadas\/","title":{"rendered":"Ceil\u00e2ndia registra marco hist\u00f3rico com 100 km de cal\u00e7adas"},"content":{"rendered":"<p>Ceil\u00e2ndia alcan\u00e7ou um marco hist\u00f3rico na infraestrutura urbana ao entregar 100 km de novas cal\u00e7adas, uma conquista que assegura mais acessibilidade, seguran\u00e7a e mobilidade aos moradores da maior cidade do Distrito Federal. As obras refor\u00e7am o compromisso do Governo do Distrito Federal (GDF) em proporcionar mais qualidade de vida, atendendo \u00e0s demandas da popula\u00e7\u00e3o e beneficiando diariamente milhares de pedestres em \u00e1reas de grande circula\u00e7\u00e3o de ve\u00edculos e pessoas.<\/p>\n<p>Atualmente, 4 km de novas cal\u00e7adas est\u00e3o em execu\u00e7\u00e3o na QNN 27, em Ceil\u00e2ndia Norte, nas proximidades do Sesc Ceil\u00e2ndia \u2014 um dos trechos mais movimentados da regi\u00e3o. A interven\u00e7\u00e3o melhora significativamente a circula\u00e7\u00e3o de pedestres, amplia a acessibilidade para pessoas com defici\u00eancia, idosos e crian\u00e7as e contribui para a seguran\u00e7a vi\u00e1ria em um corredor urbano de alto tr\u00e1fego.<\/p>\n<p>Os servi\u00e7os est\u00e3o sendo realizados por equipes terceirizadas da Novacap, que atuam na implanta\u00e7\u00e3o de passeios com padr\u00f5es t\u00e9cnicos voltados \u00e0 acessibilidade e \u00e0 durabilidade, atendendo \u00e0s normas vigentes.<\/p>\n<p>Segundo o administrador regional de Ceil\u00e2ndia, Dilson Resende, o resultado \u00e9 fruto de planejamento e investimento cont\u00ednuo. \u201cAlcan\u00e7ar 100 km de cal\u00e7adas novas \u00e9 uma conquista para Ceil\u00e2ndia. Estamos falando de mobilidade, inclus\u00e3o e qualidade de vida. Essas obras garantem que a popula\u00e7\u00e3o possa se deslocar com seguran\u00e7a em \u00e1reas de grande movimento, conectando equipamentos p\u00fablicos, com\u00e9rcio e servi\u00e7os essenciais\u201d, afirmou.<\/p>\n<p><strong>Novas Cal\u00e7adas<\/strong><\/p>\n<p>O avan\u00e7o atual se soma \u00e0s etapas conclu\u00eddas no ano passado, que contemplaram pontos estrat\u00e9gicos da cidade, como a EQNO 18\/19, no Setor O (em frente \u00e0 Escola Classe 56); EQNO 17\/18, em frente ao Centro de Ensino Fundamental 31; Parque Recreativo do Setor O; Setor de Ind\u00fastrias de Ceil\u00e2ndia; UnB e IFB; \u00c1rea de Desenvolvimento do P Sul; Escola T\u00e9cnica de Ceil\u00e2ndia; Centro de Ensino Especial 02; Feira Permanente; Centros de Sa\u00fade n\u00ba 7 e n\u00ba 24; al\u00e9m da 24\u00aa Delegacia de Pol\u00edcia, entre outras \u00e1reas de grande circula\u00e7\u00e3o.<\/p>\n<p>A administra\u00e7\u00e3o regional refor\u00e7a que as cal\u00e7adas localizadas em \u00e1reas internas de condom\u00ednios ou junto \u00e0s fachadas de resid\u00eancias, com\u00e9rcios e pr\u00e9dios s\u00e3o de responsabilidade dos propriet\u00e1rios ou s\u00edndicos, conforme a legisla\u00e7\u00e3o. Cabe a eles realizar a manuten\u00e7\u00e3o e solicitar eventuais adequa\u00e7\u00f5es aos \u00f3rg\u00e3os competentes, assegurando a preserva\u00e7\u00e3o das passagens e o cumprimento das normas de acessibilidade.<\/p>\n<p>As demandas priorit\u00e1rias s\u00e3o encaminhadas pela Administra\u00e7\u00e3o Regional de Ceil\u00e2ndia \u00e0 Novacap, permitindo que os investimentos sejam direcionados de forma estrat\u00e9gica, acompanhando o crescimento da cidade e as necessidades da popula\u00e7\u00e3o.<\/p>\n","protected":false},"excerpt":{"rendered":"<p>Ceil\u00e2ndia alcan\u00e7ou um marco hist\u00f3rico na infraestrutura urbana ao entregar 100 km de novas cal\u00e7adas, uma conquista que assegura mais acessibilidade, seguran\u00e7a e mobilidade aos moradores da maior cidade do Distrito Federal. As obras refor\u00e7am o compromisso do Governo do Distrito Federal (GDF) em proporcionar mais qualidade de vida, atendendo \u00e0s demandas da popula\u00e7\u00e3o e [&hellip;]<\/p>\n","protected":false},"author":21,"featured_media":378860,"comment_status":"closed","ping_status":"closed","sticky":false,"template":"","format":"standard","meta":{"_acf_changed":false,"footnotes":""},"categories":[161],"tags":[],"class_list":["post-378859","post","type-post","status-publish","format-standard","has-post-thumbnail","hentry","category-quadradinho-em-foco"],"acf":[],"yoast_head":"<!-- This site is optimized with the Yoast SEO plugin v27.2 - https:\/\/yoast.com\/product\/yoast-seo-wordpress\/ -->\n<title>Ceil\u00e2ndia registra marco hist\u00f3rico com 100 km de cal\u00e7adas - Notibras<\/title>\n<meta name=\"robots\" content=\"index, follow, max-snippet:-1, max-image-preview:large, max-video-preview:-1\" \/>\n<link rel=\"canonical\" href=\"https:\/\/www.notibras.com\/site\/ceilandia-registra-marco-historico-com-100-km-de-calcadas\/\" \/>\n<meta property=\"og:locale\" content=\"pt_BR\" \/>\n<meta property=\"og:type\" content=\"article\" \/>\n<meta property=\"og:title\" content=\"Ceil\u00e2ndia registra marco hist\u00f3rico com 100 km de cal\u00e7adas - Notibras\" \/>\n<meta property=\"og:description\" content=\"Ceil\u00e2ndia alcan\u00e7ou um marco hist\u00f3rico na infraestrutura urbana ao entregar 100 km de novas cal\u00e7adas, uma conquista que assegura mais acessibilidade, seguran\u00e7a e mobilidade aos moradores da maior cidade do Distrito Federal. As obras refor\u00e7am o compromisso do Governo do Distrito Federal (GDF) em proporcionar mais qualidade de vida, atendendo \u00e0s demandas da popula\u00e7\u00e3o e [&hellip;]\" \/>\n<meta property=\"og:url\" content=\"https:\/\/www.notibras.com\/site\/ceilandia-registra-marco-historico-com-100-km-de-calcadas\/\" \/>\n<meta property=\"og:site_name\" content=\"Notibras\" \/>\n<meta property=\"article:publisher\" content=\"https:\/\/www.facebook.com\/notibras\/\" \/>\n<meta property=\"article:published_time\" content=\"2026-01-14T03:15:16+00:00\" \/>\n<meta property=\"article:modified_time\" content=\"2026-01-14T07:32:34+00:00\" \/>\n<meta property=\"og:image\" content=\"https:\/\/www.notibras.com\/site\/wp-content\/uploads\/2026\/01\/WhatsApp-Image-2026-01-13-at-10.11.54-1.jpeg\" \/>\n\t<meta property=\"og:image:width\" content=\"899\" \/>\n\t<meta property=\"og:image:height\" content=\"513\" \/>\n\t<meta property=\"og:image:type\" content=\"image\/jpeg\" \/>\n<meta name=\"author\" content=\"Eduardo Mart\u00ednez\" \/>\n<meta name=\"twitter:card\" content=\"summary_large_image\" \/>\n<meta name=\"twitter:creator\" content=\"@Notibras\" \/>\n<meta name=\"twitter:site\" content=\"@Notibras\" \/>\n<meta name=\"twitter:label1\" content=\"Escrito por\" \/>\n\t<meta name=\"twitter:data1\" content=\"Eduardo Mart\u00ednez\" \/>\n\t<meta name=\"twitter:label2\" content=\"Est. tempo de leitura\" \/>\n\t<meta name=\"twitter:data2\" content=\"3 minutos\" \/>\n<script type=\"application\/ld+json\" class=\"yoast-schema-graph\">{\"@context\":\"https:\/\/schema.org\",\"@graph\":[{\"@type\":\"Article\",\"@id\":\"https:\/\/www.notibras.com\/site\/ceilandia-registra-marco-historico-com-100-km-de-calcadas\/#article\",\"isPartOf\":{\"@id\":\"https:\/\/www.notibras.com\/site\/ceilandia-registra-marco-historico-com-100-km-de-calcadas\/\"},\"author\":{\"name\":\"Eduardo Mart\u00ednez\",\"@id\":\"https:\/\/www.notibras.com\/site\/#\/schema\/person\/5b7fabf2aedc3ada2105f03b22b4d3dd\"},\"headline\":\"Ceil\u00e2ndia registra marco hist\u00f3rico com 100 km de cal\u00e7adas\",\"datePublished\":\"2026-01-14T03:15:16+00:00\",\"dateModified\":\"2026-01-14T07:32:34+00:00\",\"mainEntityOfPage\":{\"@id\":\"https:\/\/www.notibras.com\/site\/ceilandia-registra-marco-historico-com-100-km-de-calcadas\/\"},\"wordCount\":461,\"publisher\":{\"@id\":\"https:\/\/www.notibras.com\/site\/#organization\"},\"image\":{\"@id\":\"https:\/\/www.notibras.com\/site\/ceilandia-registra-marco-historico-com-100-km-de-calcadas\/#primaryimage\"},\"thumbnailUrl\":\"https:\/\/www.notibras.com\/site\/wp-content\/uploads\/2026\/01\/WhatsApp-Image-2026-01-13-at-10.11.54-1.jpeg\",\"articleSection\":[\"Quadradinho em Foco\"],\"inLanguage\":\"pt-BR\"},{\"@type\":\"WebPage\",\"@id\":\"https:\/\/www.notibras.com\/site\/ceilandia-registra-marco-historico-com-100-km-de-calcadas\/\",\"url\":\"https:\/\/www.notibras.com\/site\/ceilandia-registra-marco-historico-com-100-km-de-calcadas\/\",\"name\":\"Ceil\u00e2ndia registra marco hist\u00f3rico com 100 km de cal\u00e7adas - Notibras\",\"isPartOf\":{\"@id\":\"https:\/\/www.notibras.com\/site\/#website\"},\"primaryImageOfPage\":{\"@id\":\"https:\/\/www.notibras.com\/site\/ceilandia-registra-marco-historico-com-100-km-de-calcadas\/#primaryimage\"},\"image\":{\"@id\":\"https:\/\/www.notibras.com\/site\/ceilandia-registra-marco-historico-com-100-km-de-calcadas\/#primaryimage\"},\"thumbnailUrl\":\"https:\/\/www.notibras.com\/site\/wp-content\/uploads\/2026\/01\/WhatsApp-Image-2026-01-13-at-10.11.54-1.jpeg\",\"datePublished\":\"2026-01-14T03:15:16+00:00\",\"dateModified\":\"2026-01-14T07:32:34+00:00\",\"breadcrumb\":{\"@id\":\"https:\/\/www.notibras.com\/site\/ceilandia-registra-marco-historico-com-100-km-de-calcadas\/#breadcrumb\"},\"inLanguage\":\"pt-BR\",\"potentialAction\":[{\"@type\":\"ReadAction\",\"target\":[\"https:\/\/www.notibras.com\/site\/ceilandia-registra-marco-historico-com-100-km-de-calcadas\/\"]}]},{\"@type\":\"ImageObject\",\"inLanguage\":\"pt-BR\",\"@id\":\"https:\/\/www.notibras.com\/site\/ceilandia-registra-marco-historico-com-100-km-de-calcadas\/#primaryimage\",\"url\":\"https:\/\/www.notibras.com\/site\/wp-content\/uploads\/2026\/01\/WhatsApp-Image-2026-01-13-at-10.11.54-1.jpeg\",\"contentUrl\":\"https:\/\/www.notibras.com\/site\/wp-content\/uploads\/2026\/01\/WhatsApp-Image-2026-01-13-at-10.11.54-1.jpeg\",\"width\":899,\"height\":513},{\"@type\":\"BreadcrumbList\",\"@id\":\"https:\/\/www.notibras.com\/site\/ceilandia-registra-marco-historico-com-100-km-de-calcadas\/#breadcrumb\",\"itemListElement\":[{\"@type\":\"ListItem\",\"position\":1,\"name\":\"In\u00edcio\",\"item\":\"https:\/\/www.notibras.com\/site\/\"},{\"@type\":\"ListItem\",\"position\":2,\"name\":\"Ceil\u00e2ndia registra marco hist\u00f3rico com 100 km de cal\u00e7adas\"}]},{\"@type\":\"WebSite\",\"@id\":\"https:\/\/www.notibras.com\/site\/#website\",\"url\":\"https:\/\/www.notibras.com\/site\/\",\"name\":\"Notibras\",\"description\":\"Not\u00edcias de Bras\u00edlia, do Brasil e do Mundo\",\"publisher\":{\"@id\":\"https:\/\/www.notibras.com\/site\/#organization\"},\"potentialAction\":[{\"@type\":\"SearchAction\",\"target\":{\"@type\":\"EntryPoint\",\"urlTemplate\":\"https:\/\/www.notibras.com\/site\/?s={search_term_string}\"},\"query-input\":{\"@type\":\"PropertyValueSpecification\",\"valueRequired\":true,\"valueName\":\"search_term_string\"}}],\"inLanguage\":\"pt-BR\"},{\"@type\":\"Organization\",\"@id\":\"https:\/\/www.notibras.com\/site\/#organization\",\"name\":\"Grupo Notibras de Comunica\u00e7\u00e3o\",\"url\":\"https:\/\/www.notibras.com\/site\/\",\"logo\":{\"@type\":\"ImageObject\",\"inLanguage\":\"pt-BR\",\"@id\":\"https:\/\/www.notibras.com\/site\/#\/schema\/logo\/image\/\",\"url\":\"https:\/\/www.notibras.com\/site\/wp-content\/uploads\/2023\/01\/notibras23.png\",\"contentUrl\":\"https:\/\/www.notibras.com\/site\/wp-content\/uploads\/2023\/01\/notibras23.png\",\"width\":350,\"height\":87,\"caption\":\"Grupo Notibras de Comunica\u00e7\u00e3o\"},\"image\":{\"@id\":\"https:\/\/www.notibras.com\/site\/#\/schema\/logo\/image\/\"},\"sameAs\":[\"https:\/\/www.facebook.com\/notibras\/\",\"https:\/\/x.com\/Notibras\",\"https:\/\/www.instagram.com\/notibras\/\"]},{\"@type\":\"Person\",\"@id\":\"https:\/\/www.notibras.com\/site\/#\/schema\/person\/5b7fabf2aedc3ada2105f03b22b4d3dd\",\"name\":\"Eduardo Mart\u00ednez\",\"image\":{\"@type\":\"ImageObject\",\"inLanguage\":\"pt-BR\",\"@id\":\"https:\/\/secure.gravatar.com\/avatar\/7902f906289926289cbcda644b5197c796b893c6ffd7b9a536a42d290f7704a0?s=96&d=mm&r=g\",\"url\":\"https:\/\/secure.gravatar.com\/avatar\/7902f906289926289cbcda644b5197c796b893c6ffd7b9a536a42d290f7704a0?s=96&d=mm&r=g\",\"contentUrl\":\"https:\/\/secure.gravatar.com\/avatar\/7902f906289926289cbcda644b5197c796b893c6ffd7b9a536a42d290f7704a0?s=96&d=mm&r=g\",\"caption\":\"Eduardo Mart\u00ednez\"}}]}<\/script>\n<!-- \/ Yoast SEO plugin. -->","yoast_head_json":{"title":"Ceil\u00e2ndia registra marco hist\u00f3rico com 100 km de cal\u00e7adas - Notibras","robots":{"index":"index","follow":"follow","max-snippet":"max-snippet:-1","max-image-preview":"max-image-preview:large","max-video-preview":"max-video-preview:-1"},"canonical":"https:\/\/www.notibras.com\/site\/ceilandia-registra-marco-historico-com-100-km-de-calcadas\/","og_locale":"pt_BR","og_type":"article","og_title":"Ceil\u00e2ndia registra marco hist\u00f3rico com 100 km de cal\u00e7adas - Notibras","og_description":"Ceil\u00e2ndia alcan\u00e7ou um marco hist\u00f3rico na infraestrutura urbana ao entregar 100 km de novas cal\u00e7adas, uma conquista que assegura mais acessibilidade, seguran\u00e7a e mobilidade aos moradores da maior cidade do Distrito Federal. As obras refor\u00e7am o compromisso do Governo do Distrito Federal (GDF) em proporcionar mais qualidade de vida, atendendo \u00e0s demandas da popula\u00e7\u00e3o e [&hellip;]","og_url":"https:\/\/www.notibras.com\/site\/ceilandia-registra-marco-historico-com-100-km-de-calcadas\/","og_site_name":"Notibras","article_publisher":"https:\/\/www.facebook.com\/notibras\/","article_published_time":"2026-01-14T03:15:16+00:00","article_modified_time":"2026-01-14T07:32:34+00:00","og_image":[{"width":899,"height":513,"url":"https:\/\/www.notibras.com\/site\/wp-content\/uploads\/2026\/01\/WhatsApp-Image-2026-01-13-at-10.11.54-1.jpeg","type":"image\/jpeg"}],"author":"Eduardo Mart\u00ednez","twitter_card":"summary_large_image","twitter_creator":"@Notibras","twitter_site":"@Notibras","twitter_misc":{"Escrito por":"Eduardo Mart\u00ednez","Est. tempo de leitura":"3 minutos"},"schema":{"@context":"https:\/\/schema.org","@graph":[{"@type":"Article","@id":"https:\/\/www.notibras.com\/site\/ceilandia-registra-marco-historico-com-100-km-de-calcadas\/#article","isPartOf":{"@id":"https:\/\/www.notibras.com\/site\/ceilandia-registra-marco-historico-com-100-km-de-calcadas\/"},"author":{"name":"Eduardo Mart\u00ednez","@id":"https:\/\/www.notibras.com\/site\/#\/schema\/person\/5b7fabf2aedc3ada2105f03b22b4d3dd"},"headline":"Ceil\u00e2ndia registra marco hist\u00f3rico com 100 km de cal\u00e7adas","datePublished":"2026-01-14T03:15:16+00:00","dateModified":"2026-01-14T07:32:34+00:00","mainEntityOfPage":{"@id":"https:\/\/www.notibras.com\/site\/ceilandia-registra-marco-historico-com-100-km-de-calcadas\/"},"wordCount":461,"publisher":{"@id":"https:\/\/www.notibras.com\/site\/#organization"},"image":{"@id":"https:\/\/www.notibras.com\/site\/ceilandia-registra-marco-historico-com-100-km-de-calcadas\/#primaryimage"},"thumbnailUrl":"https:\/\/www.notibras.com\/site\/wp-content\/uploads\/2026\/01\/WhatsApp-Image-2026-01-13-at-10.11.54-1.jpeg","articleSection":["Quadradinho em Foco"],"inLanguage":"pt-BR"},{"@type":"WebPage","@id":"https:\/\/www.notibras.com\/site\/ceilandia-registra-marco-historico-com-100-km-de-calcadas\/","url":"https:\/\/www.notibras.com\/site\/ceilandia-registra-marco-historico-com-100-km-de-calcadas\/","name":"Ceil\u00e2ndia registra marco hist\u00f3rico com 100 km de cal\u00e7adas - Notibras","isPartOf":{"@id":"https:\/\/www.notibras.com\/site\/#website"},"primaryImageOfPage":{"@id":"https:\/\/www.notibras.com\/site\/ceilandia-registra-marco-historico-com-100-km-de-calcadas\/#primaryimage"},"image":{"@id":"https:\/\/www.notibras.com\/site\/ceilandia-registra-marco-historico-com-100-km-de-calcadas\/#primaryimage"},"thumbnailUrl":"https:\/\/www.notibras.com\/site\/wp-content\/uploads\/2026\/01\/WhatsApp-Image-2026-01-13-at-10.11.54-1.jpeg","datePublished":"2026-01-14T03:15:16+00:00","dateModified":"2026-01-14T07:32:34+00:00","breadcrumb":{"@id":"https:\/\/www.notibras.com\/site\/ceilandia-registra-marco-historico-com-100-km-de-calcadas\/#breadcrumb"},"inLanguage":"pt-BR","potentialAction":[{"@type":"ReadAction","target":["https:\/\/www.notibras.com\/site\/ceilandia-registra-marco-historico-com-100-km-de-calcadas\/"]}]},{"@type":"ImageObject","inLanguage":"pt-BR","@id":"https:\/\/www.notibras.com\/site\/ceilandia-registra-marco-historico-com-100-km-de-calcadas\/#primaryimage","url":"https:\/\/www.notibras.com\/site\/wp-content\/uploads\/2026\/01\/WhatsApp-Image-2026-01-13-at-10.11.54-1.jpeg","contentUrl":"https:\/\/www.notibras.com\/site\/wp-content\/uploads\/2026\/01\/WhatsApp-Image-2026-01-13-at-10.11.54-1.jpeg","width":899,"height":513},{"@type":"BreadcrumbList","@id":"https:\/\/www.notibras.com\/site\/ceilandia-registra-marco-historico-com-100-km-de-calcadas\/#breadcrumb","itemListElement":[{"@type":"ListItem","position":1,"name":"In\u00edcio","item":"https:\/\/www.notibras.com\/site\/"},{"@type":"ListItem","position":2,"name":"Ceil\u00e2ndia registra marco hist\u00f3rico com 100 km de cal\u00e7adas"}]},{"@type":"WebSite","@id":"https:\/\/www.notibras.com\/site\/#website","url":"https:\/\/www.notibras.com\/site\/","name":"Notibras","description":"Not\u00edcias de Bras\u00edlia, do Brasil e do Mundo","publisher":{"@id":"https:\/\/www.notibras.com\/site\/#organization"},"potentialAction":[{"@type":"SearchAction","target":{"@type":"EntryPoint","urlTemplate":"https:\/\/www.notibras.com\/site\/?s={search_term_string}"},"query-input":{"@type":"PropertyValueSpecification","valueRequired":true,"valueName":"search_term_string"}}],"inLanguage":"pt-BR"},{"@type":"Organization","@id":"https:\/\/www.notibras.com\/site\/#organization","name":"Grupo Notibras de Comunica\u00e7\u00e3o","url":"https:\/\/www.notibras.com\/site\/","logo":{"@type":"ImageObject","inLanguage":"pt-BR","@id":"https:\/\/www.notibras.com\/site\/#\/schema\/logo\/image\/","url":"https:\/\/www.notibras.com\/site\/wp-content\/uploads\/2023\/01\/notibras23.png","contentUrl":"https:\/\/www.notibras.com\/site\/wp-content\/uploads\/2023\/01\/notibras23.png","width":350,"height":87,"caption":"Grupo Notibras de Comunica\u00e7\u00e3o"},"image":{"@id":"https:\/\/www.notibras.com\/site\/#\/schema\/logo\/image\/"},"sameAs":["https:\/\/www.facebook.com\/notibras\/","https:\/\/x.com\/Notibras","https:\/\/www.instagram.com\/notibras\/"]},{"@type":"Person","@id":"https:\/\/www.notibras.com\/site\/#\/schema\/person\/5b7fabf2aedc3ada2105f03b22b4d3dd","name":"Eduardo Mart\u00ednez","image":{"@type":"ImageObject","inLanguage":"pt-BR","@id":"https:\/\/secure.gravatar.com\/avatar\/7902f906289926289cbcda644b5197c796b893c6ffd7b9a536a42d290f7704a0?s=96&d=mm&r=g","url":"https:\/\/secure.gravatar.com\/avatar\/7902f906289926289cbcda644b5197c796b893c6ffd7b9a536a42d290f7704a0?s=96&d=mm&r=g","contentUrl":"https:\/\/secure.gravatar.com\/avatar\/7902f906289926289cbcda644b5197c796b893c6ffd7b9a536a42d290f7704a0?s=96&d=mm&r=g","caption":"Eduardo Mart\u00ednez"}}]}},"amp_enabled":true,"_links":{"self":[{"href":"https:\/\/www.notibras.com\/site\/wp-json\/wp\/v2\/posts\/378859","targetHints":{"allow":["GET"]}}],"collection":[{"href":"https:\/\/www.notibras.com\/site\/wp-json\/wp\/v2\/posts"}],"about":[{"href":"https:\/\/www.notibras.com\/site\/wp-json\/wp\/v2\/types\/post"}],"author":[{"embeddable":true,"href":"https:\/\/www.notibras.com\/site\/wp-json\/wp\/v2\/users\/21"}],"replies":[{"embeddable":true,"href":"https:\/\/www.notibras.com\/site\/wp-json\/wp\/v2\/comments?post=378859"}],"version-history":[{"count":4,"href":"https:\/\/www.notibras.com\/site\/wp-json\/wp\/v2\/posts\/378859\/revisions"}],"predecessor-version":[{"id":378938,"href":"https:\/\/www.notibras.com\/site\/wp-json\/wp\/v2\/posts\/378859\/revisions\/378938"}],"wp:featuredmedia":[{"embeddable":true,"href":"https:\/\/www.notibras.com\/site\/wp-json\/wp\/v2\/media\/378860"}],"wp:attachment":[{"href":"https:\/\/www.notibras.com\/site\/wp-json\/wp\/v2\/media?parent=378859"}],"wp:term":[{"taxonomy":"category","embeddable":true,"href":"https:\/\/www.notibras.com\/site\/wp-json\/wp\/v2\/categories?post=378859"},{"taxonomy":"post_tag","embeddable":true,"href":"https:\/\/www.notibras.com\/site\/wp-json\/wp\/v2\/tags?post=378859"}],"curies":[{"name":"wp","href":"https:\/\/api.w.org\/{rel}","templated":true}]}}