{"id":378863,"date":"2026-01-14T00:30:33","date_gmt":"2026-01-14T03:30:33","guid":{"rendered":"https:\/\/www.notibras.com\/site\/?p=378863"},"modified":"2026-01-13T14:28:36","modified_gmt":"2026-01-13T17:28:36","slug":"curso-internacional-de-verao-abre-temporada-musical","status":"publish","type":"post","link":"https:\/\/www.notibras.com\/site\/curso-internacional-de-verao-abre-temporada-musical\/","title":{"rendered":"Curso Internacional de Ver\u00e3o abre temporada musical"},"content":{"rendered":"<p>A Escola de M\u00fasica de Bras\u00edlia (EMB) inaugurou oficialmente a 47\u00aa edi\u00e7\u00e3o do Curso Internacional de Ver\u00e3o de Bras\u00edlia (Civebrea), que segue at\u00e9 24 de janeiro, com uma ampla programa\u00e7\u00e3o de cursos, oficinas e apresenta\u00e7\u00f5es musicais voltada para estudantes, professores e p\u00fablico em geral.<\/p>\n<p>Realizado desde 1977, o curso \u00e9 refer\u00eancia no ensino e na difus\u00e3o musical no pa\u00eds, reunindo alunos e professores de diversas partes do Brasil e do exterior para aulas presenciais, virtuais e apresenta\u00e7\u00f5es ao vivo. A proposta \u00e9 promover um interc\u00e2mbio de experi\u00eancias, aperfei\u00e7oamento t\u00e9cnico e di\u00e1logo entre diferentes gera\u00e7\u00f5es e estilos musicais.<\/p>\n<p>A abertura oficial ocorreu na noite de domingo (11), com um concerto no Teatro Levino de Alc\u00e2ntara. A secret\u00e1ria de Educa\u00e7\u00e3o do Distrito Federal, H\u00e9lvia Paranagu\u00e1, destacou a import\u00e2ncia do Civebra como espa\u00e7o de forma\u00e7\u00e3o, conviv\u00eancia e acesso \u00e0 cultura: \u201cA Escola de M\u00fasica de Bras\u00edlia \u00e9 um lugar que transforma vidas. Aqui, a gente v\u00ea talento, dedica\u00e7\u00e3o e muitos sonhos caminhando juntos. O Civebra \u00e9 esse encontro bonito entre quem ensina, quem aprende e quem ama a m\u00fasica. \u00c9 uma alegria enorme ver esse teatro cheio e perceber o quanto a arte toca as pessoas e fortalece a nossa educa\u00e7\u00e3o.\u201d<\/p>\n<p>Rec\u00e9m-chegado ao Brasil, o embaixador da \u00c1ustria, Andreas Stadler, destacou a import\u00e2ncia da m\u00fasica e da forma\u00e7\u00e3o cultural como instrumentos de fortalecimento da sociedade. Para ele, a experi\u00eancia foi marcante e refor\u00e7a o valor do interc\u00e2mbio cultural promovido pela Escola de M\u00fasica de Bras\u00edlia. \u201cEm apenas quatro meses no Brasil, fiquei encantado ao conhecer a Orquestra JK. Foi um privil\u00e9gio desfrutar dessa apresenta\u00e7\u00e3o com a minha fam\u00edlia. Apoiar esta escola \u00e9 apoiar o amanh\u00e3; cultura e democracia s\u00e3o indissoci\u00e1veis e \u00e9 uma honra para n\u00f3s colaborar com esse fortalecimento&#8221;, afirmou.<\/p>\n<p><strong>Troca de conhecimento<\/strong><\/p>\n<p>Nesta 47\u00aa edi\u00e7\u00e3o, o Civebra re\u00fane 53 professores convidados, vindos de diversos estados brasileiros, do Distrito Federal e de oito pa\u00edses: Estados Unidos, Argentina, Cuba, Canad\u00e1, Alemanha, Fran\u00e7a, Espanha e B\u00e9lgica. Dos artistas e docentes convidados, 80% s\u00e3o egressos da pr\u00f3pria Escola de M\u00fasica de Bras\u00edlia ou de edi\u00e7\u00f5es anteriores do curso, que retornam agora para compartilhar sua expertise com os atuais alunos.<\/p>\n<p>A procura pelo curso foi expressiva, contabilizando quase tr\u00eas mil inscritos, todos com acesso \u00e0s atividades de forma intensiva ao longo dos 12 dias do evento. At\u00e9 24 de janeiro, os participantes ter\u00e3o a oportunidade de aprender, interagir e atualizar-se com alguns dos melhores m\u00fasicos em suas \u00e1reas espec\u00edficas.<\/p>\n<p>O Civebra \u00e9 totalmente gratuito e aberto \u00e0 comunidade, oferecendo workshops, aulas, masterclasses e apresenta\u00e7\u00f5es art\u00edsticas de alto n\u00edvel. A iniciativa refor\u00e7a o compromisso da Escola de M\u00fasica de Bras\u00edlia em democratizar o acesso \u00e0 cultura e ao ensino musical de qualidade.<\/p>\n","protected":false},"excerpt":{"rendered":"<p>A Escola de M\u00fasica de Bras\u00edlia (EMB) inaugurou oficialmente a 47\u00aa edi\u00e7\u00e3o do Curso Internacional de Ver\u00e3o de Bras\u00edlia (Civebrea), que segue at\u00e9 24 de janeiro, com uma ampla programa\u00e7\u00e3o de cursos, oficinas e apresenta\u00e7\u00f5es musicais voltada para estudantes, professores e p\u00fablico em geral. Realizado desde 1977, o curso \u00e9 refer\u00eancia no ensino e na [&hellip;]<\/p>\n","protected":false},"author":21,"featured_media":378864,"comment_status":"closed","ping_status":"closed","sticky":false,"template":"","format":"standard","meta":{"_acf_changed":false,"footnotes":""},"categories":[161],"tags":[],"class_list":["post-378863","post","type-post","status-publish","format-standard","has-post-thumbnail","hentry","category-quadradinho-em-foco"],"acf":[],"yoast_head":"<!-- This site is optimized with the Yoast SEO plugin v27.2 - https:\/\/yoast.com\/product\/yoast-seo-wordpress\/ -->\n<title>Curso Internacional de Ver\u00e3o abre temporada musical - Notibras<\/title>\n<meta name=\"robots\" content=\"index, follow, max-snippet:-1, max-image-preview:large, max-video-preview:-1\" \/>\n<link rel=\"canonical\" href=\"https:\/\/www.notibras.com\/site\/curso-internacional-de-verao-abre-temporada-musical\/\" \/>\n<meta property=\"og:locale\" content=\"pt_BR\" \/>\n<meta property=\"og:type\" content=\"article\" \/>\n<meta property=\"og:title\" content=\"Curso Internacional de Ver\u00e3o abre temporada musical - Notibras\" \/>\n<meta property=\"og:description\" content=\"A Escola de M\u00fasica de Bras\u00edlia (EMB) inaugurou oficialmente a 47\u00aa edi\u00e7\u00e3o do Curso Internacional de Ver\u00e3o de Bras\u00edlia (Civebrea), que segue at\u00e9 24 de janeiro, com uma ampla programa\u00e7\u00e3o de cursos, oficinas e apresenta\u00e7\u00f5es musicais voltada para estudantes, professores e p\u00fablico em geral. Realizado desde 1977, o curso \u00e9 refer\u00eancia no ensino e na [&hellip;]\" \/>\n<meta property=\"og:url\" content=\"https:\/\/www.notibras.com\/site\/curso-internacional-de-verao-abre-temporada-musical\/\" \/>\n<meta property=\"og:site_name\" content=\"Notibras\" \/>\n<meta property=\"article:publisher\" content=\"https:\/\/www.facebook.com\/notibras\/\" \/>\n<meta property=\"article:published_time\" content=\"2026-01-14T03:30:33+00:00\" \/>\n<meta property=\"og:image\" content=\"https:\/\/www.notibras.com\/site\/wp-content\/uploads\/2026\/01\/Escola-de-Musica-abertura-1.jpeg\" \/>\n\t<meta property=\"og:image:width\" content=\"1600\" \/>\n\t<meta property=\"og:image:height\" content=\"900\" \/>\n\t<meta property=\"og:image:type\" content=\"image\/jpeg\" \/>\n<meta name=\"author\" content=\"Eduardo Mart\u00ednez\" \/>\n<meta name=\"twitter:card\" content=\"summary_large_image\" \/>\n<meta name=\"twitter:creator\" content=\"@Notibras\" \/>\n<meta name=\"twitter:site\" content=\"@Notibras\" \/>\n<meta name=\"twitter:label1\" content=\"Escrito por\" \/>\n\t<meta name=\"twitter:data1\" content=\"Eduardo Mart\u00ednez\" \/>\n\t<meta name=\"twitter:label2\" content=\"Est. tempo de leitura\" \/>\n\t<meta name=\"twitter:data2\" content=\"3 minutos\" \/>\n<script type=\"application\/ld+json\" class=\"yoast-schema-graph\">{\"@context\":\"https:\/\/schema.org\",\"@graph\":[{\"@type\":\"Article\",\"@id\":\"https:\/\/www.notibras.com\/site\/curso-internacional-de-verao-abre-temporada-musical\/#article\",\"isPartOf\":{\"@id\":\"https:\/\/www.notibras.com\/site\/curso-internacional-de-verao-abre-temporada-musical\/\"},\"author\":{\"name\":\"Eduardo Mart\u00ednez\",\"@id\":\"https:\/\/www.notibras.com\/site\/#\/schema\/person\/5b7fabf2aedc3ada2105f03b22b4d3dd\"},\"headline\":\"Curso Internacional de Ver\u00e3o abre temporada musical\",\"datePublished\":\"2026-01-14T03:30:33+00:00\",\"mainEntityOfPage\":{\"@id\":\"https:\/\/www.notibras.com\/site\/curso-internacional-de-verao-abre-temporada-musical\/\"},\"wordCount\":499,\"publisher\":{\"@id\":\"https:\/\/www.notibras.com\/site\/#organization\"},\"image\":{\"@id\":\"https:\/\/www.notibras.com\/site\/curso-internacional-de-verao-abre-temporada-musical\/#primaryimage\"},\"thumbnailUrl\":\"https:\/\/www.notibras.com\/site\/wp-content\/uploads\/2026\/01\/Escola-de-Musica-abertura-1.jpeg\",\"articleSection\":[\"Quadradinho em Foco\"],\"inLanguage\":\"pt-BR\"},{\"@type\":\"WebPage\",\"@id\":\"https:\/\/www.notibras.com\/site\/curso-internacional-de-verao-abre-temporada-musical\/\",\"url\":\"https:\/\/www.notibras.com\/site\/curso-internacional-de-verao-abre-temporada-musical\/\",\"name\":\"Curso Internacional de Ver\u00e3o abre temporada musical - Notibras\",\"isPartOf\":{\"@id\":\"https:\/\/www.notibras.com\/site\/#website\"},\"primaryImageOfPage\":{\"@id\":\"https:\/\/www.notibras.com\/site\/curso-internacional-de-verao-abre-temporada-musical\/#primaryimage\"},\"image\":{\"@id\":\"https:\/\/www.notibras.com\/site\/curso-internacional-de-verao-abre-temporada-musical\/#primaryimage\"},\"thumbnailUrl\":\"https:\/\/www.notibras.com\/site\/wp-content\/uploads\/2026\/01\/Escola-de-Musica-abertura-1.jpeg\",\"datePublished\":\"2026-01-14T03:30:33+00:00\",\"breadcrumb\":{\"@id\":\"https:\/\/www.notibras.com\/site\/curso-internacional-de-verao-abre-temporada-musical\/#breadcrumb\"},\"inLanguage\":\"pt-BR\",\"potentialAction\":[{\"@type\":\"ReadAction\",\"target\":[\"https:\/\/www.notibras.com\/site\/curso-internacional-de-verao-abre-temporada-musical\/\"]}]},{\"@type\":\"ImageObject\",\"inLanguage\":\"pt-BR\",\"@id\":\"https:\/\/www.notibras.com\/site\/curso-internacional-de-verao-abre-temporada-musical\/#primaryimage\",\"url\":\"https:\/\/www.notibras.com\/site\/wp-content\/uploads\/2026\/01\/Escola-de-Musica-abertura-1.jpeg\",\"contentUrl\":\"https:\/\/www.notibras.com\/site\/wp-content\/uploads\/2026\/01\/Escola-de-Musica-abertura-1.jpeg\",\"width\":1600,\"height\":900},{\"@type\":\"BreadcrumbList\",\"@id\":\"https:\/\/www.notibras.com\/site\/curso-internacional-de-verao-abre-temporada-musical\/#breadcrumb\",\"itemListElement\":[{\"@type\":\"ListItem\",\"position\":1,\"name\":\"In\u00edcio\",\"item\":\"https:\/\/www.notibras.com\/site\/\"},{\"@type\":\"ListItem\",\"position\":2,\"name\":\"Curso Internacional de Ver\u00e3o abre temporada musical\"}]},{\"@type\":\"WebSite\",\"@id\":\"https:\/\/www.notibras.com\/site\/#website\",\"url\":\"https:\/\/www.notibras.com\/site\/\",\"name\":\"Notibras\",\"description\":\"Not\u00edcias de Bras\u00edlia, do Brasil e do Mundo\",\"publisher\":{\"@id\":\"https:\/\/www.notibras.com\/site\/#organization\"},\"potentialAction\":[{\"@type\":\"SearchAction\",\"target\":{\"@type\":\"EntryPoint\",\"urlTemplate\":\"https:\/\/www.notibras.com\/site\/?s={search_term_string}\"},\"query-input\":{\"@type\":\"PropertyValueSpecification\",\"valueRequired\":true,\"valueName\":\"search_term_string\"}}],\"inLanguage\":\"pt-BR\"},{\"@type\":\"Organization\",\"@id\":\"https:\/\/www.notibras.com\/site\/#organization\",\"name\":\"Grupo Notibras de Comunica\u00e7\u00e3o\",\"url\":\"https:\/\/www.notibras.com\/site\/\",\"logo\":{\"@type\":\"ImageObject\",\"inLanguage\":\"pt-BR\",\"@id\":\"https:\/\/www.notibras.com\/site\/#\/schema\/logo\/image\/\",\"url\":\"https:\/\/www.notibras.com\/site\/wp-content\/uploads\/2023\/01\/notibras23.png\",\"contentUrl\":\"https:\/\/www.notibras.com\/site\/wp-content\/uploads\/2023\/01\/notibras23.png\",\"width\":350,\"height\":87,\"caption\":\"Grupo Notibras de Comunica\u00e7\u00e3o\"},\"image\":{\"@id\":\"https:\/\/www.notibras.com\/site\/#\/schema\/logo\/image\/\"},\"sameAs\":[\"https:\/\/www.facebook.com\/notibras\/\",\"https:\/\/x.com\/Notibras\",\"https:\/\/www.instagram.com\/notibras\/\"]},{\"@type\":\"Person\",\"@id\":\"https:\/\/www.notibras.com\/site\/#\/schema\/person\/5b7fabf2aedc3ada2105f03b22b4d3dd\",\"name\":\"Eduardo Mart\u00ednez\",\"image\":{\"@type\":\"ImageObject\",\"inLanguage\":\"pt-BR\",\"@id\":\"https:\/\/secure.gravatar.com\/avatar\/7902f906289926289cbcda644b5197c796b893c6ffd7b9a536a42d290f7704a0?s=96&d=mm&r=g\",\"url\":\"https:\/\/secure.gravatar.com\/avatar\/7902f906289926289cbcda644b5197c796b893c6ffd7b9a536a42d290f7704a0?s=96&d=mm&r=g\",\"contentUrl\":\"https:\/\/secure.gravatar.com\/avatar\/7902f906289926289cbcda644b5197c796b893c6ffd7b9a536a42d290f7704a0?s=96&d=mm&r=g\",\"caption\":\"Eduardo Mart\u00ednez\"}}]}<\/script>\n<!-- \/ Yoast SEO plugin. -->","yoast_head_json":{"title":"Curso Internacional de Ver\u00e3o abre temporada musical - Notibras","robots":{"index":"index","follow":"follow","max-snippet":"max-snippet:-1","max-image-preview":"max-image-preview:large","max-video-preview":"max-video-preview:-1"},"canonical":"https:\/\/www.notibras.com\/site\/curso-internacional-de-verao-abre-temporada-musical\/","og_locale":"pt_BR","og_type":"article","og_title":"Curso Internacional de Ver\u00e3o abre temporada musical - Notibras","og_description":"A Escola de M\u00fasica de Bras\u00edlia (EMB) inaugurou oficialmente a 47\u00aa edi\u00e7\u00e3o do Curso Internacional de Ver\u00e3o de Bras\u00edlia (Civebrea), que segue at\u00e9 24 de janeiro, com uma ampla programa\u00e7\u00e3o de cursos, oficinas e apresenta\u00e7\u00f5es musicais voltada para estudantes, professores e p\u00fablico em geral. Realizado desde 1977, o curso \u00e9 refer\u00eancia no ensino e na [&hellip;]","og_url":"https:\/\/www.notibras.com\/site\/curso-internacional-de-verao-abre-temporada-musical\/","og_site_name":"Notibras","article_publisher":"https:\/\/www.facebook.com\/notibras\/","article_published_time":"2026-01-14T03:30:33+00:00","og_image":[{"width":1600,"height":900,"url":"https:\/\/www.notibras.com\/site\/wp-content\/uploads\/2026\/01\/Escola-de-Musica-abertura-1.jpeg","type":"image\/jpeg"}],"author":"Eduardo Mart\u00ednez","twitter_card":"summary_large_image","twitter_creator":"@Notibras","twitter_site":"@Notibras","twitter_misc":{"Escrito por":"Eduardo Mart\u00ednez","Est. tempo de leitura":"3 minutos"},"schema":{"@context":"https:\/\/schema.org","@graph":[{"@type":"Article","@id":"https:\/\/www.notibras.com\/site\/curso-internacional-de-verao-abre-temporada-musical\/#article","isPartOf":{"@id":"https:\/\/www.notibras.com\/site\/curso-internacional-de-verao-abre-temporada-musical\/"},"author":{"name":"Eduardo Mart\u00ednez","@id":"https:\/\/www.notibras.com\/site\/#\/schema\/person\/5b7fabf2aedc3ada2105f03b22b4d3dd"},"headline":"Curso Internacional de Ver\u00e3o abre temporada musical","datePublished":"2026-01-14T03:30:33+00:00","mainEntityOfPage":{"@id":"https:\/\/www.notibras.com\/site\/curso-internacional-de-verao-abre-temporada-musical\/"},"wordCount":499,"publisher":{"@id":"https:\/\/www.notibras.com\/site\/#organization"},"image":{"@id":"https:\/\/www.notibras.com\/site\/curso-internacional-de-verao-abre-temporada-musical\/#primaryimage"},"thumbnailUrl":"https:\/\/www.notibras.com\/site\/wp-content\/uploads\/2026\/01\/Escola-de-Musica-abertura-1.jpeg","articleSection":["Quadradinho em Foco"],"inLanguage":"pt-BR"},{"@type":"WebPage","@id":"https:\/\/www.notibras.com\/site\/curso-internacional-de-verao-abre-temporada-musical\/","url":"https:\/\/www.notibras.com\/site\/curso-internacional-de-verao-abre-temporada-musical\/","name":"Curso Internacional de Ver\u00e3o abre temporada musical - Notibras","isPartOf":{"@id":"https:\/\/www.notibras.com\/site\/#website"},"primaryImageOfPage":{"@id":"https:\/\/www.notibras.com\/site\/curso-internacional-de-verao-abre-temporada-musical\/#primaryimage"},"image":{"@id":"https:\/\/www.notibras.com\/site\/curso-internacional-de-verao-abre-temporada-musical\/#primaryimage"},"thumbnailUrl":"https:\/\/www.notibras.com\/site\/wp-content\/uploads\/2026\/01\/Escola-de-Musica-abertura-1.jpeg","datePublished":"2026-01-14T03:30:33+00:00","breadcrumb":{"@id":"https:\/\/www.notibras.com\/site\/curso-internacional-de-verao-abre-temporada-musical\/#breadcrumb"},"inLanguage":"pt-BR","potentialAction":[{"@type":"ReadAction","target":["https:\/\/www.notibras.com\/site\/curso-internacional-de-verao-abre-temporada-musical\/"]}]},{"@type":"ImageObject","inLanguage":"pt-BR","@id":"https:\/\/www.notibras.com\/site\/curso-internacional-de-verao-abre-temporada-musical\/#primaryimage","url":"https:\/\/www.notibras.com\/site\/wp-content\/uploads\/2026\/01\/Escola-de-Musica-abertura-1.jpeg","contentUrl":"https:\/\/www.notibras.com\/site\/wp-content\/uploads\/2026\/01\/Escola-de-Musica-abertura-1.jpeg","width":1600,"height":900},{"@type":"BreadcrumbList","@id":"https:\/\/www.notibras.com\/site\/curso-internacional-de-verao-abre-temporada-musical\/#breadcrumb","itemListElement":[{"@type":"ListItem","position":1,"name":"In\u00edcio","item":"https:\/\/www.notibras.com\/site\/"},{"@type":"ListItem","position":2,"name":"Curso Internacional de Ver\u00e3o abre temporada musical"}]},{"@type":"WebSite","@id":"https:\/\/www.notibras.com\/site\/#website","url":"https:\/\/www.notibras.com\/site\/","name":"Notibras","description":"Not\u00edcias de Bras\u00edlia, do Brasil e do Mundo","publisher":{"@id":"https:\/\/www.notibras.com\/site\/#organization"},"potentialAction":[{"@type":"SearchAction","target":{"@type":"EntryPoint","urlTemplate":"https:\/\/www.notibras.com\/site\/?s={search_term_string}"},"query-input":{"@type":"PropertyValueSpecification","valueRequired":true,"valueName":"search_term_string"}}],"inLanguage":"pt-BR"},{"@type":"Organization","@id":"https:\/\/www.notibras.com\/site\/#organization","name":"Grupo Notibras de Comunica\u00e7\u00e3o","url":"https:\/\/www.notibras.com\/site\/","logo":{"@type":"ImageObject","inLanguage":"pt-BR","@id":"https:\/\/www.notibras.com\/site\/#\/schema\/logo\/image\/","url":"https:\/\/www.notibras.com\/site\/wp-content\/uploads\/2023\/01\/notibras23.png","contentUrl":"https:\/\/www.notibras.com\/site\/wp-content\/uploads\/2023\/01\/notibras23.png","width":350,"height":87,"caption":"Grupo Notibras de Comunica\u00e7\u00e3o"},"image":{"@id":"https:\/\/www.notibras.com\/site\/#\/schema\/logo\/image\/"},"sameAs":["https:\/\/www.facebook.com\/notibras\/","https:\/\/x.com\/Notibras","https:\/\/www.instagram.com\/notibras\/"]},{"@type":"Person","@id":"https:\/\/www.notibras.com\/site\/#\/schema\/person\/5b7fabf2aedc3ada2105f03b22b4d3dd","name":"Eduardo Mart\u00ednez","image":{"@type":"ImageObject","inLanguage":"pt-BR","@id":"https:\/\/secure.gravatar.com\/avatar\/7902f906289926289cbcda644b5197c796b893c6ffd7b9a536a42d290f7704a0?s=96&d=mm&r=g","url":"https:\/\/secure.gravatar.com\/avatar\/7902f906289926289cbcda644b5197c796b893c6ffd7b9a536a42d290f7704a0?s=96&d=mm&r=g","contentUrl":"https:\/\/secure.gravatar.com\/avatar\/7902f906289926289cbcda644b5197c796b893c6ffd7b9a536a42d290f7704a0?s=96&d=mm&r=g","caption":"Eduardo Mart\u00ednez"}}]}},"amp_enabled":true,"_links":{"self":[{"href":"https:\/\/www.notibras.com\/site\/wp-json\/wp\/v2\/posts\/378863","targetHints":{"allow":["GET"]}}],"collection":[{"href":"https:\/\/www.notibras.com\/site\/wp-json\/wp\/v2\/posts"}],"about":[{"href":"https:\/\/www.notibras.com\/site\/wp-json\/wp\/v2\/types\/post"}],"author":[{"embeddable":true,"href":"https:\/\/www.notibras.com\/site\/wp-json\/wp\/v2\/users\/21"}],"replies":[{"embeddable":true,"href":"https:\/\/www.notibras.com\/site\/wp-json\/wp\/v2\/comments?post=378863"}],"version-history":[{"count":3,"href":"https:\/\/www.notibras.com\/site\/wp-json\/wp\/v2\/posts\/378863\/revisions"}],"predecessor-version":[{"id":378867,"href":"https:\/\/www.notibras.com\/site\/wp-json\/wp\/v2\/posts\/378863\/revisions\/378867"}],"wp:featuredmedia":[{"embeddable":true,"href":"https:\/\/www.notibras.com\/site\/wp-json\/wp\/v2\/media\/378864"}],"wp:attachment":[{"href":"https:\/\/www.notibras.com\/site\/wp-json\/wp\/v2\/media?parent=378863"}],"wp:term":[{"taxonomy":"category","embeddable":true,"href":"https:\/\/www.notibras.com\/site\/wp-json\/wp\/v2\/categories?post=378863"},{"taxonomy":"post_tag","embeddable":true,"href":"https:\/\/www.notibras.com\/site\/wp-json\/wp\/v2\/tags?post=378863"}],"curies":[{"name":"wp","href":"https:\/\/api.w.org\/{rel}","templated":true}]}}